{"id":9005,"date":"2021-07-19T13:02:42","date_gmt":"2021-07-19T13:02:42","guid":{"rendered":"https:\/\/www.africa-press.net\/centrafricaine\/?p=9005"},"modified":"2021-07-19T17:45:02","modified_gmt":"2021-07-19T17:45:02","slug":"rca-viol-dune-mineure-de-14-ans-par-trois-elements-des-faca-a-kaga-bandoro","status":"publish","type":"post","link":"https:\/\/www.africa-press.net\/centrafricaine\/politique\/rca-viol-dune-mineure-de-14-ans-par-trois-elements-des-faca-a-kaga-bandoro","title":{"rendered":"viol d\u2019une mineure de 14 ans par trois \u00e9l\u00e9ments des FACA \u00e0 Kaga-Bandoro"},"content":{"rendered":"<p><span style=\"color: #ff6600\"><strong><a href=\"https:\/\/www.africa-press.net\/\">Africa-Press<\/a> &#8211; <a href=\"https:\/\/www.africa-press.net\/centrafricaine\">CentrAfricaine<\/a>. <\/strong><\/span>\u00a0La victime a \u00e9t\u00e9 transf\u00e9r\u00e9e \u00e0 l\u2019h\u00f4pital de Kaga-Bandoro pour y recevoir des soins appropri\u00e9s, et les auteurs de cet acte criminel sont toujours en libert\u00e9. Selon la victime, se seraient des soldats des forces arm\u00e9es centrafricaines (FACA qu\u2019elle les aurait clairement identifi\u00e9s.<\/p>\n<p>Selon des informations re\u00e7ues par la gendarmerie de Kaga-Bandoro, une adolescente de 14 ans serait viol\u00e9e collectivement par trois \u00e9l\u00e9ments des forces arm\u00e9es centrafricaines le 09 juillet 2021.<\/p>\n<p>Selon la victime, les faits se sont produits vers 20 heures dans une for\u00eat proche du domicile de la victime, sis au quartier b\u00e9b\u00e9 1, situ\u00e9 dans le premier arrondissement de Kaga-Bandoro. La victime a \u00e9t\u00e9 conduite \u00e0 l\u2019h\u00f4pital par ses parents pour y recevoir des soins appropri\u00e9s.<\/p>\n<p>La gendarmerie, de son c\u00f4t\u00e9, a ouvert une enqu\u00eate pr\u00e9liminaire sur l\u2019affaire. Mais pour la famille, les faits sont d\u2019autant plus graves qu\u2019il faut que la justice soit faite rapidement.<\/p>\n<p><b>\u00ab En attendant de faire l\u2019examen s\u00e9rologique de la victime, nous tenons \u00e0 d\u00e9noncer ce genre de comportement des criminels. Ce sont des forces gouvernementales, mais ils agissent comme des rebelles \u00bb<\/b><\/p>\n<p>, d\u00e9clare un oncle de la victime interrog\u00e9 par CNC.<\/p>\n<p>Rappelons que le vendredi 09 juillet dernier \u00e0 Ippy, dans la pr\u00e9fecture de l\u2019Ouaka, une m\u00e8re d\u2019une quarantaine d\u2019ann\u00e9es et sa fille de 17 ans ont \u00e9t\u00e9 viol\u00e9es au croisement Ippy sur l\u2019axe Bambari. La fille viol\u00e9e devant sa m\u00e8re, et la m\u00e8re viol\u00e9e devant sa fille.<\/p>\n<p><b>\u00a0<\/b><\/p>\n<p>&nbsp;<\/p>\n","protected":false},"excerpt":{"rendered":"<p>Africa-Press &#8211; CentrAfricaine. \u00a0La victime a \u00e9t\u00e9 transf\u00e9r\u00e9e \u00e0 l\u2019h\u00f4pital de Kaga-Bandoro pour y recevoir des soins appropri\u00e9s, et les auteurs de cet acte criminel sont toujours en libert\u00e9. Selon la victime, se seraient des soldats des forces arm\u00e9es centrafricaines (FACA qu\u2019elle les aurait clairement identifi\u00e9s. Selon des informations re\u00e7ues par la gendarmerie de Kaga-Bandoro, [&hellip;]<\/p>\n","protected":false},"author":82,"featured_media":9004,"comment_status":"open","ping_status":"closed","sticky":false,"template":"","format":"standard","meta":{"footnotes":""},"categories":[11,2,10],"tags":[36,58,30],"class_list":["post-9005","post","type-post","status-publish","format-standard","has-post-thumbnail","hentry","category-homepage-french","category-politique","category-toutes-les-actualites","tag-africa-press","tag-africa-press-centrafricaine","tag-centrafricaine"],"yoast_head":"<!-- This site is optimized with the Yoast SEO Premium plugin v26.1 (Yoast SEO v27.0) - https:\/\/yoast.com\/product\/yoast-seo-premium-wordpress\/ -->\n<title>viol d\u2019une mineure de 14 ans par trois \u00e9l\u00e9ments des FACA \u00e0 Kaga-Bandoro - centrafricaine<\/title>\n<meta name=\"description\" content=\"Bangui, R\u00e9publique centrafricaine, lundi, 19 juillet 2021, 03:20:32 ( Corbeaunews-Centrafrique ). La victime a \u00e9 ...\" \/>\n<meta name=\"robots\" content=\"index, follow, max-snippet:-1, max-image-preview:large, max-video-preview:-1\" \/>\n<link rel=\"canonical\" href=\"https:\/\/www.africa-press.net\/centrafricaine\/politique\/rca-viol-dune-mineure-de-14-ans-par-trois-elements-des-faca-a-kaga-bandoro\" \/>\n<meta property=\"og:locale\" content=\"fr_FR\" \/>\n<meta property=\"og:type\" content=\"article\" \/>\n<meta property=\"og:title\" content=\"viol d\u2019une mineure de 14 ans par trois \u00e9l\u00e9ments des FACA \u00e0 Kaga-Bandoro\" \/>\n<meta property=\"og:description\" content=\"Bangui, R\u00e9publique centrafricaine, lundi, 19 juillet 2021, 03:20:32 ( Corbeaunews-Centrafrique ). La victime a \u00e9 ...\" \/>\n<meta property=\"og:url\" content=\"https:\/\/www.africa-press.net\/centrafricaine\/politique\/rca-viol-dune-mineure-de-14-ans-par-trois-elements-des-faca-a-kaga-bandoro\" \/>\n<meta property=\"og:site_name\" content=\"centrafricaine\" \/>\n<meta property=\"article:published_time\" content=\"2021-07-19T13:02:42+00:00\" \/>\n<meta property=\"article:modified_time\" content=\"2021-07-19T17:45:02+00:00\" \/>\n<meta property=\"og:image\" content=\"https:\/\/static.africa-press.net\/centrafricaine\/sites\/45\/2021\/07\/img-60f571cbe4c5c.jpg\" \/>\n\t<meta property=\"og:image:width\" content=\"720\" \/>\n\t<meta property=\"og:image:height\" content=\"480\" \/>\n\t<meta property=\"og:image:type\" content=\"image\/jpeg\" \/>\n<meta name=\"author\" content=\"cfeditorfr\" \/>\n<meta name=\"twitter:card\" content=\"summary_large_image\" \/>\n<meta name=\"twitter:label1\" content=\"\u00c9crit par\" \/>\n\t<meta name=\"twitter:data1\" content=\"cfeditorfr\" \/>\n\t<meta name=\"twitter:label2\" content=\"Dur\u00e9e de lecture estim\u00e9e\" \/>\n\t<meta name=\"twitter:data2\" content=\"2 minutes\" \/>\n<script type=\"application\/ld+json\" class=\"yoast-schema-graph\">{\"@context\":\"https:\/\/schema.org\",\"@graph\":[{\"@type\":\"Article\",\"@id\":\"https:\/\/www.africa-press.net\/centrafricaine\/politique\/rca-viol-dune-mineure-de-14-ans-par-trois-elements-des-faca-a-kaga-bandoro#article\",\"isPartOf\":{\"@id\":\"https:\/\/www.africa-press.net\/centrafricaine\/politique\/rca-viol-dune-mineure-de-14-ans-par-trois-elements-des-faca-a-kaga-bandoro\"},\"author\":{\"name\":\"cfeditorfr\",\"@id\":\"https:\/\/www.africa-press.net\/centrafricaine\/#\/schema\/person\/2b1cf3cd81a31e3cd26889ca66d677f1\"},\"headline\":\"viol d\u2019une mineure de 14 ans par trois \u00e9l\u00e9ments des FACA \u00e0 Kaga-Bandoro\",\"datePublished\":\"2021-07-19T13:02:42+00:00\",\"dateModified\":\"2021-07-19T17:45:02+00:00\",\"mainEntityOfPage\":{\"@id\":\"https:\/\/www.africa-press.net\/centrafricaine\/politique\/rca-viol-dune-mineure-de-14-ans-par-trois-elements-des-faca-a-kaga-bandoro\"},\"wordCount\":280,\"commentCount\":0,\"image\":{\"@id\":\"https:\/\/www.africa-press.net\/centrafricaine\/politique\/rca-viol-dune-mineure-de-14-ans-par-trois-elements-des-faca-a-kaga-bandoro#primaryimage\"},\"thumbnailUrl\":\"https:\/\/static.africa-press.net\/centrafricaine\/sites\/45\/2021\/07\/img-60f571cbe4c5c.jpg\",\"keywords\":[\"Africa Press\",\"Africa Press-CentrAfricaine\",\"CentrAfricaine\"],\"articleSection\":[\"homepage-french\",\"Politique\",\"Toutes les actualit\u00e9s\"],\"inLanguage\":\"fr-FR\",\"potentialAction\":[{\"@type\":\"CommentAction\",\"name\":\"Comment\",\"target\":[\"https:\/\/www.africa-press.net\/centrafricaine\/politique\/rca-viol-dune-mineure-de-14-ans-par-trois-elements-des-faca-a-kaga-bandoro#respond\"]}]},{\"@type\":\"WebPage\",\"@id\":\"https:\/\/www.africa-press.net\/centrafricaine\/politique\/rca-viol-dune-mineure-de-14-ans-par-trois-elements-des-faca-a-kaga-bandoro\",\"url\":\"https:\/\/www.africa-press.net\/centrafricaine\/politique\/rca-viol-dune-mineure-de-14-ans-par-trois-elements-des-faca-a-kaga-bandoro\",\"name\":\"viol d\u2019une mineure de 14 ans par trois \u00e9l\u00e9ments des FACA \u00e0 Kaga-Bandoro - centrafricaine\",\"isPartOf\":{\"@id\":\"https:\/\/www.africa-press.net\/centrafricaine\/#website\"},\"primaryImageOfPage\":{\"@id\":\"https:\/\/www.africa-press.net\/centrafricaine\/politique\/rca-viol-dune-mineure-de-14-ans-par-trois-elements-des-faca-a-kaga-bandoro#primaryimage\"},\"image\":{\"@id\":\"https:\/\/www.africa-press.net\/centrafricaine\/politique\/rca-viol-dune-mineure-de-14-ans-par-trois-elements-des-faca-a-kaga-bandoro#primaryimage\"},\"thumbnailUrl\":\"https:\/\/static.africa-press.net\/centrafricaine\/sites\/45\/2021\/07\/img-60f571cbe4c5c.jpg\",\"datePublished\":\"2021-07-19T13:02:42+00:00\",\"dateModified\":\"2021-07-19T17:45:02+00:00\",\"author\":{\"@id\":\"https:\/\/www.africa-press.net\/centrafricaine\/#\/schema\/person\/2b1cf3cd81a31e3cd26889ca66d677f1\"},\"description\":\"Bangui, R\u00e9publique centrafricaine, lundi, 19 juillet 2021, 03:20:32 ( Corbeaunews-Centrafrique ). La victime a \u00e9 ...\",\"breadcrumb\":{\"@id\":\"https:\/\/www.africa-press.net\/centrafricaine\/politique\/rca-viol-dune-mineure-de-14-ans-par-trois-elements-des-faca-a-kaga-bandoro#breadcrumb\"},\"inLanguage\":\"fr-FR\",\"potentialAction\":[{\"@type\":\"ReadAction\",\"target\":[\"https:\/\/www.africa-press.net\/centrafricaine\/politique\/rca-viol-dune-mineure-de-14-ans-par-trois-elements-des-faca-a-kaga-bandoro\"]}]},{\"@type\":\"ImageObject\",\"inLanguage\":\"fr-FR\",\"@id\":\"https:\/\/www.africa-press.net\/centrafricaine\/politique\/rca-viol-dune-mineure-de-14-ans-par-trois-elements-des-faca-a-kaga-bandoro#primaryimage\",\"url\":\"https:\/\/static.africa-press.net\/centrafricaine\/sites\/45\/2021\/07\/img-60f571cbe4c5c.jpg\",\"contentUrl\":\"https:\/\/static.africa-press.net\/centrafricaine\/sites\/45\/2021\/07\/img-60f571cbe4c5c.jpg\",\"width\":720,\"height\":480,\"caption\":\"RCA\u00a0: viol d\u2019une mineure de 14 ans par trois \u00e9l\u00e9ments des FACA \u00e0 Kaga-Bandoro\"},{\"@type\":\"BreadcrumbList\",\"@id\":\"https:\/\/www.africa-press.net\/centrafricaine\/politique\/rca-viol-dune-mineure-de-14-ans-par-trois-elements-des-faca-a-kaga-bandoro#breadcrumb\",\"itemListElement\":[{\"@type\":\"ListItem\",\"position\":1,\"name\":\"Accueil\",\"item\":\"https:\/\/www.africa-press.net\/centrafricaine\/\"},{\"@type\":\"ListItem\",\"position\":2,\"name\":\"viol d\u2019une mineure de 14 ans par trois \u00e9l\u00e9ments des FACA \u00e0 Kaga-Bandoro\"}]},{\"@type\":\"WebSite\",\"@id\":\"https:\/\/www.africa-press.net\/centrafricaine\/#website\",\"url\":\"https:\/\/www.africa-press.net\/centrafricaine\/\",\"name\":\"centrafricaine\",\"description\":\"Just another Africa News Agency Sites site\",\"potentialAction\":[{\"@type\":\"SearchAction\",\"target\":{\"@type\":\"EntryPoint\",\"urlTemplate\":\"https:\/\/www.africa-press.net\/centrafricaine\/?s={search_term_string}\"},\"query-input\":{\"@type\":\"PropertyValueSpecification\",\"valueRequired\":true,\"valueName\":\"search_term_string\"}}],\"inLanguage\":\"fr-FR\"},{\"@type\":\"Person\",\"@id\":\"https:\/\/www.africa-press.net\/centrafricaine\/#\/schema\/person\/2b1cf3cd81a31e3cd26889ca66d677f1\",\"name\":\"cfeditorfr\"}]}<\/script>\n<!-- \/ Yoast SEO Premium plugin. -->","yoast_head_json":{"title":"viol d\u2019une mineure de 14 ans par trois \u00e9l\u00e9ments des FACA \u00e0 Kaga-Bandoro - centrafricaine","description":"Bangui, R\u00e9publique centrafricaine, lundi, 19 juillet 2021, 03:20:32 ( Corbeaunews-Centrafrique ). La victime a \u00e9 ...","robots":{"index":"index","follow":"follow","max-snippet":"max-snippet:-1","max-image-preview":"max-image-preview:large","max-video-preview":"max-video-preview:-1"},"canonical":"https:\/\/www.africa-press.net\/centrafricaine\/politique\/rca-viol-dune-mineure-de-14-ans-par-trois-elements-des-faca-a-kaga-bandoro","og_locale":"fr_FR","og_type":"article","og_title":"viol d\u2019une mineure de 14 ans par trois \u00e9l\u00e9ments des FACA \u00e0 Kaga-Bandoro","og_description":"Bangui, R\u00e9publique centrafricaine, lundi, 19 juillet 2021, 03:20:32 ( Corbeaunews-Centrafrique ). La victime a \u00e9 ...","og_url":"https:\/\/www.africa-press.net\/centrafricaine\/politique\/rca-viol-dune-mineure-de-14-ans-par-trois-elements-des-faca-a-kaga-bandoro","og_site_name":"centrafricaine","article_published_time":"2021-07-19T13:02:42+00:00","article_modified_time":"2021-07-19T17:45:02+00:00","og_image":[{"width":720,"height":480,"url":"https:\/\/static.africa-press.net\/centrafricaine\/sites\/45\/2021\/07\/img-60f571cbe4c5c.jpg","type":"image\/jpeg"}],"author":"cfeditorfr","twitter_card":"summary_large_image","twitter_misc":{"\u00c9crit par":"cfeditorfr","Dur\u00e9e de lecture estim\u00e9e":"2 minutes"},"schema":{"@context":"https:\/\/schema.org","@graph":[{"@type":"Article","@id":"https:\/\/www.africa-press.net\/centrafricaine\/politique\/rca-viol-dune-mineure-de-14-ans-par-trois-elements-des-faca-a-kaga-bandoro#article","isPartOf":{"@id":"https:\/\/www.africa-press.net\/centrafricaine\/politique\/rca-viol-dune-mineure-de-14-ans-par-trois-elements-des-faca-a-kaga-bandoro"},"author":{"name":"cfeditorfr","@id":"https:\/\/www.africa-press.net\/centrafricaine\/#\/schema\/person\/2b1cf3cd81a31e3cd26889ca66d677f1"},"headline":"viol d\u2019une mineure de 14 ans par trois \u00e9l\u00e9ments des FACA \u00e0 Kaga-Bandoro","datePublished":"2021-07-19T13:02:42+00:00","dateModified":"2021-07-19T17:45:02+00:00","mainEntityOfPage":{"@id":"https:\/\/www.africa-press.net\/centrafricaine\/politique\/rca-viol-dune-mineure-de-14-ans-par-trois-elements-des-faca-a-kaga-bandoro"},"wordCount":280,"commentCount":0,"image":{"@id":"https:\/\/www.africa-press.net\/centrafricaine\/politique\/rca-viol-dune-mineure-de-14-ans-par-trois-elements-des-faca-a-kaga-bandoro#primaryimage"},"thumbnailUrl":"https:\/\/static.africa-press.net\/centrafricaine\/sites\/45\/2021\/07\/img-60f571cbe4c5c.jpg","keywords":["Africa Press","Africa Press-CentrAfricaine","CentrAfricaine"],"articleSection":["homepage-french","Politique","Toutes les actualit\u00e9s"],"inLanguage":"fr-FR","potentialAction":[{"@type":"CommentAction","name":"Comment","target":["https:\/\/www.africa-press.net\/centrafricaine\/politique\/rca-viol-dune-mineure-de-14-ans-par-trois-elements-des-faca-a-kaga-bandoro#respond"]}]},{"@type":"WebPage","@id":"https:\/\/www.africa-press.net\/centrafricaine\/politique\/rca-viol-dune-mineure-de-14-ans-par-trois-elements-des-faca-a-kaga-bandoro","url":"https:\/\/www.africa-press.net\/centrafricaine\/politique\/rca-viol-dune-mineure-de-14-ans-par-trois-elements-des-faca-a-kaga-bandoro","name":"viol d\u2019une mineure de 14 ans par trois \u00e9l\u00e9ments des FACA \u00e0 Kaga-Bandoro - centrafricaine","isPartOf":{"@id":"https:\/\/www.africa-press.net\/centrafricaine\/#website"},"primaryImageOfPage":{"@id":"https:\/\/www.africa-press.net\/centrafricaine\/politique\/rca-viol-dune-mineure-de-14-ans-par-trois-elements-des-faca-a-kaga-bandoro#primaryimage"},"image":{"@id":"https:\/\/www.africa-press.net\/centrafricaine\/politique\/rca-viol-dune-mineure-de-14-ans-par-trois-elements-des-faca-a-kaga-bandoro#primaryimage"},"thumbnailUrl":"https:\/\/static.africa-press.net\/centrafricaine\/sites\/45\/2021\/07\/img-60f571cbe4c5c.jpg","datePublished":"2021-07-19T13:02:42+00:00","dateModified":"2021-07-19T17:45:02+00:00","author":{"@id":"https:\/\/www.africa-press.net\/centrafricaine\/#\/schema\/person\/2b1cf3cd81a31e3cd26889ca66d677f1"},"description":"Bangui, R\u00e9publique centrafricaine, lundi, 19 juillet 2021, 03:20:32 ( Corbeaunews-Centrafrique ). La victime a \u00e9 ...","breadcrumb":{"@id":"https:\/\/www.africa-press.net\/centrafricaine\/politique\/rca-viol-dune-mineure-de-14-ans-par-trois-elements-des-faca-a-kaga-bandoro#breadcrumb"},"inLanguage":"fr-FR","potentialAction":[{"@type":"ReadAction","target":["https:\/\/www.africa-press.net\/centrafricaine\/politique\/rca-viol-dune-mineure-de-14-ans-par-trois-elements-des-faca-a-kaga-bandoro"]}]},{"@type":"ImageObject","inLanguage":"fr-FR","@id":"https:\/\/www.africa-press.net\/centrafricaine\/politique\/rca-viol-dune-mineure-de-14-ans-par-trois-elements-des-faca-a-kaga-bandoro#primaryimage","url":"https:\/\/static.africa-press.net\/centrafricaine\/sites\/45\/2021\/07\/img-60f571cbe4c5c.jpg","contentUrl":"https:\/\/static.africa-press.net\/centrafricaine\/sites\/45\/2021\/07\/img-60f571cbe4c5c.jpg","width":720,"height":480,"caption":"RCA\u00a0: viol d\u2019une mineure de 14 ans par trois \u00e9l\u00e9ments des FACA \u00e0 Kaga-Bandoro"},{"@type":"BreadcrumbList","@id":"https:\/\/www.africa-press.net\/centrafricaine\/politique\/rca-viol-dune-mineure-de-14-ans-par-trois-elements-des-faca-a-kaga-bandoro#breadcrumb","itemListElement":[{"@type":"ListItem","position":1,"name":"Accueil","item":"https:\/\/www.africa-press.net\/centrafricaine\/"},{"@type":"ListItem","position":2,"name":"viol d\u2019une mineure de 14 ans par trois \u00e9l\u00e9ments des FACA \u00e0 Kaga-Bandoro"}]},{"@type":"WebSite","@id":"https:\/\/www.africa-press.net\/centrafricaine\/#website","url":"https:\/\/www.africa-press.net\/centrafricaine\/","name":"centrafricaine","description":"Just another Africa News Agency Sites site","potentialAction":[{"@type":"SearchAction","target":{"@type":"EntryPoint","urlTemplate":"https:\/\/www.africa-press.net\/centrafricaine\/?s={search_term_string}"},"query-input":{"@type":"PropertyValueSpecification","valueRequired":true,"valueName":"search_term_string"}}],"inLanguage":"fr-FR"},{"@type":"Person","@id":"https:\/\/www.africa-press.net\/centrafricaine\/#\/schema\/person\/2b1cf3cd81a31e3cd26889ca66d677f1","name":"cfeditorfr"}]}},"_links":{"self":[{"href":"https:\/\/www.africa-press.net\/centrafricaine\/wp-json\/wp\/v2\/posts\/9005","targetHints":{"allow":["GET"]}}],"collection":[{"href":"https:\/\/www.africa-press.net\/centrafricaine\/wp-json\/wp\/v2\/posts"}],"about":[{"href":"https:\/\/www.africa-press.net\/centrafricaine\/wp-json\/wp\/v2\/types\/post"}],"author":[{"embeddable":true,"href":"https:\/\/www.africa-press.net\/centrafricaine\/wp-json\/wp\/v2\/users\/82"}],"replies":[{"embeddable":true,"href":"https:\/\/www.africa-press.net\/centrafricaine\/wp-json\/wp\/v2\/comments?post=9005"}],"version-history":[{"count":0,"href":"https:\/\/www.africa-press.net\/centrafricaine\/wp-json\/wp\/v2\/posts\/9005\/revisions"}],"wp:featuredmedia":[{"embeddable":true,"href":"https:\/\/www.africa-press.net\/centrafricaine\/wp-json\/wp\/v2\/media\/9004"}],"wp:attachment":[{"href":"https:\/\/www.africa-press.net\/centrafricaine\/wp-json\/wp\/v2\/media?parent=9005"}],"wp:term":[{"taxonomy":"category","embeddable":true,"href":"https:\/\/www.africa-press.net\/centrafricaine\/wp-json\/wp\/v2\/categories?post=9005"},{"taxonomy":"post_tag","embeddable":true,"href":"https:\/\/www.africa-press.net\/centrafricaine\/wp-json\/wp\/v2\/tags?post=9005"}],"curies":[{"name":"wp","href":"https:\/\/api.w.org\/{rel}","templated":true}]}}