{"id":9054,"date":"2021-07-20T09:17:05","date_gmt":"2021-07-20T09:17:05","guid":{"rendered":"https:\/\/www.africa-press.net\/centrafricaine\/?p=9054"},"modified":"2021-07-20T17:47:30","modified_gmt":"2021-07-20T17:47:30","slug":"prives-deau-potable-a-cause-de-cadavres-dans-les-rivieres","status":"publish","type":"post","link":"https:\/\/www.africa-press.net\/centrafricaine\/toutes-les-actualites\/prives-deau-potable-a-cause-de-cadavres-dans-les-rivieres","title":{"rendered":"Priv\u00e9s d\u2019eau potable \u00e0 cause de cadavres dans les rivi\u00e8res"},"content":{"rendered":"<p><span style=\"color: #ff6600\"><strong><a href=\"https:\/\/www.africa-press.net\/\">Africa-Press<\/a> &#8211; <a href=\"https:\/\/www.africa-press.net\/centrafricaine\">CentrAfricaine<\/a>.\u00a0 <\/strong><\/span><b>\u00a0En Centrafrique, certains habitants n\u2019ont pas acc\u00e8s \u00e0 l\u2019eau potable : des rivi\u00e8res de Kpata ont \u00e9t\u00e9 pollu\u00e9es par des cadavres.<\/b><\/p>\n<p>Boire un verre d\u2019eau potable, cela ne va pas de soi pour les habitants des villages p\u00e9riph\u00e9riques de Bangui.A d\u00e9faut d\u2019avoir acc\u00e8s \u00e0 de l\u2019eau propre, beaucoup se rabattent sur l\u2019eau de marigot avec des cons\u00e9quences sur leur sant\u00e9. Mais cette situation s\u2019est accrue avec la crise s\u00e9curitaire de janvier : des cadavres ont \u00e9t\u00e9 jet\u00e9s dans les rivi\u00e8res et les ont pollu\u00e9es.<\/p>\n<p>Beaucoup de Centrafricains n\u2019ont que l\u2019eau sale du marigot \u00e0 boireBoire l\u2019eau sale du marigotUne eau sale, et trouble : la population de Kpata, Beyer\u00e9, Ndimba va puiser son eau \u00e0 boire dans le marigot.<\/p>\n<p><b>Pierre Yetoman<\/b><\/p>\n<p>est le chef du village de Kpata. Il explique que l\u2019acc\u00e8s \u00e0 l\u2019eau est extr\u00eamement difficile. \u201cL\u2019eau ici est \u00e0 ciel ouvert. Quand il pleut, les feuilles tombent dessus, y compris le sable.<\/p>\n<p>Apr\u00e8s la crise, malgr\u00e9 tout ce que vous connaissez, les gens n\u2019ont pas le choix\u201d.Au plus fort des violences, des corps sans vie ont \u00e9t\u00e9 jet\u00e9s dans les rivi\u00e8res, rendant l\u2019eau encore plus impropre \u00e0 la consommation.<\/p>\n<p>Des infections \u00e0 cause du manque d\u2019hygi\u00e8neCette situation a \u00e9mu la s\u0153ur Lydie Dehegu\u00e9 Nambona, r\u00e9volt\u00e9e que dans cette r\u00e9gion, boire de l\u2019eau puisse repr\u00e9senter un danger pour la population.La nonne raconte : \u201cNous avons rencontr\u00e9 des cas d\u2019infections pulmonaires, de gastro-ent\u00e9rite, \u00e9videment, parce qu\u2019ils n\u2019ont pas de bonne eau. On rencontre beaucoup de probl\u00e8mes de peau dus au manque d\u2019hygi\u00e8ne. Alors porter secours \u00e0 ces fr\u00e8res et s\u0153urs, je crois que \u00e7a les soulagerait beaucoup dans leur mis\u00e8re, je dis dans leur mis\u00e8re parce que vraiment c\u2019est une population qui souffre\u201d.La r\u00e9ponse des autorit\u00e9s : des \u00e9tudes sont en cours.<\/p>\n<p>Le gouvernement est conscient de la r\u00e9alit\u00e9 du probl\u00e8me. Le r\u00e9seau de distribution d\u2019eau remonte \u00e0 la colonisation. Il n\u2019a pas \u00e9t\u00e9 am\u00e9lior\u00e9 malgr\u00e9 l\u2019augmentation de la demande. Arthur Bertrand Piri, ministre de l\u2019Hydraulique, s\u2019en remet \u00e0 la conclusion d\u2019\u00e9tudes qui sont en train d\u2019\u00eatre men\u00e9es avec les partenaires de l\u2019Etat.<\/p>\n<p>Le ministre remercie ainsi la Sodeca (l\u2019entreprise publique de distribution de l\u2019eau potable et de travaux hydrauliques en RCA, ndlr), m\u00eame si l\u2019entreprise a \u201cdes moyens limit\u00e9s\u201d, de l\u2019aveu m\u00eame du ministre. \u201cLa population augmente, nous le savons. Mais apr\u00e8s les \u00e9tudes en cours, nous aurons des propositions et nous verrons ce qu\u2019il y a lieu de faire et nous faisons confiance aux partenaires qui nous ont toujours soutenus\u201d.<\/p>\n<p>La Centrafrique est encore loin des objectifs de d\u00e9veloppement durable fix\u00e9s par l\u2019ONU. L\u2019acc\u00e8s \u00e0 l\u2019eau potable et aux infrastructures sociales de base demeure pour la majorit\u00e9 de la population une denr\u00e9e rare.<\/p>\n<p>&nbsp;<\/p>\n","protected":false},"excerpt":{"rendered":"<p>Africa-Press &#8211; CentrAfricaine.\u00a0 \u00a0En Centrafrique, certains habitants n\u2019ont pas acc\u00e8s \u00e0 l\u2019eau potable : des rivi\u00e8res de Kpata ont \u00e9t\u00e9 pollu\u00e9es par des cadavres. Boire un verre d\u2019eau potable, cela ne va pas de soi pour les habitants des villages p\u00e9riph\u00e9riques de Bangui.A d\u00e9faut d\u2019avoir acc\u00e8s \u00e0 de l\u2019eau propre, beaucoup se rabattent sur l\u2019eau [&hellip;]<\/p>\n","protected":false},"author":82,"featured_media":9053,"comment_status":"open","ping_status":"closed","sticky":false,"template":"","format":"standard","meta":{"footnotes":""},"categories":[21,11,10],"tags":[36,58,30],"class_list":["post-9054","post","type-post","status-publish","format-standard","has-post-thumbnail","hentry","category-communaute","category-homepage-french","category-toutes-les-actualites","tag-africa-press","tag-africa-press-centrafricaine","tag-centrafricaine"],"yoast_head":"<!-- This site is optimized with the Yoast SEO Premium plugin v26.1 (Yoast SEO v27.0) - https:\/\/yoast.com\/product\/yoast-seo-premium-wordpress\/ -->\n<title>Priv\u00e9s d\u2019eau potable \u00e0 cause de cadavres dans les rivi\u00e8res - centrafricaine<\/title>\n<meta name=\"description\" content=\"Bangui ( R\u00e9publique centrafricaine ) \u2013 En Centrafrique, certains habitants n\u2019ont pas acc\u00e8s \u00e0 l\u2019eau potable : des rivi ...\" \/>\n<meta name=\"robots\" content=\"index, follow, max-snippet:-1, max-image-preview:large, max-video-preview:-1\" \/>\n<link rel=\"canonical\" href=\"https:\/\/www.africa-press.net\/centrafricaine\/toutes-les-actualites\/prives-deau-potable-a-cause-de-cadavres-dans-les-rivieres\" \/>\n<meta property=\"og:locale\" content=\"fr_FR\" \/>\n<meta property=\"og:type\" content=\"article\" \/>\n<meta property=\"og:title\" content=\"Priv\u00e9s d\u2019eau potable \u00e0 cause de cadavres dans les rivi\u00e8res\" \/>\n<meta property=\"og:description\" content=\"Bangui ( R\u00e9publique centrafricaine ) \u2013 En Centrafrique, certains habitants n\u2019ont pas acc\u00e8s \u00e0 l\u2019eau potable : des rivi ...\" \/>\n<meta property=\"og:url\" content=\"https:\/\/www.africa-press.net\/centrafricaine\/toutes-les-actualites\/prives-deau-potable-a-cause-de-cadavres-dans-les-rivieres\" \/>\n<meta property=\"og:site_name\" content=\"centrafricaine\" \/>\n<meta property=\"article:published_time\" content=\"2021-07-20T09:17:05+00:00\" \/>\n<meta property=\"article:modified_time\" content=\"2021-07-20T17:47:30+00:00\" \/>\n<meta property=\"og:image\" content=\"https:\/\/static.africa-press.net\/centrafricaine\/sites\/45\/2021\/07\/img-60f69390dad61.jpg\" \/>\n\t<meta property=\"og:image:width\" content=\"720\" \/>\n\t<meta property=\"og:image:height\" content=\"405\" \/>\n\t<meta property=\"og:image:type\" content=\"image\/jpeg\" \/>\n<meta name=\"author\" content=\"cfeditorfr\" \/>\n<meta name=\"twitter:card\" content=\"summary_large_image\" \/>\n<meta name=\"twitter:label1\" content=\"\u00c9crit par\" \/>\n\t<meta name=\"twitter:data1\" content=\"cfeditorfr\" \/>\n\t<meta name=\"twitter:label2\" content=\"Dur\u00e9e de lecture estim\u00e9e\" \/>\n\t<meta name=\"twitter:data2\" content=\"2 minutes\" \/>\n<script type=\"application\/ld+json\" class=\"yoast-schema-graph\">{\"@context\":\"https:\/\/schema.org\",\"@graph\":[{\"@type\":\"Article\",\"@id\":\"https:\/\/www.africa-press.net\/centrafricaine\/toutes-les-actualites\/prives-deau-potable-a-cause-de-cadavres-dans-les-rivieres#article\",\"isPartOf\":{\"@id\":\"https:\/\/www.africa-press.net\/centrafricaine\/toutes-les-actualites\/prives-deau-potable-a-cause-de-cadavres-dans-les-rivieres\"},\"author\":{\"name\":\"cfeditorfr\",\"@id\":\"https:\/\/www.africa-press.net\/centrafricaine\/#\/schema\/person\/2b1cf3cd81a31e3cd26889ca66d677f1\"},\"headline\":\"Priv\u00e9s d\u2019eau potable \u00e0 cause de cadavres dans les rivi\u00e8res\",\"datePublished\":\"2021-07-20T09:17:05+00:00\",\"dateModified\":\"2021-07-20T17:47:30+00:00\",\"mainEntityOfPage\":{\"@id\":\"https:\/\/www.africa-press.net\/centrafricaine\/toutes-les-actualites\/prives-deau-potable-a-cause-de-cadavres-dans-les-rivieres\"},\"wordCount\":531,\"commentCount\":0,\"image\":{\"@id\":\"https:\/\/www.africa-press.net\/centrafricaine\/toutes-les-actualites\/prives-deau-potable-a-cause-de-cadavres-dans-les-rivieres#primaryimage\"},\"thumbnailUrl\":\"https:\/\/static.africa-press.net\/centrafricaine\/sites\/45\/2021\/07\/img-60f69390dad61.jpg\",\"keywords\":[\"Africa Press\",\"Africa Press-CentrAfricaine\",\"CentrAfricaine\"],\"articleSection\":[\"Communaut\u00e9\",\"homepage-french\",\"Toutes les actualit\u00e9s\"],\"inLanguage\":\"fr-FR\",\"potentialAction\":[{\"@type\":\"CommentAction\",\"name\":\"Comment\",\"target\":[\"https:\/\/www.africa-press.net\/centrafricaine\/toutes-les-actualites\/prives-deau-potable-a-cause-de-cadavres-dans-les-rivieres#respond\"]}]},{\"@type\":\"WebPage\",\"@id\":\"https:\/\/www.africa-press.net\/centrafricaine\/toutes-les-actualites\/prives-deau-potable-a-cause-de-cadavres-dans-les-rivieres\",\"url\":\"https:\/\/www.africa-press.net\/centrafricaine\/toutes-les-actualites\/prives-deau-potable-a-cause-de-cadavres-dans-les-rivieres\",\"name\":\"Priv\u00e9s d\u2019eau potable \u00e0 cause de cadavres dans les rivi\u00e8res - centrafricaine\",\"isPartOf\":{\"@id\":\"https:\/\/www.africa-press.net\/centrafricaine\/#website\"},\"primaryImageOfPage\":{\"@id\":\"https:\/\/www.africa-press.net\/centrafricaine\/toutes-les-actualites\/prives-deau-potable-a-cause-de-cadavres-dans-les-rivieres#primaryimage\"},\"image\":{\"@id\":\"https:\/\/www.africa-press.net\/centrafricaine\/toutes-les-actualites\/prives-deau-potable-a-cause-de-cadavres-dans-les-rivieres#primaryimage\"},\"thumbnailUrl\":\"https:\/\/static.africa-press.net\/centrafricaine\/sites\/45\/2021\/07\/img-60f69390dad61.jpg\",\"datePublished\":\"2021-07-20T09:17:05+00:00\",\"dateModified\":\"2021-07-20T17:47:30+00:00\",\"author\":{\"@id\":\"https:\/\/www.africa-press.net\/centrafricaine\/#\/schema\/person\/2b1cf3cd81a31e3cd26889ca66d677f1\"},\"description\":\"Bangui ( R\u00e9publique centrafricaine ) \u2013 En Centrafrique, certains habitants n\u2019ont pas acc\u00e8s \u00e0 l\u2019eau potable : des rivi ...\",\"breadcrumb\":{\"@id\":\"https:\/\/www.africa-press.net\/centrafricaine\/toutes-les-actualites\/prives-deau-potable-a-cause-de-cadavres-dans-les-rivieres#breadcrumb\"},\"inLanguage\":\"fr-FR\",\"potentialAction\":[{\"@type\":\"ReadAction\",\"target\":[\"https:\/\/www.africa-press.net\/centrafricaine\/toutes-les-actualites\/prives-deau-potable-a-cause-de-cadavres-dans-les-rivieres\"]}]},{\"@type\":\"ImageObject\",\"inLanguage\":\"fr-FR\",\"@id\":\"https:\/\/www.africa-press.net\/centrafricaine\/toutes-les-actualites\/prives-deau-potable-a-cause-de-cadavres-dans-les-rivieres#primaryimage\",\"url\":\"https:\/\/static.africa-press.net\/centrafricaine\/sites\/45\/2021\/07\/img-60f69390dad61.jpg\",\"contentUrl\":\"https:\/\/static.africa-press.net\/centrafricaine\/sites\/45\/2021\/07\/img-60f69390dad61.jpg\",\"width\":720,\"height\":405,\"caption\":\"Priv\u00e9s d\u2019eau potable \u00e0 cause de cadavres dans les rivi\u00e8res\"},{\"@type\":\"BreadcrumbList\",\"@id\":\"https:\/\/www.africa-press.net\/centrafricaine\/toutes-les-actualites\/prives-deau-potable-a-cause-de-cadavres-dans-les-rivieres#breadcrumb\",\"itemListElement\":[{\"@type\":\"ListItem\",\"position\":1,\"name\":\"Accueil\",\"item\":\"https:\/\/www.africa-press.net\/centrafricaine\/\"},{\"@type\":\"ListItem\",\"position\":2,\"name\":\"Priv\u00e9s d\u2019eau potable \u00e0 cause de cadavres dans les rivi\u00e8res\"}]},{\"@type\":\"WebSite\",\"@id\":\"https:\/\/www.africa-press.net\/centrafricaine\/#website\",\"url\":\"https:\/\/www.africa-press.net\/centrafricaine\/\",\"name\":\"centrafricaine\",\"description\":\"Just another Africa News Agency Sites site\",\"potentialAction\":[{\"@type\":\"SearchAction\",\"target\":{\"@type\":\"EntryPoint\",\"urlTemplate\":\"https:\/\/www.africa-press.net\/centrafricaine\/?s={search_term_string}\"},\"query-input\":{\"@type\":\"PropertyValueSpecification\",\"valueRequired\":true,\"valueName\":\"search_term_string\"}}],\"inLanguage\":\"fr-FR\"},{\"@type\":\"Person\",\"@id\":\"https:\/\/www.africa-press.net\/centrafricaine\/#\/schema\/person\/2b1cf3cd81a31e3cd26889ca66d677f1\",\"name\":\"cfeditorfr\"}]}<\/script>\n<!-- \/ Yoast SEO Premium plugin. -->","yoast_head_json":{"title":"Priv\u00e9s d\u2019eau potable \u00e0 cause de cadavres dans les rivi\u00e8res - centrafricaine","description":"Bangui ( R\u00e9publique centrafricaine ) \u2013 En Centrafrique, certains habitants n\u2019ont pas acc\u00e8s \u00e0 l\u2019eau potable : des rivi ...","robots":{"index":"index","follow":"follow","max-snippet":"max-snippet:-1","max-image-preview":"max-image-preview:large","max-video-preview":"max-video-preview:-1"},"canonical":"https:\/\/www.africa-press.net\/centrafricaine\/toutes-les-actualites\/prives-deau-potable-a-cause-de-cadavres-dans-les-rivieres","og_locale":"fr_FR","og_type":"article","og_title":"Priv\u00e9s d\u2019eau potable \u00e0 cause de cadavres dans les rivi\u00e8res","og_description":"Bangui ( R\u00e9publique centrafricaine ) \u2013 En Centrafrique, certains habitants n\u2019ont pas acc\u00e8s \u00e0 l\u2019eau potable : des rivi ...","og_url":"https:\/\/www.africa-press.net\/centrafricaine\/toutes-les-actualites\/prives-deau-potable-a-cause-de-cadavres-dans-les-rivieres","og_site_name":"centrafricaine","article_published_time":"2021-07-20T09:17:05+00:00","article_modified_time":"2021-07-20T17:47:30+00:00","og_image":[{"width":720,"height":405,"url":"https:\/\/static.africa-press.net\/centrafricaine\/sites\/45\/2021\/07\/img-60f69390dad61.jpg","type":"image\/jpeg"}],"author":"cfeditorfr","twitter_card":"summary_large_image","twitter_misc":{"\u00c9crit par":"cfeditorfr","Dur\u00e9e de lecture estim\u00e9e":"2 minutes"},"schema":{"@context":"https:\/\/schema.org","@graph":[{"@type":"Article","@id":"https:\/\/www.africa-press.net\/centrafricaine\/toutes-les-actualites\/prives-deau-potable-a-cause-de-cadavres-dans-les-rivieres#article","isPartOf":{"@id":"https:\/\/www.africa-press.net\/centrafricaine\/toutes-les-actualites\/prives-deau-potable-a-cause-de-cadavres-dans-les-rivieres"},"author":{"name":"cfeditorfr","@id":"https:\/\/www.africa-press.net\/centrafricaine\/#\/schema\/person\/2b1cf3cd81a31e3cd26889ca66d677f1"},"headline":"Priv\u00e9s d\u2019eau potable \u00e0 cause de cadavres dans les rivi\u00e8res","datePublished":"2021-07-20T09:17:05+00:00","dateModified":"2021-07-20T17:47:30+00:00","mainEntityOfPage":{"@id":"https:\/\/www.africa-press.net\/centrafricaine\/toutes-les-actualites\/prives-deau-potable-a-cause-de-cadavres-dans-les-rivieres"},"wordCount":531,"commentCount":0,"image":{"@id":"https:\/\/www.africa-press.net\/centrafricaine\/toutes-les-actualites\/prives-deau-potable-a-cause-de-cadavres-dans-les-rivieres#primaryimage"},"thumbnailUrl":"https:\/\/static.africa-press.net\/centrafricaine\/sites\/45\/2021\/07\/img-60f69390dad61.jpg","keywords":["Africa Press","Africa Press-CentrAfricaine","CentrAfricaine"],"articleSection":["Communaut\u00e9","homepage-french","Toutes les actualit\u00e9s"],"inLanguage":"fr-FR","potentialAction":[{"@type":"CommentAction","name":"Comment","target":["https:\/\/www.africa-press.net\/centrafricaine\/toutes-les-actualites\/prives-deau-potable-a-cause-de-cadavres-dans-les-rivieres#respond"]}]},{"@type":"WebPage","@id":"https:\/\/www.africa-press.net\/centrafricaine\/toutes-les-actualites\/prives-deau-potable-a-cause-de-cadavres-dans-les-rivieres","url":"https:\/\/www.africa-press.net\/centrafricaine\/toutes-les-actualites\/prives-deau-potable-a-cause-de-cadavres-dans-les-rivieres","name":"Priv\u00e9s d\u2019eau potable \u00e0 cause de cadavres dans les rivi\u00e8res - centrafricaine","isPartOf":{"@id":"https:\/\/www.africa-press.net\/centrafricaine\/#website"},"primaryImageOfPage":{"@id":"https:\/\/www.africa-press.net\/centrafricaine\/toutes-les-actualites\/prives-deau-potable-a-cause-de-cadavres-dans-les-rivieres#primaryimage"},"image":{"@id":"https:\/\/www.africa-press.net\/centrafricaine\/toutes-les-actualites\/prives-deau-potable-a-cause-de-cadavres-dans-les-rivieres#primaryimage"},"thumbnailUrl":"https:\/\/static.africa-press.net\/centrafricaine\/sites\/45\/2021\/07\/img-60f69390dad61.jpg","datePublished":"2021-07-20T09:17:05+00:00","dateModified":"2021-07-20T17:47:30+00:00","author":{"@id":"https:\/\/www.africa-press.net\/centrafricaine\/#\/schema\/person\/2b1cf3cd81a31e3cd26889ca66d677f1"},"description":"Bangui ( R\u00e9publique centrafricaine ) \u2013 En Centrafrique, certains habitants n\u2019ont pas acc\u00e8s \u00e0 l\u2019eau potable : des rivi ...","breadcrumb":{"@id":"https:\/\/www.africa-press.net\/centrafricaine\/toutes-les-actualites\/prives-deau-potable-a-cause-de-cadavres-dans-les-rivieres#breadcrumb"},"inLanguage":"fr-FR","potentialAction":[{"@type":"ReadAction","target":["https:\/\/www.africa-press.net\/centrafricaine\/toutes-les-actualites\/prives-deau-potable-a-cause-de-cadavres-dans-les-rivieres"]}]},{"@type":"ImageObject","inLanguage":"fr-FR","@id":"https:\/\/www.africa-press.net\/centrafricaine\/toutes-les-actualites\/prives-deau-potable-a-cause-de-cadavres-dans-les-rivieres#primaryimage","url":"https:\/\/static.africa-press.net\/centrafricaine\/sites\/45\/2021\/07\/img-60f69390dad61.jpg","contentUrl":"https:\/\/static.africa-press.net\/centrafricaine\/sites\/45\/2021\/07\/img-60f69390dad61.jpg","width":720,"height":405,"caption":"Priv\u00e9s d\u2019eau potable \u00e0 cause de cadavres dans les rivi\u00e8res"},{"@type":"BreadcrumbList","@id":"https:\/\/www.africa-press.net\/centrafricaine\/toutes-les-actualites\/prives-deau-potable-a-cause-de-cadavres-dans-les-rivieres#breadcrumb","itemListElement":[{"@type":"ListItem","position":1,"name":"Accueil","item":"https:\/\/www.africa-press.net\/centrafricaine\/"},{"@type":"ListItem","position":2,"name":"Priv\u00e9s d\u2019eau potable \u00e0 cause de cadavres dans les rivi\u00e8res"}]},{"@type":"WebSite","@id":"https:\/\/www.africa-press.net\/centrafricaine\/#website","url":"https:\/\/www.africa-press.net\/centrafricaine\/","name":"centrafricaine","description":"Just another Africa News Agency Sites site","potentialAction":[{"@type":"SearchAction","target":{"@type":"EntryPoint","urlTemplate":"https:\/\/www.africa-press.net\/centrafricaine\/?s={search_term_string}"},"query-input":{"@type":"PropertyValueSpecification","valueRequired":true,"valueName":"search_term_string"}}],"inLanguage":"fr-FR"},{"@type":"Person","@id":"https:\/\/www.africa-press.net\/centrafricaine\/#\/schema\/person\/2b1cf3cd81a31e3cd26889ca66d677f1","name":"cfeditorfr"}]}},"_links":{"self":[{"href":"https:\/\/www.africa-press.net\/centrafricaine\/wp-json\/wp\/v2\/posts\/9054","targetHints":{"allow":["GET"]}}],"collection":[{"href":"https:\/\/www.africa-press.net\/centrafricaine\/wp-json\/wp\/v2\/posts"}],"about":[{"href":"https:\/\/www.africa-press.net\/centrafricaine\/wp-json\/wp\/v2\/types\/post"}],"author":[{"embeddable":true,"href":"https:\/\/www.africa-press.net\/centrafricaine\/wp-json\/wp\/v2\/users\/82"}],"replies":[{"embeddable":true,"href":"https:\/\/www.africa-press.net\/centrafricaine\/wp-json\/wp\/v2\/comments?post=9054"}],"version-history":[{"count":0,"href":"https:\/\/www.africa-press.net\/centrafricaine\/wp-json\/wp\/v2\/posts\/9054\/revisions"}],"wp:featuredmedia":[{"embeddable":true,"href":"https:\/\/www.africa-press.net\/centrafricaine\/wp-json\/wp\/v2\/media\/9053"}],"wp:attachment":[{"href":"https:\/\/www.africa-press.net\/centrafricaine\/wp-json\/wp\/v2\/media?parent=9054"}],"wp:term":[{"taxonomy":"category","embeddable":true,"href":"https:\/\/www.africa-press.net\/centrafricaine\/wp-json\/wp\/v2\/categories?post=9054"},{"taxonomy":"post_tag","embeddable":true,"href":"https:\/\/www.africa-press.net\/centrafricaine\/wp-json\/wp\/v2\/tags?post=9054"}],"curies":[{"name":"wp","href":"https:\/\/api.w.org\/{rel}","templated":true}]}}