{"id":9057,"date":"2021-07-20T09:24:17","date_gmt":"2021-07-20T09:24:17","guid":{"rendered":"https:\/\/www.africa-press.net\/centrafricaine\/?p=9057"},"modified":"2021-07-20T17:47:45","modified_gmt":"2021-07-20T17:47:45","slug":"republique-centrafricaine-les-attaques-repetees-contre-les-services-medicaux-rendent-les-populations-vulnerables-aux-maladies-et-a-la-mort","status":"publish","type":"post","link":"https:\/\/www.africa-press.net\/centrafricaine\/toutes-les-actualites\/republique-centrafricaine-les-attaques-repetees-contre-les-services-medicaux-rendent-les-populations-vulnerables-aux-maladies-et-a-la-mort","title":{"rendered":"les attaques r\u00e9p\u00e9t\u00e9es contre les services m\u00e9dicaux rendent les populations vuln\u00e9rables aux maladies et \u00e0 la mort"},"content":{"rendered":"<p><span style=\"color: #ff6600\"><strong><a href=\"https:\/\/www.africa-press.net\/\">Africa-Press<\/a> &#8211; <a href=\"https:\/\/www.africa-press.net\/centrafricaine\">CentrAfricaine<\/a>. <\/strong><\/span>Les attaques incessantes contre les patients, le personnel de sant\u00e9 et les \u00e9tablissements m\u00e9dicaux en R\u00e9publique Centrafricaine (RCA), durant la flamb\u00e9e de violences qui a impact\u00e9 tout le pays, obligent MSF \u00e0 suspendre ses activit\u00e9s m\u00e9dicales et limitent l\u2019acc\u00e8s aux soins de sant\u00e9.<\/p>\n<p>\u00ab La r\u00e9surgence du conflit en RCA depuis d\u00e9cembre a fait payer un lourd tribut \u00e0 la population civile et aux services m\u00e9dicaux \u00bb, d\u00e9clare Rhian Gastineau, chef de mission MSF. \u00ab Nous sommes tr\u00e8s pr\u00e9occup\u00e9s par les attaques r\u00e9p\u00e9t\u00e9es contre les patients, les agents de sant\u00e9 et les \u00e9tablissements m\u00e9dicaux. \u00bb<\/p>\n<p>Au cours des six derniers mois, les \u00e9quipes de MSF ont vu des dizaines d\u2019\u00e9tablissements de sant\u00e9 saccag\u00e9s, endommag\u00e9s et occup\u00e9s par des hommes arm\u00e9s. Lors d\u2019incursions arm\u00e9es dans l\u2019enceinte des h\u00f4pitaux, les patients ont \u00e9t\u00e9 victimes de violences, d\u2019abus physiques, d\u2019interrogatoires et d\u2019arrestations. Les agents de sant\u00e9 communautaires dans les zones rurales ont \u00e9t\u00e9 menac\u00e9s et agress\u00e9s, tandis que des motards livrant des m\u00e9dicaments essentiels ou transportant des patients ont \u00e9t\u00e9 attaqu\u00e9s, bless\u00e9s et vol\u00e9s sous la menace d\u2019une arme. Ces actes de violence sont g\u00e9n\u00e9ralement attribu\u00e9s par les bellig\u00e9rants \u00e0 des \u00e9l\u00e9ments incontr\u00f4l\u00e9s de divers groupes arm\u00e9s.<\/p>\n<p>Des \u00e9tablissements de sant\u00e9 saccag\u00e9s<\/p>\n<p>En f\u00e9vrier, des combats entre les forces gouvernementales et des groupes arm\u00e9s non \u00e9tatiques \u00e0 l\u2019int\u00e9rieur d\u2019un centre de sant\u00e9 soutenu par MSF dans le camp de personnes d\u00e9plac\u00e9es d\u2019Elevage, pr\u00e8s de Bambari, ont endommag\u00e9 le b\u00e2timent apr\u00e8s avoir \u00e9t\u00e9 touch\u00e9 par une roquette. En juin, un poste de sant\u00e9 voisin a \u00e9t\u00e9 d\u00e9truit apr\u00e8s l\u2019expulsion de 8 500 personnes d\u00e9plac\u00e9es du site, qui a ensuite \u00e9t\u00e9 r\u00e9duit en cendres.<\/p>\n<p>Au cours des six derniers mois, les \u00e9quipes mobiles de MSF dans les pr\u00e9fectures de Ouaka, de Ouham-Pend\u00e9 et d\u2019Ombella-Mpoko ont vu plusieurs \u00e9tablissements de sant\u00e9 saccag\u00e9s et partiellement d\u00e9truits, avec des panneaux solaires, des fournitures m\u00e9dicales et des matelas vol\u00e9s, et des portes et fen\u00eatres bris\u00e9es.<\/p>\n<p>A Bangui et ailleurs, des hommes arm\u00e9s ont p\u00e9n\u00e9tr\u00e9 dans des centres de sant\u00e9 g\u00e9r\u00e9s et soutenus par MSF pour interroger ou arr\u00eater des patients. En f\u00e9vrier, des hommes arm\u00e9s ont tent\u00e9 de tuer un patient dans l\u2019h\u00f4pital soutenu par MSF \u00e0 Bouar.<\/p>\n<p>Des agents de sant\u00e9 attaqu\u00e9s<\/p>\n<p>En mai, pr\u00e8s de la ville de Kabo, deux agents de sant\u00e9 communautaires, form\u00e9s par MSF pour soigner les personnes dans les zones recul\u00e9es contre des maladies courantes telles que la diarrh\u00e9e, le paludisme et la malnutrition, ont \u00e9t\u00e9 touch\u00e9s aux jambes et \u00e0 la t\u00eate lors de vols \u00e0 main arm\u00e9e, tandis que deux autres avaient trop peur de continuer \u00e0 travailler apr\u00e8s avoir re\u00e7u des menaces de mort.<\/p>\n<p>En juin, un convoi transportant des patients vers l\u2019h\u00f4pital de MSF \u00e0 Batangafo a \u00e9t\u00e9 pris dans une embuscade par des hommes arm\u00e9s, causant la mort d\u2019une accompagnante, un motard et deux patients bless\u00e9s. Deux autres attaques ont eu lieu \u00e0 proximit\u00e9 le m\u00eame mois, tandis que des attaques similaires ont eu lieu pr\u00e8s de Bossangoa et Bria.<\/p>\n<p>\u00ab Depuis d\u00e9cembre, se d\u00e9placer \u00e0 la p\u00e9riph\u00e9rie des grandes villes est extr\u00eamement difficile et dangereux en raison des postes de contr\u00f4le, des vols et des attaques \u00bb, explique Gisa Kohler, responsable adjointe de programme pour MSF.<\/p>\n<p>MSF contraint de suspendre ses activit\u00e9s<\/p>\n<p>\u00c0 la suite de ces incidents, MSF a d\u00fb suspendre temporairement et \u00e0 plusieurs reprises ses activit\u00e9s m\u00e9dicales, incluant l\u2019offre de soins vitaux, le fournissement de m\u00e9dicaments, la supervision du personnel du centre de sant\u00e9 et le transport de patients. \u00ab Le fait d\u2019\u00eatre contraint de suspendre nos activit\u00e9s ne fait qu\u2019exacerber la vuln\u00e9rabilit\u00e9 des populations et entra\u00eene, entre autres, la mort \u00e9vitable de jeunes enfants et de femmes avec des complications pendant la grossesse et l\u2019accouchement \u00bb, poursuit Gisa Kohler.<\/p>\n<p>A Paoua, Bria et ailleurs, l\u2019ins\u00e9curit\u00e9 croissante a emp\u00each\u00e9 les \u00e9quipes MSF de se rendre r\u00e9guli\u00e8rement dans les centres de sant\u00e9 p\u00e9riph\u00e9riques que MSF soutient. Cela a un lourd impact sur la qualit\u00e9 des soins prodigu\u00e9s et perturbe l\u2019approvisionnement en m\u00e9dicaments essentiels.<\/p>\n<p>MSF a d\u00fb r\u00e9duire les transferts de patients en moto des zones rurales vers Kabo depuis avril en raison des risques encourus ; en cons\u00e9quence, le nombre de patients r\u00e9f\u00e9r\u00e9s chaque mois a presque diminu\u00e9 de moiti\u00e9. En juin, les agents de sant\u00e9 communautaire de MSF dans certaines zones autour de Kabo n\u2019ont r\u00e9ussi \u00e0 effectuer qu\u2019un quart de leur nombre habituel de consultations hebdomadaires en raison de l\u2019ins\u00e9curit\u00e9.<\/p>\n<p>\u00ab La suspension et la r\u00e9duction des activit\u00e9s de sensibilisation m\u00e9dicale dans de nombreuses r\u00e9gions o\u00f9 nous travaillons est tr\u00e8s pr\u00e9occupante, en particulier avec la saison des pluies en cours, lorsque les cas de paludisme et d\u2019autres maladies potentiellement mortelles atteignent leur pic \u00bb, a d\u00e9clar\u00e9 Gisa Kohler.<\/p>\n<p>La peur et la panique perturbent les soins de sant\u00e9<\/p>\n<p>En raison de l\u2019ins\u00e9curit\u00e9 croissante, de nombreuses personnes ont trop peur de quitter leur domicile pour consulter un m\u00e9decin, tandis que de nombreux personnels de sant\u00e9 ont fui leur lieu de travail pour rechercher la s\u00e9curit\u00e9.<\/p>\n<p>\u00c0 cette occasion, la violence a pouss\u00e9 un grand nombre de personnes \u00e0 arriver dans les locaux de l\u2019h\u00f4pital \u00e0 la recherche de protection, perturbant les services de sant\u00e9. Parfois, comme cela s\u2019est produit \u00e0 Kabo en juillet, la simple rumeur d\u2019un attentat suffit \u00e0 cr\u00e9er un mouvement soudain de personnes paniqu\u00e9es.<\/p>\n<p>\u00ab Malheureusement, il n\u2019est pas nouveau que la violence ait un impact sur les soins m\u00e9dicaux en RCA \u00bb, dit Rhian Gastineau. \u00ab C\u2019est un probl\u00e8me structurel en p\u00e9riode de conflit. La multiplicit\u00e9 des groupes arm\u00e9s et les combats actifs ont provoqu\u00e9 une situation tr\u00e8s volatile, qui affecte \u00e9galement des zones qui \u00e9taient auparavant consid\u00e9r\u00e9es comme relativement stables, et limite davantage l\u2019acc\u00e8s aux soins de sant\u00e9 pour une population qui peine d\u00e9j\u00e0 \u00e0 se procurer l\u2019essentiel \u00bb.<\/p>\n<p>MSF exhorte le gouvernement et toutes les parties au conflit \u00e0 respecter la neutralit\u00e9 des \u00e9tablissements de sant\u00e9 et \u00e0 permettre aux populations d\u2019acc\u00e9der \u00e0 l\u2019aide m\u00e9dicale et humanitaire.<\/p>\n<p>\u00ab Aujourd\u2019hui plus que jamais, toutes les parties au conflit doivent renforcer le respect du droit international humanitaire, y compris la protection des civils et des installations m\u00e9dicales, des transports et du personnel \u00bb, conclut Rhian Gastineau.<\/p>\n<p>MSF travaille en R\u00e9publique centrafricaine depuis 1997 et g\u00e8re actuellement 13 projets r\u00e9guliers \u2013 \u00e0 Bangui, Bria, Bangassou, Bambari, Kabo, Batangafo, Paoua, Bossangoa et Carnot \u2013 et une \u00e9quipe mobile d\u2019urgence. Depuis que le conflit s\u2019est intensifi\u00e9 fin 2020, MSF a \u0153uvr\u00e9 pour assurer la continuit\u00e9 des soins dans tous ses programmes et a lanc\u00e9 des projets d\u2019urgence dans les zones touch\u00e9es par le conflit de Boguila, Bossemb\u00e9l\u00e9, Bouar, Grimari, Mbaiki, Damara, Boali, D\u00e9koa, Liton, Kouango et Ippy.<\/p>\n<p>&nbsp;<\/p>\n","protected":false},"excerpt":{"rendered":"<p>Africa-Press &#8211; CentrAfricaine. Les attaques incessantes contre les patients, le personnel de sant\u00e9 et les \u00e9tablissements m\u00e9dicaux en R\u00e9publique Centrafricaine (RCA), durant la flamb\u00e9e de violences qui a impact\u00e9 tout le pays, obligent MSF \u00e0 suspendre ses activit\u00e9s m\u00e9dicales et limitent l\u2019acc\u00e8s aux soins de sant\u00e9. \u00ab La r\u00e9surgence du conflit en RCA depuis d\u00e9cembre [&hellip;]<\/p>\n","protected":false},"author":82,"featured_media":9056,"comment_status":"open","ping_status":"closed","sticky":false,"template":"","format":"standard","meta":{"footnotes":""},"categories":[21,11,20,10],"tags":[36,58,30],"class_list":["post-9057","post","type-post","status-publish","format-standard","has-post-thumbnail","hentry","category-communaute","category-homepage-french","category-top-nouvelles","category-toutes-les-actualites","tag-africa-press","tag-africa-press-centrafricaine","tag-centrafricaine"],"yoast_head":"<!-- This site is optimized with the Yoast SEO Premium plugin v26.1 (Yoast SEO v27.0) - https:\/\/yoast.com\/product\/yoast-seo-premium-wordpress\/ -->\n<title>les attaques r\u00e9p\u00e9t\u00e9es contre les services m\u00e9dicaux rendent les populations vuln\u00e9rables aux maladies et \u00e0 la mort - centrafricaine<\/title>\n<meta name=\"description\" content=\"Les attaques incessantes contre les patients, le personnel de sant\u00e9 et les \u00e9tablissements m\u00e9dicaux en R\u00e9publique Centraf ...\" \/>\n<meta name=\"robots\" content=\"index, follow, max-snippet:-1, max-image-preview:large, max-video-preview:-1\" \/>\n<link rel=\"canonical\" href=\"https:\/\/www.africa-press.net\/centrafricaine\/toutes-les-actualites\/republique-centrafricaine-les-attaques-repetees-contre-les-services-medicaux-rendent-les-populations-vulnerables-aux-maladies-et-a-la-mort\" \/>\n<meta property=\"og:locale\" content=\"fr_FR\" \/>\n<meta property=\"og:type\" content=\"article\" \/>\n<meta property=\"og:title\" content=\"les attaques r\u00e9p\u00e9t\u00e9es contre les services m\u00e9dicaux rendent les populations vuln\u00e9rables aux maladies et \u00e0 la mort\" \/>\n<meta property=\"og:description\" content=\"Les attaques incessantes contre les patients, le personnel de sant\u00e9 et les \u00e9tablissements m\u00e9dicaux en R\u00e9publique Centraf ...\" \/>\n<meta property=\"og:url\" content=\"https:\/\/www.africa-press.net\/centrafricaine\/toutes-les-actualites\/republique-centrafricaine-les-attaques-repetees-contre-les-services-medicaux-rendent-les-populations-vulnerables-aux-maladies-et-a-la-mort\" \/>\n<meta property=\"og:site_name\" content=\"centrafricaine\" \/>\n<meta property=\"article:published_time\" content=\"2021-07-20T09:24:17+00:00\" \/>\n<meta property=\"article:modified_time\" content=\"2021-07-20T17:47:45+00:00\" \/>\n<meta property=\"og:image\" content=\"https:\/\/static.africa-press.net\/centrafricaine\/sites\/45\/2021\/07\/img-60f693da01d4a.jpg\" \/>\n\t<meta property=\"og:image:width\" content=\"720\" \/>\n\t<meta property=\"og:image:height\" content=\"404\" \/>\n\t<meta property=\"og:image:type\" content=\"image\/jpeg\" \/>\n<meta name=\"author\" content=\"cfeditorfr\" \/>\n<meta name=\"twitter:card\" content=\"summary_large_image\" \/>\n<meta name=\"twitter:label1\" content=\"\u00c9crit par\" \/>\n\t<meta name=\"twitter:data1\" content=\"cfeditorfr\" \/>\n\t<meta name=\"twitter:label2\" content=\"Dur\u00e9e de lecture estim\u00e9e\" \/>\n\t<meta name=\"twitter:data2\" content=\"6 minutes\" \/>\n<script type=\"application\/ld+json\" class=\"yoast-schema-graph\">{\"@context\":\"https:\/\/schema.org\",\"@graph\":[{\"@type\":\"Article\",\"@id\":\"https:\/\/www.africa-press.net\/centrafricaine\/toutes-les-actualites\/republique-centrafricaine-les-attaques-repetees-contre-les-services-medicaux-rendent-les-populations-vulnerables-aux-maladies-et-a-la-mort#article\",\"isPartOf\":{\"@id\":\"https:\/\/www.africa-press.net\/centrafricaine\/toutes-les-actualites\/republique-centrafricaine-les-attaques-repetees-contre-les-services-medicaux-rendent-les-populations-vulnerables-aux-maladies-et-a-la-mort\"},\"author\":{\"name\":\"cfeditorfr\",\"@id\":\"https:\/\/www.africa-press.net\/centrafricaine\/#\/schema\/person\/2b1cf3cd81a31e3cd26889ca66d677f1\"},\"headline\":\"les attaques r\u00e9p\u00e9t\u00e9es contre les services m\u00e9dicaux rendent les populations vuln\u00e9rables aux maladies et \u00e0 la mort\",\"datePublished\":\"2021-07-20T09:24:17+00:00\",\"dateModified\":\"2021-07-20T17:47:45+00:00\",\"mainEntityOfPage\":{\"@id\":\"https:\/\/www.africa-press.net\/centrafricaine\/toutes-les-actualites\/republique-centrafricaine-les-attaques-repetees-contre-les-services-medicaux-rendent-les-populations-vulnerables-aux-maladies-et-a-la-mort\"},\"wordCount\":1252,\"commentCount\":0,\"image\":{\"@id\":\"https:\/\/www.africa-press.net\/centrafricaine\/toutes-les-actualites\/republique-centrafricaine-les-attaques-repetees-contre-les-services-medicaux-rendent-les-populations-vulnerables-aux-maladies-et-a-la-mort#primaryimage\"},\"thumbnailUrl\":\"https:\/\/static.africa-press.net\/centrafricaine\/sites\/45\/2021\/07\/img-60f693da01d4a.jpg\",\"keywords\":[\"Africa Press\",\"Africa Press-CentrAfricaine\",\"CentrAfricaine\"],\"articleSection\":[\"Communaut\u00e9\",\"homepage-french\",\"Top Nouvelles\",\"Toutes les actualit\u00e9s\"],\"inLanguage\":\"fr-FR\",\"potentialAction\":[{\"@type\":\"CommentAction\",\"name\":\"Comment\",\"target\":[\"https:\/\/www.africa-press.net\/centrafricaine\/toutes-les-actualites\/republique-centrafricaine-les-attaques-repetees-contre-les-services-medicaux-rendent-les-populations-vulnerables-aux-maladies-et-a-la-mort#respond\"]}]},{\"@type\":\"WebPage\",\"@id\":\"https:\/\/www.africa-press.net\/centrafricaine\/toutes-les-actualites\/republique-centrafricaine-les-attaques-repetees-contre-les-services-medicaux-rendent-les-populations-vulnerables-aux-maladies-et-a-la-mort\",\"url\":\"https:\/\/www.africa-press.net\/centrafricaine\/toutes-les-actualites\/republique-centrafricaine-les-attaques-repetees-contre-les-services-medicaux-rendent-les-populations-vulnerables-aux-maladies-et-a-la-mort\",\"name\":\"les attaques r\u00e9p\u00e9t\u00e9es contre les services m\u00e9dicaux rendent les populations vuln\u00e9rables aux maladies et \u00e0 la mort - centrafricaine\",\"isPartOf\":{\"@id\":\"https:\/\/www.africa-press.net\/centrafricaine\/#website\"},\"primaryImageOfPage\":{\"@id\":\"https:\/\/www.africa-press.net\/centrafricaine\/toutes-les-actualites\/republique-centrafricaine-les-attaques-repetees-contre-les-services-medicaux-rendent-les-populations-vulnerables-aux-maladies-et-a-la-mort#primaryimage\"},\"image\":{\"@id\":\"https:\/\/www.africa-press.net\/centrafricaine\/toutes-les-actualites\/republique-centrafricaine-les-attaques-repetees-contre-les-services-medicaux-rendent-les-populations-vulnerables-aux-maladies-et-a-la-mort#primaryimage\"},\"thumbnailUrl\":\"https:\/\/static.africa-press.net\/centrafricaine\/sites\/45\/2021\/07\/img-60f693da01d4a.jpg\",\"datePublished\":\"2021-07-20T09:24:17+00:00\",\"dateModified\":\"2021-07-20T17:47:45+00:00\",\"author\":{\"@id\":\"https:\/\/www.africa-press.net\/centrafricaine\/#\/schema\/person\/2b1cf3cd81a31e3cd26889ca66d677f1\"},\"description\":\"Les attaques incessantes contre les patients, le personnel de sant\u00e9 et les \u00e9tablissements m\u00e9dicaux en R\u00e9publique Centraf ...\",\"breadcrumb\":{\"@id\":\"https:\/\/www.africa-press.net\/centrafricaine\/toutes-les-actualites\/republique-centrafricaine-les-attaques-repetees-contre-les-services-medicaux-rendent-les-populations-vulnerables-aux-maladies-et-a-la-mort#breadcrumb\"},\"inLanguage\":\"fr-FR\",\"potentialAction\":[{\"@type\":\"ReadAction\",\"target\":[\"https:\/\/www.africa-press.net\/centrafricaine\/toutes-les-actualites\/republique-centrafricaine-les-attaques-repetees-contre-les-services-medicaux-rendent-les-populations-vulnerables-aux-maladies-et-a-la-mort\"]}]},{\"@type\":\"ImageObject\",\"inLanguage\":\"fr-FR\",\"@id\":\"https:\/\/www.africa-press.net\/centrafricaine\/toutes-les-actualites\/republique-centrafricaine-les-attaques-repetees-contre-les-services-medicaux-rendent-les-populations-vulnerables-aux-maladies-et-a-la-mort#primaryimage\",\"url\":\"https:\/\/static.africa-press.net\/centrafricaine\/sites\/45\/2021\/07\/img-60f693da01d4a.jpg\",\"contentUrl\":\"https:\/\/static.africa-press.net\/centrafricaine\/sites\/45\/2021\/07\/img-60f693da01d4a.jpg\",\"width\":720,\"height\":404,\"caption\":\"R\u00e9publique centrafricaine : les attaques r\u00e9p\u00e9t\u00e9es contre les services m\u00e9dicaux rendent les populations vuln\u00e9rables aux maladies et \u00e0 la mort\"},{\"@type\":\"BreadcrumbList\",\"@id\":\"https:\/\/www.africa-press.net\/centrafricaine\/toutes-les-actualites\/republique-centrafricaine-les-attaques-repetees-contre-les-services-medicaux-rendent-les-populations-vulnerables-aux-maladies-et-a-la-mort#breadcrumb\",\"itemListElement\":[{\"@type\":\"ListItem\",\"position\":1,\"name\":\"Accueil\",\"item\":\"https:\/\/www.africa-press.net\/centrafricaine\/\"},{\"@type\":\"ListItem\",\"position\":2,\"name\":\"les attaques r\u00e9p\u00e9t\u00e9es contre les services m\u00e9dicaux rendent les populations vuln\u00e9rables aux maladies et \u00e0 la mort\"}]},{\"@type\":\"WebSite\",\"@id\":\"https:\/\/www.africa-press.net\/centrafricaine\/#website\",\"url\":\"https:\/\/www.africa-press.net\/centrafricaine\/\",\"name\":\"centrafricaine\",\"description\":\"Just another Africa News Agency Sites site\",\"potentialAction\":[{\"@type\":\"SearchAction\",\"target\":{\"@type\":\"EntryPoint\",\"urlTemplate\":\"https:\/\/www.africa-press.net\/centrafricaine\/?s={search_term_string}\"},\"query-input\":{\"@type\":\"PropertyValueSpecification\",\"valueRequired\":true,\"valueName\":\"search_term_string\"}}],\"inLanguage\":\"fr-FR\"},{\"@type\":\"Person\",\"@id\":\"https:\/\/www.africa-press.net\/centrafricaine\/#\/schema\/person\/2b1cf3cd81a31e3cd26889ca66d677f1\",\"name\":\"cfeditorfr\"}]}<\/script>\n<!-- \/ Yoast SEO Premium plugin. -->","yoast_head_json":{"title":"les attaques r\u00e9p\u00e9t\u00e9es contre les services m\u00e9dicaux rendent les populations vuln\u00e9rables aux maladies et \u00e0 la mort - centrafricaine","description":"Les attaques incessantes contre les patients, le personnel de sant\u00e9 et les \u00e9tablissements m\u00e9dicaux en R\u00e9publique Centraf ...","robots":{"index":"index","follow":"follow","max-snippet":"max-snippet:-1","max-image-preview":"max-image-preview:large","max-video-preview":"max-video-preview:-1"},"canonical":"https:\/\/www.africa-press.net\/centrafricaine\/toutes-les-actualites\/republique-centrafricaine-les-attaques-repetees-contre-les-services-medicaux-rendent-les-populations-vulnerables-aux-maladies-et-a-la-mort","og_locale":"fr_FR","og_type":"article","og_title":"les attaques r\u00e9p\u00e9t\u00e9es contre les services m\u00e9dicaux rendent les populations vuln\u00e9rables aux maladies et \u00e0 la mort","og_description":"Les attaques incessantes contre les patients, le personnel de sant\u00e9 et les \u00e9tablissements m\u00e9dicaux en R\u00e9publique Centraf ...","og_url":"https:\/\/www.africa-press.net\/centrafricaine\/toutes-les-actualites\/republique-centrafricaine-les-attaques-repetees-contre-les-services-medicaux-rendent-les-populations-vulnerables-aux-maladies-et-a-la-mort","og_site_name":"centrafricaine","article_published_time":"2021-07-20T09:24:17+00:00","article_modified_time":"2021-07-20T17:47:45+00:00","og_image":[{"width":720,"height":404,"url":"https:\/\/static.africa-press.net\/centrafricaine\/sites\/45\/2021\/07\/img-60f693da01d4a.jpg","type":"image\/jpeg"}],"author":"cfeditorfr","twitter_card":"summary_large_image","twitter_misc":{"\u00c9crit par":"cfeditorfr","Dur\u00e9e de lecture estim\u00e9e":"6 minutes"},"schema":{"@context":"https:\/\/schema.org","@graph":[{"@type":"Article","@id":"https:\/\/www.africa-press.net\/centrafricaine\/toutes-les-actualites\/republique-centrafricaine-les-attaques-repetees-contre-les-services-medicaux-rendent-les-populations-vulnerables-aux-maladies-et-a-la-mort#article","isPartOf":{"@id":"https:\/\/www.africa-press.net\/centrafricaine\/toutes-les-actualites\/republique-centrafricaine-les-attaques-repetees-contre-les-services-medicaux-rendent-les-populations-vulnerables-aux-maladies-et-a-la-mort"},"author":{"name":"cfeditorfr","@id":"https:\/\/www.africa-press.net\/centrafricaine\/#\/schema\/person\/2b1cf3cd81a31e3cd26889ca66d677f1"},"headline":"les attaques r\u00e9p\u00e9t\u00e9es contre les services m\u00e9dicaux rendent les populations vuln\u00e9rables aux maladies et \u00e0 la mort","datePublished":"2021-07-20T09:24:17+00:00","dateModified":"2021-07-20T17:47:45+00:00","mainEntityOfPage":{"@id":"https:\/\/www.africa-press.net\/centrafricaine\/toutes-les-actualites\/republique-centrafricaine-les-attaques-repetees-contre-les-services-medicaux-rendent-les-populations-vulnerables-aux-maladies-et-a-la-mort"},"wordCount":1252,"commentCount":0,"image":{"@id":"https:\/\/www.africa-press.net\/centrafricaine\/toutes-les-actualites\/republique-centrafricaine-les-attaques-repetees-contre-les-services-medicaux-rendent-les-populations-vulnerables-aux-maladies-et-a-la-mort#primaryimage"},"thumbnailUrl":"https:\/\/static.africa-press.net\/centrafricaine\/sites\/45\/2021\/07\/img-60f693da01d4a.jpg","keywords":["Africa Press","Africa Press-CentrAfricaine","CentrAfricaine"],"articleSection":["Communaut\u00e9","homepage-french","Top Nouvelles","Toutes les actualit\u00e9s"],"inLanguage":"fr-FR","potentialAction":[{"@type":"CommentAction","name":"Comment","target":["https:\/\/www.africa-press.net\/centrafricaine\/toutes-les-actualites\/republique-centrafricaine-les-attaques-repetees-contre-les-services-medicaux-rendent-les-populations-vulnerables-aux-maladies-et-a-la-mort#respond"]}]},{"@type":"WebPage","@id":"https:\/\/www.africa-press.net\/centrafricaine\/toutes-les-actualites\/republique-centrafricaine-les-attaques-repetees-contre-les-services-medicaux-rendent-les-populations-vulnerables-aux-maladies-et-a-la-mort","url":"https:\/\/www.africa-press.net\/centrafricaine\/toutes-les-actualites\/republique-centrafricaine-les-attaques-repetees-contre-les-services-medicaux-rendent-les-populations-vulnerables-aux-maladies-et-a-la-mort","name":"les attaques r\u00e9p\u00e9t\u00e9es contre les services m\u00e9dicaux rendent les populations vuln\u00e9rables aux maladies et \u00e0 la mort - centrafricaine","isPartOf":{"@id":"https:\/\/www.africa-press.net\/centrafricaine\/#website"},"primaryImageOfPage":{"@id":"https:\/\/www.africa-press.net\/centrafricaine\/toutes-les-actualites\/republique-centrafricaine-les-attaques-repetees-contre-les-services-medicaux-rendent-les-populations-vulnerables-aux-maladies-et-a-la-mort#primaryimage"},"image":{"@id":"https:\/\/www.africa-press.net\/centrafricaine\/toutes-les-actualites\/republique-centrafricaine-les-attaques-repetees-contre-les-services-medicaux-rendent-les-populations-vulnerables-aux-maladies-et-a-la-mort#primaryimage"},"thumbnailUrl":"https:\/\/static.africa-press.net\/centrafricaine\/sites\/45\/2021\/07\/img-60f693da01d4a.jpg","datePublished":"2021-07-20T09:24:17+00:00","dateModified":"2021-07-20T17:47:45+00:00","author":{"@id":"https:\/\/www.africa-press.net\/centrafricaine\/#\/schema\/person\/2b1cf3cd81a31e3cd26889ca66d677f1"},"description":"Les attaques incessantes contre les patients, le personnel de sant\u00e9 et les \u00e9tablissements m\u00e9dicaux en R\u00e9publique Centraf ...","breadcrumb":{"@id":"https:\/\/www.africa-press.net\/centrafricaine\/toutes-les-actualites\/republique-centrafricaine-les-attaques-repetees-contre-les-services-medicaux-rendent-les-populations-vulnerables-aux-maladies-et-a-la-mort#breadcrumb"},"inLanguage":"fr-FR","potentialAction":[{"@type":"ReadAction","target":["https:\/\/www.africa-press.net\/centrafricaine\/toutes-les-actualites\/republique-centrafricaine-les-attaques-repetees-contre-les-services-medicaux-rendent-les-populations-vulnerables-aux-maladies-et-a-la-mort"]}]},{"@type":"ImageObject","inLanguage":"fr-FR","@id":"https:\/\/www.africa-press.net\/centrafricaine\/toutes-les-actualites\/republique-centrafricaine-les-attaques-repetees-contre-les-services-medicaux-rendent-les-populations-vulnerables-aux-maladies-et-a-la-mort#primaryimage","url":"https:\/\/static.africa-press.net\/centrafricaine\/sites\/45\/2021\/07\/img-60f693da01d4a.jpg","contentUrl":"https:\/\/static.africa-press.net\/centrafricaine\/sites\/45\/2021\/07\/img-60f693da01d4a.jpg","width":720,"height":404,"caption":"R\u00e9publique centrafricaine : les attaques r\u00e9p\u00e9t\u00e9es contre les services m\u00e9dicaux rendent les populations vuln\u00e9rables aux maladies et \u00e0 la mort"},{"@type":"BreadcrumbList","@id":"https:\/\/www.africa-press.net\/centrafricaine\/toutes-les-actualites\/republique-centrafricaine-les-attaques-repetees-contre-les-services-medicaux-rendent-les-populations-vulnerables-aux-maladies-et-a-la-mort#breadcrumb","itemListElement":[{"@type":"ListItem","position":1,"name":"Accueil","item":"https:\/\/www.africa-press.net\/centrafricaine\/"},{"@type":"ListItem","position":2,"name":"les attaques r\u00e9p\u00e9t\u00e9es contre les services m\u00e9dicaux rendent les populations vuln\u00e9rables aux maladies et \u00e0 la mort"}]},{"@type":"WebSite","@id":"https:\/\/www.africa-press.net\/centrafricaine\/#website","url":"https:\/\/www.africa-press.net\/centrafricaine\/","name":"centrafricaine","description":"Just another Africa News Agency Sites site","potentialAction":[{"@type":"SearchAction","target":{"@type":"EntryPoint","urlTemplate":"https:\/\/www.africa-press.net\/centrafricaine\/?s={search_term_string}"},"query-input":{"@type":"PropertyValueSpecification","valueRequired":true,"valueName":"search_term_string"}}],"inLanguage":"fr-FR"},{"@type":"Person","@id":"https:\/\/www.africa-press.net\/centrafricaine\/#\/schema\/person\/2b1cf3cd81a31e3cd26889ca66d677f1","name":"cfeditorfr"}]}},"_links":{"self":[{"href":"https:\/\/www.africa-press.net\/centrafricaine\/wp-json\/wp\/v2\/posts\/9057","targetHints":{"allow":["GET"]}}],"collection":[{"href":"https:\/\/www.africa-press.net\/centrafricaine\/wp-json\/wp\/v2\/posts"}],"about":[{"href":"https:\/\/www.africa-press.net\/centrafricaine\/wp-json\/wp\/v2\/types\/post"}],"author":[{"embeddable":true,"href":"https:\/\/www.africa-press.net\/centrafricaine\/wp-json\/wp\/v2\/users\/82"}],"replies":[{"embeddable":true,"href":"https:\/\/www.africa-press.net\/centrafricaine\/wp-json\/wp\/v2\/comments?post=9057"}],"version-history":[{"count":0,"href":"https:\/\/www.africa-press.net\/centrafricaine\/wp-json\/wp\/v2\/posts\/9057\/revisions"}],"wp:featuredmedia":[{"embeddable":true,"href":"https:\/\/www.africa-press.net\/centrafricaine\/wp-json\/wp\/v2\/media\/9056"}],"wp:attachment":[{"href":"https:\/\/www.africa-press.net\/centrafricaine\/wp-json\/wp\/v2\/media?parent=9057"}],"wp:term":[{"taxonomy":"category","embeddable":true,"href":"https:\/\/www.africa-press.net\/centrafricaine\/wp-json\/wp\/v2\/categories?post=9057"},{"taxonomy":"post_tag","embeddable":true,"href":"https:\/\/www.africa-press.net\/centrafricaine\/wp-json\/wp\/v2\/tags?post=9057"}],"curies":[{"name":"wp","href":"https:\/\/api.w.org\/{rel}","templated":true}]}}