{"id":9069,"date":"2021-07-20T09:55:07","date_gmt":"2021-07-20T09:55:07","guid":{"rendered":"https:\/\/www.africa-press.net\/centrafricaine\/?p=9069"},"modified":"2021-07-20T17:48:56","modified_gmt":"2021-07-20T17:48:56","slug":"rca-selon-monsieur-christian-guenebem-il-ne-faut-pas-penser-que-nous-sommes-prets-pour-autant-a-accepter-nimporte-quel-dialogue","status":"publish","type":"post","link":"https:\/\/www.africa-press.net\/centrafricaine\/parties\/rca-selon-monsieur-christian-guenebem-il-ne-faut-pas-penser-que-nous-sommes-prets-pour-autant-a-accepter-nimporte-quel-dialogue","title":{"rendered":"selon Monsieur Christian Guenebem, \u00ab\u00a0il ne faut pas penser que nous sommes pr\u00eats pour autant \u00e0 accepter n\u2019importe quel dialogue\u00a0\u00bb"},"content":{"rendered":"<p><span style=\"color: #ff6600\"><strong><a href=\"https:\/\/www.africa-press.net\/\">Africa-Press<\/a> &#8211; <a href=\"https:\/\/www.africa-press.net\/centrafricaine\">CentrAfricaine<\/a>. <\/strong><\/span><b>Le Pr\u00e9sident par int\u00e9rim du parti KNK, Christian Dedizoum Guenebem, en exile, a accept\u00e9 d\u2019accorder une interview exclusive \u00e0 CNC sur les sujets d\u2019actualit\u00e9 et s\u00e9curitaire de son pays, la R\u00e9publique centrafricaine. A l\u2019issue de cet entretien, plusieurs points saillants ont \u00e9t\u00e9 abord\u00e9s entre autres, le dialogue r\u00e9publicain, l\u2019embargo sur les armes \u00e0 destination de la RCA, le d\u00e9bauchage au parlement des d\u00e9put\u00e9s de l\u2019opposition et la difficile condition de vies des militants du KNK depuis que son pr\u00e9sident fondateur, l\u2019ex-pr\u00e9sident Fran\u00e7ois Boziz\u00e9 est devenu coordonnateur de la CPC. Une coalition de certains groupes arm\u00e9s qui menace de destituer le r\u00e9gime de Bangui.<\/b><\/p>\n<p><b>Corbeau News Centrafrique (CNC) : Bonjour ! Vous \u00eates le Pr\u00e9sident par int\u00e9rim de Kwa Na Kwa (KNK). Le Pr\u00e9sident de la R\u00e9publique a r\u00e9cemment sign\u00e9 le d\u00e9cret portant cr\u00e9ation du comit\u00e9 pr\u00e9paratoire du dialogue dit \u00ab r\u00e9publicain \u00bb. Et \u00e0 peine ce d\u00e9cret fut-il officialis\u00e9 que certains partis politiques d\u2019opposition et quelques organisations de la soci\u00e9t\u00e9 civile ont exprim\u00e9 leurs inqui\u00e9tudes suite au format de ce comit\u00e9. Quelle est alors la position du KNK vis-\u00e0-vis de ce d\u00e9cret qui continue de faire du bruit dans le pays malgr\u00e9 le fait que la Pr\u00e9sidence de la R\u00e9publique a convoqu\u00e9 une r\u00e9union d\u2019urgence visant \u00e0 mettre fin \u00e0 cette pol\u00e9mique ?<\/b><\/p>\n<p><b>Christian GUENEBEM (CG)<\/b><\/p>\n<p>: Bonjour \u00e0 vous et merci de vouloir bien me donner la parole.<\/p>\n<p>Le KNK est membre \u00e0 ce jour de la COD-2020 et, \u00e0 ce titre, partage donc ses opinions et prises de positions. C\u2019est dire qu\u2019en ce qui concerne le d\u00e9cret dont vous parlez, le KNK n\u2019a pu que, malheureusement, constater la poursuite de la logique de l\u2019unilat\u00e9ralisme choisi comme mode de r\u00e9solution de la crise centrafricaine par le pouvoir de Bangui. L\u2019autisme est ce qui a, depuis le 30 mars 2016, caract\u00e9ris\u00e9 la gouvernance du Pr\u00e9sident TOUAD\u00c9RA. Et le fait est que cela n\u2019a pas chang\u00e9.<\/p>\n<p>Alors oui, des discussions ont \u00e9t\u00e9 ouvertes suite aux protestations tous azimuts. Mais cela n\u2019augure en rien le fait que le Pr\u00e9sident TOUAD\u00c9RA ait chang\u00e9 son fusil d\u2019\u00e9paule. L\u2019inclusivit\u00e9 r\u00e9clam\u00e9e au niveau du Comit\u00e9 pr\u00e9paratoire n\u2019est toujours pas de mise avec, par exemple, la mise \u00e0 l\u2019\u00e9cart des acteurs de la diaspora qui n\u2019auront pas de porte-voix dans cette phase cruciale pour l\u2019avenir des discussions en vue, mais surtout pour l\u2019avenir de notre pays.<\/p>\n<p>Pire encore est le fait que la r\u00e9union d\u2019harmonisation pr\u00e9vue entre les diff\u00e9rentes parties s\u2019est tenue en l\u2019absence des repr\u00e9sentants de la COD-2020, parce que l\u2019heure de ladite r\u00e9union a \u00e9t\u00e9 modifi\u00e9e et avanc\u00e9e \u00e0 la derni\u00e8re minute sans en avoir avis\u00e9 nos repr\u00e9sentants. Ces derniers ont donc \u00e9t\u00e9 finalement re\u00e7us par le Ministre d\u2019\u00c9tat Directeur de Cabinet \u00e0 la Pr\u00e9sidence de la R\u00e9publique, apr\u00e8s coup, pour se voir pr\u00e9senter les amendements au d\u00e9cret retenus.<\/p>\n<p>Cette mani\u00e8re de faire les choses n\u2019est pas de nature \u00e0 instaurer un v\u00e9ritable climat de confiance qui doit pourtant pr\u00e9valoir en de pareilles circonstances. Le KNK regrette cela et demeure donc en alerte pour la suite du processus.<\/p>\n<p><b>CNC : Pensez-vous que ce dialogue, tant r\u00e9clam\u00e9 par les forces vives de la nation et la communaut\u00e9 internationale, est la seule option du retour d\u00e9finitif de la paix en R\u00e9publique centrafricaine ?<\/b><\/p>\n<p><b>CG<\/b><\/p>\n<p>: Au KNK, nous ne voyons pas par quel autre moyen la paix d\u00e9finitive peut \u00eatre obtenue. Et de ce point de vue, nous avons toujours \u00e9t\u00e9 constants, m\u00eame lorsque nous \u00e9tions les seuls \u00e0 r\u00e9clamer le dialogue. Simplement, il ne faut pas penser que nous sommes pr\u00eats pour autant \u00e0 accepter n\u2019importe quel dialogue.<\/p>\n<p>Ce dialogue se doit d\u2019\u00eatre inclusif. C\u2019est-\u00e0-dire qu\u2019il doit regrouper l\u2019ensemble des fils et filles de Centrafrique dans toute leur diversit\u00e9 et toutes leurs tendances.<\/p>\n<p>Il se doit aussi d\u2019\u00eatre plac\u00e9 sous une m\u00e9diation neutre car nous ne devons pas l\u2019oublier, le Pr\u00e9sident TOUAD\u00c9RA et son camp, sont une des parties au conflit. D\u2019ailleurs, \u00e0 ce titre, et en sa qualit\u00e9 de patron des Pouvoirs publics, on ne peut penser que ces derniers jouissent d\u2019une quelconque ind\u00e9pendance de vue au cours des discussions \u00e0 venir. Aussi, les associer aux discussions au m\u00eame titre que tous les autres participants \u00e9quivalent \u00e0 gonfler artificiellement le nombre de participants pro-r\u00e9gimes pour mieux contr\u00f4ler les discussions et leur issue. C\u2019est pourquoi, il est fort pr\u00e9occupant que le Comit\u00e9 pr\u00e9paratoire de ce dialogue soit plac\u00e9 sous l\u2019autorit\u00e9 du Pr\u00e9sident TOUAD\u00c9RA.<\/p>\n<p>Le dialogue doit se tenir dans un cadre qui garantit \u00e0 tous ses participants, de pouvoir \u00eatre en s\u00e9curit\u00e9 et de ne pas craindre pour leur vie au sortir de la salle des d\u00e9bats. Or, \u00e0 ce jour, Bangui n\u2019offre aucune garantie en ce sens. En effet, l\u2019existence des requins, la milice du r\u00e9gime de TOUAD\u00c9RA, et les nombreux cas d\u2019enl\u00e8vement, de tortures, d\u2019assassinats ou encore de tentatives d\u2019intimidation sont autant de signaux n\u00e9gatifs qui ne plaident pas en faveur de la tenue du dialogue en terre centrafricaine.<\/p>\n<p>Voil\u00e0 ici \u00e9num\u00e9r\u00e9s quelques \u00e9l\u00e9ments qui font que les choses ne s\u2019annoncent pas forc\u00e9ment sous les meilleurs auspices mais il nous faut, face \u00e0 cela, continuer de plaider en faveur d\u2019un v\u00e9ritable dialogue o\u00f9 le peuple restera au centre des d\u00e9bats et dans lequel la Paix sera la seule chose qui pr\u00e9occupera l\u2019ensemble des participants.<\/p>\n<p><b>CNC : Le 23 juin dernier, le Pr\u00e9sident a sign\u00e9 le d\u00e9cret portant nomination des 32 membres du gouvernement DONDRA, qui est cens\u00e9 l\u2019accompagner dans sa vision politique de son second quinquennat. Quelle lecture faite-vous de ce gouvernement dit de \u00ab large ouverture et d\u2019action \u00bb par le nouveau Premier ministre Henri Marie DONDRA ?<\/b><\/p>\n<p><b>CG :<\/b><\/p>\n<p>Nul n\u2019est besoin d\u2019\u00e9piloguer longuement sur ce sujet qui a d\u00e9j\u00e0 fait couler tant de salive. Je dirais simplement que ce Gouvernement n\u2019est pas large que l\u2019on veut bien nous le faire croire puisqu\u2019il ne regroupe que le MCU et ses alli\u00e9s.<\/p>\n<p><b>CNC : L\u2019actualit\u00e9 oblige ! Le conseil de s\u00e9curit\u00e9 des Nations-Unies doit renouveler l\u2019embargo sur les armes \u00e0 destination de la RCA fin juillet. Mais la diplomatie russe s\u2019oppose farouchement \u00e0 ce que le renouvellement d\u00e9fendu par la France, le Royaume-Uni et les Etats-Unis, et menace pour la premi\u00e8re fois d\u2019user de son droit de v\u00e9to. Comment vous analysez cette situation qui risque d\u2019\u00eatre \u00e9lectrique ?<\/b><\/p>\n<p><b>CG :<\/b><\/p>\n<p>Depuis sa mise en place, le KNK a toujours \u00e9t\u00e9 oppos\u00e9 \u00e0 l\u2019embargo sur les armes \u00e0 destination de la R\u00e9publique centrafricaine, car, nous l\u2019avons toujours per\u00e7u comme une entrave au libre exercice de la violence l\u00e9gitime par un Gouvernement l\u00e9gitime en Centrafrique. D\u2019ailleurs c\u2019est une position que nous avons largement d\u00e9fendue.<\/p>\n<p>Cela \u00e9tant dit, il nous faut aujourd\u2019hui observer que les autorit\u00e9s centrafricaines ont accumul\u00e9 les motifs de voir l\u2019embargo \u00eatre prolong\u00e9. Cela a \u00e9t\u00e9 d\u00e9j\u00e0 le cas, lorsque les experts des Nations Unies avaient relev\u00e9 que des armes dont les num\u00e9ros de s\u00e9rie avaient \u00e9t\u00e9 r\u00e9pertori\u00e9s comme appartenant aux arsenaux de l\u2019Arm\u00e9e nationale et entrepos\u00e9s au Camp de Roux, ont \u00e9t\u00e9 retrouv\u00e9es entre les mains des groupes arm\u00e9s au Nord-est de notre pays.<\/p>\n<p>C\u2019est encore le cas lorsque ces m\u00eames experts font \u00e9tat de recrutements parall\u00e8les du suppl\u00e9tif pour les FDSI parmi les milices pr\u00e9sentes dans la capitale avec distribution d\u2019armes, de tenues militaires et de v\u00e9hicules en dehors de toute tra\u00e7abilit\u00e9.<\/p>\n<p><b>CNC : Vous \u00eates le pr\u00e9sident par int\u00e9rim d\u2019un parti o\u00f9 la quasi-totalit\u00e9 des militants vivent en cachette depuis que le fondateur de votre mouvement politique s\u2019est engag\u00e9 dans une coalition rebelle dont il a pris la t\u00eate et qui a jur\u00e9 de mettre fin au r\u00e9gime actuel. Cette aventure men\u00e9e par votre ex-champion ne risque-t-elle pas de fragiliser votre parti ? Et au rythme o\u00f9 certains sont \u00e0 l\u2019ext\u00e9rieur tandis que les autres sont en cavale, comment allez-vous r\u00e9organiser votre parti ?<\/b><\/p>\n<p><b>CG :<\/b><\/p>\n<p>C\u2019est une vaste probl\u00e9matique que vous abordez-l\u00e0. Mais il est important de relever comme pr\u00e9alable, que, contrairement \u00e0 un certain nombre d\u2019id\u00e9es re\u00e7ues, le fait que le Pr\u00e9sident Fondateur du KNK soit aujourd\u2019hui le Coordonnateur de la CPC, n\u2019engage en rien l\u2019ensemble des militants de notre parti. Et vous l\u2019avez soulign\u00e9 vous-m\u00eames, nous payons un lourd tribut \u00e0 cette crise, notamment nos militants.<\/p>\n<p>Le parti en sort \u00e0 ce jour, fragilis\u00e9, mais la d\u00e9termination du noyau dur demeure intacte et c\u2019est ce qui nous permet de rassurer les militants avec lesquels nous restons en contact partout o\u00f9 ils sont. C\u2019est vrai que la vie et devenue difficile pour nombre d\u2019entre eux, mais nous n\u2019avons aujourd\u2019hui pas que le droit de renoncer \u00e0 nous battre pour ce que nous estimons juste. D\u2019ailleurs, le fait de savoir que nombreux d\u2019entre eux ont perdu la vie dans ce combat pour la d\u00e9mocratie v\u00e9ritable, nous conf\u00e8re davantage de responsabilit\u00e9s.<\/p>\n<p>La r\u00e9organisation du KNK est un chantier qui n\u2019est pas insurmontable car la colonne vert\u00e9brale du parti est demeur\u00e9e intacte. Un travail important se fait en ce moment. Vous aurez le loisir d\u2019en constater les fruits le moment venu.<\/p>\n<p><b>CNC : N\u2019est-pas cette situation qui est \u00e0 l\u2019origine du d\u00e9bauchage de vos d\u00e9put\u00e9s \u00e0 l\u2019Assembl\u00e9e nationale ?<\/b><\/p>\n<p><b>CG :<\/b><\/p>\n<p>Au niveau du Parlement, entre d\u00e9cisions contradictoires de la Cour constitutionnelle, intimidations du r\u00e9gime et d\u00e9bauchage \u00e0 coup de millions de nos \u00e9lus, nous sommes pass\u00e9s de pr\u00e8s d\u2019une quinzaine de d\u00e9put\u00e9s \u00e0 3 \u00e0 ce jour. Les discussions se poursuivent avec d\u2019autres forces politiques afin de former prochainement un groupe parlementaire avec d\u2019autres acteurs de l\u2019opposition.<\/p>\n<p>Retenons que la situation du KNK, que le Pr\u00e9sident TOUAD\u00c9RA et ses affid\u00e9s ont r\u00e9solument d\u00e9cid\u00e9 de d\u00e9truire, n\u2019a pas favoris\u00e9 la stabilit\u00e9 de notre situation au sein du Parlement.<\/p>\n<p><b>CNC : Pour finir, quel est actuellement le niveau de votre relation avec le Pr\u00e9sident fondateur de votre parti, l\u2019ex-Pr\u00e9sident Fran\u00e7ois Boziz\u00e9 et le lieu o\u00f9 il se trouve ?<\/b><\/p>\n<p><b>CG :<\/b><\/p>\n<p>Et bien c\u2019est simple. A ce jour, je n\u2019ai aucune relation avec le Pr\u00e9sident fondateur du KNK qui a choisi de se retirer de la direction du parti en raison de son engagement actuel au sein de la CPC.<\/p>\n<p>Aussi, je ne suis donc pas en mesure de vous dire l\u00e0 o\u00f9 il se trouve. Ceci dit, il me semble que la CPC a des communicants auxquels vous feriez mieux de poser cette question.<\/p>\n<p><b>\u00a0<\/b><\/p>\n","protected":false},"excerpt":{"rendered":"<p>Africa-Press &#8211; CentrAfricaine. Le Pr\u00e9sident par int\u00e9rim du parti KNK, Christian Dedizoum Guenebem, en exile, a accept\u00e9 d\u2019accorder une interview exclusive \u00e0 CNC sur les sujets d\u2019actualit\u00e9 et s\u00e9curitaire de son pays, la R\u00e9publique centrafricaine. A l\u2019issue de cet entretien, plusieurs points saillants ont \u00e9t\u00e9 abord\u00e9s entre autres, le dialogue r\u00e9publicain, l\u2019embargo sur les armes [&hellip;]<\/p>\n","protected":false},"author":82,"featured_media":9068,"comment_status":"open","ping_status":"closed","sticky":false,"template":"","format":"standard","meta":{"footnotes":""},"categories":[11,4,10],"tags":[36,58,30],"class_list":["post-9069","post","type-post","status-publish","format-standard","has-post-thumbnail","hentry","category-homepage-french","category-parties","category-toutes-les-actualites","tag-africa-press","tag-africa-press-centrafricaine","tag-centrafricaine"],"yoast_head":"<!-- This site is optimized with the Yoast SEO Premium plugin v26.1 (Yoast SEO v27.0) - https:\/\/yoast.com\/product\/yoast-seo-premium-wordpress\/ -->\n<title>selon Monsieur Christian Guenebem, \u00ab\u00a0il ne faut pas penser que nous sommes pr\u00eats pour autant \u00e0 accepter n\u2019importe quel dialogue\u00a0\u00bb - centrafricaine<\/title>\n<meta name=\"description\" content=\"Bangui, R\u00e9publique centrafricaine, mardi, 20 juillet 2021 ( Corbeaunews \u2013 Centrafrique ). Le Pr\u00e9sident par int\u00e9rim ...\" \/>\n<meta name=\"robots\" content=\"index, follow, max-snippet:-1, max-image-preview:large, max-video-preview:-1\" \/>\n<link rel=\"canonical\" href=\"https:\/\/www.africa-press.net\/centrafricaine\/parties\/rca-selon-monsieur-christian-guenebem-il-ne-faut-pas-penser-que-nous-sommes-prets-pour-autant-a-accepter-nimporte-quel-dialogue\" \/>\n<meta property=\"og:locale\" content=\"fr_FR\" \/>\n<meta property=\"og:type\" content=\"article\" \/>\n<meta property=\"og:title\" content=\"selon Monsieur Christian Guenebem, \u00ab\u00a0il ne faut pas penser que nous sommes pr\u00eats pour autant \u00e0 accepter n\u2019importe quel dialogue\u00a0\u00bb\" \/>\n<meta property=\"og:description\" content=\"Bangui, R\u00e9publique centrafricaine, mardi, 20 juillet 2021 ( Corbeaunews \u2013 Centrafrique ). Le Pr\u00e9sident par int\u00e9rim ...\" \/>\n<meta property=\"og:url\" content=\"https:\/\/www.africa-press.net\/centrafricaine\/parties\/rca-selon-monsieur-christian-guenebem-il-ne-faut-pas-penser-que-nous-sommes-prets-pour-autant-a-accepter-nimporte-quel-dialogue\" \/>\n<meta property=\"og:site_name\" content=\"centrafricaine\" \/>\n<meta property=\"article:published_time\" content=\"2021-07-20T09:55:07+00:00\" \/>\n<meta property=\"article:modified_time\" content=\"2021-07-20T17:48:56+00:00\" \/>\n<meta property=\"og:image\" content=\"https:\/\/static.africa-press.net\/centrafricaine\/sites\/45\/2021\/07\/img-60f694879c3ed.jpg\" \/>\n\t<meta property=\"og:image:width\" content=\"720\" \/>\n\t<meta property=\"og:image:height\" content=\"404\" \/>\n\t<meta property=\"og:image:type\" content=\"image\/jpeg\" \/>\n<meta name=\"author\" content=\"cfeditorfr\" \/>\n<meta name=\"twitter:card\" content=\"summary_large_image\" \/>\n<meta name=\"twitter:label1\" content=\"\u00c9crit par\" \/>\n\t<meta name=\"twitter:data1\" content=\"cfeditorfr\" \/>\n\t<meta name=\"twitter:label2\" content=\"Dur\u00e9e de lecture estim\u00e9e\" \/>\n\t<meta name=\"twitter:data2\" content=\"8 minutes\" \/>\n<script type=\"application\/ld+json\" class=\"yoast-schema-graph\">{\"@context\":\"https:\/\/schema.org\",\"@graph\":[{\"@type\":\"Article\",\"@id\":\"https:\/\/www.africa-press.net\/centrafricaine\/parties\/rca-selon-monsieur-christian-guenebem-il-ne-faut-pas-penser-que-nous-sommes-prets-pour-autant-a-accepter-nimporte-quel-dialogue#article\",\"isPartOf\":{\"@id\":\"https:\/\/www.africa-press.net\/centrafricaine\/parties\/rca-selon-monsieur-christian-guenebem-il-ne-faut-pas-penser-que-nous-sommes-prets-pour-autant-a-accepter-nimporte-quel-dialogue\"},\"author\":{\"name\":\"cfeditorfr\",\"@id\":\"https:\/\/www.africa-press.net\/centrafricaine\/#\/schema\/person\/2b1cf3cd81a31e3cd26889ca66d677f1\"},\"headline\":\"selon Monsieur Christian Guenebem, \u00ab\u00a0il ne faut pas penser que nous sommes pr\u00eats pour autant \u00e0 accepter n\u2019importe quel dialogue\u00a0\u00bb\",\"datePublished\":\"2021-07-20T09:55:07+00:00\",\"dateModified\":\"2021-07-20T17:48:56+00:00\",\"mainEntityOfPage\":{\"@id\":\"https:\/\/www.africa-press.net\/centrafricaine\/parties\/rca-selon-monsieur-christian-guenebem-il-ne-faut-pas-penser-que-nous-sommes-prets-pour-autant-a-accepter-nimporte-quel-dialogue\"},\"wordCount\":1911,\"commentCount\":0,\"image\":{\"@id\":\"https:\/\/www.africa-press.net\/centrafricaine\/parties\/rca-selon-monsieur-christian-guenebem-il-ne-faut-pas-penser-que-nous-sommes-prets-pour-autant-a-accepter-nimporte-quel-dialogue#primaryimage\"},\"thumbnailUrl\":\"https:\/\/static.africa-press.net\/centrafricaine\/sites\/45\/2021\/07\/img-60f694879c3ed.jpg\",\"keywords\":[\"Africa Press\",\"Africa Press-CentrAfricaine\",\"CentrAfricaine\"],\"articleSection\":[\"homepage-french\",\"Parties\",\"Toutes les actualit\u00e9s\"],\"inLanguage\":\"fr-FR\",\"potentialAction\":[{\"@type\":\"CommentAction\",\"name\":\"Comment\",\"target\":[\"https:\/\/www.africa-press.net\/centrafricaine\/parties\/rca-selon-monsieur-christian-guenebem-il-ne-faut-pas-penser-que-nous-sommes-prets-pour-autant-a-accepter-nimporte-quel-dialogue#respond\"]}]},{\"@type\":\"WebPage\",\"@id\":\"https:\/\/www.africa-press.net\/centrafricaine\/parties\/rca-selon-monsieur-christian-guenebem-il-ne-faut-pas-penser-que-nous-sommes-prets-pour-autant-a-accepter-nimporte-quel-dialogue\",\"url\":\"https:\/\/www.africa-press.net\/centrafricaine\/parties\/rca-selon-monsieur-christian-guenebem-il-ne-faut-pas-penser-que-nous-sommes-prets-pour-autant-a-accepter-nimporte-quel-dialogue\",\"name\":\"selon Monsieur Christian Guenebem, \u00ab\u00a0il ne faut pas penser que nous sommes pr\u00eats pour autant \u00e0 accepter n\u2019importe quel dialogue\u00a0\u00bb - centrafricaine\",\"isPartOf\":{\"@id\":\"https:\/\/www.africa-press.net\/centrafricaine\/#website\"},\"primaryImageOfPage\":{\"@id\":\"https:\/\/www.africa-press.net\/centrafricaine\/parties\/rca-selon-monsieur-christian-guenebem-il-ne-faut-pas-penser-que-nous-sommes-prets-pour-autant-a-accepter-nimporte-quel-dialogue#primaryimage\"},\"image\":{\"@id\":\"https:\/\/www.africa-press.net\/centrafricaine\/parties\/rca-selon-monsieur-christian-guenebem-il-ne-faut-pas-penser-que-nous-sommes-prets-pour-autant-a-accepter-nimporte-quel-dialogue#primaryimage\"},\"thumbnailUrl\":\"https:\/\/static.africa-press.net\/centrafricaine\/sites\/45\/2021\/07\/img-60f694879c3ed.jpg\",\"datePublished\":\"2021-07-20T09:55:07+00:00\",\"dateModified\":\"2021-07-20T17:48:56+00:00\",\"author\":{\"@id\":\"https:\/\/www.africa-press.net\/centrafricaine\/#\/schema\/person\/2b1cf3cd81a31e3cd26889ca66d677f1\"},\"description\":\"Bangui, R\u00e9publique centrafricaine, mardi, 20 juillet 2021 ( Corbeaunews \u2013 Centrafrique ). Le Pr\u00e9sident par int\u00e9rim ...\",\"breadcrumb\":{\"@id\":\"https:\/\/www.africa-press.net\/centrafricaine\/parties\/rca-selon-monsieur-christian-guenebem-il-ne-faut-pas-penser-que-nous-sommes-prets-pour-autant-a-accepter-nimporte-quel-dialogue#breadcrumb\"},\"inLanguage\":\"fr-FR\",\"potentialAction\":[{\"@type\":\"ReadAction\",\"target\":[\"https:\/\/www.africa-press.net\/centrafricaine\/parties\/rca-selon-monsieur-christian-guenebem-il-ne-faut-pas-penser-que-nous-sommes-prets-pour-autant-a-accepter-nimporte-quel-dialogue\"]}]},{\"@type\":\"ImageObject\",\"inLanguage\":\"fr-FR\",\"@id\":\"https:\/\/www.africa-press.net\/centrafricaine\/parties\/rca-selon-monsieur-christian-guenebem-il-ne-faut-pas-penser-que-nous-sommes-prets-pour-autant-a-accepter-nimporte-quel-dialogue#primaryimage\",\"url\":\"https:\/\/static.africa-press.net\/centrafricaine\/sites\/45\/2021\/07\/img-60f694879c3ed.jpg\",\"contentUrl\":\"https:\/\/static.africa-press.net\/centrafricaine\/sites\/45\/2021\/07\/img-60f694879c3ed.jpg\",\"width\":720,\"height\":404,\"caption\":\"RCA\u00a0:\u00a0 \u00a0selon Monsieur Christian Guenebem, \u00ab\u00a0il ne faut pas penser que nous sommes pr\u00eats pour autant \u00e0 accepter n\u2019importe quel dialogue\u00a0\u00bb\"},{\"@type\":\"BreadcrumbList\",\"@id\":\"https:\/\/www.africa-press.net\/centrafricaine\/parties\/rca-selon-monsieur-christian-guenebem-il-ne-faut-pas-penser-que-nous-sommes-prets-pour-autant-a-accepter-nimporte-quel-dialogue#breadcrumb\",\"itemListElement\":[{\"@type\":\"ListItem\",\"position\":1,\"name\":\"Accueil\",\"item\":\"https:\/\/www.africa-press.net\/centrafricaine\/\"},{\"@type\":\"ListItem\",\"position\":2,\"name\":\"selon Monsieur Christian Guenebem, \u00ab\u00a0il ne faut pas penser que nous sommes pr\u00eats pour autant \u00e0 accepter n\u2019importe quel dialogue\u00a0\u00bb\"}]},{\"@type\":\"WebSite\",\"@id\":\"https:\/\/www.africa-press.net\/centrafricaine\/#website\",\"url\":\"https:\/\/www.africa-press.net\/centrafricaine\/\",\"name\":\"centrafricaine\",\"description\":\"Just another Africa News Agency Sites site\",\"potentialAction\":[{\"@type\":\"SearchAction\",\"target\":{\"@type\":\"EntryPoint\",\"urlTemplate\":\"https:\/\/www.africa-press.net\/centrafricaine\/?s={search_term_string}\"},\"query-input\":{\"@type\":\"PropertyValueSpecification\",\"valueRequired\":true,\"valueName\":\"search_term_string\"}}],\"inLanguage\":\"fr-FR\"},{\"@type\":\"Person\",\"@id\":\"https:\/\/www.africa-press.net\/centrafricaine\/#\/schema\/person\/2b1cf3cd81a31e3cd26889ca66d677f1\",\"name\":\"cfeditorfr\"}]}<\/script>\n<!-- \/ Yoast SEO Premium plugin. -->","yoast_head_json":{"title":"selon Monsieur Christian Guenebem, \u00ab\u00a0il ne faut pas penser que nous sommes pr\u00eats pour autant \u00e0 accepter n\u2019importe quel dialogue\u00a0\u00bb - centrafricaine","description":"Bangui, R\u00e9publique centrafricaine, mardi, 20 juillet 2021 ( Corbeaunews \u2013 Centrafrique ). Le Pr\u00e9sident par int\u00e9rim ...","robots":{"index":"index","follow":"follow","max-snippet":"max-snippet:-1","max-image-preview":"max-image-preview:large","max-video-preview":"max-video-preview:-1"},"canonical":"https:\/\/www.africa-press.net\/centrafricaine\/parties\/rca-selon-monsieur-christian-guenebem-il-ne-faut-pas-penser-que-nous-sommes-prets-pour-autant-a-accepter-nimporte-quel-dialogue","og_locale":"fr_FR","og_type":"article","og_title":"selon Monsieur Christian Guenebem, \u00ab\u00a0il ne faut pas penser que nous sommes pr\u00eats pour autant \u00e0 accepter n\u2019importe quel dialogue\u00a0\u00bb","og_description":"Bangui, R\u00e9publique centrafricaine, mardi, 20 juillet 2021 ( Corbeaunews \u2013 Centrafrique ). Le Pr\u00e9sident par int\u00e9rim ...","og_url":"https:\/\/www.africa-press.net\/centrafricaine\/parties\/rca-selon-monsieur-christian-guenebem-il-ne-faut-pas-penser-que-nous-sommes-prets-pour-autant-a-accepter-nimporte-quel-dialogue","og_site_name":"centrafricaine","article_published_time":"2021-07-20T09:55:07+00:00","article_modified_time":"2021-07-20T17:48:56+00:00","og_image":[{"width":720,"height":404,"url":"https:\/\/static.africa-press.net\/centrafricaine\/sites\/45\/2021\/07\/img-60f694879c3ed.jpg","type":"image\/jpeg"}],"author":"cfeditorfr","twitter_card":"summary_large_image","twitter_misc":{"\u00c9crit par":"cfeditorfr","Dur\u00e9e de lecture estim\u00e9e":"8 minutes"},"schema":{"@context":"https:\/\/schema.org","@graph":[{"@type":"Article","@id":"https:\/\/www.africa-press.net\/centrafricaine\/parties\/rca-selon-monsieur-christian-guenebem-il-ne-faut-pas-penser-que-nous-sommes-prets-pour-autant-a-accepter-nimporte-quel-dialogue#article","isPartOf":{"@id":"https:\/\/www.africa-press.net\/centrafricaine\/parties\/rca-selon-monsieur-christian-guenebem-il-ne-faut-pas-penser-que-nous-sommes-prets-pour-autant-a-accepter-nimporte-quel-dialogue"},"author":{"name":"cfeditorfr","@id":"https:\/\/www.africa-press.net\/centrafricaine\/#\/schema\/person\/2b1cf3cd81a31e3cd26889ca66d677f1"},"headline":"selon Monsieur Christian Guenebem, \u00ab\u00a0il ne faut pas penser que nous sommes pr\u00eats pour autant \u00e0 accepter n\u2019importe quel dialogue\u00a0\u00bb","datePublished":"2021-07-20T09:55:07+00:00","dateModified":"2021-07-20T17:48:56+00:00","mainEntityOfPage":{"@id":"https:\/\/www.africa-press.net\/centrafricaine\/parties\/rca-selon-monsieur-christian-guenebem-il-ne-faut-pas-penser-que-nous-sommes-prets-pour-autant-a-accepter-nimporte-quel-dialogue"},"wordCount":1911,"commentCount":0,"image":{"@id":"https:\/\/www.africa-press.net\/centrafricaine\/parties\/rca-selon-monsieur-christian-guenebem-il-ne-faut-pas-penser-que-nous-sommes-prets-pour-autant-a-accepter-nimporte-quel-dialogue#primaryimage"},"thumbnailUrl":"https:\/\/static.africa-press.net\/centrafricaine\/sites\/45\/2021\/07\/img-60f694879c3ed.jpg","keywords":["Africa Press","Africa Press-CentrAfricaine","CentrAfricaine"],"articleSection":["homepage-french","Parties","Toutes les actualit\u00e9s"],"inLanguage":"fr-FR","potentialAction":[{"@type":"CommentAction","name":"Comment","target":["https:\/\/www.africa-press.net\/centrafricaine\/parties\/rca-selon-monsieur-christian-guenebem-il-ne-faut-pas-penser-que-nous-sommes-prets-pour-autant-a-accepter-nimporte-quel-dialogue#respond"]}]},{"@type":"WebPage","@id":"https:\/\/www.africa-press.net\/centrafricaine\/parties\/rca-selon-monsieur-christian-guenebem-il-ne-faut-pas-penser-que-nous-sommes-prets-pour-autant-a-accepter-nimporte-quel-dialogue","url":"https:\/\/www.africa-press.net\/centrafricaine\/parties\/rca-selon-monsieur-christian-guenebem-il-ne-faut-pas-penser-que-nous-sommes-prets-pour-autant-a-accepter-nimporte-quel-dialogue","name":"selon Monsieur Christian Guenebem, \u00ab\u00a0il ne faut pas penser que nous sommes pr\u00eats pour autant \u00e0 accepter n\u2019importe quel dialogue\u00a0\u00bb - centrafricaine","isPartOf":{"@id":"https:\/\/www.africa-press.net\/centrafricaine\/#website"},"primaryImageOfPage":{"@id":"https:\/\/www.africa-press.net\/centrafricaine\/parties\/rca-selon-monsieur-christian-guenebem-il-ne-faut-pas-penser-que-nous-sommes-prets-pour-autant-a-accepter-nimporte-quel-dialogue#primaryimage"},"image":{"@id":"https:\/\/www.africa-press.net\/centrafricaine\/parties\/rca-selon-monsieur-christian-guenebem-il-ne-faut-pas-penser-que-nous-sommes-prets-pour-autant-a-accepter-nimporte-quel-dialogue#primaryimage"},"thumbnailUrl":"https:\/\/static.africa-press.net\/centrafricaine\/sites\/45\/2021\/07\/img-60f694879c3ed.jpg","datePublished":"2021-07-20T09:55:07+00:00","dateModified":"2021-07-20T17:48:56+00:00","author":{"@id":"https:\/\/www.africa-press.net\/centrafricaine\/#\/schema\/person\/2b1cf3cd81a31e3cd26889ca66d677f1"},"description":"Bangui, R\u00e9publique centrafricaine, mardi, 20 juillet 2021 ( Corbeaunews \u2013 Centrafrique ). Le Pr\u00e9sident par int\u00e9rim ...","breadcrumb":{"@id":"https:\/\/www.africa-press.net\/centrafricaine\/parties\/rca-selon-monsieur-christian-guenebem-il-ne-faut-pas-penser-que-nous-sommes-prets-pour-autant-a-accepter-nimporte-quel-dialogue#breadcrumb"},"inLanguage":"fr-FR","potentialAction":[{"@type":"ReadAction","target":["https:\/\/www.africa-press.net\/centrafricaine\/parties\/rca-selon-monsieur-christian-guenebem-il-ne-faut-pas-penser-que-nous-sommes-prets-pour-autant-a-accepter-nimporte-quel-dialogue"]}]},{"@type":"ImageObject","inLanguage":"fr-FR","@id":"https:\/\/www.africa-press.net\/centrafricaine\/parties\/rca-selon-monsieur-christian-guenebem-il-ne-faut-pas-penser-que-nous-sommes-prets-pour-autant-a-accepter-nimporte-quel-dialogue#primaryimage","url":"https:\/\/static.africa-press.net\/centrafricaine\/sites\/45\/2021\/07\/img-60f694879c3ed.jpg","contentUrl":"https:\/\/static.africa-press.net\/centrafricaine\/sites\/45\/2021\/07\/img-60f694879c3ed.jpg","width":720,"height":404,"caption":"RCA\u00a0:\u00a0 \u00a0selon Monsieur Christian Guenebem, \u00ab\u00a0il ne faut pas penser que nous sommes pr\u00eats pour autant \u00e0 accepter n\u2019importe quel dialogue\u00a0\u00bb"},{"@type":"BreadcrumbList","@id":"https:\/\/www.africa-press.net\/centrafricaine\/parties\/rca-selon-monsieur-christian-guenebem-il-ne-faut-pas-penser-que-nous-sommes-prets-pour-autant-a-accepter-nimporte-quel-dialogue#breadcrumb","itemListElement":[{"@type":"ListItem","position":1,"name":"Accueil","item":"https:\/\/www.africa-press.net\/centrafricaine\/"},{"@type":"ListItem","position":2,"name":"selon Monsieur Christian Guenebem, \u00ab\u00a0il ne faut pas penser que nous sommes pr\u00eats pour autant \u00e0 accepter n\u2019importe quel dialogue\u00a0\u00bb"}]},{"@type":"WebSite","@id":"https:\/\/www.africa-press.net\/centrafricaine\/#website","url":"https:\/\/www.africa-press.net\/centrafricaine\/","name":"centrafricaine","description":"Just another Africa News Agency Sites site","potentialAction":[{"@type":"SearchAction","target":{"@type":"EntryPoint","urlTemplate":"https:\/\/www.africa-press.net\/centrafricaine\/?s={search_term_string}"},"query-input":{"@type":"PropertyValueSpecification","valueRequired":true,"valueName":"search_term_string"}}],"inLanguage":"fr-FR"},{"@type":"Person","@id":"https:\/\/www.africa-press.net\/centrafricaine\/#\/schema\/person\/2b1cf3cd81a31e3cd26889ca66d677f1","name":"cfeditorfr"}]}},"_links":{"self":[{"href":"https:\/\/www.africa-press.net\/centrafricaine\/wp-json\/wp\/v2\/posts\/9069","targetHints":{"allow":["GET"]}}],"collection":[{"href":"https:\/\/www.africa-press.net\/centrafricaine\/wp-json\/wp\/v2\/posts"}],"about":[{"href":"https:\/\/www.africa-press.net\/centrafricaine\/wp-json\/wp\/v2\/types\/post"}],"author":[{"embeddable":true,"href":"https:\/\/www.africa-press.net\/centrafricaine\/wp-json\/wp\/v2\/users\/82"}],"replies":[{"embeddable":true,"href":"https:\/\/www.africa-press.net\/centrafricaine\/wp-json\/wp\/v2\/comments?post=9069"}],"version-history":[{"count":0,"href":"https:\/\/www.africa-press.net\/centrafricaine\/wp-json\/wp\/v2\/posts\/9069\/revisions"}],"wp:featuredmedia":[{"embeddable":true,"href":"https:\/\/www.africa-press.net\/centrafricaine\/wp-json\/wp\/v2\/media\/9068"}],"wp:attachment":[{"href":"https:\/\/www.africa-press.net\/centrafricaine\/wp-json\/wp\/v2\/media?parent=9069"}],"wp:term":[{"taxonomy":"category","embeddable":true,"href":"https:\/\/www.africa-press.net\/centrafricaine\/wp-json\/wp\/v2\/categories?post=9069"},{"taxonomy":"post_tag","embeddable":true,"href":"https:\/\/www.africa-press.net\/centrafricaine\/wp-json\/wp\/v2\/tags?post=9069"}],"curies":[{"name":"wp","href":"https:\/\/api.w.org\/{rel}","templated":true}]}}