{"id":9083,"date":"2021-07-21T09:54:56","date_gmt":"2021-07-21T09:54:56","guid":{"rendered":"https:\/\/www.africa-press.net\/centrafricaine\/politique\/lonu-vaelle-lever-lembargo-sur-les-armes-en-rca"},"modified":"2021-07-21T12:06:45","modified_gmt":"2021-07-21T12:06:45","slug":"lonu-vaelle-lever-lembargo-sur-les-armes-en-rca","status":"publish","type":"post","link":"https:\/\/www.africa-press.net\/centrafricaine\/politique\/lonu-vaelle-lever-lembargo-sur-les-armes-en-rca","title":{"rendered":"L\u2019ONU vaelle lever l\u2019embargo sur les armes en RCA?"},"content":{"rendered":"<p><span style=\"color: #ff6600\"><strong><a href=\"https:\/\/www.africa-press.net\/\">Africa-Press<\/a> &#8211; <a href=\"https:\/\/www.africa-press.net\/centrafricaine\">CentrAfricaine<\/a>. <\/strong><\/span><b>Le comit\u00e9 de sanction de l\u2019ONU va d\u00e9cider \u00e0 la fin du mois de juillet si l\u2019embargo contre les armes, qui p\u00e8se depuis 2013 sur la RCA, sera lev\u00e9 ou non.<\/b><\/p>\n<p>L\u2019embargo impos\u00e9 par l\u2019ONU en 2013 a connu des exemptions, \u00e0 la demande de Centrafrique. Mais sa lev\u00e9e totale n\u2019est pas encore acquise. Les autorit\u00e9s de Bangui multiplient des contacts au niveau r\u00e9gional et continental pour obtenir une lev\u00e9e totale. Cependant, cette d\u00e9cision ne d\u00e9pend pas que de la RCA. Elle doit \u00eatre vot\u00e9e aussi par les pays ayant un droit de veto au Conseil de s\u00e9curit\u00e9 de l\u2019ONU.La Centrafrique retient son souffle en attendant la conclusion du comit\u00e9 de sanction des Nations unies. Le pr\u00e9sident Faustin-Archange Touad\u00e9ra multiplie les contacts \u00e0 cet effet. Il s\u2019est encore r\u00e9cemment rendu \u00e0 Luanda, en Angola, pour mener son lobbying diplomatique et est soutenu par Jo\u00ebl Nkurabagaya, le chef de la repr\u00e9sentation de l\u2019Union Africaine \u00e0 Bangui. \u201cOn entend tout le temps, tous les jours que des groupes arm\u00e9s viennent pour assassiner la population. Comment on veut donc encourager la d\u00e9fense de la population et en m\u00eame temps maintenir l\u2019embargo ? Je pense que nous allons continuer \u00e0 travailler avec nos partenaires, l\u2019Union Africaine est l\u00e0 et fera en sorte que les positions en rapport avec l\u2019embargo puissent changer\u201d, indique le diplomate.Lev\u00e9e de l\u2019embargo sans conditionsConscient que la Centrafrique ne peut remplir les conditions fix\u00e9es \u00e0 100%, des conditions qui s\u2019appliquent aux armements, munitions, v\u00e9hicules et mat\u00e9riels militaires, aux \u00e9quipements paramilitaires et aux pi\u00e8ces d\u00e9tach\u00e9es correspondantes, Jean Sost\u00e8ne Dengbe, pr\u00e9sident de la Commission d\u00e9fense au Parlement estime que l\u2019heure est venue pour la lev\u00e9e sans condition de l\u2019embargo. \u201cNous, on a fait le maximum et le gouvernement a assez fait. On ne peut pas tout faire et je ne peux pas dire le contraire. Parce qu\u2019il y a des choses qui sur le plan pratique sont inacceptables et je pense que l\u2019essentiel est de donner des moyens logistiques, des moyens l\u00e9taux pour faire ce travail.\u201d Un v\u00e9ritable consensus se d\u00e9gage autour de cette probl\u00e9matique, compris au sein de la soci\u00e9t\u00e9 civile. Joseph Bindoumi, pr\u00e9sident de la Ligue Centrafricaine des Droits de l\u2019Homme et ancien ministre de la D\u00e9fense:Selon lui, \u201cles Nations unies ne sont pas une juridiction pour punir les Etats. Voil\u00e0 notre position c\u2019est celle-l\u00e0. Parce que nous pensons que nous ne sommes pas \u00e9trangers aux Nations Unies. Nous sommes membres des Nations unies et lorsqu\u2019un membre est en difficult\u00e9 parce qu\u2019il est conflit, on ne peut pas l\u2019interdire d\u2019avoir les moyens de se d\u00e9fendre sans donner l\u2019impression de punir cet Etat \u201c. L\u2019un des arguments des autorit\u00e9s est que les rebelles, continuent de se ravitailler en armes et surtout que Bangui coop\u00e8re aussi bilat\u00e9ralement avec certains Etats qui fournissent des armes \u00e0 l\u2019arm\u00e9e centrafricaine, malgr\u00e9 l\u2019existence de l\u2019embargo. C\u2019est le cas de la Russie et de la Chine.<\/p>\n<p>&nbsp;<\/p>\n","protected":false},"excerpt":{"rendered":"<p>Africa-Press &#8211; CentrAfricaine. Le comit\u00e9 de sanction de l\u2019ONU va d\u00e9cider \u00e0 la fin du mois de juillet si l\u2019embargo contre les armes, qui p\u00e8se depuis 2013 sur la RCA, sera lev\u00e9 ou non. L\u2019embargo impos\u00e9 par l\u2019ONU en 2013 a connu des exemptions, \u00e0 la demande de Centrafrique. Mais sa lev\u00e9e totale n\u2019est pas [&hellip;]<\/p>\n","protected":false},"author":82,"featured_media":9082,"comment_status":"open","ping_status":"closed","sticky":false,"template":"","format":"standard","meta":{"footnotes":""},"categories":[11,2,10],"tags":[36,58,30],"class_list":["post-9083","post","type-post","status-publish","format-standard","has-post-thumbnail","hentry","category-homepage-french","category-politique","category-toutes-les-actualites","tag-africa-press","tag-africa-press-centrafricaine","tag-centrafricaine"],"yoast_head":"<!-- This site is optimized with the Yoast SEO Premium plugin v26.1 (Yoast SEO v27.0) - https:\/\/yoast.com\/product\/yoast-seo-premium-wordpress\/ -->\n<title>L\u2019ONU vaelle lever l\u2019embargo sur les armes en RCA? - centrafricaine<\/title>\n<meta name=\"description\" content=\"Bangui ( R\u00e9publique centrafricaine ) \u2013 Le comit\u00e9 de sanction de l\u2019ONU va d\u00e9cider \u00e0 la fin du mois de juillet si l\u2019emb ...\" \/>\n<meta name=\"robots\" content=\"index, follow, max-snippet:-1, max-image-preview:large, max-video-preview:-1\" \/>\n<link rel=\"canonical\" href=\"https:\/\/www.africa-press.net\/centrafricaine\/politique\/lonu-vaelle-lever-lembargo-sur-les-armes-en-rca\" \/>\n<meta property=\"og:locale\" content=\"fr_FR\" \/>\n<meta property=\"og:type\" content=\"article\" \/>\n<meta property=\"og:title\" content=\"L\u2019ONU vaelle lever l\u2019embargo sur les armes en RCA?\" \/>\n<meta property=\"og:description\" content=\"Bangui ( R\u00e9publique centrafricaine ) \u2013 Le comit\u00e9 de sanction de l\u2019ONU va d\u00e9cider \u00e0 la fin du mois de juillet si l\u2019emb ...\" \/>\n<meta property=\"og:url\" content=\"https:\/\/www.africa-press.net\/centrafricaine\/politique\/lonu-vaelle-lever-lembargo-sur-les-armes-en-rca\" \/>\n<meta property=\"og:site_name\" content=\"centrafricaine\" \/>\n<meta property=\"article:published_time\" content=\"2021-07-21T09:54:56+00:00\" \/>\n<meta property=\"article:modified_time\" content=\"2021-07-21T12:06:45+00:00\" \/>\n<meta property=\"og:image\" content=\"https:\/\/static.africa-press.net\/centrafricaine\/sites\/45\/2021\/07\/img-60f7eea548a14.jpg\" \/>\n\t<meta property=\"og:image:width\" content=\"720\" \/>\n\t<meta property=\"og:image:height\" content=\"405\" \/>\n\t<meta property=\"og:image:type\" content=\"image\/jpeg\" \/>\n<meta name=\"author\" content=\"cfeditorfr\" \/>\n<meta name=\"twitter:card\" content=\"summary_large_image\" \/>\n<meta name=\"twitter:label1\" content=\"\u00c9crit par\" \/>\n\t<meta name=\"twitter:data1\" content=\"cfeditorfr\" \/>\n\t<meta name=\"twitter:label2\" content=\"Dur\u00e9e de lecture estim\u00e9e\" \/>\n\t<meta name=\"twitter:data2\" content=\"3 minutes\" \/>\n<script type=\"application\/ld+json\" class=\"yoast-schema-graph\">{\"@context\":\"https:\/\/schema.org\",\"@graph\":[{\"@type\":\"Article\",\"@id\":\"https:\/\/www.africa-press.net\/centrafricaine\/politique\/lonu-vaelle-lever-lembargo-sur-les-armes-en-rca#article\",\"isPartOf\":{\"@id\":\"https:\/\/www.africa-press.net\/centrafricaine\/politique\/lonu-vaelle-lever-lembargo-sur-les-armes-en-rca\"},\"author\":{\"name\":\"cfeditorfr\",\"@id\":\"https:\/\/www.africa-press.net\/centrafricaine\/#\/schema\/person\/2b1cf3cd81a31e3cd26889ca66d677f1\"},\"headline\":\"L\u2019ONU vaelle lever l\u2019embargo sur les armes en RCA?\",\"datePublished\":\"2021-07-21T09:54:56+00:00\",\"dateModified\":\"2021-07-21T12:06:45+00:00\",\"mainEntityOfPage\":{\"@id\":\"https:\/\/www.africa-press.net\/centrafricaine\/politique\/lonu-vaelle-lever-lembargo-sur-les-armes-en-rca\"},\"wordCount\":553,\"commentCount\":0,\"image\":{\"@id\":\"https:\/\/www.africa-press.net\/centrafricaine\/politique\/lonu-vaelle-lever-lembargo-sur-les-armes-en-rca#primaryimage\"},\"thumbnailUrl\":\"https:\/\/static.africa-press.net\/centrafricaine\/sites\/45\/2021\/07\/img-60f7eea548a14.jpg\",\"keywords\":[\"Africa Press\",\"Africa Press-CentrAfricaine\",\"CentrAfricaine\"],\"articleSection\":[\"homepage-french\",\"Politique\",\"Toutes les actualit\u00e9s\"],\"inLanguage\":\"fr-FR\",\"potentialAction\":[{\"@type\":\"CommentAction\",\"name\":\"Comment\",\"target\":[\"https:\/\/www.africa-press.net\/centrafricaine\/politique\/lonu-vaelle-lever-lembargo-sur-les-armes-en-rca#respond\"]}]},{\"@type\":\"WebPage\",\"@id\":\"https:\/\/www.africa-press.net\/centrafricaine\/politique\/lonu-vaelle-lever-lembargo-sur-les-armes-en-rca\",\"url\":\"https:\/\/www.africa-press.net\/centrafricaine\/politique\/lonu-vaelle-lever-lembargo-sur-les-armes-en-rca\",\"name\":\"L\u2019ONU vaelle lever l\u2019embargo sur les armes en RCA? - centrafricaine\",\"isPartOf\":{\"@id\":\"https:\/\/www.africa-press.net\/centrafricaine\/#website\"},\"primaryImageOfPage\":{\"@id\":\"https:\/\/www.africa-press.net\/centrafricaine\/politique\/lonu-vaelle-lever-lembargo-sur-les-armes-en-rca#primaryimage\"},\"image\":{\"@id\":\"https:\/\/www.africa-press.net\/centrafricaine\/politique\/lonu-vaelle-lever-lembargo-sur-les-armes-en-rca#primaryimage\"},\"thumbnailUrl\":\"https:\/\/static.africa-press.net\/centrafricaine\/sites\/45\/2021\/07\/img-60f7eea548a14.jpg\",\"datePublished\":\"2021-07-21T09:54:56+00:00\",\"dateModified\":\"2021-07-21T12:06:45+00:00\",\"author\":{\"@id\":\"https:\/\/www.africa-press.net\/centrafricaine\/#\/schema\/person\/2b1cf3cd81a31e3cd26889ca66d677f1\"},\"description\":\"Bangui ( R\u00e9publique centrafricaine ) \u2013 Le comit\u00e9 de sanction de l\u2019ONU va d\u00e9cider \u00e0 la fin du mois de juillet si l\u2019emb ...\",\"breadcrumb\":{\"@id\":\"https:\/\/www.africa-press.net\/centrafricaine\/politique\/lonu-vaelle-lever-lembargo-sur-les-armes-en-rca#breadcrumb\"},\"inLanguage\":\"fr-FR\",\"potentialAction\":[{\"@type\":\"ReadAction\",\"target\":[\"https:\/\/www.africa-press.net\/centrafricaine\/politique\/lonu-vaelle-lever-lembargo-sur-les-armes-en-rca\"]}]},{\"@type\":\"ImageObject\",\"inLanguage\":\"fr-FR\",\"@id\":\"https:\/\/www.africa-press.net\/centrafricaine\/politique\/lonu-vaelle-lever-lembargo-sur-les-armes-en-rca#primaryimage\",\"url\":\"https:\/\/static.africa-press.net\/centrafricaine\/sites\/45\/2021\/07\/img-60f7eea548a14.jpg\",\"contentUrl\":\"https:\/\/static.africa-press.net\/centrafricaine\/sites\/45\/2021\/07\/img-60f7eea548a14.jpg\",\"width\":720,\"height\":405,\"caption\":\"L\u2019ONU vaelle lever l\u2019embargo sur les armes en RCA?\"},{\"@type\":\"BreadcrumbList\",\"@id\":\"https:\/\/www.africa-press.net\/centrafricaine\/politique\/lonu-vaelle-lever-lembargo-sur-les-armes-en-rca#breadcrumb\",\"itemListElement\":[{\"@type\":\"ListItem\",\"position\":1,\"name\":\"Accueil\",\"item\":\"https:\/\/www.africa-press.net\/centrafricaine\/\"},{\"@type\":\"ListItem\",\"position\":2,\"name\":\"L\u2019ONU vaelle lever l\u2019embargo sur les armes en RCA?\"}]},{\"@type\":\"WebSite\",\"@id\":\"https:\/\/www.africa-press.net\/centrafricaine\/#website\",\"url\":\"https:\/\/www.africa-press.net\/centrafricaine\/\",\"name\":\"centrafricaine\",\"description\":\"Just another Africa News Agency Sites site\",\"potentialAction\":[{\"@type\":\"SearchAction\",\"target\":{\"@type\":\"EntryPoint\",\"urlTemplate\":\"https:\/\/www.africa-press.net\/centrafricaine\/?s={search_term_string}\"},\"query-input\":{\"@type\":\"PropertyValueSpecification\",\"valueRequired\":true,\"valueName\":\"search_term_string\"}}],\"inLanguage\":\"fr-FR\"},{\"@type\":\"Person\",\"@id\":\"https:\/\/www.africa-press.net\/centrafricaine\/#\/schema\/person\/2b1cf3cd81a31e3cd26889ca66d677f1\",\"name\":\"cfeditorfr\"}]}<\/script>\n<!-- \/ Yoast SEO Premium plugin. -->","yoast_head_json":{"title":"L\u2019ONU vaelle lever l\u2019embargo sur les armes en RCA? - centrafricaine","description":"Bangui ( R\u00e9publique centrafricaine ) \u2013 Le comit\u00e9 de sanction de l\u2019ONU va d\u00e9cider \u00e0 la fin du mois de juillet si l\u2019emb ...","robots":{"index":"index","follow":"follow","max-snippet":"max-snippet:-1","max-image-preview":"max-image-preview:large","max-video-preview":"max-video-preview:-1"},"canonical":"https:\/\/www.africa-press.net\/centrafricaine\/politique\/lonu-vaelle-lever-lembargo-sur-les-armes-en-rca","og_locale":"fr_FR","og_type":"article","og_title":"L\u2019ONU vaelle lever l\u2019embargo sur les armes en RCA?","og_description":"Bangui ( R\u00e9publique centrafricaine ) \u2013 Le comit\u00e9 de sanction de l\u2019ONU va d\u00e9cider \u00e0 la fin du mois de juillet si l\u2019emb ...","og_url":"https:\/\/www.africa-press.net\/centrafricaine\/politique\/lonu-vaelle-lever-lembargo-sur-les-armes-en-rca","og_site_name":"centrafricaine","article_published_time":"2021-07-21T09:54:56+00:00","article_modified_time":"2021-07-21T12:06:45+00:00","og_image":[{"width":720,"height":405,"url":"https:\/\/static.africa-press.net\/centrafricaine\/sites\/45\/2021\/07\/img-60f7eea548a14.jpg","type":"image\/jpeg"}],"author":"cfeditorfr","twitter_card":"summary_large_image","twitter_misc":{"\u00c9crit par":"cfeditorfr","Dur\u00e9e de lecture estim\u00e9e":"3 minutes"},"schema":{"@context":"https:\/\/schema.org","@graph":[{"@type":"Article","@id":"https:\/\/www.africa-press.net\/centrafricaine\/politique\/lonu-vaelle-lever-lembargo-sur-les-armes-en-rca#article","isPartOf":{"@id":"https:\/\/www.africa-press.net\/centrafricaine\/politique\/lonu-vaelle-lever-lembargo-sur-les-armes-en-rca"},"author":{"name":"cfeditorfr","@id":"https:\/\/www.africa-press.net\/centrafricaine\/#\/schema\/person\/2b1cf3cd81a31e3cd26889ca66d677f1"},"headline":"L\u2019ONU vaelle lever l\u2019embargo sur les armes en RCA?","datePublished":"2021-07-21T09:54:56+00:00","dateModified":"2021-07-21T12:06:45+00:00","mainEntityOfPage":{"@id":"https:\/\/www.africa-press.net\/centrafricaine\/politique\/lonu-vaelle-lever-lembargo-sur-les-armes-en-rca"},"wordCount":553,"commentCount":0,"image":{"@id":"https:\/\/www.africa-press.net\/centrafricaine\/politique\/lonu-vaelle-lever-lembargo-sur-les-armes-en-rca#primaryimage"},"thumbnailUrl":"https:\/\/static.africa-press.net\/centrafricaine\/sites\/45\/2021\/07\/img-60f7eea548a14.jpg","keywords":["Africa Press","Africa Press-CentrAfricaine","CentrAfricaine"],"articleSection":["homepage-french","Politique","Toutes les actualit\u00e9s"],"inLanguage":"fr-FR","potentialAction":[{"@type":"CommentAction","name":"Comment","target":["https:\/\/www.africa-press.net\/centrafricaine\/politique\/lonu-vaelle-lever-lembargo-sur-les-armes-en-rca#respond"]}]},{"@type":"WebPage","@id":"https:\/\/www.africa-press.net\/centrafricaine\/politique\/lonu-vaelle-lever-lembargo-sur-les-armes-en-rca","url":"https:\/\/www.africa-press.net\/centrafricaine\/politique\/lonu-vaelle-lever-lembargo-sur-les-armes-en-rca","name":"L\u2019ONU vaelle lever l\u2019embargo sur les armes en RCA? - centrafricaine","isPartOf":{"@id":"https:\/\/www.africa-press.net\/centrafricaine\/#website"},"primaryImageOfPage":{"@id":"https:\/\/www.africa-press.net\/centrafricaine\/politique\/lonu-vaelle-lever-lembargo-sur-les-armes-en-rca#primaryimage"},"image":{"@id":"https:\/\/www.africa-press.net\/centrafricaine\/politique\/lonu-vaelle-lever-lembargo-sur-les-armes-en-rca#primaryimage"},"thumbnailUrl":"https:\/\/static.africa-press.net\/centrafricaine\/sites\/45\/2021\/07\/img-60f7eea548a14.jpg","datePublished":"2021-07-21T09:54:56+00:00","dateModified":"2021-07-21T12:06:45+00:00","author":{"@id":"https:\/\/www.africa-press.net\/centrafricaine\/#\/schema\/person\/2b1cf3cd81a31e3cd26889ca66d677f1"},"description":"Bangui ( R\u00e9publique centrafricaine ) \u2013 Le comit\u00e9 de sanction de l\u2019ONU va d\u00e9cider \u00e0 la fin du mois de juillet si l\u2019emb ...","breadcrumb":{"@id":"https:\/\/www.africa-press.net\/centrafricaine\/politique\/lonu-vaelle-lever-lembargo-sur-les-armes-en-rca#breadcrumb"},"inLanguage":"fr-FR","potentialAction":[{"@type":"ReadAction","target":["https:\/\/www.africa-press.net\/centrafricaine\/politique\/lonu-vaelle-lever-lembargo-sur-les-armes-en-rca"]}]},{"@type":"ImageObject","inLanguage":"fr-FR","@id":"https:\/\/www.africa-press.net\/centrafricaine\/politique\/lonu-vaelle-lever-lembargo-sur-les-armes-en-rca#primaryimage","url":"https:\/\/static.africa-press.net\/centrafricaine\/sites\/45\/2021\/07\/img-60f7eea548a14.jpg","contentUrl":"https:\/\/static.africa-press.net\/centrafricaine\/sites\/45\/2021\/07\/img-60f7eea548a14.jpg","width":720,"height":405,"caption":"L\u2019ONU vaelle lever l\u2019embargo sur les armes en RCA?"},{"@type":"BreadcrumbList","@id":"https:\/\/www.africa-press.net\/centrafricaine\/politique\/lonu-vaelle-lever-lembargo-sur-les-armes-en-rca#breadcrumb","itemListElement":[{"@type":"ListItem","position":1,"name":"Accueil","item":"https:\/\/www.africa-press.net\/centrafricaine\/"},{"@type":"ListItem","position":2,"name":"L\u2019ONU vaelle lever l\u2019embargo sur les armes en RCA?"}]},{"@type":"WebSite","@id":"https:\/\/www.africa-press.net\/centrafricaine\/#website","url":"https:\/\/www.africa-press.net\/centrafricaine\/","name":"centrafricaine","description":"Just another Africa News Agency Sites site","potentialAction":[{"@type":"SearchAction","target":{"@type":"EntryPoint","urlTemplate":"https:\/\/www.africa-press.net\/centrafricaine\/?s={search_term_string}"},"query-input":{"@type":"PropertyValueSpecification","valueRequired":true,"valueName":"search_term_string"}}],"inLanguage":"fr-FR"},{"@type":"Person","@id":"https:\/\/www.africa-press.net\/centrafricaine\/#\/schema\/person\/2b1cf3cd81a31e3cd26889ca66d677f1","name":"cfeditorfr"}]}},"_links":{"self":[{"href":"https:\/\/www.africa-press.net\/centrafricaine\/wp-json\/wp\/v2\/posts\/9083","targetHints":{"allow":["GET"]}}],"collection":[{"href":"https:\/\/www.africa-press.net\/centrafricaine\/wp-json\/wp\/v2\/posts"}],"about":[{"href":"https:\/\/www.africa-press.net\/centrafricaine\/wp-json\/wp\/v2\/types\/post"}],"author":[{"embeddable":true,"href":"https:\/\/www.africa-press.net\/centrafricaine\/wp-json\/wp\/v2\/users\/82"}],"replies":[{"embeddable":true,"href":"https:\/\/www.africa-press.net\/centrafricaine\/wp-json\/wp\/v2\/comments?post=9083"}],"version-history":[{"count":0,"href":"https:\/\/www.africa-press.net\/centrafricaine\/wp-json\/wp\/v2\/posts\/9083\/revisions"}],"wp:featuredmedia":[{"embeddable":true,"href":"https:\/\/www.africa-press.net\/centrafricaine\/wp-json\/wp\/v2\/media\/9082"}],"wp:attachment":[{"href":"https:\/\/www.africa-press.net\/centrafricaine\/wp-json\/wp\/v2\/media?parent=9083"}],"wp:term":[{"taxonomy":"category","embeddable":true,"href":"https:\/\/www.africa-press.net\/centrafricaine\/wp-json\/wp\/v2\/categories?post=9083"},{"taxonomy":"post_tag","embeddable":true,"href":"https:\/\/www.africa-press.net\/centrafricaine\/wp-json\/wp\/v2\/tags?post=9083"}],"curies":[{"name":"wp","href":"https:\/\/api.w.org\/{rel}","templated":true}]}}