{"id":9086,"date":"2021-07-21T10:04:38","date_gmt":"2021-07-21T10:04:38","guid":{"rendered":"https:\/\/www.africa-press.net\/centrafricaine\/?p=9086"},"modified":"2021-07-21T12:07:01","modified_gmt":"2021-07-21T12:07:01","slug":"bocaranga-attaque-ce-matin-des-mercenaires-de-wagner-au-village-bezere-plusieurs-morts","status":"publish","type":"post","link":"https:\/\/www.africa-press.net\/centrafricaine\/politique\/bocaranga-attaque-ce-matin-des-mercenaires-de-wagner-au-village-bezere-plusieurs-morts","title":{"rendered":"Bocaranga, attaque ce matin des mercenaires de Wagner au village Bez\u00e9r\u00e9, plusieurs morts"},"content":{"rendered":"<p><span style=\"color: #ff6600\"><strong><a href=\"https:\/\/www.africa-press.net\/\">Africa-Press<\/a> &#8211; <a href=\"https:\/\/www.africa-press.net\/centrafricaine\">CentrAfricaine<\/a>. <\/strong><\/span>L\u2019attaque a eu lieu en pleine journ\u00e9e de pri\u00e8re de la f\u00eate de la tabaski ce mardi 20 juillet au village \u00e9levage de Bez\u00e9r\u00e9, situ\u00e9 \u00e0 25 kilom\u00e8tres de Bocaranga sur l\u2019axe Man. Plusieurs morts et des bless\u00e9s.<\/p>\n<p>Selon les t\u00e9moins, les hommes de Wagner auraient cibl\u00e9 principalement que des musulmans lors de cette attaque puisqu\u2019ils ont pris pour cible la mosqu\u00e9e locale avec plein des fid\u00e8le \u00e0 l\u2019int\u00e9rieur vers 9 heures.<\/p>\n<p>\u00ab Le village Bez\u00e9r\u00e9 est constitu\u00e9 en majorit\u00e9 des Peuls \u00e9leveurs. Ceux qui \u00e9taient partis en exil au moment de la crise sont retourn\u00e9s en masse pour y vivre. Le village est calme. Mais pour les mercenaires de Wagner, il se pourrait que les rebelles de 3R constituent leur base arri\u00e8re dans ce village. Mais rien. Ils ont pris pour cible les civils innocents \u00bb, a t\u00e9moign\u00e9 un chef du village Gbama, situ\u00e9 non loin du village Bez\u00e9r\u00e9.<\/p>\n<p>Il y\u2019a lieu de rappeler que dans le village Bez\u00e9r\u00e9, situ\u00e9 entre Gbama et Bocaranga, il y\u2019avait un poste avanc\u00e9 des rebelles de 3R, mais il avait \u00e9t\u00e9 d\u00e9truit par les hommes de Wagner lors des attaques contre les positions de la coalition des patriotes pour le changement (CPC).<\/p>\n<p><b>\u00a0<\/b><\/p>\n","protected":false},"excerpt":{"rendered":"<p>Africa-Press &#8211; CentrAfricaine. L\u2019attaque a eu lieu en pleine journ\u00e9e de pri\u00e8re de la f\u00eate de la tabaski ce mardi 20 juillet au village \u00e9levage de Bez\u00e9r\u00e9, situ\u00e9 \u00e0 25 kilom\u00e8tres de Bocaranga sur l\u2019axe Man. Plusieurs morts et des bless\u00e9s. Selon les t\u00e9moins, les hommes de Wagner auraient cibl\u00e9 principalement que des musulmans lors [&hellip;]<\/p>\n","protected":false},"author":82,"featured_media":9085,"comment_status":"open","ping_status":"closed","sticky":false,"template":"","format":"standard","meta":{"footnotes":""},"categories":[11,2,10],"tags":[36,58,30],"class_list":["post-9086","post","type-post","status-publish","format-standard","has-post-thumbnail","hentry","category-homepage-french","category-politique","category-toutes-les-actualites","tag-africa-press","tag-africa-press-centrafricaine","tag-centrafricaine"],"yoast_head":"<!-- This site is optimized with the Yoast SEO Premium plugin v26.1 (Yoast SEO v27.0) - https:\/\/yoast.com\/product\/yoast-seo-premium-wordpress\/ -->\n<title>Bocaranga, attaque ce matin des mercenaires de Wagner au village Bez\u00e9r\u00e9, plusieurs morts - centrafricaine<\/title>\n<meta name=\"description\" content=\"Bangui, R\u00e9publique centrafricaine, mardi, 20 juillet 2021, 13:08:05 ( Corbeaunews-Centrafrique ). L\u2019attaque a eu ...\" \/>\n<meta name=\"robots\" content=\"index, follow, max-snippet:-1, max-image-preview:large, max-video-preview:-1\" \/>\n<link rel=\"canonical\" href=\"https:\/\/www.africa-press.net\/centrafricaine\/politique\/bocaranga-attaque-ce-matin-des-mercenaires-de-wagner-au-village-bezere-plusieurs-morts\" \/>\n<meta property=\"og:locale\" content=\"fr_FR\" \/>\n<meta property=\"og:type\" content=\"article\" \/>\n<meta property=\"og:title\" content=\"Bocaranga, attaque ce matin des mercenaires de Wagner au village Bez\u00e9r\u00e9, plusieurs morts\" \/>\n<meta property=\"og:description\" content=\"Bangui, R\u00e9publique centrafricaine, mardi, 20 juillet 2021, 13:08:05 ( Corbeaunews-Centrafrique ). L\u2019attaque a eu ...\" \/>\n<meta property=\"og:url\" content=\"https:\/\/www.africa-press.net\/centrafricaine\/politique\/bocaranga-attaque-ce-matin-des-mercenaires-de-wagner-au-village-bezere-plusieurs-morts\" \/>\n<meta property=\"og:site_name\" content=\"centrafricaine\" \/>\n<meta property=\"article:published_time\" content=\"2021-07-21T10:04:38+00:00\" \/>\n<meta property=\"article:modified_time\" content=\"2021-07-21T12:07:01+00:00\" \/>\n<meta property=\"og:image\" content=\"https:\/\/static.africa-press.net\/centrafricaine\/sites\/45\/2021\/07\/img-60f7eecef1430.jpg\" \/>\n\t<meta property=\"og:image:width\" content=\"720\" \/>\n\t<meta property=\"og:image:height\" content=\"696\" \/>\n\t<meta property=\"og:image:type\" content=\"image\/jpeg\" \/>\n<meta name=\"author\" content=\"cfeditorfr\" \/>\n<meta name=\"twitter:card\" content=\"summary_large_image\" \/>\n<meta name=\"twitter:label1\" content=\"\u00c9crit par\" \/>\n\t<meta name=\"twitter:data1\" content=\"cfeditorfr\" \/>\n\t<meta name=\"twitter:label2\" content=\"Dur\u00e9e de lecture estim\u00e9e\" \/>\n\t<meta name=\"twitter:data2\" content=\"1 minute\" \/>\n<script type=\"application\/ld+json\" class=\"yoast-schema-graph\">{\"@context\":\"https:\/\/schema.org\",\"@graph\":[{\"@type\":\"Article\",\"@id\":\"https:\/\/www.africa-press.net\/centrafricaine\/politique\/bocaranga-attaque-ce-matin-des-mercenaires-de-wagner-au-village-bezere-plusieurs-morts#article\",\"isPartOf\":{\"@id\":\"https:\/\/www.africa-press.net\/centrafricaine\/politique\/bocaranga-attaque-ce-matin-des-mercenaires-de-wagner-au-village-bezere-plusieurs-morts\"},\"author\":{\"name\":\"cfeditorfr\",\"@id\":\"https:\/\/www.africa-press.net\/centrafricaine\/#\/schema\/person\/2b1cf3cd81a31e3cd26889ca66d677f1\"},\"headline\":\"Bocaranga, attaque ce matin des mercenaires de Wagner au village Bez\u00e9r\u00e9, plusieurs morts\",\"datePublished\":\"2021-07-21T10:04:38+00:00\",\"dateModified\":\"2021-07-21T12:07:01+00:00\",\"mainEntityOfPage\":{\"@id\":\"https:\/\/www.africa-press.net\/centrafricaine\/politique\/bocaranga-attaque-ce-matin-des-mercenaires-de-wagner-au-village-bezere-plusieurs-morts\"},\"wordCount\":232,\"commentCount\":0,\"image\":{\"@id\":\"https:\/\/www.africa-press.net\/centrafricaine\/politique\/bocaranga-attaque-ce-matin-des-mercenaires-de-wagner-au-village-bezere-plusieurs-morts#primaryimage\"},\"thumbnailUrl\":\"https:\/\/static.africa-press.net\/centrafricaine\/sites\/45\/2021\/07\/img-60f7eecef1430.jpg\",\"keywords\":[\"Africa Press\",\"Africa Press-CentrAfricaine\",\"CentrAfricaine\"],\"articleSection\":[\"homepage-french\",\"Politique\",\"Toutes les actualit\u00e9s\"],\"inLanguage\":\"fr-FR\",\"potentialAction\":[{\"@type\":\"CommentAction\",\"name\":\"Comment\",\"target\":[\"https:\/\/www.africa-press.net\/centrafricaine\/politique\/bocaranga-attaque-ce-matin-des-mercenaires-de-wagner-au-village-bezere-plusieurs-morts#respond\"]}]},{\"@type\":\"WebPage\",\"@id\":\"https:\/\/www.africa-press.net\/centrafricaine\/politique\/bocaranga-attaque-ce-matin-des-mercenaires-de-wagner-au-village-bezere-plusieurs-morts\",\"url\":\"https:\/\/www.africa-press.net\/centrafricaine\/politique\/bocaranga-attaque-ce-matin-des-mercenaires-de-wagner-au-village-bezere-plusieurs-morts\",\"name\":\"Bocaranga, attaque ce matin des mercenaires de Wagner au village Bez\u00e9r\u00e9, plusieurs morts - centrafricaine\",\"isPartOf\":{\"@id\":\"https:\/\/www.africa-press.net\/centrafricaine\/#website\"},\"primaryImageOfPage\":{\"@id\":\"https:\/\/www.africa-press.net\/centrafricaine\/politique\/bocaranga-attaque-ce-matin-des-mercenaires-de-wagner-au-village-bezere-plusieurs-morts#primaryimage\"},\"image\":{\"@id\":\"https:\/\/www.africa-press.net\/centrafricaine\/politique\/bocaranga-attaque-ce-matin-des-mercenaires-de-wagner-au-village-bezere-plusieurs-morts#primaryimage\"},\"thumbnailUrl\":\"https:\/\/static.africa-press.net\/centrafricaine\/sites\/45\/2021\/07\/img-60f7eecef1430.jpg\",\"datePublished\":\"2021-07-21T10:04:38+00:00\",\"dateModified\":\"2021-07-21T12:07:01+00:00\",\"author\":{\"@id\":\"https:\/\/www.africa-press.net\/centrafricaine\/#\/schema\/person\/2b1cf3cd81a31e3cd26889ca66d677f1\"},\"description\":\"Bangui, R\u00e9publique centrafricaine, mardi, 20 juillet 2021, 13:08:05 ( Corbeaunews-Centrafrique ). L\u2019attaque a eu ...\",\"breadcrumb\":{\"@id\":\"https:\/\/www.africa-press.net\/centrafricaine\/politique\/bocaranga-attaque-ce-matin-des-mercenaires-de-wagner-au-village-bezere-plusieurs-morts#breadcrumb\"},\"inLanguage\":\"fr-FR\",\"potentialAction\":[{\"@type\":\"ReadAction\",\"target\":[\"https:\/\/www.africa-press.net\/centrafricaine\/politique\/bocaranga-attaque-ce-matin-des-mercenaires-de-wagner-au-village-bezere-plusieurs-morts\"]}]},{\"@type\":\"ImageObject\",\"inLanguage\":\"fr-FR\",\"@id\":\"https:\/\/www.africa-press.net\/centrafricaine\/politique\/bocaranga-attaque-ce-matin-des-mercenaires-de-wagner-au-village-bezere-plusieurs-morts#primaryimage\",\"url\":\"https:\/\/static.africa-press.net\/centrafricaine\/sites\/45\/2021\/07\/img-60f7eecef1430.jpg\",\"contentUrl\":\"https:\/\/static.africa-press.net\/centrafricaine\/sites\/45\/2021\/07\/img-60f7eecef1430.jpg\",\"width\":720,\"height\":696,\"caption\":\"Bocaranga, attaque ce matin des mercenaires de Wagner au village Bez\u00e9r\u00e9, plusieurs morts\"},{\"@type\":\"BreadcrumbList\",\"@id\":\"https:\/\/www.africa-press.net\/centrafricaine\/politique\/bocaranga-attaque-ce-matin-des-mercenaires-de-wagner-au-village-bezere-plusieurs-morts#breadcrumb\",\"itemListElement\":[{\"@type\":\"ListItem\",\"position\":1,\"name\":\"Accueil\",\"item\":\"https:\/\/www.africa-press.net\/centrafricaine\/\"},{\"@type\":\"ListItem\",\"position\":2,\"name\":\"Bocaranga, attaque ce matin des mercenaires de Wagner au village Bez\u00e9r\u00e9, plusieurs morts\"}]},{\"@type\":\"WebSite\",\"@id\":\"https:\/\/www.africa-press.net\/centrafricaine\/#website\",\"url\":\"https:\/\/www.africa-press.net\/centrafricaine\/\",\"name\":\"centrafricaine\",\"description\":\"Just another Africa News Agency Sites site\",\"potentialAction\":[{\"@type\":\"SearchAction\",\"target\":{\"@type\":\"EntryPoint\",\"urlTemplate\":\"https:\/\/www.africa-press.net\/centrafricaine\/?s={search_term_string}\"},\"query-input\":{\"@type\":\"PropertyValueSpecification\",\"valueRequired\":true,\"valueName\":\"search_term_string\"}}],\"inLanguage\":\"fr-FR\"},{\"@type\":\"Person\",\"@id\":\"https:\/\/www.africa-press.net\/centrafricaine\/#\/schema\/person\/2b1cf3cd81a31e3cd26889ca66d677f1\",\"name\":\"cfeditorfr\"}]}<\/script>\n<!-- \/ Yoast SEO Premium plugin. -->","yoast_head_json":{"title":"Bocaranga, attaque ce matin des mercenaires de Wagner au village Bez\u00e9r\u00e9, plusieurs morts - centrafricaine","description":"Bangui, R\u00e9publique centrafricaine, mardi, 20 juillet 2021, 13:08:05 ( Corbeaunews-Centrafrique ). L\u2019attaque a eu ...","robots":{"index":"index","follow":"follow","max-snippet":"max-snippet:-1","max-image-preview":"max-image-preview:large","max-video-preview":"max-video-preview:-1"},"canonical":"https:\/\/www.africa-press.net\/centrafricaine\/politique\/bocaranga-attaque-ce-matin-des-mercenaires-de-wagner-au-village-bezere-plusieurs-morts","og_locale":"fr_FR","og_type":"article","og_title":"Bocaranga, attaque ce matin des mercenaires de Wagner au village Bez\u00e9r\u00e9, plusieurs morts","og_description":"Bangui, R\u00e9publique centrafricaine, mardi, 20 juillet 2021, 13:08:05 ( Corbeaunews-Centrafrique ). L\u2019attaque a eu ...","og_url":"https:\/\/www.africa-press.net\/centrafricaine\/politique\/bocaranga-attaque-ce-matin-des-mercenaires-de-wagner-au-village-bezere-plusieurs-morts","og_site_name":"centrafricaine","article_published_time":"2021-07-21T10:04:38+00:00","article_modified_time":"2021-07-21T12:07:01+00:00","og_image":[{"width":720,"height":696,"url":"https:\/\/static.africa-press.net\/centrafricaine\/sites\/45\/2021\/07\/img-60f7eecef1430.jpg","type":"image\/jpeg"}],"author":"cfeditorfr","twitter_card":"summary_large_image","twitter_misc":{"\u00c9crit par":"cfeditorfr","Dur\u00e9e de lecture estim\u00e9e":"1 minute"},"schema":{"@context":"https:\/\/schema.org","@graph":[{"@type":"Article","@id":"https:\/\/www.africa-press.net\/centrafricaine\/politique\/bocaranga-attaque-ce-matin-des-mercenaires-de-wagner-au-village-bezere-plusieurs-morts#article","isPartOf":{"@id":"https:\/\/www.africa-press.net\/centrafricaine\/politique\/bocaranga-attaque-ce-matin-des-mercenaires-de-wagner-au-village-bezere-plusieurs-morts"},"author":{"name":"cfeditorfr","@id":"https:\/\/www.africa-press.net\/centrafricaine\/#\/schema\/person\/2b1cf3cd81a31e3cd26889ca66d677f1"},"headline":"Bocaranga, attaque ce matin des mercenaires de Wagner au village Bez\u00e9r\u00e9, plusieurs morts","datePublished":"2021-07-21T10:04:38+00:00","dateModified":"2021-07-21T12:07:01+00:00","mainEntityOfPage":{"@id":"https:\/\/www.africa-press.net\/centrafricaine\/politique\/bocaranga-attaque-ce-matin-des-mercenaires-de-wagner-au-village-bezere-plusieurs-morts"},"wordCount":232,"commentCount":0,"image":{"@id":"https:\/\/www.africa-press.net\/centrafricaine\/politique\/bocaranga-attaque-ce-matin-des-mercenaires-de-wagner-au-village-bezere-plusieurs-morts#primaryimage"},"thumbnailUrl":"https:\/\/static.africa-press.net\/centrafricaine\/sites\/45\/2021\/07\/img-60f7eecef1430.jpg","keywords":["Africa Press","Africa Press-CentrAfricaine","CentrAfricaine"],"articleSection":["homepage-french","Politique","Toutes les actualit\u00e9s"],"inLanguage":"fr-FR","potentialAction":[{"@type":"CommentAction","name":"Comment","target":["https:\/\/www.africa-press.net\/centrafricaine\/politique\/bocaranga-attaque-ce-matin-des-mercenaires-de-wagner-au-village-bezere-plusieurs-morts#respond"]}]},{"@type":"WebPage","@id":"https:\/\/www.africa-press.net\/centrafricaine\/politique\/bocaranga-attaque-ce-matin-des-mercenaires-de-wagner-au-village-bezere-plusieurs-morts","url":"https:\/\/www.africa-press.net\/centrafricaine\/politique\/bocaranga-attaque-ce-matin-des-mercenaires-de-wagner-au-village-bezere-plusieurs-morts","name":"Bocaranga, attaque ce matin des mercenaires de Wagner au village Bez\u00e9r\u00e9, plusieurs morts - centrafricaine","isPartOf":{"@id":"https:\/\/www.africa-press.net\/centrafricaine\/#website"},"primaryImageOfPage":{"@id":"https:\/\/www.africa-press.net\/centrafricaine\/politique\/bocaranga-attaque-ce-matin-des-mercenaires-de-wagner-au-village-bezere-plusieurs-morts#primaryimage"},"image":{"@id":"https:\/\/www.africa-press.net\/centrafricaine\/politique\/bocaranga-attaque-ce-matin-des-mercenaires-de-wagner-au-village-bezere-plusieurs-morts#primaryimage"},"thumbnailUrl":"https:\/\/static.africa-press.net\/centrafricaine\/sites\/45\/2021\/07\/img-60f7eecef1430.jpg","datePublished":"2021-07-21T10:04:38+00:00","dateModified":"2021-07-21T12:07:01+00:00","author":{"@id":"https:\/\/www.africa-press.net\/centrafricaine\/#\/schema\/person\/2b1cf3cd81a31e3cd26889ca66d677f1"},"description":"Bangui, R\u00e9publique centrafricaine, mardi, 20 juillet 2021, 13:08:05 ( Corbeaunews-Centrafrique ). L\u2019attaque a eu ...","breadcrumb":{"@id":"https:\/\/www.africa-press.net\/centrafricaine\/politique\/bocaranga-attaque-ce-matin-des-mercenaires-de-wagner-au-village-bezere-plusieurs-morts#breadcrumb"},"inLanguage":"fr-FR","potentialAction":[{"@type":"ReadAction","target":["https:\/\/www.africa-press.net\/centrafricaine\/politique\/bocaranga-attaque-ce-matin-des-mercenaires-de-wagner-au-village-bezere-plusieurs-morts"]}]},{"@type":"ImageObject","inLanguage":"fr-FR","@id":"https:\/\/www.africa-press.net\/centrafricaine\/politique\/bocaranga-attaque-ce-matin-des-mercenaires-de-wagner-au-village-bezere-plusieurs-morts#primaryimage","url":"https:\/\/static.africa-press.net\/centrafricaine\/sites\/45\/2021\/07\/img-60f7eecef1430.jpg","contentUrl":"https:\/\/static.africa-press.net\/centrafricaine\/sites\/45\/2021\/07\/img-60f7eecef1430.jpg","width":720,"height":696,"caption":"Bocaranga, attaque ce matin des mercenaires de Wagner au village Bez\u00e9r\u00e9, plusieurs morts"},{"@type":"BreadcrumbList","@id":"https:\/\/www.africa-press.net\/centrafricaine\/politique\/bocaranga-attaque-ce-matin-des-mercenaires-de-wagner-au-village-bezere-plusieurs-morts#breadcrumb","itemListElement":[{"@type":"ListItem","position":1,"name":"Accueil","item":"https:\/\/www.africa-press.net\/centrafricaine\/"},{"@type":"ListItem","position":2,"name":"Bocaranga, attaque ce matin des mercenaires de Wagner au village Bez\u00e9r\u00e9, plusieurs morts"}]},{"@type":"WebSite","@id":"https:\/\/www.africa-press.net\/centrafricaine\/#website","url":"https:\/\/www.africa-press.net\/centrafricaine\/","name":"centrafricaine","description":"Just another Africa News Agency Sites site","potentialAction":[{"@type":"SearchAction","target":{"@type":"EntryPoint","urlTemplate":"https:\/\/www.africa-press.net\/centrafricaine\/?s={search_term_string}"},"query-input":{"@type":"PropertyValueSpecification","valueRequired":true,"valueName":"search_term_string"}}],"inLanguage":"fr-FR"},{"@type":"Person","@id":"https:\/\/www.africa-press.net\/centrafricaine\/#\/schema\/person\/2b1cf3cd81a31e3cd26889ca66d677f1","name":"cfeditorfr"}]}},"_links":{"self":[{"href":"https:\/\/www.africa-press.net\/centrafricaine\/wp-json\/wp\/v2\/posts\/9086","targetHints":{"allow":["GET"]}}],"collection":[{"href":"https:\/\/www.africa-press.net\/centrafricaine\/wp-json\/wp\/v2\/posts"}],"about":[{"href":"https:\/\/www.africa-press.net\/centrafricaine\/wp-json\/wp\/v2\/types\/post"}],"author":[{"embeddable":true,"href":"https:\/\/www.africa-press.net\/centrafricaine\/wp-json\/wp\/v2\/users\/82"}],"replies":[{"embeddable":true,"href":"https:\/\/www.africa-press.net\/centrafricaine\/wp-json\/wp\/v2\/comments?post=9086"}],"version-history":[{"count":0,"href":"https:\/\/www.africa-press.net\/centrafricaine\/wp-json\/wp\/v2\/posts\/9086\/revisions"}],"wp:featuredmedia":[{"embeddable":true,"href":"https:\/\/www.africa-press.net\/centrafricaine\/wp-json\/wp\/v2\/media\/9085"}],"wp:attachment":[{"href":"https:\/\/www.africa-press.net\/centrafricaine\/wp-json\/wp\/v2\/media?parent=9086"}],"wp:term":[{"taxonomy":"category","embeddable":true,"href":"https:\/\/www.africa-press.net\/centrafricaine\/wp-json\/wp\/v2\/categories?post=9086"},{"taxonomy":"post_tag","embeddable":true,"href":"https:\/\/www.africa-press.net\/centrafricaine\/wp-json\/wp\/v2\/tags?post=9086"}],"curies":[{"name":"wp","href":"https:\/\/api.w.org\/{rel}","templated":true}]}}