{"id":9132,"date":"2021-07-22T15:42:10","date_gmt":"2021-07-22T15:42:10","guid":{"rendered":"https:\/\/www.africa-press.net\/centrafricaine\/?p=9132"},"modified":"2021-07-22T18:56:43","modified_gmt":"2021-07-22T18:56:43","slug":"massacre-de-bossangoa-lhonorable-martin-ziguele-president-du-mlpc-reagit","status":"publish","type":"post","link":"https:\/\/www.africa-press.net\/centrafricaine\/politique\/massacre-de-bossangoa-lhonorable-martin-ziguele-president-du-mlpc-reagit","title":{"rendered":"Massacre de Bossangoa, l\u2019honorable Martin Ziguel\u00e9, Pr\u00e9sident du MLPC r\u00e9agit"},"content":{"rendered":"<p><span style=\"color: #ff6600\"><strong><a href=\"https:\/\/www.africa-press.net\/\">Africa-Press<\/a> &#8211; <a href=\"https:\/\/www.africa-press.net\/centrafricaine\">CentrAfricaine<\/a>. <\/strong><\/span><b>Au lendemain de massacre perp\u00e9tr\u00e9 par les hommes de Wagner sur les civils \u00e0 12 kilom\u00e8tres de Bossangoa sur l\u2019axe Nana-Bakassa, plusieurs voix commencent \u00e0 s\u2019\u00e9lever. Martin Ziguel\u00e9, d\u00e9put\u00e9 de la troisi\u00e8me circonscription de Bocaranga, et Pr\u00e9sident du parti MLPC s\u2019insurge et demande que la justice soit faite pour les victimes.<\/b><\/p>\n<p>\u201cJ\u2019apprends avec effarement sur Radio Nd\u00e9k\u00e8luka ce matin que hier mercredi 21 juillet 2021, douze corps de jeunes taxis motos et boubangu\u00e9r\u00e9s ont \u00e9t\u00e9 retrouv\u00e9s \u00e9gorg\u00e9s \u00e0 12 kms de Bossangoa sur la route de Nana Bakassa.<\/p>\n<p>Quels qu\u2019en soient les auteurs, cet acte est inqualifiable et inacceptable en R\u00e9publique. La justice doit se saisir en toute urgence de cette affaire qui ne saurait rester impunie.<\/p>\n<p>Je pr\u00e9sente mes condol\u00e9ances et celles de tout le Bureau politique du MLPC aux familles des personnes assassin\u00e9es.<\/p>\n<p>Il y\u2019a lieu de rappeler que 24 heures apr\u00e8s le massacre de Bossangoa, les autorit\u00e9s du pays pointent du doigt les rebelles de la coalition des patriotes pour le changement (CPC) d\u2019\u00eatre \u00e0 l\u2019origine de cet assassinat, mais des diff\u00e9rentes sources locales accusent directement les mercenaires de la soci\u00e9t\u00e9 Wagner d\u2019avoir organis\u00e9 ce massacre qui va rester probablement impuni.<\/p>\n","protected":false},"excerpt":{"rendered":"<p>Africa-Press &#8211; CentrAfricaine. Au lendemain de massacre perp\u00e9tr\u00e9 par les hommes de Wagner sur les civils \u00e0 12 kilom\u00e8tres de Bossangoa sur l\u2019axe Nana-Bakassa, plusieurs voix commencent \u00e0 s\u2019\u00e9lever. Martin Ziguel\u00e9, d\u00e9put\u00e9 de la troisi\u00e8me circonscription de Bocaranga, et Pr\u00e9sident du parti MLPC s\u2019insurge et demande que la justice soit faite pour les victimes. \u201cJ\u2019apprends [&hellip;]<\/p>\n","protected":false},"author":82,"featured_media":9131,"comment_status":"open","ping_status":"closed","sticky":false,"template":"","format":"standard","meta":{"footnotes":""},"categories":[11,2,10],"tags":[36,58,30],"class_list":["post-9132","post","type-post","status-publish","format-standard","has-post-thumbnail","hentry","category-homepage-french","category-politique","category-toutes-les-actualites","tag-africa-press","tag-africa-press-centrafricaine","tag-centrafricaine"],"yoast_head":"<!-- This site is optimized with the Yoast SEO Premium plugin v26.1 (Yoast SEO v27.0) - https:\/\/yoast.com\/product\/yoast-seo-premium-wordpress\/ -->\n<title>Massacre de Bossangoa, l\u2019honorable Martin Ziguel\u00e9, Pr\u00e9sident du MLPC r\u00e9agit - centrafricaine<\/title>\n<meta name=\"description\" content=\"Bangui, R\u00e9publique centrafricaine, jeudi, 22 juillet 2021 ( Corbeaunews \u2013 Centrafrique ). Au lendemain de massacre pe ...\" \/>\n<meta name=\"robots\" content=\"index, follow, max-snippet:-1, max-image-preview:large, max-video-preview:-1\" \/>\n<link rel=\"canonical\" href=\"https:\/\/www.africa-press.net\/centrafricaine\/politique\/massacre-de-bossangoa-lhonorable-martin-ziguele-president-du-mlpc-reagit\" \/>\n<meta property=\"og:locale\" content=\"fr_FR\" \/>\n<meta property=\"og:type\" content=\"article\" \/>\n<meta property=\"og:title\" content=\"Massacre de Bossangoa, l\u2019honorable Martin Ziguel\u00e9, Pr\u00e9sident du MLPC r\u00e9agit\" \/>\n<meta property=\"og:description\" content=\"Bangui, R\u00e9publique centrafricaine, jeudi, 22 juillet 2021 ( Corbeaunews \u2013 Centrafrique ). Au lendemain de massacre pe ...\" \/>\n<meta property=\"og:url\" content=\"https:\/\/www.africa-press.net\/centrafricaine\/politique\/massacre-de-bossangoa-lhonorable-martin-ziguele-president-du-mlpc-reagit\" \/>\n<meta property=\"og:site_name\" content=\"centrafricaine\" \/>\n<meta property=\"article:published_time\" content=\"2021-07-22T15:42:10+00:00\" \/>\n<meta property=\"article:modified_time\" content=\"2021-07-22T18:56:43+00:00\" \/>\n<meta property=\"og:image\" content=\"https:\/\/static.africa-press.net\/centrafricaine\/sites\/45\/2021\/07\/img-60f990d474ffa.jpg\" \/>\n\t<meta property=\"og:image:width\" content=\"750\" \/>\n\t<meta property=\"og:image:height\" content=\"556\" \/>\n\t<meta property=\"og:image:type\" content=\"image\/jpeg\" \/>\n<meta name=\"author\" content=\"cfeditorfr\" \/>\n<meta name=\"twitter:card\" content=\"summary_large_image\" \/>\n<meta name=\"twitter:label1\" content=\"\u00c9crit par\" \/>\n\t<meta name=\"twitter:data1\" content=\"cfeditorfr\" \/>\n\t<meta name=\"twitter:label2\" content=\"Dur\u00e9e de lecture estim\u00e9e\" \/>\n\t<meta name=\"twitter:data2\" content=\"1 minute\" \/>\n<script type=\"application\/ld+json\" class=\"yoast-schema-graph\">{\"@context\":\"https:\/\/schema.org\",\"@graph\":[{\"@type\":\"Article\",\"@id\":\"https:\/\/www.africa-press.net\/centrafricaine\/politique\/massacre-de-bossangoa-lhonorable-martin-ziguele-president-du-mlpc-reagit#article\",\"isPartOf\":{\"@id\":\"https:\/\/www.africa-press.net\/centrafricaine\/politique\/massacre-de-bossangoa-lhonorable-martin-ziguele-president-du-mlpc-reagit\"},\"author\":{\"name\":\"cfeditorfr\",\"@id\":\"https:\/\/www.africa-press.net\/centrafricaine\/#\/schema\/person\/2b1cf3cd81a31e3cd26889ca66d677f1\"},\"headline\":\"Massacre de Bossangoa, l\u2019honorable Martin Ziguel\u00e9, Pr\u00e9sident du MLPC r\u00e9agit\",\"datePublished\":\"2021-07-22T15:42:10+00:00\",\"dateModified\":\"2021-07-22T18:56:43+00:00\",\"mainEntityOfPage\":{\"@id\":\"https:\/\/www.africa-press.net\/centrafricaine\/politique\/massacre-de-bossangoa-lhonorable-martin-ziguele-president-du-mlpc-reagit\"},\"wordCount\":229,\"commentCount\":0,\"image\":{\"@id\":\"https:\/\/www.africa-press.net\/centrafricaine\/politique\/massacre-de-bossangoa-lhonorable-martin-ziguele-president-du-mlpc-reagit#primaryimage\"},\"thumbnailUrl\":\"https:\/\/static.africa-press.net\/centrafricaine\/sites\/45\/2021\/07\/img-60f990d474ffa.jpg\",\"keywords\":[\"Africa Press\",\"Africa Press-CentrAfricaine\",\"CentrAfricaine\"],\"articleSection\":[\"homepage-french\",\"Politique\",\"Toutes les actualit\u00e9s\"],\"inLanguage\":\"fr-FR\",\"potentialAction\":[{\"@type\":\"CommentAction\",\"name\":\"Comment\",\"target\":[\"https:\/\/www.africa-press.net\/centrafricaine\/politique\/massacre-de-bossangoa-lhonorable-martin-ziguele-president-du-mlpc-reagit#respond\"]}]},{\"@type\":\"WebPage\",\"@id\":\"https:\/\/www.africa-press.net\/centrafricaine\/politique\/massacre-de-bossangoa-lhonorable-martin-ziguele-president-du-mlpc-reagit\",\"url\":\"https:\/\/www.africa-press.net\/centrafricaine\/politique\/massacre-de-bossangoa-lhonorable-martin-ziguele-president-du-mlpc-reagit\",\"name\":\"Massacre de Bossangoa, l\u2019honorable Martin Ziguel\u00e9, Pr\u00e9sident du MLPC r\u00e9agit - centrafricaine\",\"isPartOf\":{\"@id\":\"https:\/\/www.africa-press.net\/centrafricaine\/#website\"},\"primaryImageOfPage\":{\"@id\":\"https:\/\/www.africa-press.net\/centrafricaine\/politique\/massacre-de-bossangoa-lhonorable-martin-ziguele-president-du-mlpc-reagit#primaryimage\"},\"image\":{\"@id\":\"https:\/\/www.africa-press.net\/centrafricaine\/politique\/massacre-de-bossangoa-lhonorable-martin-ziguele-president-du-mlpc-reagit#primaryimage\"},\"thumbnailUrl\":\"https:\/\/static.africa-press.net\/centrafricaine\/sites\/45\/2021\/07\/img-60f990d474ffa.jpg\",\"datePublished\":\"2021-07-22T15:42:10+00:00\",\"dateModified\":\"2021-07-22T18:56:43+00:00\",\"author\":{\"@id\":\"https:\/\/www.africa-press.net\/centrafricaine\/#\/schema\/person\/2b1cf3cd81a31e3cd26889ca66d677f1\"},\"description\":\"Bangui, R\u00e9publique centrafricaine, jeudi, 22 juillet 2021 ( Corbeaunews \u2013 Centrafrique ). Au lendemain de massacre pe ...\",\"breadcrumb\":{\"@id\":\"https:\/\/www.africa-press.net\/centrafricaine\/politique\/massacre-de-bossangoa-lhonorable-martin-ziguele-president-du-mlpc-reagit#breadcrumb\"},\"inLanguage\":\"fr-FR\",\"potentialAction\":[{\"@type\":\"ReadAction\",\"target\":[\"https:\/\/www.africa-press.net\/centrafricaine\/politique\/massacre-de-bossangoa-lhonorable-martin-ziguele-president-du-mlpc-reagit\"]}]},{\"@type\":\"ImageObject\",\"inLanguage\":\"fr-FR\",\"@id\":\"https:\/\/www.africa-press.net\/centrafricaine\/politique\/massacre-de-bossangoa-lhonorable-martin-ziguele-president-du-mlpc-reagit#primaryimage\",\"url\":\"https:\/\/static.africa-press.net\/centrafricaine\/sites\/45\/2021\/07\/img-60f990d474ffa.jpg\",\"contentUrl\":\"https:\/\/static.africa-press.net\/centrafricaine\/sites\/45\/2021\/07\/img-60f990d474ffa.jpg\",\"width\":750,\"height\":556,\"caption\":\"Massacre de Bossangoa, l\u2019honorable Martin Ziguel\u00e9, Pr\u00e9sident du MLPC r\u00e9agit\"},{\"@type\":\"BreadcrumbList\",\"@id\":\"https:\/\/www.africa-press.net\/centrafricaine\/politique\/massacre-de-bossangoa-lhonorable-martin-ziguele-president-du-mlpc-reagit#breadcrumb\",\"itemListElement\":[{\"@type\":\"ListItem\",\"position\":1,\"name\":\"Accueil\",\"item\":\"https:\/\/www.africa-press.net\/centrafricaine\/\"},{\"@type\":\"ListItem\",\"position\":2,\"name\":\"Massacre de Bossangoa, l\u2019honorable Martin Ziguel\u00e9, Pr\u00e9sident du MLPC r\u00e9agit\"}]},{\"@type\":\"WebSite\",\"@id\":\"https:\/\/www.africa-press.net\/centrafricaine\/#website\",\"url\":\"https:\/\/www.africa-press.net\/centrafricaine\/\",\"name\":\"centrafricaine\",\"description\":\"Just another Africa News Agency Sites site\",\"potentialAction\":[{\"@type\":\"SearchAction\",\"target\":{\"@type\":\"EntryPoint\",\"urlTemplate\":\"https:\/\/www.africa-press.net\/centrafricaine\/?s={search_term_string}\"},\"query-input\":{\"@type\":\"PropertyValueSpecification\",\"valueRequired\":true,\"valueName\":\"search_term_string\"}}],\"inLanguage\":\"fr-FR\"},{\"@type\":\"Person\",\"@id\":\"https:\/\/www.africa-press.net\/centrafricaine\/#\/schema\/person\/2b1cf3cd81a31e3cd26889ca66d677f1\",\"name\":\"cfeditorfr\"}]}<\/script>\n<!-- \/ Yoast SEO Premium plugin. -->","yoast_head_json":{"title":"Massacre de Bossangoa, l\u2019honorable Martin Ziguel\u00e9, Pr\u00e9sident du MLPC r\u00e9agit - centrafricaine","description":"Bangui, R\u00e9publique centrafricaine, jeudi, 22 juillet 2021 ( Corbeaunews \u2013 Centrafrique ). Au lendemain de massacre pe ...","robots":{"index":"index","follow":"follow","max-snippet":"max-snippet:-1","max-image-preview":"max-image-preview:large","max-video-preview":"max-video-preview:-1"},"canonical":"https:\/\/www.africa-press.net\/centrafricaine\/politique\/massacre-de-bossangoa-lhonorable-martin-ziguele-president-du-mlpc-reagit","og_locale":"fr_FR","og_type":"article","og_title":"Massacre de Bossangoa, l\u2019honorable Martin Ziguel\u00e9, Pr\u00e9sident du MLPC r\u00e9agit","og_description":"Bangui, R\u00e9publique centrafricaine, jeudi, 22 juillet 2021 ( Corbeaunews \u2013 Centrafrique ). Au lendemain de massacre pe ...","og_url":"https:\/\/www.africa-press.net\/centrafricaine\/politique\/massacre-de-bossangoa-lhonorable-martin-ziguele-president-du-mlpc-reagit","og_site_name":"centrafricaine","article_published_time":"2021-07-22T15:42:10+00:00","article_modified_time":"2021-07-22T18:56:43+00:00","og_image":[{"width":750,"height":556,"url":"https:\/\/static.africa-press.net\/centrafricaine\/sites\/45\/2021\/07\/img-60f990d474ffa.jpg","type":"image\/jpeg"}],"author":"cfeditorfr","twitter_card":"summary_large_image","twitter_misc":{"\u00c9crit par":"cfeditorfr","Dur\u00e9e de lecture estim\u00e9e":"1 minute"},"schema":{"@context":"https:\/\/schema.org","@graph":[{"@type":"Article","@id":"https:\/\/www.africa-press.net\/centrafricaine\/politique\/massacre-de-bossangoa-lhonorable-martin-ziguele-president-du-mlpc-reagit#article","isPartOf":{"@id":"https:\/\/www.africa-press.net\/centrafricaine\/politique\/massacre-de-bossangoa-lhonorable-martin-ziguele-president-du-mlpc-reagit"},"author":{"name":"cfeditorfr","@id":"https:\/\/www.africa-press.net\/centrafricaine\/#\/schema\/person\/2b1cf3cd81a31e3cd26889ca66d677f1"},"headline":"Massacre de Bossangoa, l\u2019honorable Martin Ziguel\u00e9, Pr\u00e9sident du MLPC r\u00e9agit","datePublished":"2021-07-22T15:42:10+00:00","dateModified":"2021-07-22T18:56:43+00:00","mainEntityOfPage":{"@id":"https:\/\/www.africa-press.net\/centrafricaine\/politique\/massacre-de-bossangoa-lhonorable-martin-ziguele-president-du-mlpc-reagit"},"wordCount":229,"commentCount":0,"image":{"@id":"https:\/\/www.africa-press.net\/centrafricaine\/politique\/massacre-de-bossangoa-lhonorable-martin-ziguele-president-du-mlpc-reagit#primaryimage"},"thumbnailUrl":"https:\/\/static.africa-press.net\/centrafricaine\/sites\/45\/2021\/07\/img-60f990d474ffa.jpg","keywords":["Africa Press","Africa Press-CentrAfricaine","CentrAfricaine"],"articleSection":["homepage-french","Politique","Toutes les actualit\u00e9s"],"inLanguage":"fr-FR","potentialAction":[{"@type":"CommentAction","name":"Comment","target":["https:\/\/www.africa-press.net\/centrafricaine\/politique\/massacre-de-bossangoa-lhonorable-martin-ziguele-president-du-mlpc-reagit#respond"]}]},{"@type":"WebPage","@id":"https:\/\/www.africa-press.net\/centrafricaine\/politique\/massacre-de-bossangoa-lhonorable-martin-ziguele-president-du-mlpc-reagit","url":"https:\/\/www.africa-press.net\/centrafricaine\/politique\/massacre-de-bossangoa-lhonorable-martin-ziguele-president-du-mlpc-reagit","name":"Massacre de Bossangoa, l\u2019honorable Martin Ziguel\u00e9, Pr\u00e9sident du MLPC r\u00e9agit - centrafricaine","isPartOf":{"@id":"https:\/\/www.africa-press.net\/centrafricaine\/#website"},"primaryImageOfPage":{"@id":"https:\/\/www.africa-press.net\/centrafricaine\/politique\/massacre-de-bossangoa-lhonorable-martin-ziguele-president-du-mlpc-reagit#primaryimage"},"image":{"@id":"https:\/\/www.africa-press.net\/centrafricaine\/politique\/massacre-de-bossangoa-lhonorable-martin-ziguele-president-du-mlpc-reagit#primaryimage"},"thumbnailUrl":"https:\/\/static.africa-press.net\/centrafricaine\/sites\/45\/2021\/07\/img-60f990d474ffa.jpg","datePublished":"2021-07-22T15:42:10+00:00","dateModified":"2021-07-22T18:56:43+00:00","author":{"@id":"https:\/\/www.africa-press.net\/centrafricaine\/#\/schema\/person\/2b1cf3cd81a31e3cd26889ca66d677f1"},"description":"Bangui, R\u00e9publique centrafricaine, jeudi, 22 juillet 2021 ( Corbeaunews \u2013 Centrafrique ). Au lendemain de massacre pe ...","breadcrumb":{"@id":"https:\/\/www.africa-press.net\/centrafricaine\/politique\/massacre-de-bossangoa-lhonorable-martin-ziguele-president-du-mlpc-reagit#breadcrumb"},"inLanguage":"fr-FR","potentialAction":[{"@type":"ReadAction","target":["https:\/\/www.africa-press.net\/centrafricaine\/politique\/massacre-de-bossangoa-lhonorable-martin-ziguele-president-du-mlpc-reagit"]}]},{"@type":"ImageObject","inLanguage":"fr-FR","@id":"https:\/\/www.africa-press.net\/centrafricaine\/politique\/massacre-de-bossangoa-lhonorable-martin-ziguele-president-du-mlpc-reagit#primaryimage","url":"https:\/\/static.africa-press.net\/centrafricaine\/sites\/45\/2021\/07\/img-60f990d474ffa.jpg","contentUrl":"https:\/\/static.africa-press.net\/centrafricaine\/sites\/45\/2021\/07\/img-60f990d474ffa.jpg","width":750,"height":556,"caption":"Massacre de Bossangoa, l\u2019honorable Martin Ziguel\u00e9, Pr\u00e9sident du MLPC r\u00e9agit"},{"@type":"BreadcrumbList","@id":"https:\/\/www.africa-press.net\/centrafricaine\/politique\/massacre-de-bossangoa-lhonorable-martin-ziguele-president-du-mlpc-reagit#breadcrumb","itemListElement":[{"@type":"ListItem","position":1,"name":"Accueil","item":"https:\/\/www.africa-press.net\/centrafricaine\/"},{"@type":"ListItem","position":2,"name":"Massacre de Bossangoa, l\u2019honorable Martin Ziguel\u00e9, Pr\u00e9sident du MLPC r\u00e9agit"}]},{"@type":"WebSite","@id":"https:\/\/www.africa-press.net\/centrafricaine\/#website","url":"https:\/\/www.africa-press.net\/centrafricaine\/","name":"centrafricaine","description":"Just another Africa News Agency Sites site","potentialAction":[{"@type":"SearchAction","target":{"@type":"EntryPoint","urlTemplate":"https:\/\/www.africa-press.net\/centrafricaine\/?s={search_term_string}"},"query-input":{"@type":"PropertyValueSpecification","valueRequired":true,"valueName":"search_term_string"}}],"inLanguage":"fr-FR"},{"@type":"Person","@id":"https:\/\/www.africa-press.net\/centrafricaine\/#\/schema\/person\/2b1cf3cd81a31e3cd26889ca66d677f1","name":"cfeditorfr"}]}},"_links":{"self":[{"href":"https:\/\/www.africa-press.net\/centrafricaine\/wp-json\/wp\/v2\/posts\/9132","targetHints":{"allow":["GET"]}}],"collection":[{"href":"https:\/\/www.africa-press.net\/centrafricaine\/wp-json\/wp\/v2\/posts"}],"about":[{"href":"https:\/\/www.africa-press.net\/centrafricaine\/wp-json\/wp\/v2\/types\/post"}],"author":[{"embeddable":true,"href":"https:\/\/www.africa-press.net\/centrafricaine\/wp-json\/wp\/v2\/users\/82"}],"replies":[{"embeddable":true,"href":"https:\/\/www.africa-press.net\/centrafricaine\/wp-json\/wp\/v2\/comments?post=9132"}],"version-history":[{"count":0,"href":"https:\/\/www.africa-press.net\/centrafricaine\/wp-json\/wp\/v2\/posts\/9132\/revisions"}],"wp:featuredmedia":[{"embeddable":true,"href":"https:\/\/www.africa-press.net\/centrafricaine\/wp-json\/wp\/v2\/media\/9131"}],"wp:attachment":[{"href":"https:\/\/www.africa-press.net\/centrafricaine\/wp-json\/wp\/v2\/media?parent=9132"}],"wp:term":[{"taxonomy":"category","embeddable":true,"href":"https:\/\/www.africa-press.net\/centrafricaine\/wp-json\/wp\/v2\/categories?post=9132"},{"taxonomy":"post_tag","embeddable":true,"href":"https:\/\/www.africa-press.net\/centrafricaine\/wp-json\/wp\/v2\/tags?post=9132"}],"curies":[{"name":"wp","href":"https:\/\/api.w.org\/{rel}","templated":true}]}}