{"id":9135,"date":"2021-07-22T15:46:49","date_gmt":"2021-07-22T15:46:49","guid":{"rendered":"https:\/\/www.africa-press.net\/centrafricaine\/?p=9135"},"modified":"2021-07-22T18:57:07","modified_gmt":"2021-07-22T18:57:07","slug":"centrafrique-des-infrastructures-et-equipements-pour-soulager-les-communautes-de-bawi-et-kounde-2","status":"publish","type":"post","link":"https:\/\/www.africa-press.net\/centrafricaine\/toutes-les-actualites\/centrafrique-des-infrastructures-et-equipements-pour-soulager-les-communautes-de-bawi-et-kounde-2","title":{"rendered":"Des infrastructures et \u00e9quipements pour soulager les communaut\u00e9s de Bawi et Kound\u00e9."},"content":{"rendered":"<p><span style=\"color: #ff6600\"><strong><a href=\"https:\/\/www.africa-press.net\/\">Africa-Press<\/a> &#8211; <a href=\"https:\/\/www.africa-press.net\/centrafricaine\">CentrAfricaine<\/a>. <\/strong><\/span>\u00a0Pour esp\u00e9rer recevoir des soins m\u00e9dicaux, les communaut\u00e9s de Bawi et Kound\u00e9, dans la pr\u00e9fecture de la Nana-Mamb\u00e9r\u00e9, \u00e9taient oblig\u00e9es de parcourir de longues distances pouvant aller jusqu\u2019\u00e0 15 kilom\u00e8tres. Gr\u00e2ce \u00e0 un don de la section D\u00e9sarmement d\u00e9mobilisation et r\u00e9insertion de la MINUSCA dans le cadre du projet de r\u00e9duction de la violence communautaire (CVR), les deux localit\u00e9s ont re\u00e7u plusieurs infrastructures sanitaires destin\u00e9es faciliter l\u2019acc\u00e8s aux services sanitaires de base.<\/p>\n<p><b>Par Adeline Gouet Tokalo<\/b><\/p>\n<p>Il s\u2019agit de deux complexes sanitaires \u00e9quip\u00e9s de lots de m\u00e9dicaments, deux tricycles qui feront office d\u2019ambulances, des lits, des tables d\u2019accouchement, des blouses pour le personnel, des brancards, des kits d\u2019\u00e9clairage \u00e0 panneaux solaires, des latrines, des forages, des mat\u00e9riels et \u00e9quipements de salle d\u2019observation, des st\u00e9rilisateurs et deux hangars pour servir de salle d\u2019attente pour les malades et visiteurs.<\/p>\n<p>Situ\u00e9e dans la Sous-pr\u00e9fecture de Baoro \u00e0 107 km de Bouar, la localit\u00e9 de Bawi a \u00e9t\u00e9 la premi\u00e8re \u00e0 recevoir son joyau, accompagn\u00e9 de ses \u00e9quipements, le 08 juillet 2021. La remise a \u00e9t\u00e9 faite aux autorit\u00e9s locales, au cours d\u2019une c\u00e9r\u00e9monie officielle pr\u00e9sid\u00e9e par le sous-pr\u00e9fet de Baoro, Daniel Kpakissam, avec \u00e0 ses c\u00f4t\u00e9s des leaders communautaires, des b\u00e9n\u00e9ficiaires du projet CVR, entre autres.<\/p>\n<p><b>\u00ab Aujourd\u2019hui est un grand jour pour la localit\u00e9 de Bawi qui re\u00e7oit ce b\u00e2timent et tous ces \u00e9quipements. Cela \u00e9vitera aux populations de faire les d\u00e9placements difficiles vers Baoro et de se soigner sur place. Il permettra \u00e9galement aux femmes d\u2019accoucher dans de bonnes condition \u00bb.,<\/b><\/p>\n<p>s\u2019est r\u00e9joui le sous-pr\u00e9fet.<\/p>\n<p>Il faut rappeler qu\u2019avant l\u2019ouverture de ce centre de sant\u00e9, les populations de Bawi allaient se soigner soit \u00e0 Lambet\u00e9 situ\u00e9 \u00e0 15 km de l\u00e0, soit \u00e0 Baoro situ\u00e9 \u00e0 35 km. Ce centre de sant\u00e9 repr\u00e9sente donc une aubaine pour cette localit\u00e9 qui compte environ 5000 \u00e2mes.<\/p>\n<p>Le 10 juillet 2021, c\u2019\u00e9tait au tour de Kound\u00e9, situ\u00e9e \u00e0 137 Km de Bouar, de recevoir son centre de sant\u00e9 ainsi que des \u00e9quipements. C\u2019est une commune d\u2019environ 13.000 habitants, constitu\u00e9es en majorit\u00e9 de femmes et de personnes du troisi\u00e8me \u00e2ge, donc de personnes vuln\u00e9rables. En raison du mauvais \u00e9tat des routes et de la pr\u00e9sence r\u00e9currente de groupes arm\u00e9s, les d\u00e9placements vers Beloko o\u00f9 se trouve le centre de sant\u00e9 le plus proche, \u00e0 environ 40 km \u00e9taient un grand d\u00e9fi pour les populations. Cette infrastructure, selon le sous-pr\u00e9fet Lucien Beledet vient \u00e0 point nomm\u00e9 pour soulager la population. \u00ab Je voudrais remercier la MINUSCA qui ne cesse d\u2019\u00eatre \u00e0 nos c\u00f4t\u00e9s pour le bien-\u00eatre de nos communaut\u00e9s. Merci pour ce centre de sant\u00e9 tout \u00e9quip\u00e9 \u00bb, s\u2019est-il exprim\u00e9.<\/p>\n<p>Rappelons que pour cette ann\u00e9e 2021, le projet CVR a pris en compte 500 b\u00e9n\u00e9ficiaires dont 133 femmes dans la localit\u00e9 de Bouar et ses diff\u00e9rentes sous-pr\u00e9fectures. Plusieurs projets communautaires y ont \u00e9t\u00e9 r\u00e9alis\u00e9s par les b\u00e9n\u00e9ficiaires tels que la construction de deux march\u00e9s, d\u2019un complexe sportif, d\u2019une tribune, deux centres de sant\u00e9, ainsi que des projets en groupement notamment deux bananeraies dans la commune de Vouin et de Yongoro pour une superficie de 5 hectares et 1 hectare respectivement.<\/p>\n<p>&nbsp;<\/p>\n","protected":false},"excerpt":{"rendered":"<p>Africa-Press &#8211; CentrAfricaine. \u00a0Pour esp\u00e9rer recevoir des soins m\u00e9dicaux, les communaut\u00e9s de Bawi et Kound\u00e9, dans la pr\u00e9fecture de la Nana-Mamb\u00e9r\u00e9, \u00e9taient oblig\u00e9es de parcourir de longues distances pouvant aller jusqu\u2019\u00e0 15 kilom\u00e8tres. Gr\u00e2ce \u00e0 un don de la section D\u00e9sarmement d\u00e9mobilisation et r\u00e9insertion de la MINUSCA dans le cadre du projet de r\u00e9duction de [&hellip;]<\/p>\n","protected":false},"author":82,"featured_media":9134,"comment_status":"open","ping_status":"closed","sticky":false,"template":"","format":"standard","meta":{"footnotes":""},"categories":[21,11,10],"tags":[36,58,30],"class_list":["post-9135","post","type-post","status-publish","format-standard","has-post-thumbnail","hentry","category-communaute","category-homepage-french","category-toutes-les-actualites","tag-africa-press","tag-africa-press-centrafricaine","tag-centrafricaine"],"yoast_head":"<!-- This site is optimized with the Yoast SEO Premium plugin v26.1 (Yoast SEO v27.0) - https:\/\/yoast.com\/product\/yoast-seo-premium-wordpress\/ -->\n<title>Des infrastructures et \u00e9quipements pour soulager les communaut\u00e9s de Bawi et Kound\u00e9. - centrafricaine<\/title>\n<meta name=\"description\" content=\"Bangui, R\u00e9publique centrafricaine, mercredi, 21 juillet 2021, 03:15:05 ( Corbeaunews-Centrafrique ). Pour esp\u00e9 ...\" \/>\n<meta name=\"robots\" content=\"index, follow, max-snippet:-1, max-image-preview:large, max-video-preview:-1\" \/>\n<link rel=\"canonical\" href=\"https:\/\/www.africa-press.net\/centrafricaine\/toutes-les-actualites\/centrafrique-des-infrastructures-et-equipements-pour-soulager-les-communautes-de-bawi-et-kounde-2\" \/>\n<meta property=\"og:locale\" content=\"fr_FR\" \/>\n<meta property=\"og:type\" content=\"article\" \/>\n<meta property=\"og:title\" content=\"Des infrastructures et \u00e9quipements pour soulager les communaut\u00e9s de Bawi et Kound\u00e9.\" \/>\n<meta property=\"og:description\" content=\"Bangui, R\u00e9publique centrafricaine, mercredi, 21 juillet 2021, 03:15:05 ( Corbeaunews-Centrafrique ). Pour esp\u00e9 ...\" \/>\n<meta property=\"og:url\" content=\"https:\/\/www.africa-press.net\/centrafricaine\/toutes-les-actualites\/centrafrique-des-infrastructures-et-equipements-pour-soulager-les-communautes-de-bawi-et-kounde-2\" \/>\n<meta property=\"og:site_name\" content=\"centrafricaine\" \/>\n<meta property=\"article:published_time\" content=\"2021-07-22T15:46:49+00:00\" \/>\n<meta property=\"article:modified_time\" content=\"2021-07-22T18:57:07+00:00\" \/>\n<meta property=\"og:image\" content=\"https:\/\/static.africa-press.net\/centrafricaine\/sites\/45\/2021\/07\/img-60f990fc2f051.jpg\" \/>\n\t<meta property=\"og:image:width\" content=\"720\" \/>\n\t<meta property=\"og:image:height\" content=\"416\" \/>\n\t<meta property=\"og:image:type\" content=\"image\/jpeg\" \/>\n<meta name=\"author\" content=\"cfeditorfr\" \/>\n<meta name=\"twitter:card\" content=\"summary_large_image\" \/>\n<meta name=\"twitter:label1\" content=\"\u00c9crit par\" \/>\n\t<meta name=\"twitter:data1\" content=\"cfeditorfr\" \/>\n\t<meta name=\"twitter:label2\" content=\"Dur\u00e9e de lecture estim\u00e9e\" \/>\n\t<meta name=\"twitter:data2\" content=\"3 minutes\" \/>\n<script type=\"application\/ld+json\" class=\"yoast-schema-graph\">{\"@context\":\"https:\/\/schema.org\",\"@graph\":[{\"@type\":\"Article\",\"@id\":\"https:\/\/www.africa-press.net\/centrafricaine\/toutes-les-actualites\/centrafrique-des-infrastructures-et-equipements-pour-soulager-les-communautes-de-bawi-et-kounde-2#article\",\"isPartOf\":{\"@id\":\"https:\/\/www.africa-press.net\/centrafricaine\/toutes-les-actualites\/centrafrique-des-infrastructures-et-equipements-pour-soulager-les-communautes-de-bawi-et-kounde-2\"},\"author\":{\"name\":\"cfeditorfr\",\"@id\":\"https:\/\/www.africa-press.net\/centrafricaine\/#\/schema\/person\/2b1cf3cd81a31e3cd26889ca66d677f1\"},\"headline\":\"Des infrastructures et \u00e9quipements pour soulager les communaut\u00e9s de Bawi et Kound\u00e9.\",\"datePublished\":\"2021-07-22T15:46:49+00:00\",\"dateModified\":\"2021-07-22T18:57:07+00:00\",\"mainEntityOfPage\":{\"@id\":\"https:\/\/www.africa-press.net\/centrafricaine\/toutes-les-actualites\/centrafrique-des-infrastructures-et-equipements-pour-soulager-les-communautes-de-bawi-et-kounde-2\"},\"wordCount\":580,\"commentCount\":0,\"image\":{\"@id\":\"https:\/\/www.africa-press.net\/centrafricaine\/toutes-les-actualites\/centrafrique-des-infrastructures-et-equipements-pour-soulager-les-communautes-de-bawi-et-kounde-2#primaryimage\"},\"thumbnailUrl\":\"https:\/\/static.africa-press.net\/centrafricaine\/sites\/45\/2021\/07\/img-60f990fc2f051.jpg\",\"keywords\":[\"Africa Press\",\"Africa Press-CentrAfricaine\",\"CentrAfricaine\"],\"articleSection\":[\"Communaut\u00e9\",\"homepage-french\",\"Toutes les actualit\u00e9s\"],\"inLanguage\":\"fr-FR\",\"potentialAction\":[{\"@type\":\"CommentAction\",\"name\":\"Comment\",\"target\":[\"https:\/\/www.africa-press.net\/centrafricaine\/toutes-les-actualites\/centrafrique-des-infrastructures-et-equipements-pour-soulager-les-communautes-de-bawi-et-kounde-2#respond\"]}]},{\"@type\":\"WebPage\",\"@id\":\"https:\/\/www.africa-press.net\/centrafricaine\/toutes-les-actualites\/centrafrique-des-infrastructures-et-equipements-pour-soulager-les-communautes-de-bawi-et-kounde-2\",\"url\":\"https:\/\/www.africa-press.net\/centrafricaine\/toutes-les-actualites\/centrafrique-des-infrastructures-et-equipements-pour-soulager-les-communautes-de-bawi-et-kounde-2\",\"name\":\"Des infrastructures et \u00e9quipements pour soulager les communaut\u00e9s de Bawi et Kound\u00e9. - centrafricaine\",\"isPartOf\":{\"@id\":\"https:\/\/www.africa-press.net\/centrafricaine\/#website\"},\"primaryImageOfPage\":{\"@id\":\"https:\/\/www.africa-press.net\/centrafricaine\/toutes-les-actualites\/centrafrique-des-infrastructures-et-equipements-pour-soulager-les-communautes-de-bawi-et-kounde-2#primaryimage\"},\"image\":{\"@id\":\"https:\/\/www.africa-press.net\/centrafricaine\/toutes-les-actualites\/centrafrique-des-infrastructures-et-equipements-pour-soulager-les-communautes-de-bawi-et-kounde-2#primaryimage\"},\"thumbnailUrl\":\"https:\/\/static.africa-press.net\/centrafricaine\/sites\/45\/2021\/07\/img-60f990fc2f051.jpg\",\"datePublished\":\"2021-07-22T15:46:49+00:00\",\"dateModified\":\"2021-07-22T18:57:07+00:00\",\"author\":{\"@id\":\"https:\/\/www.africa-press.net\/centrafricaine\/#\/schema\/person\/2b1cf3cd81a31e3cd26889ca66d677f1\"},\"description\":\"Bangui, R\u00e9publique centrafricaine, mercredi, 21 juillet 2021, 03:15:05 ( Corbeaunews-Centrafrique ). Pour esp\u00e9 ...\",\"breadcrumb\":{\"@id\":\"https:\/\/www.africa-press.net\/centrafricaine\/toutes-les-actualites\/centrafrique-des-infrastructures-et-equipements-pour-soulager-les-communautes-de-bawi-et-kounde-2#breadcrumb\"},\"inLanguage\":\"fr-FR\",\"potentialAction\":[{\"@type\":\"ReadAction\",\"target\":[\"https:\/\/www.africa-press.net\/centrafricaine\/toutes-les-actualites\/centrafrique-des-infrastructures-et-equipements-pour-soulager-les-communautes-de-bawi-et-kounde-2\"]}]},{\"@type\":\"ImageObject\",\"inLanguage\":\"fr-FR\",\"@id\":\"https:\/\/www.africa-press.net\/centrafricaine\/toutes-les-actualites\/centrafrique-des-infrastructures-et-equipements-pour-soulager-les-communautes-de-bawi-et-kounde-2#primaryimage\",\"url\":\"https:\/\/static.africa-press.net\/centrafricaine\/sites\/45\/2021\/07\/img-60f990fc2f051.jpg\",\"contentUrl\":\"https:\/\/static.africa-press.net\/centrafricaine\/sites\/45\/2021\/07\/img-60f990fc2f051.jpg\",\"width\":720,\"height\":416,\"caption\":\"Centrafrique : Des infrastructures et \u00e9quipements pour soulager les communaut\u00e9s de Bawi et Kound\u00e9.\"},{\"@type\":\"BreadcrumbList\",\"@id\":\"https:\/\/www.africa-press.net\/centrafricaine\/toutes-les-actualites\/centrafrique-des-infrastructures-et-equipements-pour-soulager-les-communautes-de-bawi-et-kounde-2#breadcrumb\",\"itemListElement\":[{\"@type\":\"ListItem\",\"position\":1,\"name\":\"Accueil\",\"item\":\"https:\/\/www.africa-press.net\/centrafricaine\/\"},{\"@type\":\"ListItem\",\"position\":2,\"name\":\"Des infrastructures et \u00e9quipements pour soulager les communaut\u00e9s de Bawi et Kound\u00e9.\"}]},{\"@type\":\"WebSite\",\"@id\":\"https:\/\/www.africa-press.net\/centrafricaine\/#website\",\"url\":\"https:\/\/www.africa-press.net\/centrafricaine\/\",\"name\":\"centrafricaine\",\"description\":\"Just another Africa News Agency Sites site\",\"potentialAction\":[{\"@type\":\"SearchAction\",\"target\":{\"@type\":\"EntryPoint\",\"urlTemplate\":\"https:\/\/www.africa-press.net\/centrafricaine\/?s={search_term_string}\"},\"query-input\":{\"@type\":\"PropertyValueSpecification\",\"valueRequired\":true,\"valueName\":\"search_term_string\"}}],\"inLanguage\":\"fr-FR\"},{\"@type\":\"Person\",\"@id\":\"https:\/\/www.africa-press.net\/centrafricaine\/#\/schema\/person\/2b1cf3cd81a31e3cd26889ca66d677f1\",\"name\":\"cfeditorfr\"}]}<\/script>\n<!-- \/ Yoast SEO Premium plugin. -->","yoast_head_json":{"title":"Des infrastructures et \u00e9quipements pour soulager les communaut\u00e9s de Bawi et Kound\u00e9. - centrafricaine","description":"Bangui, R\u00e9publique centrafricaine, mercredi, 21 juillet 2021, 03:15:05 ( Corbeaunews-Centrafrique ). Pour esp\u00e9 ...","robots":{"index":"index","follow":"follow","max-snippet":"max-snippet:-1","max-image-preview":"max-image-preview:large","max-video-preview":"max-video-preview:-1"},"canonical":"https:\/\/www.africa-press.net\/centrafricaine\/toutes-les-actualites\/centrafrique-des-infrastructures-et-equipements-pour-soulager-les-communautes-de-bawi-et-kounde-2","og_locale":"fr_FR","og_type":"article","og_title":"Des infrastructures et \u00e9quipements pour soulager les communaut\u00e9s de Bawi et Kound\u00e9.","og_description":"Bangui, R\u00e9publique centrafricaine, mercredi, 21 juillet 2021, 03:15:05 ( Corbeaunews-Centrafrique ). Pour esp\u00e9 ...","og_url":"https:\/\/www.africa-press.net\/centrafricaine\/toutes-les-actualites\/centrafrique-des-infrastructures-et-equipements-pour-soulager-les-communautes-de-bawi-et-kounde-2","og_site_name":"centrafricaine","article_published_time":"2021-07-22T15:46:49+00:00","article_modified_time":"2021-07-22T18:57:07+00:00","og_image":[{"width":720,"height":416,"url":"https:\/\/static.africa-press.net\/centrafricaine\/sites\/45\/2021\/07\/img-60f990fc2f051.jpg","type":"image\/jpeg"}],"author":"cfeditorfr","twitter_card":"summary_large_image","twitter_misc":{"\u00c9crit par":"cfeditorfr","Dur\u00e9e de lecture estim\u00e9e":"3 minutes"},"schema":{"@context":"https:\/\/schema.org","@graph":[{"@type":"Article","@id":"https:\/\/www.africa-press.net\/centrafricaine\/toutes-les-actualites\/centrafrique-des-infrastructures-et-equipements-pour-soulager-les-communautes-de-bawi-et-kounde-2#article","isPartOf":{"@id":"https:\/\/www.africa-press.net\/centrafricaine\/toutes-les-actualites\/centrafrique-des-infrastructures-et-equipements-pour-soulager-les-communautes-de-bawi-et-kounde-2"},"author":{"name":"cfeditorfr","@id":"https:\/\/www.africa-press.net\/centrafricaine\/#\/schema\/person\/2b1cf3cd81a31e3cd26889ca66d677f1"},"headline":"Des infrastructures et \u00e9quipements pour soulager les communaut\u00e9s de Bawi et Kound\u00e9.","datePublished":"2021-07-22T15:46:49+00:00","dateModified":"2021-07-22T18:57:07+00:00","mainEntityOfPage":{"@id":"https:\/\/www.africa-press.net\/centrafricaine\/toutes-les-actualites\/centrafrique-des-infrastructures-et-equipements-pour-soulager-les-communautes-de-bawi-et-kounde-2"},"wordCount":580,"commentCount":0,"image":{"@id":"https:\/\/www.africa-press.net\/centrafricaine\/toutes-les-actualites\/centrafrique-des-infrastructures-et-equipements-pour-soulager-les-communautes-de-bawi-et-kounde-2#primaryimage"},"thumbnailUrl":"https:\/\/static.africa-press.net\/centrafricaine\/sites\/45\/2021\/07\/img-60f990fc2f051.jpg","keywords":["Africa Press","Africa Press-CentrAfricaine","CentrAfricaine"],"articleSection":["Communaut\u00e9","homepage-french","Toutes les actualit\u00e9s"],"inLanguage":"fr-FR","potentialAction":[{"@type":"CommentAction","name":"Comment","target":["https:\/\/www.africa-press.net\/centrafricaine\/toutes-les-actualites\/centrafrique-des-infrastructures-et-equipements-pour-soulager-les-communautes-de-bawi-et-kounde-2#respond"]}]},{"@type":"WebPage","@id":"https:\/\/www.africa-press.net\/centrafricaine\/toutes-les-actualites\/centrafrique-des-infrastructures-et-equipements-pour-soulager-les-communautes-de-bawi-et-kounde-2","url":"https:\/\/www.africa-press.net\/centrafricaine\/toutes-les-actualites\/centrafrique-des-infrastructures-et-equipements-pour-soulager-les-communautes-de-bawi-et-kounde-2","name":"Des infrastructures et \u00e9quipements pour soulager les communaut\u00e9s de Bawi et Kound\u00e9. - centrafricaine","isPartOf":{"@id":"https:\/\/www.africa-press.net\/centrafricaine\/#website"},"primaryImageOfPage":{"@id":"https:\/\/www.africa-press.net\/centrafricaine\/toutes-les-actualites\/centrafrique-des-infrastructures-et-equipements-pour-soulager-les-communautes-de-bawi-et-kounde-2#primaryimage"},"image":{"@id":"https:\/\/www.africa-press.net\/centrafricaine\/toutes-les-actualites\/centrafrique-des-infrastructures-et-equipements-pour-soulager-les-communautes-de-bawi-et-kounde-2#primaryimage"},"thumbnailUrl":"https:\/\/static.africa-press.net\/centrafricaine\/sites\/45\/2021\/07\/img-60f990fc2f051.jpg","datePublished":"2021-07-22T15:46:49+00:00","dateModified":"2021-07-22T18:57:07+00:00","author":{"@id":"https:\/\/www.africa-press.net\/centrafricaine\/#\/schema\/person\/2b1cf3cd81a31e3cd26889ca66d677f1"},"description":"Bangui, R\u00e9publique centrafricaine, mercredi, 21 juillet 2021, 03:15:05 ( Corbeaunews-Centrafrique ). Pour esp\u00e9 ...","breadcrumb":{"@id":"https:\/\/www.africa-press.net\/centrafricaine\/toutes-les-actualites\/centrafrique-des-infrastructures-et-equipements-pour-soulager-les-communautes-de-bawi-et-kounde-2#breadcrumb"},"inLanguage":"fr-FR","potentialAction":[{"@type":"ReadAction","target":["https:\/\/www.africa-press.net\/centrafricaine\/toutes-les-actualites\/centrafrique-des-infrastructures-et-equipements-pour-soulager-les-communautes-de-bawi-et-kounde-2"]}]},{"@type":"ImageObject","inLanguage":"fr-FR","@id":"https:\/\/www.africa-press.net\/centrafricaine\/toutes-les-actualites\/centrafrique-des-infrastructures-et-equipements-pour-soulager-les-communautes-de-bawi-et-kounde-2#primaryimage","url":"https:\/\/static.africa-press.net\/centrafricaine\/sites\/45\/2021\/07\/img-60f990fc2f051.jpg","contentUrl":"https:\/\/static.africa-press.net\/centrafricaine\/sites\/45\/2021\/07\/img-60f990fc2f051.jpg","width":720,"height":416,"caption":"Centrafrique : Des infrastructures et \u00e9quipements pour soulager les communaut\u00e9s de Bawi et Kound\u00e9."},{"@type":"BreadcrumbList","@id":"https:\/\/www.africa-press.net\/centrafricaine\/toutes-les-actualites\/centrafrique-des-infrastructures-et-equipements-pour-soulager-les-communautes-de-bawi-et-kounde-2#breadcrumb","itemListElement":[{"@type":"ListItem","position":1,"name":"Accueil","item":"https:\/\/www.africa-press.net\/centrafricaine\/"},{"@type":"ListItem","position":2,"name":"Des infrastructures et \u00e9quipements pour soulager les communaut\u00e9s de Bawi et Kound\u00e9."}]},{"@type":"WebSite","@id":"https:\/\/www.africa-press.net\/centrafricaine\/#website","url":"https:\/\/www.africa-press.net\/centrafricaine\/","name":"centrafricaine","description":"Just another Africa News Agency Sites site","potentialAction":[{"@type":"SearchAction","target":{"@type":"EntryPoint","urlTemplate":"https:\/\/www.africa-press.net\/centrafricaine\/?s={search_term_string}"},"query-input":{"@type":"PropertyValueSpecification","valueRequired":true,"valueName":"search_term_string"}}],"inLanguage":"fr-FR"},{"@type":"Person","@id":"https:\/\/www.africa-press.net\/centrafricaine\/#\/schema\/person\/2b1cf3cd81a31e3cd26889ca66d677f1","name":"cfeditorfr"}]}},"_links":{"self":[{"href":"https:\/\/www.africa-press.net\/centrafricaine\/wp-json\/wp\/v2\/posts\/9135","targetHints":{"allow":["GET"]}}],"collection":[{"href":"https:\/\/www.africa-press.net\/centrafricaine\/wp-json\/wp\/v2\/posts"}],"about":[{"href":"https:\/\/www.africa-press.net\/centrafricaine\/wp-json\/wp\/v2\/types\/post"}],"author":[{"embeddable":true,"href":"https:\/\/www.africa-press.net\/centrafricaine\/wp-json\/wp\/v2\/users\/82"}],"replies":[{"embeddable":true,"href":"https:\/\/www.africa-press.net\/centrafricaine\/wp-json\/wp\/v2\/comments?post=9135"}],"version-history":[{"count":0,"href":"https:\/\/www.africa-press.net\/centrafricaine\/wp-json\/wp\/v2\/posts\/9135\/revisions"}],"wp:featuredmedia":[{"embeddable":true,"href":"https:\/\/www.africa-press.net\/centrafricaine\/wp-json\/wp\/v2\/media\/9134"}],"wp:attachment":[{"href":"https:\/\/www.africa-press.net\/centrafricaine\/wp-json\/wp\/v2\/media?parent=9135"}],"wp:term":[{"taxonomy":"category","embeddable":true,"href":"https:\/\/www.africa-press.net\/centrafricaine\/wp-json\/wp\/v2\/categories?post=9135"},{"taxonomy":"post_tag","embeddable":true,"href":"https:\/\/www.africa-press.net\/centrafricaine\/wp-json\/wp\/v2\/tags?post=9135"}],"curies":[{"name":"wp","href":"https:\/\/api.w.org\/{rel}","templated":true}]}}