{"id":9144,"date":"2021-07-22T16:10:32","date_gmt":"2021-07-22T16:10:32","guid":{"rendered":"https:\/\/www.africa-press.net\/centrafricaine\/?p=9144"},"modified":"2021-07-22T18:58:38","modified_gmt":"2021-07-22T18:58:38","slug":"centrafrique-les-vieux-demons-sont-de-retour-2","status":"publish","type":"post","link":"https:\/\/www.africa-press.net\/centrafricaine\/dossiers\/centrafrique-les-vieux-demons-sont-de-retour-2","title":{"rendered":"les vieux d\u00e9mons sont de retour"},"content":{"rendered":"<p><span style=\"color: #ff6600\"><strong><a href=\"https:\/\/www.africa-press.net\/\">Africa-Press<\/a> &#8211; <a href=\"https:\/\/www.africa-press.net\/centrafricaine\">CentrAfricaine<\/a>.\u00a0 <\/strong><\/span>Il y a quelques semaines, ils ont annonc\u00e9 une tr\u00eave unilat\u00e9rale de trois mois, dans le but de donner une chance \u00e0 une prise de conscience de la France pour revoir sa feuille de route et se positionner du c\u00f4t\u00e9 de la raison et du peuple centrafricain. Mais \u00e0 la surprise de tous, depuis quatre jours, la tr\u00eave annonc\u00e9e est rompue, et les hostilit\u00e9s red\u00e9marrent de plus belle. Dans un communiqu\u00e9 publi\u00e9 ce mercredi 21 juillet, le coordonnateur g\u00e9n\u00e9ral de TalithaKoum, Monsieur Didatien Kossimatchi sort de ses gonds et s\u2019insurge contre la France suite au refus de visas Schengen aux membres du parlement centrafricain.<\/p>\n<p>Pour le coordonnateur de TalithaKoum, le catalyseur de la frustration diplomatique entre la France et la R\u00e9publique centrafricaine serait Monsieur Jean-Marc Grosgurin , l\u2019ambassadeur de France en RCA.<\/p>\n<p><b>\u00ab TalithaKoum, par ma voix, n\u2019a cess\u00e9 de d\u00e9noncer les complots ourdis et grossiers de certaines puissances contre notre cher et beau pays la R\u00e9publique centrafricaine. En effet, notre pays fait face \u00e0 un plan de d\u00e9stabilisation savamment mis en \u0153uvre par la puissance coloniale Fran\u00e7aise, qui, voyant son influence se r\u00e9duire comme peau de chagrin dans son ancien pr\u00e9carr\u00e9, a d\u00e9cid\u00e9 purement et simplement de rendre ingouvernables nos \u00c9tats aux fins d\u2019imposer son plan machiav\u00e9lique \u00bb<\/b><\/p>\n<p>, a d\u00e9clar\u00e9 dans un communiqu\u00e9 Monsieur Didatien Kossimatchi.<\/p>\n<p>\u00c0 cause d\u2019un simple refus de visa, ces vieux d\u00e9mons sont de retour. Ils semblent ignorer que dans une ambassade normale, c\u2019est le consulat qui g\u00e8re ind\u00e9pendamment les dossiers du visa. Et au lieu de demander un visa de quelques jours, les parlementaires du MCU pr\u00e9f\u00e8rent solliciter un visa d\u2019un an avec \u00ab l\u2019entr\u00e9e multiple \u00bb. Comme si ce sont eux qui g\u00e8rent la France en RCA. Ils oublient que ce genre de visa est octroy\u00e9 si le demandeur a obtenu dans le pass\u00e9 r\u00e9cent plusieurs fois successivement les visas de moins de trois mois. En plus, \u00e9tant parlementaire, pourquoi demander un visa d\u2019une ann\u00e9e avec entr\u00e9e multiple ?<\/p>\n<p>Le fait qu\u2019ils demandent un visa de long s\u00e9jour r\u00e9serv\u00e9 au regroupement familial, cela peut jouer n\u00e9gativement sur le r\u00e9sultat attendu.<\/p>\n<p>Pour les partisans du chef de l\u2019\u00c9tat, le fait d\u2019\u00eatre ministre ou d\u00e9put\u00e9 est synonyme d\u2019un visa pour la France ou \u00c9tats-Unis. En plus, il ne faut pas oublier le pass\u00e9 r\u00e9cent de Monsieur \u00c9variste Ngamana, premier vice-pr\u00e9sident de l\u2019assembl\u00e9e nationale. C\u2019est un ex-chef milicien<\/p>\n<p>Anti-balaka. Il a des sangs des centrafricains entre ses mains. Ce qui pourrait justifier le refus d\u2019un visa comme au Canada et \u00c9tats-Unis.<\/p>\n<p>Rappelons que depuis quatre jours, cette affaire de visa fait la Une des m\u00e9dias pro-pouvoir qui ne cesse de critiquer la France et son ambassadeur en RCA. Pourtant, un d\u00e9put\u00e9 centrafricain avait \u00e9t\u00e9 interdit par les autorit\u00e9s centrafricaines de se rendre en Afrique du sud pour participer \u00e0 l\u2019ouverture de la session du parlement panafricain.<\/p>\n<p><b>\u00a0<\/b><\/p>\n","protected":false},"excerpt":{"rendered":"<p>Africa-Press &#8211; CentrAfricaine.\u00a0 Il y a quelques semaines, ils ont annonc\u00e9 une tr\u00eave unilat\u00e9rale de trois mois, dans le but de donner une chance \u00e0 une prise de conscience de la France pour revoir sa feuille de route et se positionner du c\u00f4t\u00e9 de la raison et du peuple centrafricain. Mais \u00e0 la surprise de [&hellip;]<\/p>\n","protected":false},"author":82,"featured_media":9143,"comment_status":"open","ping_status":"closed","sticky":false,"template":"","format":"standard","meta":{"footnotes":""},"categories":[7,11,20,10],"tags":[36,58,30],"class_list":["post-9144","post","type-post","status-publish","format-standard","has-post-thumbnail","hentry","category-dossiers","category-homepage-french","category-top-nouvelles","category-toutes-les-actualites","tag-africa-press","tag-africa-press-centrafricaine","tag-centrafricaine"],"yoast_head":"<!-- This site is optimized with the Yoast SEO Premium plugin v26.1 (Yoast SEO v27.0) - https:\/\/yoast.com\/product\/yoast-seo-premium-wordpress\/ -->\n<title>les vieux d\u00e9mons sont de retour - centrafricaine<\/title>\n<meta name=\"description\" content=\"Bangui, R\u00e9publique centrafricaine, mercredi, 21 juillet 2021, 03:56:28 ( Corbeaunews-Centrafrique ). Il y a quel ...\" \/>\n<meta name=\"robots\" content=\"index, follow, max-snippet:-1, max-image-preview:large, max-video-preview:-1\" \/>\n<link rel=\"canonical\" href=\"https:\/\/www.africa-press.net\/centrafricaine\/dossiers\/centrafrique-les-vieux-demons-sont-de-retour-2\" \/>\n<meta property=\"og:locale\" content=\"fr_FR\" \/>\n<meta property=\"og:type\" content=\"article\" \/>\n<meta property=\"og:title\" content=\"les vieux d\u00e9mons sont de retour\" \/>\n<meta property=\"og:description\" content=\"Bangui, R\u00e9publique centrafricaine, mercredi, 21 juillet 2021, 03:56:28 ( Corbeaunews-Centrafrique ). Il y a quel ...\" \/>\n<meta property=\"og:url\" content=\"https:\/\/www.africa-press.net\/centrafricaine\/dossiers\/centrafrique-les-vieux-demons-sont-de-retour-2\" \/>\n<meta property=\"og:site_name\" content=\"centrafricaine\" \/>\n<meta property=\"article:published_time\" content=\"2021-07-22T16:10:32+00:00\" \/>\n<meta property=\"article:modified_time\" content=\"2021-07-22T18:58:38+00:00\" \/>\n<meta property=\"og:image\" content=\"https:\/\/static.africa-press.net\/centrafricaine\/sites\/45\/2021\/07\/img-60f9916175f09.jpg\" \/>\n\t<meta property=\"og:image:width\" content=\"1000\" \/>\n\t<meta property=\"og:image:height\" content=\"882\" \/>\n\t<meta property=\"og:image:type\" content=\"image\/jpeg\" \/>\n<meta name=\"author\" content=\"cfeditorfr\" \/>\n<meta name=\"twitter:card\" content=\"summary_large_image\" \/>\n<meta name=\"twitter:label1\" content=\"\u00c9crit par\" \/>\n\t<meta name=\"twitter:data1\" content=\"cfeditorfr\" \/>\n\t<meta name=\"twitter:label2\" content=\"Dur\u00e9e de lecture estim\u00e9e\" \/>\n\t<meta name=\"twitter:data2\" content=\"3 minutes\" \/>\n<script type=\"application\/ld+json\" class=\"yoast-schema-graph\">{\"@context\":\"https:\/\/schema.org\",\"@graph\":[{\"@type\":\"Article\",\"@id\":\"https:\/\/www.africa-press.net\/centrafricaine\/dossiers\/centrafrique-les-vieux-demons-sont-de-retour-2#article\",\"isPartOf\":{\"@id\":\"https:\/\/www.africa-press.net\/centrafricaine\/dossiers\/centrafrique-les-vieux-demons-sont-de-retour-2\"},\"author\":{\"name\":\"cfeditorfr\",\"@id\":\"https:\/\/www.africa-press.net\/centrafricaine\/#\/schema\/person\/2b1cf3cd81a31e3cd26889ca66d677f1\"},\"headline\":\"les vieux d\u00e9mons sont de retour\",\"datePublished\":\"2021-07-22T16:10:32+00:00\",\"dateModified\":\"2021-07-22T18:58:38+00:00\",\"mainEntityOfPage\":{\"@id\":\"https:\/\/www.africa-press.net\/centrafricaine\/dossiers\/centrafrique-les-vieux-demons-sont-de-retour-2\"},\"wordCount\":525,\"commentCount\":0,\"image\":{\"@id\":\"https:\/\/www.africa-press.net\/centrafricaine\/dossiers\/centrafrique-les-vieux-demons-sont-de-retour-2#primaryimage\"},\"thumbnailUrl\":\"https:\/\/static.africa-press.net\/centrafricaine\/sites\/45\/2021\/07\/img-60f9916175f09.jpg\",\"keywords\":[\"Africa Press\",\"Africa Press-CentrAfricaine\",\"CentrAfricaine\"],\"articleSection\":[\"Dossiers\",\"homepage-french\",\"Top Nouvelles\",\"Toutes les actualit\u00e9s\"],\"inLanguage\":\"fr-FR\",\"potentialAction\":[{\"@type\":\"CommentAction\",\"name\":\"Comment\",\"target\":[\"https:\/\/www.africa-press.net\/centrafricaine\/dossiers\/centrafrique-les-vieux-demons-sont-de-retour-2#respond\"]}]},{\"@type\":\"WebPage\",\"@id\":\"https:\/\/www.africa-press.net\/centrafricaine\/dossiers\/centrafrique-les-vieux-demons-sont-de-retour-2\",\"url\":\"https:\/\/www.africa-press.net\/centrafricaine\/dossiers\/centrafrique-les-vieux-demons-sont-de-retour-2\",\"name\":\"les vieux d\u00e9mons sont de retour - centrafricaine\",\"isPartOf\":{\"@id\":\"https:\/\/www.africa-press.net\/centrafricaine\/#website\"},\"primaryImageOfPage\":{\"@id\":\"https:\/\/www.africa-press.net\/centrafricaine\/dossiers\/centrafrique-les-vieux-demons-sont-de-retour-2#primaryimage\"},\"image\":{\"@id\":\"https:\/\/www.africa-press.net\/centrafricaine\/dossiers\/centrafrique-les-vieux-demons-sont-de-retour-2#primaryimage\"},\"thumbnailUrl\":\"https:\/\/static.africa-press.net\/centrafricaine\/sites\/45\/2021\/07\/img-60f9916175f09.jpg\",\"datePublished\":\"2021-07-22T16:10:32+00:00\",\"dateModified\":\"2021-07-22T18:58:38+00:00\",\"author\":{\"@id\":\"https:\/\/www.africa-press.net\/centrafricaine\/#\/schema\/person\/2b1cf3cd81a31e3cd26889ca66d677f1\"},\"description\":\"Bangui, R\u00e9publique centrafricaine, mercredi, 21 juillet 2021, 03:56:28 ( Corbeaunews-Centrafrique ). Il y a quel ...\",\"breadcrumb\":{\"@id\":\"https:\/\/www.africa-press.net\/centrafricaine\/dossiers\/centrafrique-les-vieux-demons-sont-de-retour-2#breadcrumb\"},\"inLanguage\":\"fr-FR\",\"potentialAction\":[{\"@type\":\"ReadAction\",\"target\":[\"https:\/\/www.africa-press.net\/centrafricaine\/dossiers\/centrafrique-les-vieux-demons-sont-de-retour-2\"]}]},{\"@type\":\"ImageObject\",\"inLanguage\":\"fr-FR\",\"@id\":\"https:\/\/www.africa-press.net\/centrafricaine\/dossiers\/centrafrique-les-vieux-demons-sont-de-retour-2#primaryimage\",\"url\":\"https:\/\/static.africa-press.net\/centrafricaine\/sites\/45\/2021\/07\/img-60f9916175f09.jpg\",\"contentUrl\":\"https:\/\/static.africa-press.net\/centrafricaine\/sites\/45\/2021\/07\/img-60f9916175f09.jpg\",\"width\":1000,\"height\":882,\"caption\":\"Centrafrique\u00a0: les vieux d\u00e9mons sont de retour\"},{\"@type\":\"BreadcrumbList\",\"@id\":\"https:\/\/www.africa-press.net\/centrafricaine\/dossiers\/centrafrique-les-vieux-demons-sont-de-retour-2#breadcrumb\",\"itemListElement\":[{\"@type\":\"ListItem\",\"position\":1,\"name\":\"Accueil\",\"item\":\"https:\/\/www.africa-press.net\/centrafricaine\/\"},{\"@type\":\"ListItem\",\"position\":2,\"name\":\"les vieux d\u00e9mons sont de retour\"}]},{\"@type\":\"WebSite\",\"@id\":\"https:\/\/www.africa-press.net\/centrafricaine\/#website\",\"url\":\"https:\/\/www.africa-press.net\/centrafricaine\/\",\"name\":\"centrafricaine\",\"description\":\"Just another Africa News Agency Sites site\",\"potentialAction\":[{\"@type\":\"SearchAction\",\"target\":{\"@type\":\"EntryPoint\",\"urlTemplate\":\"https:\/\/www.africa-press.net\/centrafricaine\/?s={search_term_string}\"},\"query-input\":{\"@type\":\"PropertyValueSpecification\",\"valueRequired\":true,\"valueName\":\"search_term_string\"}}],\"inLanguage\":\"fr-FR\"},{\"@type\":\"Person\",\"@id\":\"https:\/\/www.africa-press.net\/centrafricaine\/#\/schema\/person\/2b1cf3cd81a31e3cd26889ca66d677f1\",\"name\":\"cfeditorfr\"}]}<\/script>\n<!-- \/ Yoast SEO Premium plugin. -->","yoast_head_json":{"title":"les vieux d\u00e9mons sont de retour - centrafricaine","description":"Bangui, R\u00e9publique centrafricaine, mercredi, 21 juillet 2021, 03:56:28 ( Corbeaunews-Centrafrique ). Il y a quel ...","robots":{"index":"index","follow":"follow","max-snippet":"max-snippet:-1","max-image-preview":"max-image-preview:large","max-video-preview":"max-video-preview:-1"},"canonical":"https:\/\/www.africa-press.net\/centrafricaine\/dossiers\/centrafrique-les-vieux-demons-sont-de-retour-2","og_locale":"fr_FR","og_type":"article","og_title":"les vieux d\u00e9mons sont de retour","og_description":"Bangui, R\u00e9publique centrafricaine, mercredi, 21 juillet 2021, 03:56:28 ( Corbeaunews-Centrafrique ). Il y a quel ...","og_url":"https:\/\/www.africa-press.net\/centrafricaine\/dossiers\/centrafrique-les-vieux-demons-sont-de-retour-2","og_site_name":"centrafricaine","article_published_time":"2021-07-22T16:10:32+00:00","article_modified_time":"2021-07-22T18:58:38+00:00","og_image":[{"width":1000,"height":882,"url":"https:\/\/static.africa-press.net\/centrafricaine\/sites\/45\/2021\/07\/img-60f9916175f09.jpg","type":"image\/jpeg"}],"author":"cfeditorfr","twitter_card":"summary_large_image","twitter_misc":{"\u00c9crit par":"cfeditorfr","Dur\u00e9e de lecture estim\u00e9e":"3 minutes"},"schema":{"@context":"https:\/\/schema.org","@graph":[{"@type":"Article","@id":"https:\/\/www.africa-press.net\/centrafricaine\/dossiers\/centrafrique-les-vieux-demons-sont-de-retour-2#article","isPartOf":{"@id":"https:\/\/www.africa-press.net\/centrafricaine\/dossiers\/centrafrique-les-vieux-demons-sont-de-retour-2"},"author":{"name":"cfeditorfr","@id":"https:\/\/www.africa-press.net\/centrafricaine\/#\/schema\/person\/2b1cf3cd81a31e3cd26889ca66d677f1"},"headline":"les vieux d\u00e9mons sont de retour","datePublished":"2021-07-22T16:10:32+00:00","dateModified":"2021-07-22T18:58:38+00:00","mainEntityOfPage":{"@id":"https:\/\/www.africa-press.net\/centrafricaine\/dossiers\/centrafrique-les-vieux-demons-sont-de-retour-2"},"wordCount":525,"commentCount":0,"image":{"@id":"https:\/\/www.africa-press.net\/centrafricaine\/dossiers\/centrafrique-les-vieux-demons-sont-de-retour-2#primaryimage"},"thumbnailUrl":"https:\/\/static.africa-press.net\/centrafricaine\/sites\/45\/2021\/07\/img-60f9916175f09.jpg","keywords":["Africa Press","Africa Press-CentrAfricaine","CentrAfricaine"],"articleSection":["Dossiers","homepage-french","Top Nouvelles","Toutes les actualit\u00e9s"],"inLanguage":"fr-FR","potentialAction":[{"@type":"CommentAction","name":"Comment","target":["https:\/\/www.africa-press.net\/centrafricaine\/dossiers\/centrafrique-les-vieux-demons-sont-de-retour-2#respond"]}]},{"@type":"WebPage","@id":"https:\/\/www.africa-press.net\/centrafricaine\/dossiers\/centrafrique-les-vieux-demons-sont-de-retour-2","url":"https:\/\/www.africa-press.net\/centrafricaine\/dossiers\/centrafrique-les-vieux-demons-sont-de-retour-2","name":"les vieux d\u00e9mons sont de retour - centrafricaine","isPartOf":{"@id":"https:\/\/www.africa-press.net\/centrafricaine\/#website"},"primaryImageOfPage":{"@id":"https:\/\/www.africa-press.net\/centrafricaine\/dossiers\/centrafrique-les-vieux-demons-sont-de-retour-2#primaryimage"},"image":{"@id":"https:\/\/www.africa-press.net\/centrafricaine\/dossiers\/centrafrique-les-vieux-demons-sont-de-retour-2#primaryimage"},"thumbnailUrl":"https:\/\/static.africa-press.net\/centrafricaine\/sites\/45\/2021\/07\/img-60f9916175f09.jpg","datePublished":"2021-07-22T16:10:32+00:00","dateModified":"2021-07-22T18:58:38+00:00","author":{"@id":"https:\/\/www.africa-press.net\/centrafricaine\/#\/schema\/person\/2b1cf3cd81a31e3cd26889ca66d677f1"},"description":"Bangui, R\u00e9publique centrafricaine, mercredi, 21 juillet 2021, 03:56:28 ( Corbeaunews-Centrafrique ). Il y a quel ...","breadcrumb":{"@id":"https:\/\/www.africa-press.net\/centrafricaine\/dossiers\/centrafrique-les-vieux-demons-sont-de-retour-2#breadcrumb"},"inLanguage":"fr-FR","potentialAction":[{"@type":"ReadAction","target":["https:\/\/www.africa-press.net\/centrafricaine\/dossiers\/centrafrique-les-vieux-demons-sont-de-retour-2"]}]},{"@type":"ImageObject","inLanguage":"fr-FR","@id":"https:\/\/www.africa-press.net\/centrafricaine\/dossiers\/centrafrique-les-vieux-demons-sont-de-retour-2#primaryimage","url":"https:\/\/static.africa-press.net\/centrafricaine\/sites\/45\/2021\/07\/img-60f9916175f09.jpg","contentUrl":"https:\/\/static.africa-press.net\/centrafricaine\/sites\/45\/2021\/07\/img-60f9916175f09.jpg","width":1000,"height":882,"caption":"Centrafrique\u00a0: les vieux d\u00e9mons sont de retour"},{"@type":"BreadcrumbList","@id":"https:\/\/www.africa-press.net\/centrafricaine\/dossiers\/centrafrique-les-vieux-demons-sont-de-retour-2#breadcrumb","itemListElement":[{"@type":"ListItem","position":1,"name":"Accueil","item":"https:\/\/www.africa-press.net\/centrafricaine\/"},{"@type":"ListItem","position":2,"name":"les vieux d\u00e9mons sont de retour"}]},{"@type":"WebSite","@id":"https:\/\/www.africa-press.net\/centrafricaine\/#website","url":"https:\/\/www.africa-press.net\/centrafricaine\/","name":"centrafricaine","description":"Just another Africa News Agency Sites site","potentialAction":[{"@type":"SearchAction","target":{"@type":"EntryPoint","urlTemplate":"https:\/\/www.africa-press.net\/centrafricaine\/?s={search_term_string}"},"query-input":{"@type":"PropertyValueSpecification","valueRequired":true,"valueName":"search_term_string"}}],"inLanguage":"fr-FR"},{"@type":"Person","@id":"https:\/\/www.africa-press.net\/centrafricaine\/#\/schema\/person\/2b1cf3cd81a31e3cd26889ca66d677f1","name":"cfeditorfr"}]}},"_links":{"self":[{"href":"https:\/\/www.africa-press.net\/centrafricaine\/wp-json\/wp\/v2\/posts\/9144","targetHints":{"allow":["GET"]}}],"collection":[{"href":"https:\/\/www.africa-press.net\/centrafricaine\/wp-json\/wp\/v2\/posts"}],"about":[{"href":"https:\/\/www.africa-press.net\/centrafricaine\/wp-json\/wp\/v2\/types\/post"}],"author":[{"embeddable":true,"href":"https:\/\/www.africa-press.net\/centrafricaine\/wp-json\/wp\/v2\/users\/82"}],"replies":[{"embeddable":true,"href":"https:\/\/www.africa-press.net\/centrafricaine\/wp-json\/wp\/v2\/comments?post=9144"}],"version-history":[{"count":0,"href":"https:\/\/www.africa-press.net\/centrafricaine\/wp-json\/wp\/v2\/posts\/9144\/revisions"}],"wp:featuredmedia":[{"embeddable":true,"href":"https:\/\/www.africa-press.net\/centrafricaine\/wp-json\/wp\/v2\/media\/9143"}],"wp:attachment":[{"href":"https:\/\/www.africa-press.net\/centrafricaine\/wp-json\/wp\/v2\/media?parent=9144"}],"wp:term":[{"taxonomy":"category","embeddable":true,"href":"https:\/\/www.africa-press.net\/centrafricaine\/wp-json\/wp\/v2\/categories?post=9144"},{"taxonomy":"post_tag","embeddable":true,"href":"https:\/\/www.africa-press.net\/centrafricaine\/wp-json\/wp\/v2\/tags?post=9144"}],"curies":[{"name":"wp","href":"https:\/\/api.w.org\/{rel}","templated":true}]}}