{"id":9159,"date":"2021-07-22T16:11:14","date_gmt":"2021-07-22T16:11:14","guid":{"rendered":"https:\/\/www.africa-press.net\/centrafricaine\/?p=9159"},"modified":"2021-07-22T18:58:53","modified_gmt":"2021-07-22T18:58:53","slug":"sortie-de-prison-temporaire-pour-jacob-zuma","status":"publish","type":"post","link":"https:\/\/www.africa-press.net\/centrafricaine\/politique\/sortie-de-prison-temporaire-pour-jacob-zuma","title":{"rendered":"Sortie de prison temporaire pour Jacob Zuma"},"content":{"rendered":"<p><span style=\"color: #ff6600\"><strong><a href=\"https:\/\/www.africa-press.net\/\">Africa-Press<\/a> &#8211; <a href=\"https:\/\/www.africa-press.net\/centrafricaine\">CentrAfricaine<\/a>. <\/strong><\/span><b>\u00a0L\u2019ex-pr\u00e9sident sud-africain Jacob Zuma, emprisonn\u00e9 pour outrage \u00e0 la justice, va b\u00e9n\u00e9ficier d\u2019une autorisation de sortie exceptionnelle pour assister aux fun\u00e9railles de son fr\u00e8re jeudi, ont annonc\u00e9 les autorit\u00e9s p\u00e9nitentiaires.<\/b><\/p>\n<p>\u201cEn tant que d\u00e9tenu class\u00e9 \u00e0 court terme et \u00e0 faible risque, la demande de cong\u00e9 pour raisons familiales de M. Zuma a \u00e9t\u00e9 approuv\u00e9e\u201d, a indiqu\u00e9 le d\u00e9partement des Services correctionnels dans un communiqu\u00e9 jeudi.Les d\u00e9tenus b\u00e9n\u00e9ficiant de ce genre de mesures ne sont pas tenus de porter leur uniforme de prisonnier en dehors des \u00e9tablissements correctionnels, a pr\u00e9cis\u00e9 le communiqu\u00e9. Les fun\u00e9railles de Michael, le fr\u00e8re de Zuma, d\u00e9c\u00e9d\u00e9 \u00e0 77 ans d\u2019une longue maladie, devraient avoir lieu plus tard ce jeudi \u00e0 Nkandla (est), o\u00f9 l\u2019ex-pr\u00e9sident est particuli\u00e8rement populaire.En Afrique du Sud, les d\u00e9tenus sont g\u00e9n\u00e9ralement autoris\u00e9s \u00e0 assister aux fun\u00e9railles de leurs proches, un droit refus\u00e9 au premier pr\u00e9sident noir du pays, Nelson Mandela, lorsqu\u2019il \u00e9tait emprisonn\u00e9 pour avoir combattu le r\u00e9gime d\u2019apartheid.Apr\u00e8s neuf ans aux commandes de l\u2019\u00c9tat, Jacob Zuma a \u00e9t\u00e9 \u00e9vinc\u00e9 par le parti au pouvoir, le Congr\u00e8s national africain (ANC), en 2018, \u00e0 la suite d\u2019une s\u00e9rie de scandales de pots-de-vin survenus pendant sa pr\u00e9sidence.Condamn\u00e9 \u00e0 15 mois de prison pour outrage \u00e0 magistrat le mois dernier, apr\u00e8s avoir refus\u00e9 de r\u00e9pondre aux enqu\u00eateurs, il est incarc\u00e9r\u00e9 depuis le 8 juillet dans une prison de la ville d\u2019Estcourt, dans l\u2019est du pays, \u00e0 environ une heure de route de son domicile rural de Nkandla.Son incarc\u00e9ration a d\u00e9clench\u00e9 des \u00e9meutes et des pillages qui ont d\u00e9g\u00e9n\u00e9r\u00e9 dans les pires violences depuis la fin de l\u2019apartheid, faisant au moins 276 morts, selon le bilan officiel.M. Zuma, surnomm\u00e9 le \u201cpr\u00e9sident Teflon\u201d pour son habilet\u00e9 \u00e0 \u00e9chapper \u00e0 la justice, doit encore r\u00e9pondre de seize chefs d\u2019accusation de fraude, corruption et racket li\u00e9s \u00e0 l\u2019achat, en 1999, de mat\u00e9riel militaire aupr\u00e8s de cinq soci\u00e9t\u00e9s d\u2019armement europ\u00e9ennes, alors qu\u2019il \u00e9tait vice-pr\u00e9sident.L\u2019ex-dirigeant charismatique conserve cependant de soutiens fervents, tant au sein de l\u2019ANC que parmi le grand public, en particulier dans sa province du Kwazulu-Natal (KZN, est).<\/p>\n<p>&nbsp;<\/p>\n","protected":false},"excerpt":{"rendered":"<p>Africa-Press &#8211; CentrAfricaine. \u00a0L\u2019ex-pr\u00e9sident sud-africain Jacob Zuma, emprisonn\u00e9 pour outrage \u00e0 la justice, va b\u00e9n\u00e9ficier d\u2019une autorisation de sortie exceptionnelle pour assister aux fun\u00e9railles de son fr\u00e8re jeudi, ont annonc\u00e9 les autorit\u00e9s p\u00e9nitentiaires. \u201cEn tant que d\u00e9tenu class\u00e9 \u00e0 court terme et \u00e0 faible risque, la demande de cong\u00e9 pour raisons familiales de M. Zuma [&hellip;]<\/p>\n","protected":false},"author":82,"featured_media":9158,"comment_status":"open","ping_status":"closed","sticky":false,"template":"","format":"standard","meta":{"footnotes":""},"categories":[11,2,10],"tags":[36,58,30],"class_list":["post-9159","post","type-post","status-publish","format-standard","has-post-thumbnail","hentry","category-homepage-french","category-politique","category-toutes-les-actualites","tag-africa-press","tag-africa-press-centrafricaine","tag-centrafricaine"],"yoast_head":"<!-- This site is optimized with the Yoast SEO Premium plugin v26.1 (Yoast SEO v27.0) - https:\/\/yoast.com\/product\/yoast-seo-premium-wordpress\/ -->\n<title>Sortie de prison temporaire pour Jacob Zuma - centrafricaine<\/title>\n<meta name=\"description\" content=\"Bangui ( R\u00e9publique centrafricaine ) \u2013 L\u2019ex-pr\u00e9sident sud-africain Jacob Zuma, emprisonn\u00e9 pour outrage \u00e0 la justice, ...\" \/>\n<meta name=\"robots\" content=\"index, follow, max-snippet:-1, max-image-preview:large, max-video-preview:-1\" \/>\n<link rel=\"canonical\" href=\"https:\/\/www.africa-press.net\/centrafricaine\/politique\/sortie-de-prison-temporaire-pour-jacob-zuma\" \/>\n<meta property=\"og:locale\" content=\"fr_FR\" \/>\n<meta property=\"og:type\" content=\"article\" \/>\n<meta property=\"og:title\" content=\"Sortie de prison temporaire pour Jacob Zuma\" \/>\n<meta property=\"og:description\" content=\"Bangui ( R\u00e9publique centrafricaine ) \u2013 L\u2019ex-pr\u00e9sident sud-africain Jacob Zuma, emprisonn\u00e9 pour outrage \u00e0 la justice, ...\" \/>\n<meta property=\"og:url\" content=\"https:\/\/www.africa-press.net\/centrafricaine\/politique\/sortie-de-prison-temporaire-pour-jacob-zuma\" \/>\n<meta property=\"og:site_name\" content=\"centrafricaine\" \/>\n<meta property=\"article:published_time\" content=\"2021-07-22T16:11:14+00:00\" \/>\n<meta property=\"article:modified_time\" content=\"2021-07-22T18:58:53+00:00\" \/>\n<meta property=\"og:image\" content=\"https:\/\/static.africa-press.net\/centrafricaine\/sites\/45\/2021\/07\/img-60f994c8c207f.jpg\" \/>\n\t<meta property=\"og:image:width\" content=\"720\" \/>\n\t<meta property=\"og:image:height\" content=\"405\" \/>\n\t<meta property=\"og:image:type\" content=\"image\/jpeg\" \/>\n<meta name=\"author\" content=\"cfeditorfr\" \/>\n<meta name=\"twitter:card\" content=\"summary_large_image\" \/>\n<meta name=\"twitter:label1\" content=\"\u00c9crit par\" \/>\n\t<meta name=\"twitter:data1\" content=\"cfeditorfr\" \/>\n\t<meta name=\"twitter:label2\" content=\"Dur\u00e9e de lecture estim\u00e9e\" \/>\n\t<meta name=\"twitter:data2\" content=\"2 minutes\" \/>\n<script type=\"application\/ld+json\" class=\"yoast-schema-graph\">{\"@context\":\"https:\/\/schema.org\",\"@graph\":[{\"@type\":\"Article\",\"@id\":\"https:\/\/www.africa-press.net\/centrafricaine\/politique\/sortie-de-prison-temporaire-pour-jacob-zuma#article\",\"isPartOf\":{\"@id\":\"https:\/\/www.africa-press.net\/centrafricaine\/politique\/sortie-de-prison-temporaire-pour-jacob-zuma\"},\"author\":{\"name\":\"cfeditorfr\",\"@id\":\"https:\/\/www.africa-press.net\/centrafricaine\/#\/schema\/person\/2b1cf3cd81a31e3cd26889ca66d677f1\"},\"headline\":\"Sortie de prison temporaire pour Jacob Zuma\",\"datePublished\":\"2021-07-22T16:11:14+00:00\",\"dateModified\":\"2021-07-22T18:58:53+00:00\",\"mainEntityOfPage\":{\"@id\":\"https:\/\/www.africa-press.net\/centrafricaine\/politique\/sortie-de-prison-temporaire-pour-jacob-zuma\"},\"wordCount\":404,\"commentCount\":0,\"image\":{\"@id\":\"https:\/\/www.africa-press.net\/centrafricaine\/politique\/sortie-de-prison-temporaire-pour-jacob-zuma#primaryimage\"},\"thumbnailUrl\":\"https:\/\/static.africa-press.net\/centrafricaine\/sites\/45\/2021\/07\/img-60f994c8c207f.jpg\",\"keywords\":[\"Africa Press\",\"Africa Press-CentrAfricaine\",\"CentrAfricaine\"],\"articleSection\":[\"homepage-french\",\"Politique\",\"Toutes les actualit\u00e9s\"],\"inLanguage\":\"fr-FR\",\"potentialAction\":[{\"@type\":\"CommentAction\",\"name\":\"Comment\",\"target\":[\"https:\/\/www.africa-press.net\/centrafricaine\/politique\/sortie-de-prison-temporaire-pour-jacob-zuma#respond\"]}]},{\"@type\":\"WebPage\",\"@id\":\"https:\/\/www.africa-press.net\/centrafricaine\/politique\/sortie-de-prison-temporaire-pour-jacob-zuma\",\"url\":\"https:\/\/www.africa-press.net\/centrafricaine\/politique\/sortie-de-prison-temporaire-pour-jacob-zuma\",\"name\":\"Sortie de prison temporaire pour Jacob Zuma - centrafricaine\",\"isPartOf\":{\"@id\":\"https:\/\/www.africa-press.net\/centrafricaine\/#website\"},\"primaryImageOfPage\":{\"@id\":\"https:\/\/www.africa-press.net\/centrafricaine\/politique\/sortie-de-prison-temporaire-pour-jacob-zuma#primaryimage\"},\"image\":{\"@id\":\"https:\/\/www.africa-press.net\/centrafricaine\/politique\/sortie-de-prison-temporaire-pour-jacob-zuma#primaryimage\"},\"thumbnailUrl\":\"https:\/\/static.africa-press.net\/centrafricaine\/sites\/45\/2021\/07\/img-60f994c8c207f.jpg\",\"datePublished\":\"2021-07-22T16:11:14+00:00\",\"dateModified\":\"2021-07-22T18:58:53+00:00\",\"author\":{\"@id\":\"https:\/\/www.africa-press.net\/centrafricaine\/#\/schema\/person\/2b1cf3cd81a31e3cd26889ca66d677f1\"},\"description\":\"Bangui ( R\u00e9publique centrafricaine ) \u2013 L\u2019ex-pr\u00e9sident sud-africain Jacob Zuma, emprisonn\u00e9 pour outrage \u00e0 la justice, ...\",\"breadcrumb\":{\"@id\":\"https:\/\/www.africa-press.net\/centrafricaine\/politique\/sortie-de-prison-temporaire-pour-jacob-zuma#breadcrumb\"},\"inLanguage\":\"fr-FR\",\"potentialAction\":[{\"@type\":\"ReadAction\",\"target\":[\"https:\/\/www.africa-press.net\/centrafricaine\/politique\/sortie-de-prison-temporaire-pour-jacob-zuma\"]}]},{\"@type\":\"ImageObject\",\"inLanguage\":\"fr-FR\",\"@id\":\"https:\/\/www.africa-press.net\/centrafricaine\/politique\/sortie-de-prison-temporaire-pour-jacob-zuma#primaryimage\",\"url\":\"https:\/\/static.africa-press.net\/centrafricaine\/sites\/45\/2021\/07\/img-60f994c8c207f.jpg\",\"contentUrl\":\"https:\/\/static.africa-press.net\/centrafricaine\/sites\/45\/2021\/07\/img-60f994c8c207f.jpg\",\"width\":720,\"height\":405,\"caption\":\"Sortie de prison temporaire pour Jacob Zuma\"},{\"@type\":\"BreadcrumbList\",\"@id\":\"https:\/\/www.africa-press.net\/centrafricaine\/politique\/sortie-de-prison-temporaire-pour-jacob-zuma#breadcrumb\",\"itemListElement\":[{\"@type\":\"ListItem\",\"position\":1,\"name\":\"Accueil\",\"item\":\"https:\/\/www.africa-press.net\/centrafricaine\/\"},{\"@type\":\"ListItem\",\"position\":2,\"name\":\"Sortie de prison temporaire pour Jacob Zuma\"}]},{\"@type\":\"WebSite\",\"@id\":\"https:\/\/www.africa-press.net\/centrafricaine\/#website\",\"url\":\"https:\/\/www.africa-press.net\/centrafricaine\/\",\"name\":\"centrafricaine\",\"description\":\"Just another Africa News Agency Sites site\",\"potentialAction\":[{\"@type\":\"SearchAction\",\"target\":{\"@type\":\"EntryPoint\",\"urlTemplate\":\"https:\/\/www.africa-press.net\/centrafricaine\/?s={search_term_string}\"},\"query-input\":{\"@type\":\"PropertyValueSpecification\",\"valueRequired\":true,\"valueName\":\"search_term_string\"}}],\"inLanguage\":\"fr-FR\"},{\"@type\":\"Person\",\"@id\":\"https:\/\/www.africa-press.net\/centrafricaine\/#\/schema\/person\/2b1cf3cd81a31e3cd26889ca66d677f1\",\"name\":\"cfeditorfr\"}]}<\/script>\n<!-- \/ Yoast SEO Premium plugin. -->","yoast_head_json":{"title":"Sortie de prison temporaire pour Jacob Zuma - centrafricaine","description":"Bangui ( R\u00e9publique centrafricaine ) \u2013 L\u2019ex-pr\u00e9sident sud-africain Jacob Zuma, emprisonn\u00e9 pour outrage \u00e0 la justice, ...","robots":{"index":"index","follow":"follow","max-snippet":"max-snippet:-1","max-image-preview":"max-image-preview:large","max-video-preview":"max-video-preview:-1"},"canonical":"https:\/\/www.africa-press.net\/centrafricaine\/politique\/sortie-de-prison-temporaire-pour-jacob-zuma","og_locale":"fr_FR","og_type":"article","og_title":"Sortie de prison temporaire pour Jacob Zuma","og_description":"Bangui ( R\u00e9publique centrafricaine ) \u2013 L\u2019ex-pr\u00e9sident sud-africain Jacob Zuma, emprisonn\u00e9 pour outrage \u00e0 la justice, ...","og_url":"https:\/\/www.africa-press.net\/centrafricaine\/politique\/sortie-de-prison-temporaire-pour-jacob-zuma","og_site_name":"centrafricaine","article_published_time":"2021-07-22T16:11:14+00:00","article_modified_time":"2021-07-22T18:58:53+00:00","og_image":[{"width":720,"height":405,"url":"https:\/\/static.africa-press.net\/centrafricaine\/sites\/45\/2021\/07\/img-60f994c8c207f.jpg","type":"image\/jpeg"}],"author":"cfeditorfr","twitter_card":"summary_large_image","twitter_misc":{"\u00c9crit par":"cfeditorfr","Dur\u00e9e de lecture estim\u00e9e":"2 minutes"},"schema":{"@context":"https:\/\/schema.org","@graph":[{"@type":"Article","@id":"https:\/\/www.africa-press.net\/centrafricaine\/politique\/sortie-de-prison-temporaire-pour-jacob-zuma#article","isPartOf":{"@id":"https:\/\/www.africa-press.net\/centrafricaine\/politique\/sortie-de-prison-temporaire-pour-jacob-zuma"},"author":{"name":"cfeditorfr","@id":"https:\/\/www.africa-press.net\/centrafricaine\/#\/schema\/person\/2b1cf3cd81a31e3cd26889ca66d677f1"},"headline":"Sortie de prison temporaire pour Jacob Zuma","datePublished":"2021-07-22T16:11:14+00:00","dateModified":"2021-07-22T18:58:53+00:00","mainEntityOfPage":{"@id":"https:\/\/www.africa-press.net\/centrafricaine\/politique\/sortie-de-prison-temporaire-pour-jacob-zuma"},"wordCount":404,"commentCount":0,"image":{"@id":"https:\/\/www.africa-press.net\/centrafricaine\/politique\/sortie-de-prison-temporaire-pour-jacob-zuma#primaryimage"},"thumbnailUrl":"https:\/\/static.africa-press.net\/centrafricaine\/sites\/45\/2021\/07\/img-60f994c8c207f.jpg","keywords":["Africa Press","Africa Press-CentrAfricaine","CentrAfricaine"],"articleSection":["homepage-french","Politique","Toutes les actualit\u00e9s"],"inLanguage":"fr-FR","potentialAction":[{"@type":"CommentAction","name":"Comment","target":["https:\/\/www.africa-press.net\/centrafricaine\/politique\/sortie-de-prison-temporaire-pour-jacob-zuma#respond"]}]},{"@type":"WebPage","@id":"https:\/\/www.africa-press.net\/centrafricaine\/politique\/sortie-de-prison-temporaire-pour-jacob-zuma","url":"https:\/\/www.africa-press.net\/centrafricaine\/politique\/sortie-de-prison-temporaire-pour-jacob-zuma","name":"Sortie de prison temporaire pour Jacob Zuma - centrafricaine","isPartOf":{"@id":"https:\/\/www.africa-press.net\/centrafricaine\/#website"},"primaryImageOfPage":{"@id":"https:\/\/www.africa-press.net\/centrafricaine\/politique\/sortie-de-prison-temporaire-pour-jacob-zuma#primaryimage"},"image":{"@id":"https:\/\/www.africa-press.net\/centrafricaine\/politique\/sortie-de-prison-temporaire-pour-jacob-zuma#primaryimage"},"thumbnailUrl":"https:\/\/static.africa-press.net\/centrafricaine\/sites\/45\/2021\/07\/img-60f994c8c207f.jpg","datePublished":"2021-07-22T16:11:14+00:00","dateModified":"2021-07-22T18:58:53+00:00","author":{"@id":"https:\/\/www.africa-press.net\/centrafricaine\/#\/schema\/person\/2b1cf3cd81a31e3cd26889ca66d677f1"},"description":"Bangui ( R\u00e9publique centrafricaine ) \u2013 L\u2019ex-pr\u00e9sident sud-africain Jacob Zuma, emprisonn\u00e9 pour outrage \u00e0 la justice, ...","breadcrumb":{"@id":"https:\/\/www.africa-press.net\/centrafricaine\/politique\/sortie-de-prison-temporaire-pour-jacob-zuma#breadcrumb"},"inLanguage":"fr-FR","potentialAction":[{"@type":"ReadAction","target":["https:\/\/www.africa-press.net\/centrafricaine\/politique\/sortie-de-prison-temporaire-pour-jacob-zuma"]}]},{"@type":"ImageObject","inLanguage":"fr-FR","@id":"https:\/\/www.africa-press.net\/centrafricaine\/politique\/sortie-de-prison-temporaire-pour-jacob-zuma#primaryimage","url":"https:\/\/static.africa-press.net\/centrafricaine\/sites\/45\/2021\/07\/img-60f994c8c207f.jpg","contentUrl":"https:\/\/static.africa-press.net\/centrafricaine\/sites\/45\/2021\/07\/img-60f994c8c207f.jpg","width":720,"height":405,"caption":"Sortie de prison temporaire pour Jacob Zuma"},{"@type":"BreadcrumbList","@id":"https:\/\/www.africa-press.net\/centrafricaine\/politique\/sortie-de-prison-temporaire-pour-jacob-zuma#breadcrumb","itemListElement":[{"@type":"ListItem","position":1,"name":"Accueil","item":"https:\/\/www.africa-press.net\/centrafricaine\/"},{"@type":"ListItem","position":2,"name":"Sortie de prison temporaire pour Jacob Zuma"}]},{"@type":"WebSite","@id":"https:\/\/www.africa-press.net\/centrafricaine\/#website","url":"https:\/\/www.africa-press.net\/centrafricaine\/","name":"centrafricaine","description":"Just another Africa News Agency Sites site","potentialAction":[{"@type":"SearchAction","target":{"@type":"EntryPoint","urlTemplate":"https:\/\/www.africa-press.net\/centrafricaine\/?s={search_term_string}"},"query-input":{"@type":"PropertyValueSpecification","valueRequired":true,"valueName":"search_term_string"}}],"inLanguage":"fr-FR"},{"@type":"Person","@id":"https:\/\/www.africa-press.net\/centrafricaine\/#\/schema\/person\/2b1cf3cd81a31e3cd26889ca66d677f1","name":"cfeditorfr"}]}},"_links":{"self":[{"href":"https:\/\/www.africa-press.net\/centrafricaine\/wp-json\/wp\/v2\/posts\/9159","targetHints":{"allow":["GET"]}}],"collection":[{"href":"https:\/\/www.africa-press.net\/centrafricaine\/wp-json\/wp\/v2\/posts"}],"about":[{"href":"https:\/\/www.africa-press.net\/centrafricaine\/wp-json\/wp\/v2\/types\/post"}],"author":[{"embeddable":true,"href":"https:\/\/www.africa-press.net\/centrafricaine\/wp-json\/wp\/v2\/users\/82"}],"replies":[{"embeddable":true,"href":"https:\/\/www.africa-press.net\/centrafricaine\/wp-json\/wp\/v2\/comments?post=9159"}],"version-history":[{"count":0,"href":"https:\/\/www.africa-press.net\/centrafricaine\/wp-json\/wp\/v2\/posts\/9159\/revisions"}],"wp:featuredmedia":[{"embeddable":true,"href":"https:\/\/www.africa-press.net\/centrafricaine\/wp-json\/wp\/v2\/media\/9158"}],"wp:attachment":[{"href":"https:\/\/www.africa-press.net\/centrafricaine\/wp-json\/wp\/v2\/media?parent=9159"}],"wp:term":[{"taxonomy":"category","embeddable":true,"href":"https:\/\/www.africa-press.net\/centrafricaine\/wp-json\/wp\/v2\/categories?post=9159"},{"taxonomy":"post_tag","embeddable":true,"href":"https:\/\/www.africa-press.net\/centrafricaine\/wp-json\/wp\/v2\/tags?post=9159"}],"curies":[{"name":"wp","href":"https:\/\/api.w.org\/{rel}","templated":true}]}}