{"id":9165,"date":"2021-07-22T16:25:50","date_gmt":"2021-07-22T16:25:50","guid":{"rendered":"https:\/\/www.africa-press.net\/centrafricaine\/?p=9165"},"modified":"2021-07-22T18:59:40","modified_gmt":"2021-07-22T18:59:40","slug":"premier-jour-de-greve-des-employes-de-lhopital-de-rafai","status":"publish","type":"post","link":"https:\/\/www.africa-press.net\/centrafricaine\/toutes-les-actualites\/premier-jour-de-greve-des-employes-de-lhopital-de-rafai","title":{"rendered":"Premier jour de gr\u00e8ve des employ\u00e9s de l\u2019h\u00f4pital de Rafa\u00ef"},"content":{"rendered":"<p><span style=\"color: #ff6600\"><strong><a href=\"https:\/\/www.africa-press.net\/\">Africa-Press<\/a> &#8211; <a href=\"https:\/\/www.africa-press.net\/centrafricaine\">CentrAfricaine<\/a>.\u00a0 <\/strong><\/span>\u00a0Les employ\u00e9s de l\u2019h\u00f4pital de Rafa\u00ef, dans la pr\u00e9fecture de Rafa\u00ef, au sud-est de la RCA ont observ\u00e9 mercredi le premier jour de leur gr\u00e8ve ouverte pour protester contre la d\u00e9t\u00e9rioration de leur condition de travail, et r\u00e9clamer le paiement de sept mois d\u2019arri\u00e9r\u00e9 de leur salaire.<\/p>\n<p>Le service de sant\u00e9 public reste totalement paralys\u00e9 ce mercredi 21 juillet 2021 \u00e0 Rafa\u00ef, chef-lieu de la sous-pr\u00e9fecture de la pr\u00e9fecture de Mbomou, au sud-est de la RCA.<\/p>\n<p>Les employ\u00e9s r\u00e9clament le versement de sept mois d\u2019arri\u00e9r\u00e9 de leur salaire, mais d\u00e9noncent aussi la mauvaise gestion financi\u00e8re de ce centre de sant\u00e9 publique. Une r\u00e9union de crise sur cette col\u00e8re des employ\u00e9s est en cours. Selon les gr\u00e9vistes, ils ne veulent plus entendre parler de promesses.<\/p>\n<p><b>\u00ab Cela fait des mois qu\u2019on nous tourne dans la farine. Tant\u00f4t c\u2019est \u00e0 cause de ceci, tant\u00f4t c\u2019est \u00e0 cause de cela. Mais cette fois, on les attend de pied ferme \u00bb<\/b><\/p>\n<p>, a r\u00e9agi un gr\u00e9viste.<\/p>\n<p>Selon un correspondant du CNC dans la ville, dans ce centre de sant\u00e9 qu\u2019il a revisit\u00e9 ce mercredi, les bureaux \u00e9taient inoccup\u00e9s pendant que certains malades n\u2019ont pas \u00e9t\u00e9 pris en charge. Mais pour le chef du centre, ces patients seront pris en charge par le service minimum qui a \u00e9t\u00e9 mis en place.<\/p>\n<p>Quant aux employ\u00e9s, ils tentent de s\u2019organiser pour radicaliser leur mouvement dans les prochains jours s\u2019ils n\u2019obtiennent pas de gain de cause.<\/p>\n<p><b>\u00a0<\/b><\/p>\n","protected":false},"excerpt":{"rendered":"<p>Africa-Press &#8211; CentrAfricaine.\u00a0 \u00a0Les employ\u00e9s de l\u2019h\u00f4pital de Rafa\u00ef, dans la pr\u00e9fecture de Rafa\u00ef, au sud-est de la RCA ont observ\u00e9 mercredi le premier jour de leur gr\u00e8ve ouverte pour protester contre la d\u00e9t\u00e9rioration de leur condition de travail, et r\u00e9clamer le paiement de sept mois d\u2019arri\u00e9r\u00e9 de leur salaire. Le service de sant\u00e9 public [&hellip;]<\/p>\n","protected":false},"author":82,"featured_media":9164,"comment_status":"open","ping_status":"closed","sticky":false,"template":"","format":"standard","meta":{"footnotes":""},"categories":[21,11,10],"tags":[36,58,30],"class_list":["post-9165","post","type-post","status-publish","format-standard","has-post-thumbnail","hentry","category-communaute","category-homepage-french","category-toutes-les-actualites","tag-africa-press","tag-africa-press-centrafricaine","tag-centrafricaine"],"yoast_head":"<!-- This site is optimized with the Yoast SEO Premium plugin v26.1 (Yoast SEO v27.0) - https:\/\/yoast.com\/product\/yoast-seo-premium-wordpress\/ -->\n<title>Premier jour de gr\u00e8ve des employ\u00e9s de l\u2019h\u00f4pital de Rafa\u00ef - centrafricaine<\/title>\n<meta name=\"description\" content=\"Bangui, R\u00e9publique centrafricaine, mercredi, 21 juillet 2021, 14:15:37 ( Corbeaunews-Centrafrique ). Les employ\u00e9 ...\" \/>\n<meta name=\"robots\" content=\"index, follow, max-snippet:-1, max-image-preview:large, max-video-preview:-1\" \/>\n<link rel=\"canonical\" href=\"https:\/\/www.africa-press.net\/centrafricaine\/toutes-les-actualites\/premier-jour-de-greve-des-employes-de-lhopital-de-rafai\" \/>\n<meta property=\"og:locale\" content=\"fr_FR\" \/>\n<meta property=\"og:type\" content=\"article\" \/>\n<meta property=\"og:title\" content=\"Premier jour de gr\u00e8ve des employ\u00e9s de l\u2019h\u00f4pital de Rafa\u00ef\" \/>\n<meta property=\"og:description\" content=\"Bangui, R\u00e9publique centrafricaine, mercredi, 21 juillet 2021, 14:15:37 ( Corbeaunews-Centrafrique ). Les employ\u00e9 ...\" \/>\n<meta property=\"og:url\" content=\"https:\/\/www.africa-press.net\/centrafricaine\/toutes-les-actualites\/premier-jour-de-greve-des-employes-de-lhopital-de-rafai\" \/>\n<meta property=\"og:site_name\" content=\"centrafricaine\" \/>\n<meta property=\"article:published_time\" content=\"2021-07-22T16:25:50+00:00\" \/>\n<meta property=\"article:modified_time\" content=\"2021-07-22T18:59:40+00:00\" \/>\n<meta property=\"og:image\" content=\"https:\/\/static.africa-press.net\/centrafricaine\/sites\/45\/2021\/07\/img-60f9952ed3acb.jpg\" \/>\n\t<meta property=\"og:image:width\" content=\"720\" \/>\n\t<meta property=\"og:image:height\" content=\"460\" \/>\n\t<meta property=\"og:image:type\" content=\"image\/jpeg\" \/>\n<meta name=\"author\" content=\"cfeditorfr\" \/>\n<meta name=\"twitter:card\" content=\"summary_large_image\" \/>\n<meta name=\"twitter:label1\" content=\"\u00c9crit par\" \/>\n\t<meta name=\"twitter:data1\" content=\"cfeditorfr\" \/>\n\t<meta name=\"twitter:label2\" content=\"Dur\u00e9e de lecture estim\u00e9e\" \/>\n\t<meta name=\"twitter:data2\" content=\"2 minutes\" \/>\n<script type=\"application\/ld+json\" class=\"yoast-schema-graph\">{\"@context\":\"https:\/\/schema.org\",\"@graph\":[{\"@type\":\"Article\",\"@id\":\"https:\/\/www.africa-press.net\/centrafricaine\/toutes-les-actualites\/premier-jour-de-greve-des-employes-de-lhopital-de-rafai#article\",\"isPartOf\":{\"@id\":\"https:\/\/www.africa-press.net\/centrafricaine\/toutes-les-actualites\/premier-jour-de-greve-des-employes-de-lhopital-de-rafai\"},\"author\":{\"name\":\"cfeditorfr\",\"@id\":\"https:\/\/www.africa-press.net\/centrafricaine\/#\/schema\/person\/2b1cf3cd81a31e3cd26889ca66d677f1\"},\"headline\":\"Premier jour de gr\u00e8ve des employ\u00e9s de l\u2019h\u00f4pital de Rafa\u00ef\",\"datePublished\":\"2021-07-22T16:25:50+00:00\",\"dateModified\":\"2021-07-22T18:59:40+00:00\",\"mainEntityOfPage\":{\"@id\":\"https:\/\/www.africa-press.net\/centrafricaine\/toutes-les-actualites\/premier-jour-de-greve-des-employes-de-lhopital-de-rafai\"},\"wordCount\":283,\"commentCount\":0,\"image\":{\"@id\":\"https:\/\/www.africa-press.net\/centrafricaine\/toutes-les-actualites\/premier-jour-de-greve-des-employes-de-lhopital-de-rafai#primaryimage\"},\"thumbnailUrl\":\"https:\/\/static.africa-press.net\/centrafricaine\/sites\/45\/2021\/07\/img-60f9952ed3acb.jpg\",\"keywords\":[\"Africa Press\",\"Africa Press-CentrAfricaine\",\"CentrAfricaine\"],\"articleSection\":[\"Communaut\u00e9\",\"homepage-french\",\"Toutes les actualit\u00e9s\"],\"inLanguage\":\"fr-FR\",\"potentialAction\":[{\"@type\":\"CommentAction\",\"name\":\"Comment\",\"target\":[\"https:\/\/www.africa-press.net\/centrafricaine\/toutes-les-actualites\/premier-jour-de-greve-des-employes-de-lhopital-de-rafai#respond\"]}]},{\"@type\":\"WebPage\",\"@id\":\"https:\/\/www.africa-press.net\/centrafricaine\/toutes-les-actualites\/premier-jour-de-greve-des-employes-de-lhopital-de-rafai\",\"url\":\"https:\/\/www.africa-press.net\/centrafricaine\/toutes-les-actualites\/premier-jour-de-greve-des-employes-de-lhopital-de-rafai\",\"name\":\"Premier jour de gr\u00e8ve des employ\u00e9s de l\u2019h\u00f4pital de Rafa\u00ef - centrafricaine\",\"isPartOf\":{\"@id\":\"https:\/\/www.africa-press.net\/centrafricaine\/#website\"},\"primaryImageOfPage\":{\"@id\":\"https:\/\/www.africa-press.net\/centrafricaine\/toutes-les-actualites\/premier-jour-de-greve-des-employes-de-lhopital-de-rafai#primaryimage\"},\"image\":{\"@id\":\"https:\/\/www.africa-press.net\/centrafricaine\/toutes-les-actualites\/premier-jour-de-greve-des-employes-de-lhopital-de-rafai#primaryimage\"},\"thumbnailUrl\":\"https:\/\/static.africa-press.net\/centrafricaine\/sites\/45\/2021\/07\/img-60f9952ed3acb.jpg\",\"datePublished\":\"2021-07-22T16:25:50+00:00\",\"dateModified\":\"2021-07-22T18:59:40+00:00\",\"author\":{\"@id\":\"https:\/\/www.africa-press.net\/centrafricaine\/#\/schema\/person\/2b1cf3cd81a31e3cd26889ca66d677f1\"},\"description\":\"Bangui, R\u00e9publique centrafricaine, mercredi, 21 juillet 2021, 14:15:37 ( Corbeaunews-Centrafrique ). Les employ\u00e9 ...\",\"breadcrumb\":{\"@id\":\"https:\/\/www.africa-press.net\/centrafricaine\/toutes-les-actualites\/premier-jour-de-greve-des-employes-de-lhopital-de-rafai#breadcrumb\"},\"inLanguage\":\"fr-FR\",\"potentialAction\":[{\"@type\":\"ReadAction\",\"target\":[\"https:\/\/www.africa-press.net\/centrafricaine\/toutes-les-actualites\/premier-jour-de-greve-des-employes-de-lhopital-de-rafai\"]}]},{\"@type\":\"ImageObject\",\"inLanguage\":\"fr-FR\",\"@id\":\"https:\/\/www.africa-press.net\/centrafricaine\/toutes-les-actualites\/premier-jour-de-greve-des-employes-de-lhopital-de-rafai#primaryimage\",\"url\":\"https:\/\/static.africa-press.net\/centrafricaine\/sites\/45\/2021\/07\/img-60f9952ed3acb.jpg\",\"contentUrl\":\"https:\/\/static.africa-press.net\/centrafricaine\/sites\/45\/2021\/07\/img-60f9952ed3acb.jpg\",\"width\":720,\"height\":460,\"caption\":\"Premier jour de gr\u00e8ve des employ\u00e9s de l\u2019h\u00f4pital de Rafa\u00ef\"},{\"@type\":\"BreadcrumbList\",\"@id\":\"https:\/\/www.africa-press.net\/centrafricaine\/toutes-les-actualites\/premier-jour-de-greve-des-employes-de-lhopital-de-rafai#breadcrumb\",\"itemListElement\":[{\"@type\":\"ListItem\",\"position\":1,\"name\":\"Accueil\",\"item\":\"https:\/\/www.africa-press.net\/centrafricaine\/\"},{\"@type\":\"ListItem\",\"position\":2,\"name\":\"Premier jour de gr\u00e8ve des employ\u00e9s de l\u2019h\u00f4pital de Rafa\u00ef\"}]},{\"@type\":\"WebSite\",\"@id\":\"https:\/\/www.africa-press.net\/centrafricaine\/#website\",\"url\":\"https:\/\/www.africa-press.net\/centrafricaine\/\",\"name\":\"centrafricaine\",\"description\":\"Just another Africa News Agency Sites site\",\"potentialAction\":[{\"@type\":\"SearchAction\",\"target\":{\"@type\":\"EntryPoint\",\"urlTemplate\":\"https:\/\/www.africa-press.net\/centrafricaine\/?s={search_term_string}\"},\"query-input\":{\"@type\":\"PropertyValueSpecification\",\"valueRequired\":true,\"valueName\":\"search_term_string\"}}],\"inLanguage\":\"fr-FR\"},{\"@type\":\"Person\",\"@id\":\"https:\/\/www.africa-press.net\/centrafricaine\/#\/schema\/person\/2b1cf3cd81a31e3cd26889ca66d677f1\",\"name\":\"cfeditorfr\"}]}<\/script>\n<!-- \/ Yoast SEO Premium plugin. -->","yoast_head_json":{"title":"Premier jour de gr\u00e8ve des employ\u00e9s de l\u2019h\u00f4pital de Rafa\u00ef - centrafricaine","description":"Bangui, R\u00e9publique centrafricaine, mercredi, 21 juillet 2021, 14:15:37 ( Corbeaunews-Centrafrique ). Les employ\u00e9 ...","robots":{"index":"index","follow":"follow","max-snippet":"max-snippet:-1","max-image-preview":"max-image-preview:large","max-video-preview":"max-video-preview:-1"},"canonical":"https:\/\/www.africa-press.net\/centrafricaine\/toutes-les-actualites\/premier-jour-de-greve-des-employes-de-lhopital-de-rafai","og_locale":"fr_FR","og_type":"article","og_title":"Premier jour de gr\u00e8ve des employ\u00e9s de l\u2019h\u00f4pital de Rafa\u00ef","og_description":"Bangui, R\u00e9publique centrafricaine, mercredi, 21 juillet 2021, 14:15:37 ( Corbeaunews-Centrafrique ). Les employ\u00e9 ...","og_url":"https:\/\/www.africa-press.net\/centrafricaine\/toutes-les-actualites\/premier-jour-de-greve-des-employes-de-lhopital-de-rafai","og_site_name":"centrafricaine","article_published_time":"2021-07-22T16:25:50+00:00","article_modified_time":"2021-07-22T18:59:40+00:00","og_image":[{"width":720,"height":460,"url":"https:\/\/static.africa-press.net\/centrafricaine\/sites\/45\/2021\/07\/img-60f9952ed3acb.jpg","type":"image\/jpeg"}],"author":"cfeditorfr","twitter_card":"summary_large_image","twitter_misc":{"\u00c9crit par":"cfeditorfr","Dur\u00e9e de lecture estim\u00e9e":"2 minutes"},"schema":{"@context":"https:\/\/schema.org","@graph":[{"@type":"Article","@id":"https:\/\/www.africa-press.net\/centrafricaine\/toutes-les-actualites\/premier-jour-de-greve-des-employes-de-lhopital-de-rafai#article","isPartOf":{"@id":"https:\/\/www.africa-press.net\/centrafricaine\/toutes-les-actualites\/premier-jour-de-greve-des-employes-de-lhopital-de-rafai"},"author":{"name":"cfeditorfr","@id":"https:\/\/www.africa-press.net\/centrafricaine\/#\/schema\/person\/2b1cf3cd81a31e3cd26889ca66d677f1"},"headline":"Premier jour de gr\u00e8ve des employ\u00e9s de l\u2019h\u00f4pital de Rafa\u00ef","datePublished":"2021-07-22T16:25:50+00:00","dateModified":"2021-07-22T18:59:40+00:00","mainEntityOfPage":{"@id":"https:\/\/www.africa-press.net\/centrafricaine\/toutes-les-actualites\/premier-jour-de-greve-des-employes-de-lhopital-de-rafai"},"wordCount":283,"commentCount":0,"image":{"@id":"https:\/\/www.africa-press.net\/centrafricaine\/toutes-les-actualites\/premier-jour-de-greve-des-employes-de-lhopital-de-rafai#primaryimage"},"thumbnailUrl":"https:\/\/static.africa-press.net\/centrafricaine\/sites\/45\/2021\/07\/img-60f9952ed3acb.jpg","keywords":["Africa Press","Africa Press-CentrAfricaine","CentrAfricaine"],"articleSection":["Communaut\u00e9","homepage-french","Toutes les actualit\u00e9s"],"inLanguage":"fr-FR","potentialAction":[{"@type":"CommentAction","name":"Comment","target":["https:\/\/www.africa-press.net\/centrafricaine\/toutes-les-actualites\/premier-jour-de-greve-des-employes-de-lhopital-de-rafai#respond"]}]},{"@type":"WebPage","@id":"https:\/\/www.africa-press.net\/centrafricaine\/toutes-les-actualites\/premier-jour-de-greve-des-employes-de-lhopital-de-rafai","url":"https:\/\/www.africa-press.net\/centrafricaine\/toutes-les-actualites\/premier-jour-de-greve-des-employes-de-lhopital-de-rafai","name":"Premier jour de gr\u00e8ve des employ\u00e9s de l\u2019h\u00f4pital de Rafa\u00ef - centrafricaine","isPartOf":{"@id":"https:\/\/www.africa-press.net\/centrafricaine\/#website"},"primaryImageOfPage":{"@id":"https:\/\/www.africa-press.net\/centrafricaine\/toutes-les-actualites\/premier-jour-de-greve-des-employes-de-lhopital-de-rafai#primaryimage"},"image":{"@id":"https:\/\/www.africa-press.net\/centrafricaine\/toutes-les-actualites\/premier-jour-de-greve-des-employes-de-lhopital-de-rafai#primaryimage"},"thumbnailUrl":"https:\/\/static.africa-press.net\/centrafricaine\/sites\/45\/2021\/07\/img-60f9952ed3acb.jpg","datePublished":"2021-07-22T16:25:50+00:00","dateModified":"2021-07-22T18:59:40+00:00","author":{"@id":"https:\/\/www.africa-press.net\/centrafricaine\/#\/schema\/person\/2b1cf3cd81a31e3cd26889ca66d677f1"},"description":"Bangui, R\u00e9publique centrafricaine, mercredi, 21 juillet 2021, 14:15:37 ( Corbeaunews-Centrafrique ). Les employ\u00e9 ...","breadcrumb":{"@id":"https:\/\/www.africa-press.net\/centrafricaine\/toutes-les-actualites\/premier-jour-de-greve-des-employes-de-lhopital-de-rafai#breadcrumb"},"inLanguage":"fr-FR","potentialAction":[{"@type":"ReadAction","target":["https:\/\/www.africa-press.net\/centrafricaine\/toutes-les-actualites\/premier-jour-de-greve-des-employes-de-lhopital-de-rafai"]}]},{"@type":"ImageObject","inLanguage":"fr-FR","@id":"https:\/\/www.africa-press.net\/centrafricaine\/toutes-les-actualites\/premier-jour-de-greve-des-employes-de-lhopital-de-rafai#primaryimage","url":"https:\/\/static.africa-press.net\/centrafricaine\/sites\/45\/2021\/07\/img-60f9952ed3acb.jpg","contentUrl":"https:\/\/static.africa-press.net\/centrafricaine\/sites\/45\/2021\/07\/img-60f9952ed3acb.jpg","width":720,"height":460,"caption":"Premier jour de gr\u00e8ve des employ\u00e9s de l\u2019h\u00f4pital de Rafa\u00ef"},{"@type":"BreadcrumbList","@id":"https:\/\/www.africa-press.net\/centrafricaine\/toutes-les-actualites\/premier-jour-de-greve-des-employes-de-lhopital-de-rafai#breadcrumb","itemListElement":[{"@type":"ListItem","position":1,"name":"Accueil","item":"https:\/\/www.africa-press.net\/centrafricaine\/"},{"@type":"ListItem","position":2,"name":"Premier jour de gr\u00e8ve des employ\u00e9s de l\u2019h\u00f4pital de Rafa\u00ef"}]},{"@type":"WebSite","@id":"https:\/\/www.africa-press.net\/centrafricaine\/#website","url":"https:\/\/www.africa-press.net\/centrafricaine\/","name":"centrafricaine","description":"Just another Africa News Agency Sites site","potentialAction":[{"@type":"SearchAction","target":{"@type":"EntryPoint","urlTemplate":"https:\/\/www.africa-press.net\/centrafricaine\/?s={search_term_string}"},"query-input":{"@type":"PropertyValueSpecification","valueRequired":true,"valueName":"search_term_string"}}],"inLanguage":"fr-FR"},{"@type":"Person","@id":"https:\/\/www.africa-press.net\/centrafricaine\/#\/schema\/person\/2b1cf3cd81a31e3cd26889ca66d677f1","name":"cfeditorfr"}]}},"_links":{"self":[{"href":"https:\/\/www.africa-press.net\/centrafricaine\/wp-json\/wp\/v2\/posts\/9165","targetHints":{"allow":["GET"]}}],"collection":[{"href":"https:\/\/www.africa-press.net\/centrafricaine\/wp-json\/wp\/v2\/posts"}],"about":[{"href":"https:\/\/www.africa-press.net\/centrafricaine\/wp-json\/wp\/v2\/types\/post"}],"author":[{"embeddable":true,"href":"https:\/\/www.africa-press.net\/centrafricaine\/wp-json\/wp\/v2\/users\/82"}],"replies":[{"embeddable":true,"href":"https:\/\/www.africa-press.net\/centrafricaine\/wp-json\/wp\/v2\/comments?post=9165"}],"version-history":[{"count":0,"href":"https:\/\/www.africa-press.net\/centrafricaine\/wp-json\/wp\/v2\/posts\/9165\/revisions"}],"wp:featuredmedia":[{"embeddable":true,"href":"https:\/\/www.africa-press.net\/centrafricaine\/wp-json\/wp\/v2\/media\/9164"}],"wp:attachment":[{"href":"https:\/\/www.africa-press.net\/centrafricaine\/wp-json\/wp\/v2\/media?parent=9165"}],"wp:term":[{"taxonomy":"category","embeddable":true,"href":"https:\/\/www.africa-press.net\/centrafricaine\/wp-json\/wp\/v2\/categories?post=9165"},{"taxonomy":"post_tag","embeddable":true,"href":"https:\/\/www.africa-press.net\/centrafricaine\/wp-json\/wp\/v2\/tags?post=9165"}],"curies":[{"name":"wp","href":"https:\/\/api.w.org\/{rel}","templated":true}]}}