{"id":9203,"date":"2021-07-23T13:03:15","date_gmt":"2021-07-23T13:03:15","guid":{"rendered":"https:\/\/www.africa-press.net\/centrafricaine\/?p=9203"},"modified":"2021-07-24T08:02:50","modified_gmt":"2021-07-24T08:02:50","slug":"demandes-de-visas-aupres-de-lambassade-de-france-en-centrafrique-communique-officiel","status":"publish","type":"post","link":"https:\/\/www.africa-press.net\/centrafricaine\/politique\/demandes-de-visas-aupres-de-lambassade-de-france-en-centrafrique-communique-officiel","title":{"rendered":"DEMANDES DE VISAS AUPRES DE L\u2019AMBASSADE DE FRANCE EN CENTRAFRIQUE: COMMUNIQU\u00c9 OFFICIEL"},"content":{"rendered":"<p><span style=\"color: #ff6600\"><strong><a href=\"https:\/\/www.africa-press.net\/\">Africa-Press<\/a> &#8211; <a href=\"https:\/\/www.africa-press.net\/centrafricaine\">CentrAfricaine<\/a>.\u00a0 <\/strong><\/span>A la suite de certaines incompr\u00e9hensions sur les r\u00e8gles actuelles de d\u00e9livrance de visas, dans le contexte sanitaire de la Covid-19 auquel la France est confront\u00e9e comme beaucoup d\u2019autres pays, les pr\u00e9cisions suivantes sont apport\u00e9es concernant les demandes aupr\u00e8s de la section consulaire de l\u2019ambassade de France en Centrafrique.<\/p>\n<p>Depuis la r\u00e9ouverture partielle des fronti\u00e8res fran\u00e7aises le 9 juin, les autorit\u00e9s fran\u00e7aises ont d\u00e9fini des r\u00e8gles sp\u00e9cifiques pour les voyageurs \u00e9trangers d\u00e9sirant se rendre en France, qui conna\u00eet une recrudescence de la pand\u00e9mie de Covid-19, avec la mise en place de nouvelles mesures sanitaires pour y faire face. Ces r\u00e8gles n\u00e9cessitent des d\u00e9lais plus longs pour le traitement informatique centralis\u00e9 des dossiers. Il est donc demand\u00e9 aux ressortissants d\u2019un Etat ne relevant pas de l\u2019espace Schengen souhaitant obtenir un visa de bien vouloir prendre en compte la proc\u00e9dure suivante :<\/p>\n<p>Toute demande de visa doit faire l\u2019objet d\u2019une demande pr\u00e9alable en ligne, puis d\u2019un rendez-vous aupr\u00e8s de la section consulaire de l\u2019ambassade pour y d\u00e9poser le dossier constitu\u00e9. L\u2019ensemble de la proc\u00e9dure est indiqu\u00e9 sur le site Internet de l\u2019ambassade.<\/p>\n<p>Les demandeurs de visas doivent s\u2019informer des r\u00e8gles sp\u00e9cifiques s\u2019imposant aux voyageurs venant de Centrafrique, d\u00e9taill\u00e9es sur le site Internet du minist\u00e8re de l\u2019Int\u00e9rieur fran\u00e7ais (https:\/\/www.interieur.gouv.fr\/Actualites\/L-actu-du-Ministere\/Attestation-de- deplacement-et-de-vovagel. et veiller \u00e0 d\u00e9poser d\u2019embl\u00e9e un dossier de demande de visa complet, afin de permettre son instruction dans les meilleurs d\u00e9lais.<\/p>\n<p>Dans le cadre d\u2019un d\u00e9placement professionnel et dans les circonstances sanitaires actuelles, la dur\u00e9e du visa devra \u00eatre adapt\u00e9e \u00e0 la dur\u00e9e de la mission.<\/p>\n<p>Les demandeurs de visas doivent d\u00e9poser leur dossier 7 jours avant la date de voyage pr\u00e9vue, afin de permettre son traitement dans les d\u00e9lais actuellement n\u00e9cessaires.<\/p>\n<p>Boulevard Charles de Gaulle BANGUI, R\u00c9PUBLIQUE CENTRAFRICAINE<\/p>\n","protected":false},"excerpt":{"rendered":"<p>Africa-Press &#8211; CentrAfricaine.\u00a0 A la suite de certaines incompr\u00e9hensions sur les r\u00e8gles actuelles de d\u00e9livrance de visas, dans le contexte sanitaire de la Covid-19 auquel la France est confront\u00e9e comme beaucoup d\u2019autres pays, les pr\u00e9cisions suivantes sont apport\u00e9es concernant les demandes aupr\u00e8s de la section consulaire de l\u2019ambassade de France en Centrafrique. Depuis la r\u00e9ouverture [&hellip;]<\/p>\n","protected":false},"author":82,"featured_media":9202,"comment_status":"open","ping_status":"closed","sticky":false,"template":"","format":"standard","meta":{"footnotes":""},"categories":[11,2,20,10],"tags":[36,58,30],"class_list":["post-9203","post","type-post","status-publish","format-standard","has-post-thumbnail","hentry","category-homepage-french","category-politique","category-top-nouvelles","category-toutes-les-actualites","tag-africa-press","tag-africa-press-centrafricaine","tag-centrafricaine"],"yoast_head":"<!-- This site is optimized with the Yoast SEO Premium plugin v26.1 (Yoast SEO v27.0) - https:\/\/yoast.com\/product\/yoast-seo-premium-wordpress\/ -->\n<title>DEMANDES DE VISAS AUPRES DE L\u2019AMBASSADE DE FRANCE EN CENTRAFRIQUE: COMMUNIQU\u00c9 OFFICIEL - centrafricaine<\/title>\n<meta name=\"description\" content=\"Bangui, le 22\/07\/2021 A la suite de certaines incompr\u00e9hensions sur les r\u00e8gles actuelles de d\u00e9livrance de visas, dans le ...\" \/>\n<meta name=\"robots\" content=\"index, follow, max-snippet:-1, max-image-preview:large, max-video-preview:-1\" \/>\n<link rel=\"canonical\" href=\"https:\/\/www.africa-press.net\/centrafricaine\/politique\/demandes-de-visas-aupres-de-lambassade-de-france-en-centrafrique-communique-officiel\" \/>\n<meta property=\"og:locale\" content=\"fr_FR\" \/>\n<meta property=\"og:type\" content=\"article\" \/>\n<meta property=\"og:title\" content=\"DEMANDES DE VISAS AUPRES DE L\u2019AMBASSADE DE FRANCE EN CENTRAFRIQUE: COMMUNIQU\u00c9 OFFICIEL\" \/>\n<meta property=\"og:description\" content=\"Bangui, le 22\/07\/2021 A la suite de certaines incompr\u00e9hensions sur les r\u00e8gles actuelles de d\u00e9livrance de visas, dans le ...\" \/>\n<meta property=\"og:url\" content=\"https:\/\/www.africa-press.net\/centrafricaine\/politique\/demandes-de-visas-aupres-de-lambassade-de-france-en-centrafrique-communique-officiel\" \/>\n<meta property=\"og:site_name\" content=\"centrafricaine\" \/>\n<meta property=\"article:published_time\" content=\"2021-07-23T13:03:15+00:00\" \/>\n<meta property=\"article:modified_time\" content=\"2021-07-24T08:02:50+00:00\" \/>\n<meta property=\"og:image\" content=\"https:\/\/static.africa-press.net\/centrafricaine\/sites\/45\/2021\/07\/img-60fab8dfbb33f.jpg\" \/>\n\t<meta property=\"og:image:width\" content=\"750\" \/>\n\t<meta property=\"og:image:height\" content=\"561\" \/>\n\t<meta property=\"og:image:type\" content=\"image\/jpeg\" \/>\n<meta name=\"author\" content=\"cfeditorfr\" \/>\n<meta name=\"twitter:card\" content=\"summary_large_image\" \/>\n<meta name=\"twitter:label1\" content=\"\u00c9crit par\" \/>\n\t<meta name=\"twitter:data1\" content=\"cfeditorfr\" \/>\n\t<meta name=\"twitter:label2\" content=\"Dur\u00e9e de lecture estim\u00e9e\" \/>\n\t<meta name=\"twitter:data2\" content=\"2 minutes\" \/>\n<script type=\"application\/ld+json\" class=\"yoast-schema-graph\">{\"@context\":\"https:\/\/schema.org\",\"@graph\":[{\"@type\":\"Article\",\"@id\":\"https:\/\/www.africa-press.net\/centrafricaine\/politique\/demandes-de-visas-aupres-de-lambassade-de-france-en-centrafrique-communique-officiel#article\",\"isPartOf\":{\"@id\":\"https:\/\/www.africa-press.net\/centrafricaine\/politique\/demandes-de-visas-aupres-de-lambassade-de-france-en-centrafrique-communique-officiel\"},\"author\":{\"name\":\"cfeditorfr\",\"@id\":\"https:\/\/www.africa-press.net\/centrafricaine\/#\/schema\/person\/2b1cf3cd81a31e3cd26889ca66d677f1\"},\"headline\":\"DEMANDES DE VISAS AUPRES DE L\u2019AMBASSADE DE FRANCE EN CENTRAFRIQUE: COMMUNIQU\u00c9 OFFICIEL\",\"datePublished\":\"2021-07-23T13:03:15+00:00\",\"dateModified\":\"2021-07-24T08:02:50+00:00\",\"mainEntityOfPage\":{\"@id\":\"https:\/\/www.africa-press.net\/centrafricaine\/politique\/demandes-de-visas-aupres-de-lambassade-de-france-en-centrafrique-communique-officiel\"},\"wordCount\":364,\"commentCount\":0,\"image\":{\"@id\":\"https:\/\/www.africa-press.net\/centrafricaine\/politique\/demandes-de-visas-aupres-de-lambassade-de-france-en-centrafrique-communique-officiel#primaryimage\"},\"thumbnailUrl\":\"https:\/\/static.africa-press.net\/centrafricaine\/sites\/45\/2021\/07\/img-60fab8dfbb33f.jpg\",\"keywords\":[\"Africa Press\",\"Africa Press-CentrAfricaine\",\"CentrAfricaine\"],\"articleSection\":[\"homepage-french\",\"Politique\",\"Top Nouvelles\",\"Toutes les actualit\u00e9s\"],\"inLanguage\":\"fr-FR\",\"potentialAction\":[{\"@type\":\"CommentAction\",\"name\":\"Comment\",\"target\":[\"https:\/\/www.africa-press.net\/centrafricaine\/politique\/demandes-de-visas-aupres-de-lambassade-de-france-en-centrafrique-communique-officiel#respond\"]}]},{\"@type\":\"WebPage\",\"@id\":\"https:\/\/www.africa-press.net\/centrafricaine\/politique\/demandes-de-visas-aupres-de-lambassade-de-france-en-centrafrique-communique-officiel\",\"url\":\"https:\/\/www.africa-press.net\/centrafricaine\/politique\/demandes-de-visas-aupres-de-lambassade-de-france-en-centrafrique-communique-officiel\",\"name\":\"DEMANDES DE VISAS AUPRES DE L\u2019AMBASSADE DE FRANCE EN CENTRAFRIQUE: COMMUNIQU\u00c9 OFFICIEL - centrafricaine\",\"isPartOf\":{\"@id\":\"https:\/\/www.africa-press.net\/centrafricaine\/#website\"},\"primaryImageOfPage\":{\"@id\":\"https:\/\/www.africa-press.net\/centrafricaine\/politique\/demandes-de-visas-aupres-de-lambassade-de-france-en-centrafrique-communique-officiel#primaryimage\"},\"image\":{\"@id\":\"https:\/\/www.africa-press.net\/centrafricaine\/politique\/demandes-de-visas-aupres-de-lambassade-de-france-en-centrafrique-communique-officiel#primaryimage\"},\"thumbnailUrl\":\"https:\/\/static.africa-press.net\/centrafricaine\/sites\/45\/2021\/07\/img-60fab8dfbb33f.jpg\",\"datePublished\":\"2021-07-23T13:03:15+00:00\",\"dateModified\":\"2021-07-24T08:02:50+00:00\",\"author\":{\"@id\":\"https:\/\/www.africa-press.net\/centrafricaine\/#\/schema\/person\/2b1cf3cd81a31e3cd26889ca66d677f1\"},\"description\":\"Bangui, le 22\/07\/2021 A la suite de certaines incompr\u00e9hensions sur les r\u00e8gles actuelles de d\u00e9livrance de visas, dans le ...\",\"breadcrumb\":{\"@id\":\"https:\/\/www.africa-press.net\/centrafricaine\/politique\/demandes-de-visas-aupres-de-lambassade-de-france-en-centrafrique-communique-officiel#breadcrumb\"},\"inLanguage\":\"fr-FR\",\"potentialAction\":[{\"@type\":\"ReadAction\",\"target\":[\"https:\/\/www.africa-press.net\/centrafricaine\/politique\/demandes-de-visas-aupres-de-lambassade-de-france-en-centrafrique-communique-officiel\"]}]},{\"@type\":\"ImageObject\",\"inLanguage\":\"fr-FR\",\"@id\":\"https:\/\/www.africa-press.net\/centrafricaine\/politique\/demandes-de-visas-aupres-de-lambassade-de-france-en-centrafrique-communique-officiel#primaryimage\",\"url\":\"https:\/\/static.africa-press.net\/centrafricaine\/sites\/45\/2021\/07\/img-60fab8dfbb33f.jpg\",\"contentUrl\":\"https:\/\/static.africa-press.net\/centrafricaine\/sites\/45\/2021\/07\/img-60fab8dfbb33f.jpg\",\"width\":750,\"height\":561,\"caption\":\"DEMANDES DE VISAS AUPRES DE L\u2019AMBASSADE DE FRANCE EN CENTRAFRIQUE: COMMUNIQU\u00c9 OFFICIEL\"},{\"@type\":\"BreadcrumbList\",\"@id\":\"https:\/\/www.africa-press.net\/centrafricaine\/politique\/demandes-de-visas-aupres-de-lambassade-de-france-en-centrafrique-communique-officiel#breadcrumb\",\"itemListElement\":[{\"@type\":\"ListItem\",\"position\":1,\"name\":\"Accueil\",\"item\":\"https:\/\/www.africa-press.net\/centrafricaine\/\"},{\"@type\":\"ListItem\",\"position\":2,\"name\":\"DEMANDES DE VISAS AUPRES DE L\u2019AMBASSADE DE FRANCE EN CENTRAFRIQUE: COMMUNIQU\u00c9 OFFICIEL\"}]},{\"@type\":\"WebSite\",\"@id\":\"https:\/\/www.africa-press.net\/centrafricaine\/#website\",\"url\":\"https:\/\/www.africa-press.net\/centrafricaine\/\",\"name\":\"centrafricaine\",\"description\":\"Just another Africa News Agency Sites site\",\"potentialAction\":[{\"@type\":\"SearchAction\",\"target\":{\"@type\":\"EntryPoint\",\"urlTemplate\":\"https:\/\/www.africa-press.net\/centrafricaine\/?s={search_term_string}\"},\"query-input\":{\"@type\":\"PropertyValueSpecification\",\"valueRequired\":true,\"valueName\":\"search_term_string\"}}],\"inLanguage\":\"fr-FR\"},{\"@type\":\"Person\",\"@id\":\"https:\/\/www.africa-press.net\/centrafricaine\/#\/schema\/person\/2b1cf3cd81a31e3cd26889ca66d677f1\",\"name\":\"cfeditorfr\"}]}<\/script>\n<!-- \/ Yoast SEO Premium plugin. -->","yoast_head_json":{"title":"DEMANDES DE VISAS AUPRES DE L\u2019AMBASSADE DE FRANCE EN CENTRAFRIQUE: COMMUNIQU\u00c9 OFFICIEL - centrafricaine","description":"Bangui, le 22\/07\/2021 A la suite de certaines incompr\u00e9hensions sur les r\u00e8gles actuelles de d\u00e9livrance de visas, dans le ...","robots":{"index":"index","follow":"follow","max-snippet":"max-snippet:-1","max-image-preview":"max-image-preview:large","max-video-preview":"max-video-preview:-1"},"canonical":"https:\/\/www.africa-press.net\/centrafricaine\/politique\/demandes-de-visas-aupres-de-lambassade-de-france-en-centrafrique-communique-officiel","og_locale":"fr_FR","og_type":"article","og_title":"DEMANDES DE VISAS AUPRES DE L\u2019AMBASSADE DE FRANCE EN CENTRAFRIQUE: COMMUNIQU\u00c9 OFFICIEL","og_description":"Bangui, le 22\/07\/2021 A la suite de certaines incompr\u00e9hensions sur les r\u00e8gles actuelles de d\u00e9livrance de visas, dans le ...","og_url":"https:\/\/www.africa-press.net\/centrafricaine\/politique\/demandes-de-visas-aupres-de-lambassade-de-france-en-centrafrique-communique-officiel","og_site_name":"centrafricaine","article_published_time":"2021-07-23T13:03:15+00:00","article_modified_time":"2021-07-24T08:02:50+00:00","og_image":[{"width":750,"height":561,"url":"https:\/\/static.africa-press.net\/centrafricaine\/sites\/45\/2021\/07\/img-60fab8dfbb33f.jpg","type":"image\/jpeg"}],"author":"cfeditorfr","twitter_card":"summary_large_image","twitter_misc":{"\u00c9crit par":"cfeditorfr","Dur\u00e9e de lecture estim\u00e9e":"2 minutes"},"schema":{"@context":"https:\/\/schema.org","@graph":[{"@type":"Article","@id":"https:\/\/www.africa-press.net\/centrafricaine\/politique\/demandes-de-visas-aupres-de-lambassade-de-france-en-centrafrique-communique-officiel#article","isPartOf":{"@id":"https:\/\/www.africa-press.net\/centrafricaine\/politique\/demandes-de-visas-aupres-de-lambassade-de-france-en-centrafrique-communique-officiel"},"author":{"name":"cfeditorfr","@id":"https:\/\/www.africa-press.net\/centrafricaine\/#\/schema\/person\/2b1cf3cd81a31e3cd26889ca66d677f1"},"headline":"DEMANDES DE VISAS AUPRES DE L\u2019AMBASSADE DE FRANCE EN CENTRAFRIQUE: COMMUNIQU\u00c9 OFFICIEL","datePublished":"2021-07-23T13:03:15+00:00","dateModified":"2021-07-24T08:02:50+00:00","mainEntityOfPage":{"@id":"https:\/\/www.africa-press.net\/centrafricaine\/politique\/demandes-de-visas-aupres-de-lambassade-de-france-en-centrafrique-communique-officiel"},"wordCount":364,"commentCount":0,"image":{"@id":"https:\/\/www.africa-press.net\/centrafricaine\/politique\/demandes-de-visas-aupres-de-lambassade-de-france-en-centrafrique-communique-officiel#primaryimage"},"thumbnailUrl":"https:\/\/static.africa-press.net\/centrafricaine\/sites\/45\/2021\/07\/img-60fab8dfbb33f.jpg","keywords":["Africa Press","Africa Press-CentrAfricaine","CentrAfricaine"],"articleSection":["homepage-french","Politique","Top Nouvelles","Toutes les actualit\u00e9s"],"inLanguage":"fr-FR","potentialAction":[{"@type":"CommentAction","name":"Comment","target":["https:\/\/www.africa-press.net\/centrafricaine\/politique\/demandes-de-visas-aupres-de-lambassade-de-france-en-centrafrique-communique-officiel#respond"]}]},{"@type":"WebPage","@id":"https:\/\/www.africa-press.net\/centrafricaine\/politique\/demandes-de-visas-aupres-de-lambassade-de-france-en-centrafrique-communique-officiel","url":"https:\/\/www.africa-press.net\/centrafricaine\/politique\/demandes-de-visas-aupres-de-lambassade-de-france-en-centrafrique-communique-officiel","name":"DEMANDES DE VISAS AUPRES DE L\u2019AMBASSADE DE FRANCE EN CENTRAFRIQUE: COMMUNIQU\u00c9 OFFICIEL - centrafricaine","isPartOf":{"@id":"https:\/\/www.africa-press.net\/centrafricaine\/#website"},"primaryImageOfPage":{"@id":"https:\/\/www.africa-press.net\/centrafricaine\/politique\/demandes-de-visas-aupres-de-lambassade-de-france-en-centrafrique-communique-officiel#primaryimage"},"image":{"@id":"https:\/\/www.africa-press.net\/centrafricaine\/politique\/demandes-de-visas-aupres-de-lambassade-de-france-en-centrafrique-communique-officiel#primaryimage"},"thumbnailUrl":"https:\/\/static.africa-press.net\/centrafricaine\/sites\/45\/2021\/07\/img-60fab8dfbb33f.jpg","datePublished":"2021-07-23T13:03:15+00:00","dateModified":"2021-07-24T08:02:50+00:00","author":{"@id":"https:\/\/www.africa-press.net\/centrafricaine\/#\/schema\/person\/2b1cf3cd81a31e3cd26889ca66d677f1"},"description":"Bangui, le 22\/07\/2021 A la suite de certaines incompr\u00e9hensions sur les r\u00e8gles actuelles de d\u00e9livrance de visas, dans le ...","breadcrumb":{"@id":"https:\/\/www.africa-press.net\/centrafricaine\/politique\/demandes-de-visas-aupres-de-lambassade-de-france-en-centrafrique-communique-officiel#breadcrumb"},"inLanguage":"fr-FR","potentialAction":[{"@type":"ReadAction","target":["https:\/\/www.africa-press.net\/centrafricaine\/politique\/demandes-de-visas-aupres-de-lambassade-de-france-en-centrafrique-communique-officiel"]}]},{"@type":"ImageObject","inLanguage":"fr-FR","@id":"https:\/\/www.africa-press.net\/centrafricaine\/politique\/demandes-de-visas-aupres-de-lambassade-de-france-en-centrafrique-communique-officiel#primaryimage","url":"https:\/\/static.africa-press.net\/centrafricaine\/sites\/45\/2021\/07\/img-60fab8dfbb33f.jpg","contentUrl":"https:\/\/static.africa-press.net\/centrafricaine\/sites\/45\/2021\/07\/img-60fab8dfbb33f.jpg","width":750,"height":561,"caption":"DEMANDES DE VISAS AUPRES DE L\u2019AMBASSADE DE FRANCE EN CENTRAFRIQUE: COMMUNIQU\u00c9 OFFICIEL"},{"@type":"BreadcrumbList","@id":"https:\/\/www.africa-press.net\/centrafricaine\/politique\/demandes-de-visas-aupres-de-lambassade-de-france-en-centrafrique-communique-officiel#breadcrumb","itemListElement":[{"@type":"ListItem","position":1,"name":"Accueil","item":"https:\/\/www.africa-press.net\/centrafricaine\/"},{"@type":"ListItem","position":2,"name":"DEMANDES DE VISAS AUPRES DE L\u2019AMBASSADE DE FRANCE EN CENTRAFRIQUE: COMMUNIQU\u00c9 OFFICIEL"}]},{"@type":"WebSite","@id":"https:\/\/www.africa-press.net\/centrafricaine\/#website","url":"https:\/\/www.africa-press.net\/centrafricaine\/","name":"centrafricaine","description":"Just another Africa News Agency Sites site","potentialAction":[{"@type":"SearchAction","target":{"@type":"EntryPoint","urlTemplate":"https:\/\/www.africa-press.net\/centrafricaine\/?s={search_term_string}"},"query-input":{"@type":"PropertyValueSpecification","valueRequired":true,"valueName":"search_term_string"}}],"inLanguage":"fr-FR"},{"@type":"Person","@id":"https:\/\/www.africa-press.net\/centrafricaine\/#\/schema\/person\/2b1cf3cd81a31e3cd26889ca66d677f1","name":"cfeditorfr"}]}},"_links":{"self":[{"href":"https:\/\/www.africa-press.net\/centrafricaine\/wp-json\/wp\/v2\/posts\/9203","targetHints":{"allow":["GET"]}}],"collection":[{"href":"https:\/\/www.africa-press.net\/centrafricaine\/wp-json\/wp\/v2\/posts"}],"about":[{"href":"https:\/\/www.africa-press.net\/centrafricaine\/wp-json\/wp\/v2\/types\/post"}],"author":[{"embeddable":true,"href":"https:\/\/www.africa-press.net\/centrafricaine\/wp-json\/wp\/v2\/users\/82"}],"replies":[{"embeddable":true,"href":"https:\/\/www.africa-press.net\/centrafricaine\/wp-json\/wp\/v2\/comments?post=9203"}],"version-history":[{"count":0,"href":"https:\/\/www.africa-press.net\/centrafricaine\/wp-json\/wp\/v2\/posts\/9203\/revisions"}],"wp:featuredmedia":[{"embeddable":true,"href":"https:\/\/www.africa-press.net\/centrafricaine\/wp-json\/wp\/v2\/media\/9202"}],"wp:attachment":[{"href":"https:\/\/www.africa-press.net\/centrafricaine\/wp-json\/wp\/v2\/media?parent=9203"}],"wp:term":[{"taxonomy":"category","embeddable":true,"href":"https:\/\/www.africa-press.net\/centrafricaine\/wp-json\/wp\/v2\/categories?post=9203"},{"taxonomy":"post_tag","embeddable":true,"href":"https:\/\/www.africa-press.net\/centrafricaine\/wp-json\/wp\/v2\/tags?post=9203"}],"curies":[{"name":"wp","href":"https:\/\/api.w.org\/{rel}","templated":true}]}}