{"id":9206,"date":"2021-07-23T13:14:49","date_gmt":"2021-07-23T13:14:49","guid":{"rendered":"https:\/\/www.africa-press.net\/centrafricaine\/?p=9206"},"modified":"2021-07-24T08:02:57","modified_gmt":"2021-07-24T08:02:57","slug":"massacre-de-bossangoa-la-minusca-annonce-louverture-dune-enquete","status":"publish","type":"post","link":"https:\/\/www.africa-press.net\/centrafricaine\/politique\/massacre-de-bossangoa-la-minusca-annonce-louverture-dune-enquete","title":{"rendered":"Massacre de Bossangoa, la Minusca annonce l\u2019ouverture d\u2019une enqu\u00eate"},"content":{"rendered":"<p><span style=\"color: #ff6600\"><strong><a href=\"https:\/\/www.africa-press.net\/\">Africa-Press<\/a> &#8211; <a href=\"https:\/\/www.africa-press.net\/centrafricaine\">CentrAfricaine<\/a>. <\/strong><\/span>La Mission multidimensionnelle int\u00e9gr\u00e9e des Nations Unies pour la stabilisation en R\u00e9publique centrafricaine (MINUSCA) a re\u00e7u des informations le 21 juillet 2021 faisant \u00e9tat de la mort violente de plusieurs personnes dans la sous-pr\u00e9fecture de Bossangoa.<\/p>\n<p>Une patrouille conjointe UNPOL\/FORCE a \u00e9t\u00e9 aussit\u00f4t envoy\u00e9e sur l\u2019axe Bossangoa-Nana-Bakassa pour v\u00e9rifier les faits. Cette patrouille a confirm\u00e9 la d\u00e9couverte de 13 corps sans vie \u00e0 Bongboto, \u00e0 12 km de Bossangoa.<\/p>\n<p>Imm\u00e9diatement, la MINUSCA a d\u00e9p\u00each\u00e9 une mission conjointe sur place, compos\u00e9e d\u2019UNPOL et de la Section des Droits de l\u2019homme, afin d\u2019enqu\u00eater et d\u2019\u00e9tablir les faits.<\/p>\n<p>La MINUSCA contribuera \u00e0 faire toute la lumi\u00e8re sur ce malheureux incident et se tient pr\u00eate \u00e0 soutenir le gouvernement pour que les auteurs pr\u00e9sum\u00e9s de ces crimes odieux soient identifi\u00e9s, arr\u00eat\u00e9s, et traduits devant les juridictions comp\u00e9tentes.<\/p>\n<p>La MINUSCA sollicite la coop\u00e9ration du gouvernement \u00e0 cet effet.<\/p>\n","protected":false},"excerpt":{"rendered":"<p>Africa-Press &#8211; CentrAfricaine. La Mission multidimensionnelle int\u00e9gr\u00e9e des Nations Unies pour la stabilisation en R\u00e9publique centrafricaine (MINUSCA) a re\u00e7u des informations le 21 juillet 2021 faisant \u00e9tat de la mort violente de plusieurs personnes dans la sous-pr\u00e9fecture de Bossangoa. Une patrouille conjointe UNPOL\/FORCE a \u00e9t\u00e9 aussit\u00f4t envoy\u00e9e sur l\u2019axe Bossangoa-Nana-Bakassa pour v\u00e9rifier les faits. Cette [&hellip;]<\/p>\n","protected":false},"author":82,"featured_media":9205,"comment_status":"open","ping_status":"closed","sticky":false,"template":"","format":"standard","meta":{"footnotes":""},"categories":[11,2,20,10],"tags":[36,58,30],"class_list":["post-9206","post","type-post","status-publish","format-standard","has-post-thumbnail","hentry","category-homepage-french","category-politique","category-top-nouvelles","category-toutes-les-actualites","tag-africa-press","tag-africa-press-centrafricaine","tag-centrafricaine"],"yoast_head":"<!-- This site is optimized with the Yoast SEO Premium plugin v26.1 (Yoast SEO v27.0) - https:\/\/yoast.com\/product\/yoast-seo-premium-wordpress\/ -->\n<title>Massacre de Bossangoa, la Minusca annonce l\u2019ouverture d\u2019une enqu\u00eate - centrafricaine<\/title>\n<meta name=\"description\" content=\"La Mission multidimensionnelle int\u00e9gr\u00e9e des Nations Unies pour la stabilisation en R\u00e9publique centrafricaine (MINUSCA) a ...\" \/>\n<meta name=\"robots\" content=\"index, follow, max-snippet:-1, max-image-preview:large, max-video-preview:-1\" \/>\n<link rel=\"canonical\" href=\"https:\/\/www.africa-press.net\/centrafricaine\/politique\/massacre-de-bossangoa-la-minusca-annonce-louverture-dune-enquete\" \/>\n<meta property=\"og:locale\" content=\"fr_FR\" \/>\n<meta property=\"og:type\" content=\"article\" \/>\n<meta property=\"og:title\" content=\"Massacre de Bossangoa, la Minusca annonce l\u2019ouverture d\u2019une enqu\u00eate\" \/>\n<meta property=\"og:description\" content=\"La Mission multidimensionnelle int\u00e9gr\u00e9e des Nations Unies pour la stabilisation en R\u00e9publique centrafricaine (MINUSCA) a ...\" \/>\n<meta property=\"og:url\" content=\"https:\/\/www.africa-press.net\/centrafricaine\/politique\/massacre-de-bossangoa-la-minusca-annonce-louverture-dune-enquete\" \/>\n<meta property=\"og:site_name\" content=\"centrafricaine\" \/>\n<meta property=\"article:published_time\" content=\"2021-07-23T13:14:49+00:00\" \/>\n<meta property=\"article:modified_time\" content=\"2021-07-24T08:02:57+00:00\" \/>\n<meta property=\"og:image\" content=\"https:\/\/static.africa-press.net\/centrafricaine\/sites\/45\/2021\/07\/img-60fab901139fb.jpg\" \/>\n\t<meta property=\"og:image:width\" content=\"720\" \/>\n\t<meta property=\"og:image:height\" content=\"665\" \/>\n\t<meta property=\"og:image:type\" content=\"image\/jpeg\" \/>\n<meta name=\"author\" content=\"cfeditorfr\" \/>\n<meta name=\"twitter:card\" content=\"summary_large_image\" \/>\n<meta name=\"twitter:label1\" content=\"\u00c9crit par\" \/>\n\t<meta name=\"twitter:data1\" content=\"cfeditorfr\" \/>\n\t<meta name=\"twitter:label2\" content=\"Dur\u00e9e de lecture estim\u00e9e\" \/>\n\t<meta name=\"twitter:data2\" content=\"1 minute\" \/>\n<script type=\"application\/ld+json\" class=\"yoast-schema-graph\">{\"@context\":\"https:\/\/schema.org\",\"@graph\":[{\"@type\":\"Article\",\"@id\":\"https:\/\/www.africa-press.net\/centrafricaine\/politique\/massacre-de-bossangoa-la-minusca-annonce-louverture-dune-enquete#article\",\"isPartOf\":{\"@id\":\"https:\/\/www.africa-press.net\/centrafricaine\/politique\/massacre-de-bossangoa-la-minusca-annonce-louverture-dune-enquete\"},\"author\":{\"name\":\"cfeditorfr\",\"@id\":\"https:\/\/www.africa-press.net\/centrafricaine\/#\/schema\/person\/2b1cf3cd81a31e3cd26889ca66d677f1\"},\"headline\":\"Massacre de Bossangoa, la Minusca annonce l\u2019ouverture d\u2019une enqu\u00eate\",\"datePublished\":\"2021-07-23T13:14:49+00:00\",\"dateModified\":\"2021-07-24T08:02:57+00:00\",\"mainEntityOfPage\":{\"@id\":\"https:\/\/www.africa-press.net\/centrafricaine\/politique\/massacre-de-bossangoa-la-minusca-annonce-louverture-dune-enquete\"},\"wordCount\":178,\"commentCount\":0,\"image\":{\"@id\":\"https:\/\/www.africa-press.net\/centrafricaine\/politique\/massacre-de-bossangoa-la-minusca-annonce-louverture-dune-enquete#primaryimage\"},\"thumbnailUrl\":\"https:\/\/static.africa-press.net\/centrafricaine\/sites\/45\/2021\/07\/img-60fab901139fb.jpg\",\"keywords\":[\"Africa Press\",\"Africa Press-CentrAfricaine\",\"CentrAfricaine\"],\"articleSection\":[\"homepage-french\",\"Politique\",\"Top Nouvelles\",\"Toutes les actualit\u00e9s\"],\"inLanguage\":\"fr-FR\",\"potentialAction\":[{\"@type\":\"CommentAction\",\"name\":\"Comment\",\"target\":[\"https:\/\/www.africa-press.net\/centrafricaine\/politique\/massacre-de-bossangoa-la-minusca-annonce-louverture-dune-enquete#respond\"]}]},{\"@type\":\"WebPage\",\"@id\":\"https:\/\/www.africa-press.net\/centrafricaine\/politique\/massacre-de-bossangoa-la-minusca-annonce-louverture-dune-enquete\",\"url\":\"https:\/\/www.africa-press.net\/centrafricaine\/politique\/massacre-de-bossangoa-la-minusca-annonce-louverture-dune-enquete\",\"name\":\"Massacre de Bossangoa, la Minusca annonce l\u2019ouverture d\u2019une enqu\u00eate - centrafricaine\",\"isPartOf\":{\"@id\":\"https:\/\/www.africa-press.net\/centrafricaine\/#website\"},\"primaryImageOfPage\":{\"@id\":\"https:\/\/www.africa-press.net\/centrafricaine\/politique\/massacre-de-bossangoa-la-minusca-annonce-louverture-dune-enquete#primaryimage\"},\"image\":{\"@id\":\"https:\/\/www.africa-press.net\/centrafricaine\/politique\/massacre-de-bossangoa-la-minusca-annonce-louverture-dune-enquete#primaryimage\"},\"thumbnailUrl\":\"https:\/\/static.africa-press.net\/centrafricaine\/sites\/45\/2021\/07\/img-60fab901139fb.jpg\",\"datePublished\":\"2021-07-23T13:14:49+00:00\",\"dateModified\":\"2021-07-24T08:02:57+00:00\",\"author\":{\"@id\":\"https:\/\/www.africa-press.net\/centrafricaine\/#\/schema\/person\/2b1cf3cd81a31e3cd26889ca66d677f1\"},\"description\":\"La Mission multidimensionnelle int\u00e9gr\u00e9e des Nations Unies pour la stabilisation en R\u00e9publique centrafricaine (MINUSCA) a ...\",\"breadcrumb\":{\"@id\":\"https:\/\/www.africa-press.net\/centrafricaine\/politique\/massacre-de-bossangoa-la-minusca-annonce-louverture-dune-enquete#breadcrumb\"},\"inLanguage\":\"fr-FR\",\"potentialAction\":[{\"@type\":\"ReadAction\",\"target\":[\"https:\/\/www.africa-press.net\/centrafricaine\/politique\/massacre-de-bossangoa-la-minusca-annonce-louverture-dune-enquete\"]}]},{\"@type\":\"ImageObject\",\"inLanguage\":\"fr-FR\",\"@id\":\"https:\/\/www.africa-press.net\/centrafricaine\/politique\/massacre-de-bossangoa-la-minusca-annonce-louverture-dune-enquete#primaryimage\",\"url\":\"https:\/\/static.africa-press.net\/centrafricaine\/sites\/45\/2021\/07\/img-60fab901139fb.jpg\",\"contentUrl\":\"https:\/\/static.africa-press.net\/centrafricaine\/sites\/45\/2021\/07\/img-60fab901139fb.jpg\",\"width\":720,\"height\":665,\"caption\":\"Massacre de Bossangoa, la Minusca annonce l\u2019ouverture d\u2019une enqu\u00eate\"},{\"@type\":\"BreadcrumbList\",\"@id\":\"https:\/\/www.africa-press.net\/centrafricaine\/politique\/massacre-de-bossangoa-la-minusca-annonce-louverture-dune-enquete#breadcrumb\",\"itemListElement\":[{\"@type\":\"ListItem\",\"position\":1,\"name\":\"Accueil\",\"item\":\"https:\/\/www.africa-press.net\/centrafricaine\/\"},{\"@type\":\"ListItem\",\"position\":2,\"name\":\"Massacre de Bossangoa, la Minusca annonce l\u2019ouverture d\u2019une enqu\u00eate\"}]},{\"@type\":\"WebSite\",\"@id\":\"https:\/\/www.africa-press.net\/centrafricaine\/#website\",\"url\":\"https:\/\/www.africa-press.net\/centrafricaine\/\",\"name\":\"centrafricaine\",\"description\":\"Just another Africa News Agency Sites site\",\"potentialAction\":[{\"@type\":\"SearchAction\",\"target\":{\"@type\":\"EntryPoint\",\"urlTemplate\":\"https:\/\/www.africa-press.net\/centrafricaine\/?s={search_term_string}\"},\"query-input\":{\"@type\":\"PropertyValueSpecification\",\"valueRequired\":true,\"valueName\":\"search_term_string\"}}],\"inLanguage\":\"fr-FR\"},{\"@type\":\"Person\",\"@id\":\"https:\/\/www.africa-press.net\/centrafricaine\/#\/schema\/person\/2b1cf3cd81a31e3cd26889ca66d677f1\",\"name\":\"cfeditorfr\"}]}<\/script>\n<!-- \/ Yoast SEO Premium plugin. -->","yoast_head_json":{"title":"Massacre de Bossangoa, la Minusca annonce l\u2019ouverture d\u2019une enqu\u00eate - centrafricaine","description":"La Mission multidimensionnelle int\u00e9gr\u00e9e des Nations Unies pour la stabilisation en R\u00e9publique centrafricaine (MINUSCA) a ...","robots":{"index":"index","follow":"follow","max-snippet":"max-snippet:-1","max-image-preview":"max-image-preview:large","max-video-preview":"max-video-preview:-1"},"canonical":"https:\/\/www.africa-press.net\/centrafricaine\/politique\/massacre-de-bossangoa-la-minusca-annonce-louverture-dune-enquete","og_locale":"fr_FR","og_type":"article","og_title":"Massacre de Bossangoa, la Minusca annonce l\u2019ouverture d\u2019une enqu\u00eate","og_description":"La Mission multidimensionnelle int\u00e9gr\u00e9e des Nations Unies pour la stabilisation en R\u00e9publique centrafricaine (MINUSCA) a ...","og_url":"https:\/\/www.africa-press.net\/centrafricaine\/politique\/massacre-de-bossangoa-la-minusca-annonce-louverture-dune-enquete","og_site_name":"centrafricaine","article_published_time":"2021-07-23T13:14:49+00:00","article_modified_time":"2021-07-24T08:02:57+00:00","og_image":[{"width":720,"height":665,"url":"https:\/\/static.africa-press.net\/centrafricaine\/sites\/45\/2021\/07\/img-60fab901139fb.jpg","type":"image\/jpeg"}],"author":"cfeditorfr","twitter_card":"summary_large_image","twitter_misc":{"\u00c9crit par":"cfeditorfr","Dur\u00e9e de lecture estim\u00e9e":"1 minute"},"schema":{"@context":"https:\/\/schema.org","@graph":[{"@type":"Article","@id":"https:\/\/www.africa-press.net\/centrafricaine\/politique\/massacre-de-bossangoa-la-minusca-annonce-louverture-dune-enquete#article","isPartOf":{"@id":"https:\/\/www.africa-press.net\/centrafricaine\/politique\/massacre-de-bossangoa-la-minusca-annonce-louverture-dune-enquete"},"author":{"name":"cfeditorfr","@id":"https:\/\/www.africa-press.net\/centrafricaine\/#\/schema\/person\/2b1cf3cd81a31e3cd26889ca66d677f1"},"headline":"Massacre de Bossangoa, la Minusca annonce l\u2019ouverture d\u2019une enqu\u00eate","datePublished":"2021-07-23T13:14:49+00:00","dateModified":"2021-07-24T08:02:57+00:00","mainEntityOfPage":{"@id":"https:\/\/www.africa-press.net\/centrafricaine\/politique\/massacre-de-bossangoa-la-minusca-annonce-louverture-dune-enquete"},"wordCount":178,"commentCount":0,"image":{"@id":"https:\/\/www.africa-press.net\/centrafricaine\/politique\/massacre-de-bossangoa-la-minusca-annonce-louverture-dune-enquete#primaryimage"},"thumbnailUrl":"https:\/\/static.africa-press.net\/centrafricaine\/sites\/45\/2021\/07\/img-60fab901139fb.jpg","keywords":["Africa Press","Africa Press-CentrAfricaine","CentrAfricaine"],"articleSection":["homepage-french","Politique","Top Nouvelles","Toutes les actualit\u00e9s"],"inLanguage":"fr-FR","potentialAction":[{"@type":"CommentAction","name":"Comment","target":["https:\/\/www.africa-press.net\/centrafricaine\/politique\/massacre-de-bossangoa-la-minusca-annonce-louverture-dune-enquete#respond"]}]},{"@type":"WebPage","@id":"https:\/\/www.africa-press.net\/centrafricaine\/politique\/massacre-de-bossangoa-la-minusca-annonce-louverture-dune-enquete","url":"https:\/\/www.africa-press.net\/centrafricaine\/politique\/massacre-de-bossangoa-la-minusca-annonce-louverture-dune-enquete","name":"Massacre de Bossangoa, la Minusca annonce l\u2019ouverture d\u2019une enqu\u00eate - centrafricaine","isPartOf":{"@id":"https:\/\/www.africa-press.net\/centrafricaine\/#website"},"primaryImageOfPage":{"@id":"https:\/\/www.africa-press.net\/centrafricaine\/politique\/massacre-de-bossangoa-la-minusca-annonce-louverture-dune-enquete#primaryimage"},"image":{"@id":"https:\/\/www.africa-press.net\/centrafricaine\/politique\/massacre-de-bossangoa-la-minusca-annonce-louverture-dune-enquete#primaryimage"},"thumbnailUrl":"https:\/\/static.africa-press.net\/centrafricaine\/sites\/45\/2021\/07\/img-60fab901139fb.jpg","datePublished":"2021-07-23T13:14:49+00:00","dateModified":"2021-07-24T08:02:57+00:00","author":{"@id":"https:\/\/www.africa-press.net\/centrafricaine\/#\/schema\/person\/2b1cf3cd81a31e3cd26889ca66d677f1"},"description":"La Mission multidimensionnelle int\u00e9gr\u00e9e des Nations Unies pour la stabilisation en R\u00e9publique centrafricaine (MINUSCA) a ...","breadcrumb":{"@id":"https:\/\/www.africa-press.net\/centrafricaine\/politique\/massacre-de-bossangoa-la-minusca-annonce-louverture-dune-enquete#breadcrumb"},"inLanguage":"fr-FR","potentialAction":[{"@type":"ReadAction","target":["https:\/\/www.africa-press.net\/centrafricaine\/politique\/massacre-de-bossangoa-la-minusca-annonce-louverture-dune-enquete"]}]},{"@type":"ImageObject","inLanguage":"fr-FR","@id":"https:\/\/www.africa-press.net\/centrafricaine\/politique\/massacre-de-bossangoa-la-minusca-annonce-louverture-dune-enquete#primaryimage","url":"https:\/\/static.africa-press.net\/centrafricaine\/sites\/45\/2021\/07\/img-60fab901139fb.jpg","contentUrl":"https:\/\/static.africa-press.net\/centrafricaine\/sites\/45\/2021\/07\/img-60fab901139fb.jpg","width":720,"height":665,"caption":"Massacre de Bossangoa, la Minusca annonce l\u2019ouverture d\u2019une enqu\u00eate"},{"@type":"BreadcrumbList","@id":"https:\/\/www.africa-press.net\/centrafricaine\/politique\/massacre-de-bossangoa-la-minusca-annonce-louverture-dune-enquete#breadcrumb","itemListElement":[{"@type":"ListItem","position":1,"name":"Accueil","item":"https:\/\/www.africa-press.net\/centrafricaine\/"},{"@type":"ListItem","position":2,"name":"Massacre de Bossangoa, la Minusca annonce l\u2019ouverture d\u2019une enqu\u00eate"}]},{"@type":"WebSite","@id":"https:\/\/www.africa-press.net\/centrafricaine\/#website","url":"https:\/\/www.africa-press.net\/centrafricaine\/","name":"centrafricaine","description":"Just another Africa News Agency Sites site","potentialAction":[{"@type":"SearchAction","target":{"@type":"EntryPoint","urlTemplate":"https:\/\/www.africa-press.net\/centrafricaine\/?s={search_term_string}"},"query-input":{"@type":"PropertyValueSpecification","valueRequired":true,"valueName":"search_term_string"}}],"inLanguage":"fr-FR"},{"@type":"Person","@id":"https:\/\/www.africa-press.net\/centrafricaine\/#\/schema\/person\/2b1cf3cd81a31e3cd26889ca66d677f1","name":"cfeditorfr"}]}},"_links":{"self":[{"href":"https:\/\/www.africa-press.net\/centrafricaine\/wp-json\/wp\/v2\/posts\/9206","targetHints":{"allow":["GET"]}}],"collection":[{"href":"https:\/\/www.africa-press.net\/centrafricaine\/wp-json\/wp\/v2\/posts"}],"about":[{"href":"https:\/\/www.africa-press.net\/centrafricaine\/wp-json\/wp\/v2\/types\/post"}],"author":[{"embeddable":true,"href":"https:\/\/www.africa-press.net\/centrafricaine\/wp-json\/wp\/v2\/users\/82"}],"replies":[{"embeddable":true,"href":"https:\/\/www.africa-press.net\/centrafricaine\/wp-json\/wp\/v2\/comments?post=9206"}],"version-history":[{"count":0,"href":"https:\/\/www.africa-press.net\/centrafricaine\/wp-json\/wp\/v2\/posts\/9206\/revisions"}],"wp:featuredmedia":[{"embeddable":true,"href":"https:\/\/www.africa-press.net\/centrafricaine\/wp-json\/wp\/v2\/media\/9205"}],"wp:attachment":[{"href":"https:\/\/www.africa-press.net\/centrafricaine\/wp-json\/wp\/v2\/media?parent=9206"}],"wp:term":[{"taxonomy":"category","embeddable":true,"href":"https:\/\/www.africa-press.net\/centrafricaine\/wp-json\/wp\/v2\/categories?post=9206"},{"taxonomy":"post_tag","embeddable":true,"href":"https:\/\/www.africa-press.net\/centrafricaine\/wp-json\/wp\/v2\/tags?post=9206"}],"curies":[{"name":"wp","href":"https:\/\/api.w.org\/{rel}","templated":true}]}}