{"id":9209,"date":"2021-07-23T13:18:21","date_gmt":"2021-07-23T13:18:21","guid":{"rendered":"https:\/\/www.africa-press.net\/centrafricaine\/?p=9209"},"modified":"2021-07-24T08:03:17","modified_gmt":"2021-07-24T08:03:17","slug":"le-prochain-gros-client-de-la-cour-penale-internationale-habite-a-bangui","status":"publish","type":"post","link":"https:\/\/www.africa-press.net\/centrafricaine\/dossiers\/le-prochain-gros-client-de-la-cour-penale-internationale-habite-a-bangui","title":{"rendered":"Le prochain gros client de la Cour p\u00e9nale internationale habite \u00e0 Bangui !"},"content":{"rendered":"<p><span style=\"color: #ff6600\"><strong><a href=\"https:\/\/www.africa-press.net\/\">Africa-Press<\/a> &#8211; <a href=\"https:\/\/www.africa-press.net\/centrafricaine\">CentrAfricaine<\/a>.\u00a0 <\/strong><\/span><b>\u00a0C\u2019est connu : \u00ab Les dieux rendent fous ceux qu\u2019ils veulent perdre \u00bb. C\u2019est surtout \u00e0 se demander, comme le faisait remarquer Jean-Baptiste Placca dans l\u2019une de ses chroniques pour RFI, si les dieux ne rendent pas d\u2019abord sourds et aveugles les dirigeants politiques qu\u2019ils veulent perdre.<\/b><\/p>\n<p>En tout cas avec ce qui se passe en Centrafrique, o\u00f9 les mercenaires du groupes Wagner montrent chaque jour un visage de bestialit\u00e9 jamais atteint dans le pays et un savoir-faire in\u00e9gal\u00e9 dans la cruaut\u00e9, en massacrant, impun\u00e9ment, de pauvres civils sans d\u00e9fense, comment ne pas penser, raisonnablement, que cette \u00ab chevauch\u00e9e effr\u00e9n\u00e9e \u00bb vers la barbarie s\u2019ach\u00e8vera in\u00e9luctablement devant la Cour p\u00e9nale internationale (CPI) ?<\/p>\n<p>En effet, tout se passe comme si dans ce pays, certains ont d\u00e9cid\u00e9, de leur plein gr\u00e9, de tout faire pour occuper les cellules laiss\u00e9es vacantes dans le centre de d\u00e9tention de la CPI \u00e0 La Haye par Laurent Gbagbo et Charles Bl\u00e9 Goud\u00e9 depuis leur lib\u00e9ration.<\/p>\n<p><strong>Et pour cause !<\/strong><\/p>\n<p>On a appris avec effroi et effarement que ce mercredi 21 juillet 2021, une dizaine de corps de jeunes taxis moto et boubangu\u00e9r\u00e9s (vendeurs ambulants) ont \u00e9t\u00e9 retrouv\u00e9s \u00e9gorg\u00e9s \u00e0 12 kilom\u00e8tres de la ville de Bossangoa, sur la route de Nana Bakassa. D\u2019apr\u00e8s de sources locales cr\u00e9dibles, ces malheureuses victimes auraient \u00e9t\u00e9 arr\u00eat\u00e9es par les mercenaires de Wagner avant d\u2019\u00eatre froidement ex\u00e9cut\u00e9es. Ce qui rappelle \u00e9trangement l\u2019ex\u00e9cution sommaire des soldats tchadiens arr\u00eat\u00e9s par ces m\u00eames russes dans la localit\u00e9 de Sourou et tu\u00e9s de sang-froid en territoire centrafricain.<\/p>\n<p>Plus dramatique encore est le silence assourdissant de ceux qui sont \u00e0 la t\u00eate du pays. Comment expliquer autrement ce silence que par une approbation tacite de leur part ?<\/p>\n<p>Comment ne pas consid\u00e9rer leur mutisme face aux agissements de leurs alli\u00e9s de Wagner comme un permis de tuer ?<\/p>\n<p>Combien de Centrafricains seront d\u2019abord massacr\u00e9s avant que ceux qui se prennent pour les dirigeants du pays ne r\u00e9agissent ? On connait tous le proverbe : \u00ab Qui ne dit mot consent \u00bb.<\/p>\n<p>C\u2019est d\u2019autant plus r\u00e9voltant que le pass\u00e9 r\u00e9cent de la R\u00e9publique centrafricaine, encore palpable dans le v\u00e9cu des populations, est l\u00e0 pour appeler \u00e0 la raison les uns et les autres. Je sais pour ma part que les dirigeants centrafricains ont toujours \u00e9t\u00e9 silencieux devant les agissements de leurs alli\u00e9s de circonstance qu\u2019ils ont souvent pris l\u2019habitude de couvrir jusqu\u2019\u00e0 ce que les tristes r\u00e9alit\u00e9s ne les rattrapent.<\/p>\n<p>Chaque fois qu\u2019ils font venir des soldats \u00e9trangers sur le sol sacr\u00e9 de nos anc\u00eatres, c\u2019est pour massacrer la population. On a encore ineffa\u00e7ablement grav\u00e9 dans nos m\u00e9moires les atrocit\u00e9s des Bania Mulengue de Jean-Pierre Bemba. Si ce dernier et ses complices locaux ont \u00e9chapp\u00e9 bel \u00e0 la justice, \u00e7a ne sera pas forc\u00e9ment le cas des autres.<\/p>\n<p>S\u2019agissant des exactions des mercenaires de Wagner, l\u2019histoire refusera de se r\u00e9p\u00e9ter. D\u2019une fa\u00e7on ou d\u2019une autre, les coupables paieront, et ceux qui les ont fait venir avec.<\/p>\n<p>Car un jour, et ce jour viendra s\u00fbrement, quelqu\u2019un devra r\u00e9gler l\u2019addition de tous les crimes commis par les mercenaires de Wagner sur le territoire centrafricain et qui sont fort heureusement document\u00e9s. Ce quelqu\u2019un, suivez mon regard, ne pourrait \u00eatre que celui qui s\u2019est engag\u00e9, sous serment, d\u2019assurer la protection et la s\u00e9curit\u00e9 des Centrafricains sur toute l\u2019\u00e9tendue du territoire national. Et ce, quoi qu\u2019il en co\u00fbte ! Enfin, c\u2019est ce que je croyais.<\/p>\n<p>&nbsp;<\/p>\n","protected":false},"excerpt":{"rendered":"<p>Africa-Press &#8211; CentrAfricaine.\u00a0 \u00a0C\u2019est connu : \u00ab Les dieux rendent fous ceux qu\u2019ils veulent perdre \u00bb. C\u2019est surtout \u00e0 se demander, comme le faisait remarquer Jean-Baptiste Placca dans l\u2019une de ses chroniques pour RFI, si les dieux ne rendent pas d\u2019abord sourds et aveugles les dirigeants politiques qu\u2019ils veulent perdre. En tout cas avec ce [&hellip;]<\/p>\n","protected":false},"author":82,"featured_media":9208,"comment_status":"open","ping_status":"closed","sticky":false,"template":"","format":"standard","meta":{"footnotes":""},"categories":[7,11,20,10],"tags":[36,58,30],"class_list":["post-9209","post","type-post","status-publish","format-standard","has-post-thumbnail","hentry","category-dossiers","category-homepage-french","category-top-nouvelles","category-toutes-les-actualites","tag-africa-press","tag-africa-press-centrafricaine","tag-centrafricaine"],"yoast_head":"<!-- This site is optimized with the Yoast SEO Premium plugin v26.1 (Yoast SEO v27.0) - https:\/\/yoast.com\/product\/yoast-seo-premium-wordpress\/ -->\n<title>Le prochain gros client de la Cour p\u00e9nale internationale habite \u00e0 Bangui ! - centrafricaine<\/title>\n<meta name=\"description\" content=\"Bangui, R\u00e9publique centrafricaine, vendredi, 23 juillet 2021 ( Corbeaunews \u2013 Centrafrique ). C\u2019est connu : \u00ab Les dieu ...\" \/>\n<meta name=\"robots\" content=\"index, follow, max-snippet:-1, max-image-preview:large, max-video-preview:-1\" \/>\n<link rel=\"canonical\" href=\"https:\/\/www.africa-press.net\/centrafricaine\/dossiers\/le-prochain-gros-client-de-la-cour-penale-internationale-habite-a-bangui\" \/>\n<meta property=\"og:locale\" content=\"fr_FR\" \/>\n<meta property=\"og:type\" content=\"article\" \/>\n<meta property=\"og:title\" content=\"Le prochain gros client de la Cour p\u00e9nale internationale habite \u00e0 Bangui !\" \/>\n<meta property=\"og:description\" content=\"Bangui, R\u00e9publique centrafricaine, vendredi, 23 juillet 2021 ( Corbeaunews \u2013 Centrafrique ). C\u2019est connu : \u00ab Les dieu ...\" \/>\n<meta property=\"og:url\" content=\"https:\/\/www.africa-press.net\/centrafricaine\/dossiers\/le-prochain-gros-client-de-la-cour-penale-internationale-habite-a-bangui\" \/>\n<meta property=\"og:site_name\" content=\"centrafricaine\" \/>\n<meta property=\"article:published_time\" content=\"2021-07-23T13:18:21+00:00\" \/>\n<meta property=\"article:modified_time\" content=\"2021-07-24T08:03:17+00:00\" \/>\n<meta property=\"og:image\" content=\"https:\/\/static.africa-press.net\/centrafricaine\/sites\/45\/2021\/07\/img-60fab9223d394.jpg\" \/>\n\t<meta property=\"og:image:width\" content=\"720\" \/>\n\t<meta property=\"og:image:height\" content=\"480\" \/>\n\t<meta property=\"og:image:type\" content=\"image\/jpeg\" \/>\n<meta name=\"author\" content=\"cfeditorfr\" \/>\n<meta name=\"twitter:card\" content=\"summary_large_image\" \/>\n<meta name=\"twitter:label1\" content=\"\u00c9crit par\" \/>\n\t<meta name=\"twitter:data1\" content=\"cfeditorfr\" \/>\n\t<meta name=\"twitter:label2\" content=\"Dur\u00e9e de lecture estim\u00e9e\" \/>\n\t<meta name=\"twitter:data2\" content=\"3 minutes\" \/>\n<script type=\"application\/ld+json\" class=\"yoast-schema-graph\">{\"@context\":\"https:\/\/schema.org\",\"@graph\":[{\"@type\":\"Article\",\"@id\":\"https:\/\/www.africa-press.net\/centrafricaine\/dossiers\/le-prochain-gros-client-de-la-cour-penale-internationale-habite-a-bangui#article\",\"isPartOf\":{\"@id\":\"https:\/\/www.africa-press.net\/centrafricaine\/dossiers\/le-prochain-gros-client-de-la-cour-penale-internationale-habite-a-bangui\"},\"author\":{\"name\":\"cfeditorfr\",\"@id\":\"https:\/\/www.africa-press.net\/centrafricaine\/#\/schema\/person\/2b1cf3cd81a31e3cd26889ca66d677f1\"},\"headline\":\"Le prochain gros client de la Cour p\u00e9nale internationale habite \u00e0 Bangui !\",\"datePublished\":\"2021-07-23T13:18:21+00:00\",\"dateModified\":\"2021-07-24T08:03:17+00:00\",\"mainEntityOfPage\":{\"@id\":\"https:\/\/www.africa-press.net\/centrafricaine\/dossiers\/le-prochain-gros-client-de-la-cour-penale-internationale-habite-a-bangui\"},\"wordCount\":640,\"commentCount\":0,\"image\":{\"@id\":\"https:\/\/www.africa-press.net\/centrafricaine\/dossiers\/le-prochain-gros-client-de-la-cour-penale-internationale-habite-a-bangui#primaryimage\"},\"thumbnailUrl\":\"https:\/\/static.africa-press.net\/centrafricaine\/sites\/45\/2021\/07\/img-60fab9223d394.jpg\",\"keywords\":[\"Africa Press\",\"Africa Press-CentrAfricaine\",\"CentrAfricaine\"],\"articleSection\":[\"Dossiers\",\"homepage-french\",\"Top Nouvelles\",\"Toutes les actualit\u00e9s\"],\"inLanguage\":\"fr-FR\",\"potentialAction\":[{\"@type\":\"CommentAction\",\"name\":\"Comment\",\"target\":[\"https:\/\/www.africa-press.net\/centrafricaine\/dossiers\/le-prochain-gros-client-de-la-cour-penale-internationale-habite-a-bangui#respond\"]}]},{\"@type\":\"WebPage\",\"@id\":\"https:\/\/www.africa-press.net\/centrafricaine\/dossiers\/le-prochain-gros-client-de-la-cour-penale-internationale-habite-a-bangui\",\"url\":\"https:\/\/www.africa-press.net\/centrafricaine\/dossiers\/le-prochain-gros-client-de-la-cour-penale-internationale-habite-a-bangui\",\"name\":\"Le prochain gros client de la Cour p\u00e9nale internationale habite \u00e0 Bangui ! - centrafricaine\",\"isPartOf\":{\"@id\":\"https:\/\/www.africa-press.net\/centrafricaine\/#website\"},\"primaryImageOfPage\":{\"@id\":\"https:\/\/www.africa-press.net\/centrafricaine\/dossiers\/le-prochain-gros-client-de-la-cour-penale-internationale-habite-a-bangui#primaryimage\"},\"image\":{\"@id\":\"https:\/\/www.africa-press.net\/centrafricaine\/dossiers\/le-prochain-gros-client-de-la-cour-penale-internationale-habite-a-bangui#primaryimage\"},\"thumbnailUrl\":\"https:\/\/static.africa-press.net\/centrafricaine\/sites\/45\/2021\/07\/img-60fab9223d394.jpg\",\"datePublished\":\"2021-07-23T13:18:21+00:00\",\"dateModified\":\"2021-07-24T08:03:17+00:00\",\"author\":{\"@id\":\"https:\/\/www.africa-press.net\/centrafricaine\/#\/schema\/person\/2b1cf3cd81a31e3cd26889ca66d677f1\"},\"description\":\"Bangui, R\u00e9publique centrafricaine, vendredi, 23 juillet 2021 ( Corbeaunews \u2013 Centrafrique ). C\u2019est connu : \u00ab Les dieu ...\",\"breadcrumb\":{\"@id\":\"https:\/\/www.africa-press.net\/centrafricaine\/dossiers\/le-prochain-gros-client-de-la-cour-penale-internationale-habite-a-bangui#breadcrumb\"},\"inLanguage\":\"fr-FR\",\"potentialAction\":[{\"@type\":\"ReadAction\",\"target\":[\"https:\/\/www.africa-press.net\/centrafricaine\/dossiers\/le-prochain-gros-client-de-la-cour-penale-internationale-habite-a-bangui\"]}]},{\"@type\":\"ImageObject\",\"inLanguage\":\"fr-FR\",\"@id\":\"https:\/\/www.africa-press.net\/centrafricaine\/dossiers\/le-prochain-gros-client-de-la-cour-penale-internationale-habite-a-bangui#primaryimage\",\"url\":\"https:\/\/static.africa-press.net\/centrafricaine\/sites\/45\/2021\/07\/img-60fab9223d394.jpg\",\"contentUrl\":\"https:\/\/static.africa-press.net\/centrafricaine\/sites\/45\/2021\/07\/img-60fab9223d394.jpg\",\"width\":720,\"height\":480,\"caption\":\"Le prochain gros client de la Cour p\u00e9nale internationale habite \u00e0 Bangui !\"},{\"@type\":\"BreadcrumbList\",\"@id\":\"https:\/\/www.africa-press.net\/centrafricaine\/dossiers\/le-prochain-gros-client-de-la-cour-penale-internationale-habite-a-bangui#breadcrumb\",\"itemListElement\":[{\"@type\":\"ListItem\",\"position\":1,\"name\":\"Accueil\",\"item\":\"https:\/\/www.africa-press.net\/centrafricaine\/\"},{\"@type\":\"ListItem\",\"position\":2,\"name\":\"Le prochain gros client de la Cour p\u00e9nale internationale habite \u00e0 Bangui !\"}]},{\"@type\":\"WebSite\",\"@id\":\"https:\/\/www.africa-press.net\/centrafricaine\/#website\",\"url\":\"https:\/\/www.africa-press.net\/centrafricaine\/\",\"name\":\"centrafricaine\",\"description\":\"Just another Africa News Agency Sites site\",\"potentialAction\":[{\"@type\":\"SearchAction\",\"target\":{\"@type\":\"EntryPoint\",\"urlTemplate\":\"https:\/\/www.africa-press.net\/centrafricaine\/?s={search_term_string}\"},\"query-input\":{\"@type\":\"PropertyValueSpecification\",\"valueRequired\":true,\"valueName\":\"search_term_string\"}}],\"inLanguage\":\"fr-FR\"},{\"@type\":\"Person\",\"@id\":\"https:\/\/www.africa-press.net\/centrafricaine\/#\/schema\/person\/2b1cf3cd81a31e3cd26889ca66d677f1\",\"name\":\"cfeditorfr\"}]}<\/script>\n<!-- \/ Yoast SEO Premium plugin. -->","yoast_head_json":{"title":"Le prochain gros client de la Cour p\u00e9nale internationale habite \u00e0 Bangui ! - centrafricaine","description":"Bangui, R\u00e9publique centrafricaine, vendredi, 23 juillet 2021 ( Corbeaunews \u2013 Centrafrique ). C\u2019est connu : \u00ab Les dieu ...","robots":{"index":"index","follow":"follow","max-snippet":"max-snippet:-1","max-image-preview":"max-image-preview:large","max-video-preview":"max-video-preview:-1"},"canonical":"https:\/\/www.africa-press.net\/centrafricaine\/dossiers\/le-prochain-gros-client-de-la-cour-penale-internationale-habite-a-bangui","og_locale":"fr_FR","og_type":"article","og_title":"Le prochain gros client de la Cour p\u00e9nale internationale habite \u00e0 Bangui !","og_description":"Bangui, R\u00e9publique centrafricaine, vendredi, 23 juillet 2021 ( Corbeaunews \u2013 Centrafrique ). C\u2019est connu : \u00ab Les dieu ...","og_url":"https:\/\/www.africa-press.net\/centrafricaine\/dossiers\/le-prochain-gros-client-de-la-cour-penale-internationale-habite-a-bangui","og_site_name":"centrafricaine","article_published_time":"2021-07-23T13:18:21+00:00","article_modified_time":"2021-07-24T08:03:17+00:00","og_image":[{"width":720,"height":480,"url":"https:\/\/static.africa-press.net\/centrafricaine\/sites\/45\/2021\/07\/img-60fab9223d394.jpg","type":"image\/jpeg"}],"author":"cfeditorfr","twitter_card":"summary_large_image","twitter_misc":{"\u00c9crit par":"cfeditorfr","Dur\u00e9e de lecture estim\u00e9e":"3 minutes"},"schema":{"@context":"https:\/\/schema.org","@graph":[{"@type":"Article","@id":"https:\/\/www.africa-press.net\/centrafricaine\/dossiers\/le-prochain-gros-client-de-la-cour-penale-internationale-habite-a-bangui#article","isPartOf":{"@id":"https:\/\/www.africa-press.net\/centrafricaine\/dossiers\/le-prochain-gros-client-de-la-cour-penale-internationale-habite-a-bangui"},"author":{"name":"cfeditorfr","@id":"https:\/\/www.africa-press.net\/centrafricaine\/#\/schema\/person\/2b1cf3cd81a31e3cd26889ca66d677f1"},"headline":"Le prochain gros client de la Cour p\u00e9nale internationale habite \u00e0 Bangui !","datePublished":"2021-07-23T13:18:21+00:00","dateModified":"2021-07-24T08:03:17+00:00","mainEntityOfPage":{"@id":"https:\/\/www.africa-press.net\/centrafricaine\/dossiers\/le-prochain-gros-client-de-la-cour-penale-internationale-habite-a-bangui"},"wordCount":640,"commentCount":0,"image":{"@id":"https:\/\/www.africa-press.net\/centrafricaine\/dossiers\/le-prochain-gros-client-de-la-cour-penale-internationale-habite-a-bangui#primaryimage"},"thumbnailUrl":"https:\/\/static.africa-press.net\/centrafricaine\/sites\/45\/2021\/07\/img-60fab9223d394.jpg","keywords":["Africa Press","Africa Press-CentrAfricaine","CentrAfricaine"],"articleSection":["Dossiers","homepage-french","Top Nouvelles","Toutes les actualit\u00e9s"],"inLanguage":"fr-FR","potentialAction":[{"@type":"CommentAction","name":"Comment","target":["https:\/\/www.africa-press.net\/centrafricaine\/dossiers\/le-prochain-gros-client-de-la-cour-penale-internationale-habite-a-bangui#respond"]}]},{"@type":"WebPage","@id":"https:\/\/www.africa-press.net\/centrafricaine\/dossiers\/le-prochain-gros-client-de-la-cour-penale-internationale-habite-a-bangui","url":"https:\/\/www.africa-press.net\/centrafricaine\/dossiers\/le-prochain-gros-client-de-la-cour-penale-internationale-habite-a-bangui","name":"Le prochain gros client de la Cour p\u00e9nale internationale habite \u00e0 Bangui ! - centrafricaine","isPartOf":{"@id":"https:\/\/www.africa-press.net\/centrafricaine\/#website"},"primaryImageOfPage":{"@id":"https:\/\/www.africa-press.net\/centrafricaine\/dossiers\/le-prochain-gros-client-de-la-cour-penale-internationale-habite-a-bangui#primaryimage"},"image":{"@id":"https:\/\/www.africa-press.net\/centrafricaine\/dossiers\/le-prochain-gros-client-de-la-cour-penale-internationale-habite-a-bangui#primaryimage"},"thumbnailUrl":"https:\/\/static.africa-press.net\/centrafricaine\/sites\/45\/2021\/07\/img-60fab9223d394.jpg","datePublished":"2021-07-23T13:18:21+00:00","dateModified":"2021-07-24T08:03:17+00:00","author":{"@id":"https:\/\/www.africa-press.net\/centrafricaine\/#\/schema\/person\/2b1cf3cd81a31e3cd26889ca66d677f1"},"description":"Bangui, R\u00e9publique centrafricaine, vendredi, 23 juillet 2021 ( Corbeaunews \u2013 Centrafrique ). C\u2019est connu : \u00ab Les dieu ...","breadcrumb":{"@id":"https:\/\/www.africa-press.net\/centrafricaine\/dossiers\/le-prochain-gros-client-de-la-cour-penale-internationale-habite-a-bangui#breadcrumb"},"inLanguage":"fr-FR","potentialAction":[{"@type":"ReadAction","target":["https:\/\/www.africa-press.net\/centrafricaine\/dossiers\/le-prochain-gros-client-de-la-cour-penale-internationale-habite-a-bangui"]}]},{"@type":"ImageObject","inLanguage":"fr-FR","@id":"https:\/\/www.africa-press.net\/centrafricaine\/dossiers\/le-prochain-gros-client-de-la-cour-penale-internationale-habite-a-bangui#primaryimage","url":"https:\/\/static.africa-press.net\/centrafricaine\/sites\/45\/2021\/07\/img-60fab9223d394.jpg","contentUrl":"https:\/\/static.africa-press.net\/centrafricaine\/sites\/45\/2021\/07\/img-60fab9223d394.jpg","width":720,"height":480,"caption":"Le prochain gros client de la Cour p\u00e9nale internationale habite \u00e0 Bangui !"},{"@type":"BreadcrumbList","@id":"https:\/\/www.africa-press.net\/centrafricaine\/dossiers\/le-prochain-gros-client-de-la-cour-penale-internationale-habite-a-bangui#breadcrumb","itemListElement":[{"@type":"ListItem","position":1,"name":"Accueil","item":"https:\/\/www.africa-press.net\/centrafricaine\/"},{"@type":"ListItem","position":2,"name":"Le prochain gros client de la Cour p\u00e9nale internationale habite \u00e0 Bangui !"}]},{"@type":"WebSite","@id":"https:\/\/www.africa-press.net\/centrafricaine\/#website","url":"https:\/\/www.africa-press.net\/centrafricaine\/","name":"centrafricaine","description":"Just another Africa News Agency Sites site","potentialAction":[{"@type":"SearchAction","target":{"@type":"EntryPoint","urlTemplate":"https:\/\/www.africa-press.net\/centrafricaine\/?s={search_term_string}"},"query-input":{"@type":"PropertyValueSpecification","valueRequired":true,"valueName":"search_term_string"}}],"inLanguage":"fr-FR"},{"@type":"Person","@id":"https:\/\/www.africa-press.net\/centrafricaine\/#\/schema\/person\/2b1cf3cd81a31e3cd26889ca66d677f1","name":"cfeditorfr"}]}},"_links":{"self":[{"href":"https:\/\/www.africa-press.net\/centrafricaine\/wp-json\/wp\/v2\/posts\/9209","targetHints":{"allow":["GET"]}}],"collection":[{"href":"https:\/\/www.africa-press.net\/centrafricaine\/wp-json\/wp\/v2\/posts"}],"about":[{"href":"https:\/\/www.africa-press.net\/centrafricaine\/wp-json\/wp\/v2\/types\/post"}],"author":[{"embeddable":true,"href":"https:\/\/www.africa-press.net\/centrafricaine\/wp-json\/wp\/v2\/users\/82"}],"replies":[{"embeddable":true,"href":"https:\/\/www.africa-press.net\/centrafricaine\/wp-json\/wp\/v2\/comments?post=9209"}],"version-history":[{"count":0,"href":"https:\/\/www.africa-press.net\/centrafricaine\/wp-json\/wp\/v2\/posts\/9209\/revisions"}],"wp:featuredmedia":[{"embeddable":true,"href":"https:\/\/www.africa-press.net\/centrafricaine\/wp-json\/wp\/v2\/media\/9208"}],"wp:attachment":[{"href":"https:\/\/www.africa-press.net\/centrafricaine\/wp-json\/wp\/v2\/media?parent=9209"}],"wp:term":[{"taxonomy":"category","embeddable":true,"href":"https:\/\/www.africa-press.net\/centrafricaine\/wp-json\/wp\/v2\/categories?post=9209"},{"taxonomy":"post_tag","embeddable":true,"href":"https:\/\/www.africa-press.net\/centrafricaine\/wp-json\/wp\/v2\/tags?post=9209"}],"curies":[{"name":"wp","href":"https:\/\/api.w.org\/{rel}","templated":true}]}}