{"id":9212,"date":"2021-07-23T13:27:58","date_gmt":"2021-07-23T13:27:58","guid":{"rendered":"https:\/\/www.africa-press.net\/centrafricaine\/?p=9212"},"modified":"2021-07-24T08:03:27","modified_gmt":"2021-07-24T08:03:27","slug":"nana-bakassa-une-patrouille-des-soldats-faca-tombee-dans-une-embuscade","status":"publish","type":"post","link":"https:\/\/www.africa-press.net\/centrafricaine\/politique\/nana-bakassa-une-patrouille-des-soldats-faca-tombee-dans-une-embuscade","title":{"rendered":"Nana-Bakassa, une patrouille des soldats FACA tomb\u00e9e dans une embuscade"},"content":{"rendered":"<p><span style=\"color: #ff6600\"><strong><a href=\"https:\/\/www.africa-press.net\/\">Africa-Press<\/a> &#8211; <a href=\"https:\/\/www.africa-press.net\/centrafricaine\">CentrAfricaine<\/a>. <\/strong><\/span>Le bilan de cette embuscade faisait \u00e9tat d\u2019un bless\u00e9, un soldat FACA qui avait \u00e9t\u00e9 transf\u00e9r\u00e9 dans un h\u00f4pital \u00e0 Bangui. Mais ses coll\u00e8gues militaires, encore sous le choc, regrettent que leur prime d\u2019alimentation g\u00e9n\u00e9rale soit 20 fois inf\u00e9rieure \u00e0 celui de leurs alli\u00e9s russes de Wagner qui sont pourtant avec eux sur le terrain.<\/p>\n<p>Selon des sources militaires, l\u2019embuscade contre une patrouille des soldats FACA avait eu lieu le dimanche dernier dans la localit\u00e9 de Nana-Bakassa. La seule victime bless\u00e9e dans cette attaque avait \u00e9t\u00e9 transf\u00e9r\u00e9e \u00e0 Bangui, mais ses coll\u00e8gues ne font qu\u2019exprimer leur m\u00e9contentement face \u00e0 leur prime d\u2019alimentation g\u00e9n\u00e9rale (PGA).<\/p>\n<p>Selon eux, les hommes de Wagner qui sont avec eux \u00e0 Nana-Bakassa touchent une PGA qui s\u2019\u00e9l\u00e8ve \u00e0 16 000 francs CFA par jour en plus des primes de combats et de non combats qui se chiffrent en centaine de mille par jour, alors que les soldats FACA quant \u00e0 eux re\u00e7oivent que seulement 700 francs CFA. Malgr\u00e9 qu\u2019ils risquent aussi leur vie \u00e0 combattre contre les rebelles, ils ne re\u00e7oivent pas des primes comme leurs alli\u00e9s de Wagner, regrettent-ils.<\/p>\n<p>Rappelons que les mercenaires russes de la soci\u00e9t\u00e9 Wagner ont \u00e9t\u00e9 d\u00e9ploy\u00e9s massivement en R\u00e9publique centrafricaine \u00e0 la demande des autorit\u00e9s de ce pays confront\u00e9 \u00e0 une nouvelle coalition des rebelles dirig\u00e9e par l\u2019ancien Pr\u00e9sident Fran\u00e7ois Boziz\u00e9 qui a vu sa candidature \u00e0 la pr\u00e9sidentielle du d\u00e9cembre dernier invalid\u00e9e par la cour constitutionnelle.<\/p>\n<p><b>\u00a0<\/b><\/p>\n","protected":false},"excerpt":{"rendered":"<p>Africa-Press &#8211; CentrAfricaine. Le bilan de cette embuscade faisait \u00e9tat d\u2019un bless\u00e9, un soldat FACA qui avait \u00e9t\u00e9 transf\u00e9r\u00e9 dans un h\u00f4pital \u00e0 Bangui. Mais ses coll\u00e8gues militaires, encore sous le choc, regrettent que leur prime d\u2019alimentation g\u00e9n\u00e9rale soit 20 fois inf\u00e9rieure \u00e0 celui de leurs alli\u00e9s russes de Wagner qui sont pourtant avec eux [&hellip;]<\/p>\n","protected":false},"author":82,"featured_media":9211,"comment_status":"open","ping_status":"closed","sticky":false,"template":"","format":"standard","meta":{"footnotes":""},"categories":[11,2,10],"tags":[36,58,30],"class_list":["post-9212","post","type-post","status-publish","format-standard","has-post-thumbnail","hentry","category-homepage-french","category-politique","category-toutes-les-actualites","tag-africa-press","tag-africa-press-centrafricaine","tag-centrafricaine"],"yoast_head":"<!-- This site is optimized with the Yoast SEO Premium plugin v26.1 (Yoast SEO v27.0) - https:\/\/yoast.com\/product\/yoast-seo-premium-wordpress\/ -->\n<title>Nana-Bakassa, une patrouille des soldats FACA tomb\u00e9e dans une embuscade - centrafricaine<\/title>\n<meta name=\"description\" content=\"Bangui, R\u00e9publique centrafricaine, vendredi, 23 juillet 2021, 03:50:35 ( Corbeaunews-Centrafrique ). Le bilan de ...\" \/>\n<meta name=\"robots\" content=\"index, follow, max-snippet:-1, max-image-preview:large, max-video-preview:-1\" \/>\n<link rel=\"canonical\" href=\"https:\/\/www.africa-press.net\/centrafricaine\/politique\/nana-bakassa-une-patrouille-des-soldats-faca-tombee-dans-une-embuscade\" \/>\n<meta property=\"og:locale\" content=\"fr_FR\" \/>\n<meta property=\"og:type\" content=\"article\" \/>\n<meta property=\"og:title\" content=\"Nana-Bakassa, une patrouille des soldats FACA tomb\u00e9e dans une embuscade\" \/>\n<meta property=\"og:description\" content=\"Bangui, R\u00e9publique centrafricaine, vendredi, 23 juillet 2021, 03:50:35 ( Corbeaunews-Centrafrique ). Le bilan de ...\" \/>\n<meta property=\"og:url\" content=\"https:\/\/www.africa-press.net\/centrafricaine\/politique\/nana-bakassa-une-patrouille-des-soldats-faca-tombee-dans-une-embuscade\" \/>\n<meta property=\"og:site_name\" content=\"centrafricaine\" \/>\n<meta property=\"article:published_time\" content=\"2021-07-23T13:27:58+00:00\" \/>\n<meta property=\"article:modified_time\" content=\"2021-07-24T08:03:27+00:00\" \/>\n<meta property=\"og:image\" content=\"https:\/\/static.africa-press.net\/centrafricaine\/sites\/45\/2021\/07\/img-60fab946b86f4.jpg\" \/>\n\t<meta property=\"og:image:width\" content=\"720\" \/>\n\t<meta property=\"og:image:height\" content=\"479\" \/>\n\t<meta property=\"og:image:type\" content=\"image\/jpeg\" \/>\n<meta name=\"author\" content=\"cfeditorfr\" \/>\n<meta name=\"twitter:card\" content=\"summary_large_image\" \/>\n<meta name=\"twitter:label1\" content=\"\u00c9crit par\" \/>\n\t<meta name=\"twitter:data1\" content=\"cfeditorfr\" \/>\n\t<meta name=\"twitter:label2\" content=\"Dur\u00e9e de lecture estim\u00e9e\" \/>\n\t<meta name=\"twitter:data2\" content=\"2 minutes\" \/>\n<script type=\"application\/ld+json\" class=\"yoast-schema-graph\">{\"@context\":\"https:\/\/schema.org\",\"@graph\":[{\"@type\":\"Article\",\"@id\":\"https:\/\/www.africa-press.net\/centrafricaine\/politique\/nana-bakassa-une-patrouille-des-soldats-faca-tombee-dans-une-embuscade#article\",\"isPartOf\":{\"@id\":\"https:\/\/www.africa-press.net\/centrafricaine\/politique\/nana-bakassa-une-patrouille-des-soldats-faca-tombee-dans-une-embuscade\"},\"author\":{\"name\":\"cfeditorfr\",\"@id\":\"https:\/\/www.africa-press.net\/centrafricaine\/#\/schema\/person\/2b1cf3cd81a31e3cd26889ca66d677f1\"},\"headline\":\"Nana-Bakassa, une patrouille des soldats FACA tomb\u00e9e dans une embuscade\",\"datePublished\":\"2021-07-23T13:27:58+00:00\",\"dateModified\":\"2021-07-24T08:03:27+00:00\",\"mainEntityOfPage\":{\"@id\":\"https:\/\/www.africa-press.net\/centrafricaine\/politique\/nana-bakassa-une-patrouille-des-soldats-faca-tombee-dans-une-embuscade\"},\"wordCount\":273,\"commentCount\":0,\"image\":{\"@id\":\"https:\/\/www.africa-press.net\/centrafricaine\/politique\/nana-bakassa-une-patrouille-des-soldats-faca-tombee-dans-une-embuscade#primaryimage\"},\"thumbnailUrl\":\"https:\/\/static.africa-press.net\/centrafricaine\/sites\/45\/2021\/07\/img-60fab946b86f4.jpg\",\"keywords\":[\"Africa Press\",\"Africa Press-CentrAfricaine\",\"CentrAfricaine\"],\"articleSection\":[\"homepage-french\",\"Politique\",\"Toutes les actualit\u00e9s\"],\"inLanguage\":\"fr-FR\",\"potentialAction\":[{\"@type\":\"CommentAction\",\"name\":\"Comment\",\"target\":[\"https:\/\/www.africa-press.net\/centrafricaine\/politique\/nana-bakassa-une-patrouille-des-soldats-faca-tombee-dans-une-embuscade#respond\"]}]},{\"@type\":\"WebPage\",\"@id\":\"https:\/\/www.africa-press.net\/centrafricaine\/politique\/nana-bakassa-une-patrouille-des-soldats-faca-tombee-dans-une-embuscade\",\"url\":\"https:\/\/www.africa-press.net\/centrafricaine\/politique\/nana-bakassa-une-patrouille-des-soldats-faca-tombee-dans-une-embuscade\",\"name\":\"Nana-Bakassa, une patrouille des soldats FACA tomb\u00e9e dans une embuscade - centrafricaine\",\"isPartOf\":{\"@id\":\"https:\/\/www.africa-press.net\/centrafricaine\/#website\"},\"primaryImageOfPage\":{\"@id\":\"https:\/\/www.africa-press.net\/centrafricaine\/politique\/nana-bakassa-une-patrouille-des-soldats-faca-tombee-dans-une-embuscade#primaryimage\"},\"image\":{\"@id\":\"https:\/\/www.africa-press.net\/centrafricaine\/politique\/nana-bakassa-une-patrouille-des-soldats-faca-tombee-dans-une-embuscade#primaryimage\"},\"thumbnailUrl\":\"https:\/\/static.africa-press.net\/centrafricaine\/sites\/45\/2021\/07\/img-60fab946b86f4.jpg\",\"datePublished\":\"2021-07-23T13:27:58+00:00\",\"dateModified\":\"2021-07-24T08:03:27+00:00\",\"author\":{\"@id\":\"https:\/\/www.africa-press.net\/centrafricaine\/#\/schema\/person\/2b1cf3cd81a31e3cd26889ca66d677f1\"},\"description\":\"Bangui, R\u00e9publique centrafricaine, vendredi, 23 juillet 2021, 03:50:35 ( Corbeaunews-Centrafrique ). Le bilan de ...\",\"breadcrumb\":{\"@id\":\"https:\/\/www.africa-press.net\/centrafricaine\/politique\/nana-bakassa-une-patrouille-des-soldats-faca-tombee-dans-une-embuscade#breadcrumb\"},\"inLanguage\":\"fr-FR\",\"potentialAction\":[{\"@type\":\"ReadAction\",\"target\":[\"https:\/\/www.africa-press.net\/centrafricaine\/politique\/nana-bakassa-une-patrouille-des-soldats-faca-tombee-dans-une-embuscade\"]}]},{\"@type\":\"ImageObject\",\"inLanguage\":\"fr-FR\",\"@id\":\"https:\/\/www.africa-press.net\/centrafricaine\/politique\/nana-bakassa-une-patrouille-des-soldats-faca-tombee-dans-une-embuscade#primaryimage\",\"url\":\"https:\/\/static.africa-press.net\/centrafricaine\/sites\/45\/2021\/07\/img-60fab946b86f4.jpg\",\"contentUrl\":\"https:\/\/static.africa-press.net\/centrafricaine\/sites\/45\/2021\/07\/img-60fab946b86f4.jpg\",\"width\":720,\"height\":479,\"caption\":\"Nana-Bakassa, une patrouille des soldats FACA tomb\u00e9e dans une embuscade\"},{\"@type\":\"BreadcrumbList\",\"@id\":\"https:\/\/www.africa-press.net\/centrafricaine\/politique\/nana-bakassa-une-patrouille-des-soldats-faca-tombee-dans-une-embuscade#breadcrumb\",\"itemListElement\":[{\"@type\":\"ListItem\",\"position\":1,\"name\":\"Accueil\",\"item\":\"https:\/\/www.africa-press.net\/centrafricaine\/\"},{\"@type\":\"ListItem\",\"position\":2,\"name\":\"Nana-Bakassa, une patrouille des soldats FACA tomb\u00e9e dans une embuscade\"}]},{\"@type\":\"WebSite\",\"@id\":\"https:\/\/www.africa-press.net\/centrafricaine\/#website\",\"url\":\"https:\/\/www.africa-press.net\/centrafricaine\/\",\"name\":\"centrafricaine\",\"description\":\"Just another Africa News Agency Sites site\",\"potentialAction\":[{\"@type\":\"SearchAction\",\"target\":{\"@type\":\"EntryPoint\",\"urlTemplate\":\"https:\/\/www.africa-press.net\/centrafricaine\/?s={search_term_string}\"},\"query-input\":{\"@type\":\"PropertyValueSpecification\",\"valueRequired\":true,\"valueName\":\"search_term_string\"}}],\"inLanguage\":\"fr-FR\"},{\"@type\":\"Person\",\"@id\":\"https:\/\/www.africa-press.net\/centrafricaine\/#\/schema\/person\/2b1cf3cd81a31e3cd26889ca66d677f1\",\"name\":\"cfeditorfr\"}]}<\/script>\n<!-- \/ Yoast SEO Premium plugin. -->","yoast_head_json":{"title":"Nana-Bakassa, une patrouille des soldats FACA tomb\u00e9e dans une embuscade - centrafricaine","description":"Bangui, R\u00e9publique centrafricaine, vendredi, 23 juillet 2021, 03:50:35 ( Corbeaunews-Centrafrique ). Le bilan de ...","robots":{"index":"index","follow":"follow","max-snippet":"max-snippet:-1","max-image-preview":"max-image-preview:large","max-video-preview":"max-video-preview:-1"},"canonical":"https:\/\/www.africa-press.net\/centrafricaine\/politique\/nana-bakassa-une-patrouille-des-soldats-faca-tombee-dans-une-embuscade","og_locale":"fr_FR","og_type":"article","og_title":"Nana-Bakassa, une patrouille des soldats FACA tomb\u00e9e dans une embuscade","og_description":"Bangui, R\u00e9publique centrafricaine, vendredi, 23 juillet 2021, 03:50:35 ( Corbeaunews-Centrafrique ). Le bilan de ...","og_url":"https:\/\/www.africa-press.net\/centrafricaine\/politique\/nana-bakassa-une-patrouille-des-soldats-faca-tombee-dans-une-embuscade","og_site_name":"centrafricaine","article_published_time":"2021-07-23T13:27:58+00:00","article_modified_time":"2021-07-24T08:03:27+00:00","og_image":[{"width":720,"height":479,"url":"https:\/\/static.africa-press.net\/centrafricaine\/sites\/45\/2021\/07\/img-60fab946b86f4.jpg","type":"image\/jpeg"}],"author":"cfeditorfr","twitter_card":"summary_large_image","twitter_misc":{"\u00c9crit par":"cfeditorfr","Dur\u00e9e de lecture estim\u00e9e":"2 minutes"},"schema":{"@context":"https:\/\/schema.org","@graph":[{"@type":"Article","@id":"https:\/\/www.africa-press.net\/centrafricaine\/politique\/nana-bakassa-une-patrouille-des-soldats-faca-tombee-dans-une-embuscade#article","isPartOf":{"@id":"https:\/\/www.africa-press.net\/centrafricaine\/politique\/nana-bakassa-une-patrouille-des-soldats-faca-tombee-dans-une-embuscade"},"author":{"name":"cfeditorfr","@id":"https:\/\/www.africa-press.net\/centrafricaine\/#\/schema\/person\/2b1cf3cd81a31e3cd26889ca66d677f1"},"headline":"Nana-Bakassa, une patrouille des soldats FACA tomb\u00e9e dans une embuscade","datePublished":"2021-07-23T13:27:58+00:00","dateModified":"2021-07-24T08:03:27+00:00","mainEntityOfPage":{"@id":"https:\/\/www.africa-press.net\/centrafricaine\/politique\/nana-bakassa-une-patrouille-des-soldats-faca-tombee-dans-une-embuscade"},"wordCount":273,"commentCount":0,"image":{"@id":"https:\/\/www.africa-press.net\/centrafricaine\/politique\/nana-bakassa-une-patrouille-des-soldats-faca-tombee-dans-une-embuscade#primaryimage"},"thumbnailUrl":"https:\/\/static.africa-press.net\/centrafricaine\/sites\/45\/2021\/07\/img-60fab946b86f4.jpg","keywords":["Africa Press","Africa Press-CentrAfricaine","CentrAfricaine"],"articleSection":["homepage-french","Politique","Toutes les actualit\u00e9s"],"inLanguage":"fr-FR","potentialAction":[{"@type":"CommentAction","name":"Comment","target":["https:\/\/www.africa-press.net\/centrafricaine\/politique\/nana-bakassa-une-patrouille-des-soldats-faca-tombee-dans-une-embuscade#respond"]}]},{"@type":"WebPage","@id":"https:\/\/www.africa-press.net\/centrafricaine\/politique\/nana-bakassa-une-patrouille-des-soldats-faca-tombee-dans-une-embuscade","url":"https:\/\/www.africa-press.net\/centrafricaine\/politique\/nana-bakassa-une-patrouille-des-soldats-faca-tombee-dans-une-embuscade","name":"Nana-Bakassa, une patrouille des soldats FACA tomb\u00e9e dans une embuscade - centrafricaine","isPartOf":{"@id":"https:\/\/www.africa-press.net\/centrafricaine\/#website"},"primaryImageOfPage":{"@id":"https:\/\/www.africa-press.net\/centrafricaine\/politique\/nana-bakassa-une-patrouille-des-soldats-faca-tombee-dans-une-embuscade#primaryimage"},"image":{"@id":"https:\/\/www.africa-press.net\/centrafricaine\/politique\/nana-bakassa-une-patrouille-des-soldats-faca-tombee-dans-une-embuscade#primaryimage"},"thumbnailUrl":"https:\/\/static.africa-press.net\/centrafricaine\/sites\/45\/2021\/07\/img-60fab946b86f4.jpg","datePublished":"2021-07-23T13:27:58+00:00","dateModified":"2021-07-24T08:03:27+00:00","author":{"@id":"https:\/\/www.africa-press.net\/centrafricaine\/#\/schema\/person\/2b1cf3cd81a31e3cd26889ca66d677f1"},"description":"Bangui, R\u00e9publique centrafricaine, vendredi, 23 juillet 2021, 03:50:35 ( Corbeaunews-Centrafrique ). Le bilan de ...","breadcrumb":{"@id":"https:\/\/www.africa-press.net\/centrafricaine\/politique\/nana-bakassa-une-patrouille-des-soldats-faca-tombee-dans-une-embuscade#breadcrumb"},"inLanguage":"fr-FR","potentialAction":[{"@type":"ReadAction","target":["https:\/\/www.africa-press.net\/centrafricaine\/politique\/nana-bakassa-une-patrouille-des-soldats-faca-tombee-dans-une-embuscade"]}]},{"@type":"ImageObject","inLanguage":"fr-FR","@id":"https:\/\/www.africa-press.net\/centrafricaine\/politique\/nana-bakassa-une-patrouille-des-soldats-faca-tombee-dans-une-embuscade#primaryimage","url":"https:\/\/static.africa-press.net\/centrafricaine\/sites\/45\/2021\/07\/img-60fab946b86f4.jpg","contentUrl":"https:\/\/static.africa-press.net\/centrafricaine\/sites\/45\/2021\/07\/img-60fab946b86f4.jpg","width":720,"height":479,"caption":"Nana-Bakassa, une patrouille des soldats FACA tomb\u00e9e dans une embuscade"},{"@type":"BreadcrumbList","@id":"https:\/\/www.africa-press.net\/centrafricaine\/politique\/nana-bakassa-une-patrouille-des-soldats-faca-tombee-dans-une-embuscade#breadcrumb","itemListElement":[{"@type":"ListItem","position":1,"name":"Accueil","item":"https:\/\/www.africa-press.net\/centrafricaine\/"},{"@type":"ListItem","position":2,"name":"Nana-Bakassa, une patrouille des soldats FACA tomb\u00e9e dans une embuscade"}]},{"@type":"WebSite","@id":"https:\/\/www.africa-press.net\/centrafricaine\/#website","url":"https:\/\/www.africa-press.net\/centrafricaine\/","name":"centrafricaine","description":"Just another Africa News Agency Sites site","potentialAction":[{"@type":"SearchAction","target":{"@type":"EntryPoint","urlTemplate":"https:\/\/www.africa-press.net\/centrafricaine\/?s={search_term_string}"},"query-input":{"@type":"PropertyValueSpecification","valueRequired":true,"valueName":"search_term_string"}}],"inLanguage":"fr-FR"},{"@type":"Person","@id":"https:\/\/www.africa-press.net\/centrafricaine\/#\/schema\/person\/2b1cf3cd81a31e3cd26889ca66d677f1","name":"cfeditorfr"}]}},"_links":{"self":[{"href":"https:\/\/www.africa-press.net\/centrafricaine\/wp-json\/wp\/v2\/posts\/9212","targetHints":{"allow":["GET"]}}],"collection":[{"href":"https:\/\/www.africa-press.net\/centrafricaine\/wp-json\/wp\/v2\/posts"}],"about":[{"href":"https:\/\/www.africa-press.net\/centrafricaine\/wp-json\/wp\/v2\/types\/post"}],"author":[{"embeddable":true,"href":"https:\/\/www.africa-press.net\/centrafricaine\/wp-json\/wp\/v2\/users\/82"}],"replies":[{"embeddable":true,"href":"https:\/\/www.africa-press.net\/centrafricaine\/wp-json\/wp\/v2\/comments?post=9212"}],"version-history":[{"count":0,"href":"https:\/\/www.africa-press.net\/centrafricaine\/wp-json\/wp\/v2\/posts\/9212\/revisions"}],"wp:featuredmedia":[{"embeddable":true,"href":"https:\/\/www.africa-press.net\/centrafricaine\/wp-json\/wp\/v2\/media\/9211"}],"wp:attachment":[{"href":"https:\/\/www.africa-press.net\/centrafricaine\/wp-json\/wp\/v2\/media?parent=9212"}],"wp:term":[{"taxonomy":"category","embeddable":true,"href":"https:\/\/www.africa-press.net\/centrafricaine\/wp-json\/wp\/v2\/categories?post=9212"},{"taxonomy":"post_tag","embeddable":true,"href":"https:\/\/www.africa-press.net\/centrafricaine\/wp-json\/wp\/v2\/tags?post=9212"}],"curies":[{"name":"wp","href":"https:\/\/api.w.org\/{rel}","templated":true}]}}