{"id":9215,"date":"2021-07-23T13:36:40","date_gmt":"2021-07-23T13:36:40","guid":{"rendered":"https:\/\/www.africa-press.net\/centrafricaine\/?p=9215"},"modified":"2021-07-24T08:03:44","modified_gmt":"2021-07-24T08:03:44","slug":"massacre-de-bossangoa-le-gouvernement-rejette-honteusement-les-responsabilites-sur-les-rebelles","status":"publish","type":"post","link":"https:\/\/www.africa-press.net\/centrafricaine\/politique\/massacre-de-bossangoa-le-gouvernement-rejette-honteusement-les-responsabilites-sur-les-rebelles","title":{"rendered":"Massacre de Bossangoa , le gouvernement rejette honteusement les responsabilit\u00e9s sur les rebelles"},"content":{"rendered":"<p><span style=\"color: #ff6600\"><strong><a href=\"https:\/\/www.africa-press.net\/\">Africa-Press<\/a> &#8211; <a href=\"https:\/\/www.africa-press.net\/centrafricaine\">CentrAfricaine<\/a>. <\/strong><\/span>On a l\u2019habitude de dire \u00e0 Bangui que \u00ab le silence bien gard\u00e9 vaut mieux que la parole mal l\u00e2ch\u00e9e \u00bb. En ce qui concerne le massacre de Bossangoa, le gouvernement centrafricain semble \u00eatre dans la logique de la protection de ses partenaires de Wagner. Il rejette miraculeusement les responsabilit\u00e9s de ce crime de guerre et crime contre l\u2019humanit\u00e9 sur les rebelles de la coalition des patriotes pour le changement (CPC) alors que toutes les sources directes et indirectes pointent du doigt les hommes de Wagner. Un spectaculaire virage \u00e0 90\u00b0 du gouvernement pousse les parents des victimes \u00e0 demander une enqu\u00eate internationale ind\u00e9pendante.<\/p>\n<p><b>\u00ab Une enqu\u00eate internationale ind\u00e9pendante est la seule \u00e0 faire la lumi\u00e8re sur ce massacre de Bossangoa \u00bb<\/b><\/p>\n<p>, a l\u00e2ch\u00e9 le parent d\u2019une des victimes.<\/p>\n<p><b>\u00ab C\u2019est vraiment r\u00e9voltant de voir que le gouvernement, non seulement, ne s\u2019empresse pas pour venir assister les familles endeuill\u00e9es comme il l\u2019a fait pour les familles tchadiennes, mais, et surtout ment pour d\u00e9responsabiliser ses mercenaires de Wagner de ces crimes \u00bb<\/b><\/p>\n<p>, avance une autorit\u00e9 pr\u00e9fectorale de l\u2019Ouham.<\/p>\n<p>24 heures apr\u00e8s le massacre de 13 civils par un groupe des personnes identifi\u00e9es comme des hommes de Wagner \u00e0 12 kilom\u00e8tres de Bossangoa sur l\u2019axe Nana-Bakassa, le gouvernement centrafricain a publi\u00e9 un communiqu\u00e9 de presse rejetant en bloc les responsabilit\u00e9s de ce crime sur les rebelles du CPC qu\u2019il qualifie d\u00e9sormais des bandits.<\/p>\n<p><b>\u00ab Le gouvernement a appris avec beaucoup de tristesse les \u00e9v\u00e9nements douloureux qui se sont produits dans la pr\u00e9fecture de l\u2019Ouham ce jour 21 juillet 2021dans la matin\u00e9e. Des \u00e9l\u00e9ments de la coalition des patriotes pour le changement en abr\u00e9g\u00e9 CPC constitu\u00e9 d\u00e9sormais en bandit de grand chemin ont fait irruption \u00e0 12 kilom\u00e8tres de Bossangoa sur l\u2019axe Nana-Bakassa et ont tir\u00e9 sur de paisibles citoyens. Cette situation d\u00e9plorable a occasionn\u00e9 des morts et des bless\u00e9s graves au moment o\u00f9 le gouvernement consent de gros efforts pour un retour d\u00e9finitif de la paix dans notre pays \u00bb, a d\u00e9clar\u00e9 le porte-parole du gouvernement dans un communiqu\u00e9 de presse.<\/b><\/p>\n<p>.du c\u00f4t\u00e9 du bureau des Nations unies en Centrafrique (Minusca), il assure avoir ouvrir une enqu\u00eate sur la d\u00e9couverte de 13 corps \u00e0 12 kilom\u00e8tres de Bossangoa. Il demande au gouvernement de coop\u00e9rer afin de traduire les possibles auteurs devant la justice.<\/p>\n<p>Cependant, les parents des victimes souhaitent une enqu\u00eate internationale ind\u00e9pendante pour faire la lumi\u00e8re sur les circonstances de l\u2019assassinat de leurs enfants, de leurs fr\u00e8res etc. D\u2019apr\u00e8s certains notables locaux, les rebelles ne sont pas pratiquement dans cette zone.<\/p>\n<p><b>\u00ab Les rebelles de la CPC ne sont plus dans la zone. Et si les rapports issus de plusieurs services de s\u00e9curit\u00e9 indiquent la pr\u00e9sence au moment des faits de forces de d\u00e9fense et de s\u00e9curit\u00e9 centrafricaines ainsi que des forces bilat\u00e9rales russes. Combien des rebelles qu\u2019ils ont tu\u00e9 ou arr\u00eat\u00e9 apr\u00e8s cette attaque s\u2019ils sont l\u00e0 au moment o\u00f9 ces rebelles tuent ? Non il ne faut pas que le gouvernement ment pour juste \u00e9nerver les familles endeuill\u00e9es \u00bb<\/b><\/p>\n<p>. S\u2019insurge un notable local.<\/p>\n<p>En tout cas, le massacre de ce jeudi 21 juillet continue de faire de vague dans le pays. Le gouvernement semble embourber dans ce crime qui ne dit pas son nom.<\/p>\n<p><b>\u00a0<\/b><\/p>\n","protected":false},"excerpt":{"rendered":"<p>Africa-Press &#8211; CentrAfricaine. On a l\u2019habitude de dire \u00e0 Bangui que \u00ab le silence bien gard\u00e9 vaut mieux que la parole mal l\u00e2ch\u00e9e \u00bb. En ce qui concerne le massacre de Bossangoa, le gouvernement centrafricain semble \u00eatre dans la logique de la protection de ses partenaires de Wagner. Il rejette miraculeusement les responsabilit\u00e9s de ce [&hellip;]<\/p>\n","protected":false},"author":82,"featured_media":9214,"comment_status":"open","ping_status":"closed","sticky":false,"template":"","format":"standard","meta":{"footnotes":""},"categories":[11,2,10],"tags":[36,58,30],"class_list":["post-9215","post","type-post","status-publish","format-standard","has-post-thumbnail","hentry","category-homepage-french","category-politique","category-toutes-les-actualites","tag-africa-press","tag-africa-press-centrafricaine","tag-centrafricaine"],"yoast_head":"<!-- This site is optimized with the Yoast SEO Premium plugin v26.1 (Yoast SEO v27.0) - https:\/\/yoast.com\/product\/yoast-seo-premium-wordpress\/ -->\n<title>Massacre de Bossangoa , le gouvernement rejette honteusement les responsabilit\u00e9s sur les rebelles - centrafricaine<\/title>\n<meta name=\"description\" content=\"Bangui, R\u00e9publique centrafricaine, vendredi, 23 juillet 2021, 03:45:19 ( Corbeaunews-Centrafrique ). On a l\u2019habi ...\" \/>\n<meta name=\"robots\" content=\"index, follow, max-snippet:-1, max-image-preview:large, max-video-preview:-1\" \/>\n<link rel=\"canonical\" href=\"https:\/\/www.africa-press.net\/centrafricaine\/politique\/massacre-de-bossangoa-le-gouvernement-rejette-honteusement-les-responsabilites-sur-les-rebelles\" \/>\n<meta property=\"og:locale\" content=\"fr_FR\" \/>\n<meta property=\"og:type\" content=\"article\" \/>\n<meta property=\"og:title\" content=\"Massacre de Bossangoa , le gouvernement rejette honteusement les responsabilit\u00e9s sur les rebelles\" \/>\n<meta property=\"og:description\" content=\"Bangui, R\u00e9publique centrafricaine, vendredi, 23 juillet 2021, 03:45:19 ( Corbeaunews-Centrafrique ). On a l\u2019habi ...\" \/>\n<meta property=\"og:url\" content=\"https:\/\/www.africa-press.net\/centrafricaine\/politique\/massacre-de-bossangoa-le-gouvernement-rejette-honteusement-les-responsabilites-sur-les-rebelles\" \/>\n<meta property=\"og:site_name\" content=\"centrafricaine\" \/>\n<meta property=\"article:published_time\" content=\"2021-07-23T13:36:40+00:00\" \/>\n<meta property=\"article:modified_time\" content=\"2021-07-24T08:03:44+00:00\" \/>\n<meta property=\"og:image\" content=\"https:\/\/static.africa-press.net\/centrafricaine\/sites\/45\/2021\/07\/img-60fab96bbd378.jpg\" \/>\n\t<meta property=\"og:image:width\" content=\"720\" \/>\n\t<meta property=\"og:image:height\" content=\"457\" \/>\n\t<meta property=\"og:image:type\" content=\"image\/jpeg\" \/>\n<meta name=\"author\" content=\"cfeditorfr\" \/>\n<meta name=\"twitter:card\" content=\"summary_large_image\" \/>\n<meta name=\"twitter:label1\" content=\"\u00c9crit par\" \/>\n\t<meta name=\"twitter:data1\" content=\"cfeditorfr\" \/>\n\t<meta name=\"twitter:label2\" content=\"Dur\u00e9e de lecture estim\u00e9e\" \/>\n\t<meta name=\"twitter:data2\" content=\"3 minutes\" \/>\n<script type=\"application\/ld+json\" class=\"yoast-schema-graph\">{\"@context\":\"https:\/\/schema.org\",\"@graph\":[{\"@type\":\"Article\",\"@id\":\"https:\/\/www.africa-press.net\/centrafricaine\/politique\/massacre-de-bossangoa-le-gouvernement-rejette-honteusement-les-responsabilites-sur-les-rebelles#article\",\"isPartOf\":{\"@id\":\"https:\/\/www.africa-press.net\/centrafricaine\/politique\/massacre-de-bossangoa-le-gouvernement-rejette-honteusement-les-responsabilites-sur-les-rebelles\"},\"author\":{\"name\":\"cfeditorfr\",\"@id\":\"https:\/\/www.africa-press.net\/centrafricaine\/#\/schema\/person\/2b1cf3cd81a31e3cd26889ca66d677f1\"},\"headline\":\"Massacre de Bossangoa , le gouvernement rejette honteusement les responsabilit\u00e9s sur les rebelles\",\"datePublished\":\"2021-07-23T13:36:40+00:00\",\"dateModified\":\"2021-07-24T08:03:44+00:00\",\"mainEntityOfPage\":{\"@id\":\"https:\/\/www.africa-press.net\/centrafricaine\/politique\/massacre-de-bossangoa-le-gouvernement-rejette-honteusement-les-responsabilites-sur-les-rebelles\"},\"wordCount\":587,\"commentCount\":0,\"image\":{\"@id\":\"https:\/\/www.africa-press.net\/centrafricaine\/politique\/massacre-de-bossangoa-le-gouvernement-rejette-honteusement-les-responsabilites-sur-les-rebelles#primaryimage\"},\"thumbnailUrl\":\"https:\/\/static.africa-press.net\/centrafricaine\/sites\/45\/2021\/07\/img-60fab96bbd378.jpg\",\"keywords\":[\"Africa Press\",\"Africa Press-CentrAfricaine\",\"CentrAfricaine\"],\"articleSection\":[\"homepage-french\",\"Politique\",\"Toutes les actualit\u00e9s\"],\"inLanguage\":\"fr-FR\",\"potentialAction\":[{\"@type\":\"CommentAction\",\"name\":\"Comment\",\"target\":[\"https:\/\/www.africa-press.net\/centrafricaine\/politique\/massacre-de-bossangoa-le-gouvernement-rejette-honteusement-les-responsabilites-sur-les-rebelles#respond\"]}]},{\"@type\":\"WebPage\",\"@id\":\"https:\/\/www.africa-press.net\/centrafricaine\/politique\/massacre-de-bossangoa-le-gouvernement-rejette-honteusement-les-responsabilites-sur-les-rebelles\",\"url\":\"https:\/\/www.africa-press.net\/centrafricaine\/politique\/massacre-de-bossangoa-le-gouvernement-rejette-honteusement-les-responsabilites-sur-les-rebelles\",\"name\":\"Massacre de Bossangoa , le gouvernement rejette honteusement les responsabilit\u00e9s sur les rebelles - centrafricaine\",\"isPartOf\":{\"@id\":\"https:\/\/www.africa-press.net\/centrafricaine\/#website\"},\"primaryImageOfPage\":{\"@id\":\"https:\/\/www.africa-press.net\/centrafricaine\/politique\/massacre-de-bossangoa-le-gouvernement-rejette-honteusement-les-responsabilites-sur-les-rebelles#primaryimage\"},\"image\":{\"@id\":\"https:\/\/www.africa-press.net\/centrafricaine\/politique\/massacre-de-bossangoa-le-gouvernement-rejette-honteusement-les-responsabilites-sur-les-rebelles#primaryimage\"},\"thumbnailUrl\":\"https:\/\/static.africa-press.net\/centrafricaine\/sites\/45\/2021\/07\/img-60fab96bbd378.jpg\",\"datePublished\":\"2021-07-23T13:36:40+00:00\",\"dateModified\":\"2021-07-24T08:03:44+00:00\",\"author\":{\"@id\":\"https:\/\/www.africa-press.net\/centrafricaine\/#\/schema\/person\/2b1cf3cd81a31e3cd26889ca66d677f1\"},\"description\":\"Bangui, R\u00e9publique centrafricaine, vendredi, 23 juillet 2021, 03:45:19 ( Corbeaunews-Centrafrique ). On a l\u2019habi ...\",\"breadcrumb\":{\"@id\":\"https:\/\/www.africa-press.net\/centrafricaine\/politique\/massacre-de-bossangoa-le-gouvernement-rejette-honteusement-les-responsabilites-sur-les-rebelles#breadcrumb\"},\"inLanguage\":\"fr-FR\",\"potentialAction\":[{\"@type\":\"ReadAction\",\"target\":[\"https:\/\/www.africa-press.net\/centrafricaine\/politique\/massacre-de-bossangoa-le-gouvernement-rejette-honteusement-les-responsabilites-sur-les-rebelles\"]}]},{\"@type\":\"ImageObject\",\"inLanguage\":\"fr-FR\",\"@id\":\"https:\/\/www.africa-press.net\/centrafricaine\/politique\/massacre-de-bossangoa-le-gouvernement-rejette-honteusement-les-responsabilites-sur-les-rebelles#primaryimage\",\"url\":\"https:\/\/static.africa-press.net\/centrafricaine\/sites\/45\/2021\/07\/img-60fab96bbd378.jpg\",\"contentUrl\":\"https:\/\/static.africa-press.net\/centrafricaine\/sites\/45\/2021\/07\/img-60fab96bbd378.jpg\",\"width\":720,\"height\":457,\"caption\":\"Massacre de Bossangoa , le gouvernement rejette honteusement les responsabilit\u00e9s sur les rebelles\"},{\"@type\":\"BreadcrumbList\",\"@id\":\"https:\/\/www.africa-press.net\/centrafricaine\/politique\/massacre-de-bossangoa-le-gouvernement-rejette-honteusement-les-responsabilites-sur-les-rebelles#breadcrumb\",\"itemListElement\":[{\"@type\":\"ListItem\",\"position\":1,\"name\":\"Accueil\",\"item\":\"https:\/\/www.africa-press.net\/centrafricaine\/\"},{\"@type\":\"ListItem\",\"position\":2,\"name\":\"Massacre de Bossangoa , le gouvernement rejette honteusement les responsabilit\u00e9s sur les rebelles\"}]},{\"@type\":\"WebSite\",\"@id\":\"https:\/\/www.africa-press.net\/centrafricaine\/#website\",\"url\":\"https:\/\/www.africa-press.net\/centrafricaine\/\",\"name\":\"centrafricaine\",\"description\":\"Just another Africa News Agency Sites site\",\"potentialAction\":[{\"@type\":\"SearchAction\",\"target\":{\"@type\":\"EntryPoint\",\"urlTemplate\":\"https:\/\/www.africa-press.net\/centrafricaine\/?s={search_term_string}\"},\"query-input\":{\"@type\":\"PropertyValueSpecification\",\"valueRequired\":true,\"valueName\":\"search_term_string\"}}],\"inLanguage\":\"fr-FR\"},{\"@type\":\"Person\",\"@id\":\"https:\/\/www.africa-press.net\/centrafricaine\/#\/schema\/person\/2b1cf3cd81a31e3cd26889ca66d677f1\",\"name\":\"cfeditorfr\"}]}<\/script>\n<!-- \/ Yoast SEO Premium plugin. -->","yoast_head_json":{"title":"Massacre de Bossangoa , le gouvernement rejette honteusement les responsabilit\u00e9s sur les rebelles - centrafricaine","description":"Bangui, R\u00e9publique centrafricaine, vendredi, 23 juillet 2021, 03:45:19 ( Corbeaunews-Centrafrique ). On a l\u2019habi ...","robots":{"index":"index","follow":"follow","max-snippet":"max-snippet:-1","max-image-preview":"max-image-preview:large","max-video-preview":"max-video-preview:-1"},"canonical":"https:\/\/www.africa-press.net\/centrafricaine\/politique\/massacre-de-bossangoa-le-gouvernement-rejette-honteusement-les-responsabilites-sur-les-rebelles","og_locale":"fr_FR","og_type":"article","og_title":"Massacre de Bossangoa , le gouvernement rejette honteusement les responsabilit\u00e9s sur les rebelles","og_description":"Bangui, R\u00e9publique centrafricaine, vendredi, 23 juillet 2021, 03:45:19 ( Corbeaunews-Centrafrique ). On a l\u2019habi ...","og_url":"https:\/\/www.africa-press.net\/centrafricaine\/politique\/massacre-de-bossangoa-le-gouvernement-rejette-honteusement-les-responsabilites-sur-les-rebelles","og_site_name":"centrafricaine","article_published_time":"2021-07-23T13:36:40+00:00","article_modified_time":"2021-07-24T08:03:44+00:00","og_image":[{"width":720,"height":457,"url":"https:\/\/static.africa-press.net\/centrafricaine\/sites\/45\/2021\/07\/img-60fab96bbd378.jpg","type":"image\/jpeg"}],"author":"cfeditorfr","twitter_card":"summary_large_image","twitter_misc":{"\u00c9crit par":"cfeditorfr","Dur\u00e9e de lecture estim\u00e9e":"3 minutes"},"schema":{"@context":"https:\/\/schema.org","@graph":[{"@type":"Article","@id":"https:\/\/www.africa-press.net\/centrafricaine\/politique\/massacre-de-bossangoa-le-gouvernement-rejette-honteusement-les-responsabilites-sur-les-rebelles#article","isPartOf":{"@id":"https:\/\/www.africa-press.net\/centrafricaine\/politique\/massacre-de-bossangoa-le-gouvernement-rejette-honteusement-les-responsabilites-sur-les-rebelles"},"author":{"name":"cfeditorfr","@id":"https:\/\/www.africa-press.net\/centrafricaine\/#\/schema\/person\/2b1cf3cd81a31e3cd26889ca66d677f1"},"headline":"Massacre de Bossangoa , le gouvernement rejette honteusement les responsabilit\u00e9s sur les rebelles","datePublished":"2021-07-23T13:36:40+00:00","dateModified":"2021-07-24T08:03:44+00:00","mainEntityOfPage":{"@id":"https:\/\/www.africa-press.net\/centrafricaine\/politique\/massacre-de-bossangoa-le-gouvernement-rejette-honteusement-les-responsabilites-sur-les-rebelles"},"wordCount":587,"commentCount":0,"image":{"@id":"https:\/\/www.africa-press.net\/centrafricaine\/politique\/massacre-de-bossangoa-le-gouvernement-rejette-honteusement-les-responsabilites-sur-les-rebelles#primaryimage"},"thumbnailUrl":"https:\/\/static.africa-press.net\/centrafricaine\/sites\/45\/2021\/07\/img-60fab96bbd378.jpg","keywords":["Africa Press","Africa Press-CentrAfricaine","CentrAfricaine"],"articleSection":["homepage-french","Politique","Toutes les actualit\u00e9s"],"inLanguage":"fr-FR","potentialAction":[{"@type":"CommentAction","name":"Comment","target":["https:\/\/www.africa-press.net\/centrafricaine\/politique\/massacre-de-bossangoa-le-gouvernement-rejette-honteusement-les-responsabilites-sur-les-rebelles#respond"]}]},{"@type":"WebPage","@id":"https:\/\/www.africa-press.net\/centrafricaine\/politique\/massacre-de-bossangoa-le-gouvernement-rejette-honteusement-les-responsabilites-sur-les-rebelles","url":"https:\/\/www.africa-press.net\/centrafricaine\/politique\/massacre-de-bossangoa-le-gouvernement-rejette-honteusement-les-responsabilites-sur-les-rebelles","name":"Massacre de Bossangoa , le gouvernement rejette honteusement les responsabilit\u00e9s sur les rebelles - centrafricaine","isPartOf":{"@id":"https:\/\/www.africa-press.net\/centrafricaine\/#website"},"primaryImageOfPage":{"@id":"https:\/\/www.africa-press.net\/centrafricaine\/politique\/massacre-de-bossangoa-le-gouvernement-rejette-honteusement-les-responsabilites-sur-les-rebelles#primaryimage"},"image":{"@id":"https:\/\/www.africa-press.net\/centrafricaine\/politique\/massacre-de-bossangoa-le-gouvernement-rejette-honteusement-les-responsabilites-sur-les-rebelles#primaryimage"},"thumbnailUrl":"https:\/\/static.africa-press.net\/centrafricaine\/sites\/45\/2021\/07\/img-60fab96bbd378.jpg","datePublished":"2021-07-23T13:36:40+00:00","dateModified":"2021-07-24T08:03:44+00:00","author":{"@id":"https:\/\/www.africa-press.net\/centrafricaine\/#\/schema\/person\/2b1cf3cd81a31e3cd26889ca66d677f1"},"description":"Bangui, R\u00e9publique centrafricaine, vendredi, 23 juillet 2021, 03:45:19 ( Corbeaunews-Centrafrique ). On a l\u2019habi ...","breadcrumb":{"@id":"https:\/\/www.africa-press.net\/centrafricaine\/politique\/massacre-de-bossangoa-le-gouvernement-rejette-honteusement-les-responsabilites-sur-les-rebelles#breadcrumb"},"inLanguage":"fr-FR","potentialAction":[{"@type":"ReadAction","target":["https:\/\/www.africa-press.net\/centrafricaine\/politique\/massacre-de-bossangoa-le-gouvernement-rejette-honteusement-les-responsabilites-sur-les-rebelles"]}]},{"@type":"ImageObject","inLanguage":"fr-FR","@id":"https:\/\/www.africa-press.net\/centrafricaine\/politique\/massacre-de-bossangoa-le-gouvernement-rejette-honteusement-les-responsabilites-sur-les-rebelles#primaryimage","url":"https:\/\/static.africa-press.net\/centrafricaine\/sites\/45\/2021\/07\/img-60fab96bbd378.jpg","contentUrl":"https:\/\/static.africa-press.net\/centrafricaine\/sites\/45\/2021\/07\/img-60fab96bbd378.jpg","width":720,"height":457,"caption":"Massacre de Bossangoa , le gouvernement rejette honteusement les responsabilit\u00e9s sur les rebelles"},{"@type":"BreadcrumbList","@id":"https:\/\/www.africa-press.net\/centrafricaine\/politique\/massacre-de-bossangoa-le-gouvernement-rejette-honteusement-les-responsabilites-sur-les-rebelles#breadcrumb","itemListElement":[{"@type":"ListItem","position":1,"name":"Accueil","item":"https:\/\/www.africa-press.net\/centrafricaine\/"},{"@type":"ListItem","position":2,"name":"Massacre de Bossangoa , le gouvernement rejette honteusement les responsabilit\u00e9s sur les rebelles"}]},{"@type":"WebSite","@id":"https:\/\/www.africa-press.net\/centrafricaine\/#website","url":"https:\/\/www.africa-press.net\/centrafricaine\/","name":"centrafricaine","description":"Just another Africa News Agency Sites site","potentialAction":[{"@type":"SearchAction","target":{"@type":"EntryPoint","urlTemplate":"https:\/\/www.africa-press.net\/centrafricaine\/?s={search_term_string}"},"query-input":{"@type":"PropertyValueSpecification","valueRequired":true,"valueName":"search_term_string"}}],"inLanguage":"fr-FR"},{"@type":"Person","@id":"https:\/\/www.africa-press.net\/centrafricaine\/#\/schema\/person\/2b1cf3cd81a31e3cd26889ca66d677f1","name":"cfeditorfr"}]}},"_links":{"self":[{"href":"https:\/\/www.africa-press.net\/centrafricaine\/wp-json\/wp\/v2\/posts\/9215","targetHints":{"allow":["GET"]}}],"collection":[{"href":"https:\/\/www.africa-press.net\/centrafricaine\/wp-json\/wp\/v2\/posts"}],"about":[{"href":"https:\/\/www.africa-press.net\/centrafricaine\/wp-json\/wp\/v2\/types\/post"}],"author":[{"embeddable":true,"href":"https:\/\/www.africa-press.net\/centrafricaine\/wp-json\/wp\/v2\/users\/82"}],"replies":[{"embeddable":true,"href":"https:\/\/www.africa-press.net\/centrafricaine\/wp-json\/wp\/v2\/comments?post=9215"}],"version-history":[{"count":0,"href":"https:\/\/www.africa-press.net\/centrafricaine\/wp-json\/wp\/v2\/posts\/9215\/revisions"}],"wp:featuredmedia":[{"embeddable":true,"href":"https:\/\/www.africa-press.net\/centrafricaine\/wp-json\/wp\/v2\/media\/9214"}],"wp:attachment":[{"href":"https:\/\/www.africa-press.net\/centrafricaine\/wp-json\/wp\/v2\/media?parent=9215"}],"wp:term":[{"taxonomy":"category","embeddable":true,"href":"https:\/\/www.africa-press.net\/centrafricaine\/wp-json\/wp\/v2\/categories?post=9215"},{"taxonomy":"post_tag","embeddable":true,"href":"https:\/\/www.africa-press.net\/centrafricaine\/wp-json\/wp\/v2\/tags?post=9215"}],"curies":[{"name":"wp","href":"https:\/\/api.w.org\/{rel}","templated":true}]}}