{"id":9237,"date":"2021-07-24T17:01:57","date_gmt":"2021-07-24T17:01:57","guid":{"rendered":"https:\/\/www.africa-press.net\/centrafricaine\/?p=9237"},"modified":"2021-07-24T21:32:05","modified_gmt":"2021-07-24T21:32:05","slug":"massacre-de-bossangoa-la-depute-brigitte-bozize-nee-wilibozomna-crie-son-desarroi-2","status":"publish","type":"post","link":"https:\/\/www.africa-press.net\/centrafricaine\/politique\/massacre-de-bossangoa-la-depute-brigitte-bozize-nee-wilibozomna-crie-son-desarroi-2","title":{"rendered":"MASSACRE DE BOSSANGOA, LA D\u00c9PUT\u00c9 BRIGITTE BOZIZ\u00c9 N\u00c9E WILIBOZOMNA CRIE SON D\u00c9SARROI."},"content":{"rendered":"<p><span style=\"color: #ff6600\"><strong><a href=\"https:\/\/www.africa-press.net\/\">Africa-Press<\/a> &#8211; <a href=\"https:\/\/www.africa-press.net\/centrafricaine\">CentrAfricaine<\/a>. <\/strong><\/span>C\u2019est avec une profonde consternation que le mercredi 21 Juillet 2021, j\u2019ai appris de mes concitoyens de Bossangoa le massacre de 12 Jeunes commer\u00e7ants, paisibles citoyens et conducteurs de taxis-moto dont certains sont retrouv\u00e9s \u00e9gorg\u00e9s et d\u2019autres fusiliers \u00e0 bout portant. Un carnage qui a eu lieu \u00e0 12 km de Bossangoa sur la route de Nana-Bakassa pr\u00e8s du village Tamkoro .<\/p>\n<p>Selon les t\u00e9moignages des villageois de Tamkoro qui me sont parvenus, les valeureuses victimes ont \u00e9t\u00e9 stopp\u00e9es par un groupe de mercenaires russes de la soci\u00e9t\u00e9 priv\u00e9e Wagner et conduites dans la brousse comme du b\u00e9tail que l\u2019on m\u00e8ne \u00e0 l\u2019abattoir o\u00f9 ils les ont abattus froidement \u00e0 bout portant.<\/p>\n<p>Cependant, les autorit\u00e9s de Bangui, par un Communiqu\u00e9 Gouvernemental sign\u00e9 par le Ministre Charg\u00e9 de la Communication Porte-parole du Gouvernement Dr Serge Ghislain Djorie, quant \u00e0 lui, pointe du doigt la culpabilit\u00e9 de la Coalition des Patriotes pour le Changement (CPC) dans cet acte de barbarie qui non seulement a endeuill\u00e9 toute la R\u00e9publique Centrafricaine en g\u00e9n\u00e9rale, mais plus particuli\u00e8rement la Jeunesse de l\u2018Ouham.<\/p>\n<p>Tout en pr\u00e9sentant mes sinc\u00e8res et douleureuses condol\u00e9ances les plus attrist\u00e9es aux familles des victimes, je condamne avec la derni\u00e8re rigueur, que importe les raisons ou quels qu\u2019en soient les auteurs de ces actes de barbaries \u00e0 l\u2019\u00e9gard de la Jeunesse Pr\u00e9fectorale de Ouham, et j\u2019en appel en premier lieu le Gouvernement ainsi que la Justice de notre pays, \u00e0 prendre tr\u00e8s rapidement ses responsabilit\u00e9s de protection du peuple avant qu\u2019il ne soit tard abandonn\u00e9s \u00e0 la merci de la barbarie.<\/p>\n<p>J\u2019en appel \u00e0 la Communaut\u00e9 Nationale, \u00e0 la Communaut\u00e9 Internationale ainsi que MINUSCA \u00e0 tr\u00e8s rapidement s\u2019impliquer de mani\u00e8re les plus directes dans cette trag\u00e9die, afin de pouvoir faire lumi\u00e8re sur cette sombre journ\u00e9e de ce mercredi 21 Juillet 2021 \u00e0 Bossangoa ville des victimes.<\/p>\n<p>&nbsp;<\/p>\n","protected":false},"excerpt":{"rendered":"<p>Africa-Press &#8211; CentrAfricaine. C\u2019est avec une profonde consternation que le mercredi 21 Juillet 2021, j\u2019ai appris de mes concitoyens de Bossangoa le massacre de 12 Jeunes commer\u00e7ants, paisibles citoyens et conducteurs de taxis-moto dont certains sont retrouv\u00e9s \u00e9gorg\u00e9s et d\u2019autres fusiliers \u00e0 bout portant. Un carnage qui a eu lieu \u00e0 12 km de Bossangoa [&hellip;]<\/p>\n","protected":false},"author":82,"featured_media":9236,"comment_status":"open","ping_status":"closed","sticky":false,"template":"","format":"standard","meta":{"footnotes":""},"categories":[11,2,20,10],"tags":[36,58,30],"class_list":["post-9237","post","type-post","status-publish","format-standard","has-post-thumbnail","hentry","category-homepage-french","category-politique","category-top-nouvelles","category-toutes-les-actualites","tag-africa-press","tag-africa-press-centrafricaine","tag-centrafricaine"],"yoast_head":"<!-- This site is optimized with the Yoast SEO Premium plugin v26.1 (Yoast SEO v27.0) - https:\/\/yoast.com\/product\/yoast-seo-premium-wordpress\/ -->\n<title>MASSACRE DE BOSSANGOA, LA D\u00c9PUT\u00c9 BRIGITTE BOZIZ\u00c9 N\u00c9E WILIBOZOMNA CRIE SON D\u00c9SARROI. - centrafricaine<\/title>\n<meta name=\"description\" content=\"C\u2019est avec une profonde consternation que le mercredi 21 Juillet 2021, j\u2019ai appris de mes concitoyens de Bossangoa le ma ...\" \/>\n<meta name=\"robots\" content=\"index, follow, max-snippet:-1, max-image-preview:large, max-video-preview:-1\" \/>\n<link rel=\"canonical\" href=\"https:\/\/www.africa-press.net\/centrafricaine\/politique\/massacre-de-bossangoa-la-depute-brigitte-bozize-nee-wilibozomna-crie-son-desarroi-2\" \/>\n<meta property=\"og:locale\" content=\"fr_FR\" \/>\n<meta property=\"og:type\" content=\"article\" \/>\n<meta property=\"og:title\" content=\"MASSACRE DE BOSSANGOA, LA D\u00c9PUT\u00c9 BRIGITTE BOZIZ\u00c9 N\u00c9E WILIBOZOMNA CRIE SON D\u00c9SARROI.\" \/>\n<meta property=\"og:description\" content=\"C\u2019est avec une profonde consternation que le mercredi 21 Juillet 2021, j\u2019ai appris de mes concitoyens de Bossangoa le ma ...\" \/>\n<meta property=\"og:url\" content=\"https:\/\/www.africa-press.net\/centrafricaine\/politique\/massacre-de-bossangoa-la-depute-brigitte-bozize-nee-wilibozomna-crie-son-desarroi-2\" \/>\n<meta property=\"og:site_name\" content=\"centrafricaine\" \/>\n<meta property=\"article:published_time\" content=\"2021-07-24T17:01:57+00:00\" \/>\n<meta property=\"article:modified_time\" content=\"2021-07-24T21:32:05+00:00\" \/>\n<meta property=\"og:image\" content=\"https:\/\/static.africa-press.net\/centrafricaine\/sites\/45\/2021\/07\/img-60fc44e01fd5f.jpg\" \/>\n\t<meta property=\"og:image:width\" content=\"720\" \/>\n\t<meta property=\"og:image:height\" content=\"478\" \/>\n\t<meta property=\"og:image:type\" content=\"image\/jpeg\" \/>\n<meta name=\"author\" content=\"cfeditorfr\" \/>\n<meta name=\"twitter:card\" content=\"summary_large_image\" \/>\n<meta name=\"twitter:label1\" content=\"\u00c9crit par\" \/>\n\t<meta name=\"twitter:data1\" content=\"cfeditorfr\" \/>\n\t<meta name=\"twitter:label2\" content=\"Dur\u00e9e de lecture estim\u00e9e\" \/>\n\t<meta name=\"twitter:data2\" content=\"2 minutes\" \/>\n<script type=\"application\/ld+json\" class=\"yoast-schema-graph\">{\"@context\":\"https:\/\/schema.org\",\"@graph\":[{\"@type\":\"Article\",\"@id\":\"https:\/\/www.africa-press.net\/centrafricaine\/politique\/massacre-de-bossangoa-la-depute-brigitte-bozize-nee-wilibozomna-crie-son-desarroi-2#article\",\"isPartOf\":{\"@id\":\"https:\/\/www.africa-press.net\/centrafricaine\/politique\/massacre-de-bossangoa-la-depute-brigitte-bozize-nee-wilibozomna-crie-son-desarroi-2\"},\"author\":{\"name\":\"cfeditorfr\",\"@id\":\"https:\/\/www.africa-press.net\/centrafricaine\/#\/schema\/person\/2b1cf3cd81a31e3cd26889ca66d677f1\"},\"headline\":\"MASSACRE DE BOSSANGOA, LA D\u00c9PUT\u00c9 BRIGITTE BOZIZ\u00c9 N\u00c9E WILIBOZOMNA CRIE SON D\u00c9SARROI.\",\"datePublished\":\"2021-07-24T17:01:57+00:00\",\"dateModified\":\"2021-07-24T21:32:05+00:00\",\"mainEntityOfPage\":{\"@id\":\"https:\/\/www.africa-press.net\/centrafricaine\/politique\/massacre-de-bossangoa-la-depute-brigitte-bozize-nee-wilibozomna-crie-son-desarroi-2\"},\"wordCount\":343,\"commentCount\":0,\"image\":{\"@id\":\"https:\/\/www.africa-press.net\/centrafricaine\/politique\/massacre-de-bossangoa-la-depute-brigitte-bozize-nee-wilibozomna-crie-son-desarroi-2#primaryimage\"},\"thumbnailUrl\":\"https:\/\/static.africa-press.net\/centrafricaine\/sites\/45\/2021\/07\/img-60fc44e01fd5f.jpg\",\"keywords\":[\"Africa Press\",\"Africa Press-CentrAfricaine\",\"CentrAfricaine\"],\"articleSection\":[\"homepage-french\",\"Politique\",\"Top Nouvelles\",\"Toutes les actualit\u00e9s\"],\"inLanguage\":\"fr-FR\",\"potentialAction\":[{\"@type\":\"CommentAction\",\"name\":\"Comment\",\"target\":[\"https:\/\/www.africa-press.net\/centrafricaine\/politique\/massacre-de-bossangoa-la-depute-brigitte-bozize-nee-wilibozomna-crie-son-desarroi-2#respond\"]}]},{\"@type\":\"WebPage\",\"@id\":\"https:\/\/www.africa-press.net\/centrafricaine\/politique\/massacre-de-bossangoa-la-depute-brigitte-bozize-nee-wilibozomna-crie-son-desarroi-2\",\"url\":\"https:\/\/www.africa-press.net\/centrafricaine\/politique\/massacre-de-bossangoa-la-depute-brigitte-bozize-nee-wilibozomna-crie-son-desarroi-2\",\"name\":\"MASSACRE DE BOSSANGOA, LA D\u00c9PUT\u00c9 BRIGITTE BOZIZ\u00c9 N\u00c9E WILIBOZOMNA CRIE SON D\u00c9SARROI. - centrafricaine\",\"isPartOf\":{\"@id\":\"https:\/\/www.africa-press.net\/centrafricaine\/#website\"},\"primaryImageOfPage\":{\"@id\":\"https:\/\/www.africa-press.net\/centrafricaine\/politique\/massacre-de-bossangoa-la-depute-brigitte-bozize-nee-wilibozomna-crie-son-desarroi-2#primaryimage\"},\"image\":{\"@id\":\"https:\/\/www.africa-press.net\/centrafricaine\/politique\/massacre-de-bossangoa-la-depute-brigitte-bozize-nee-wilibozomna-crie-son-desarroi-2#primaryimage\"},\"thumbnailUrl\":\"https:\/\/static.africa-press.net\/centrafricaine\/sites\/45\/2021\/07\/img-60fc44e01fd5f.jpg\",\"datePublished\":\"2021-07-24T17:01:57+00:00\",\"dateModified\":\"2021-07-24T21:32:05+00:00\",\"author\":{\"@id\":\"https:\/\/www.africa-press.net\/centrafricaine\/#\/schema\/person\/2b1cf3cd81a31e3cd26889ca66d677f1\"},\"description\":\"C\u2019est avec une profonde consternation que le mercredi 21 Juillet 2021, j\u2019ai appris de mes concitoyens de Bossangoa le ma ...\",\"breadcrumb\":{\"@id\":\"https:\/\/www.africa-press.net\/centrafricaine\/politique\/massacre-de-bossangoa-la-depute-brigitte-bozize-nee-wilibozomna-crie-son-desarroi-2#breadcrumb\"},\"inLanguage\":\"fr-FR\",\"potentialAction\":[{\"@type\":\"ReadAction\",\"target\":[\"https:\/\/www.africa-press.net\/centrafricaine\/politique\/massacre-de-bossangoa-la-depute-brigitte-bozize-nee-wilibozomna-crie-son-desarroi-2\"]}]},{\"@type\":\"ImageObject\",\"inLanguage\":\"fr-FR\",\"@id\":\"https:\/\/www.africa-press.net\/centrafricaine\/politique\/massacre-de-bossangoa-la-depute-brigitte-bozize-nee-wilibozomna-crie-son-desarroi-2#primaryimage\",\"url\":\"https:\/\/static.africa-press.net\/centrafricaine\/sites\/45\/2021\/07\/img-60fc44e01fd5f.jpg\",\"contentUrl\":\"https:\/\/static.africa-press.net\/centrafricaine\/sites\/45\/2021\/07\/img-60fc44e01fd5f.jpg\",\"width\":720,\"height\":478,\"caption\":\"MASSACRE DE BOSSANGOA, LA D\u00c9PUT\u00c9 BRIGITTE BOZIZ\u00c9 N\u00c9E WILIBOZOMNA CRIE SON D\u00c9SARROI.\"},{\"@type\":\"BreadcrumbList\",\"@id\":\"https:\/\/www.africa-press.net\/centrafricaine\/politique\/massacre-de-bossangoa-la-depute-brigitte-bozize-nee-wilibozomna-crie-son-desarroi-2#breadcrumb\",\"itemListElement\":[{\"@type\":\"ListItem\",\"position\":1,\"name\":\"Accueil\",\"item\":\"https:\/\/www.africa-press.net\/centrafricaine\/\"},{\"@type\":\"ListItem\",\"position\":2,\"name\":\"MASSACRE DE BOSSANGOA, LA D\u00c9PUT\u00c9 BRIGITTE BOZIZ\u00c9 N\u00c9E WILIBOZOMNA CRIE SON D\u00c9SARROI.\"}]},{\"@type\":\"WebSite\",\"@id\":\"https:\/\/www.africa-press.net\/centrafricaine\/#website\",\"url\":\"https:\/\/www.africa-press.net\/centrafricaine\/\",\"name\":\"centrafricaine\",\"description\":\"Just another Africa News Agency Sites site\",\"potentialAction\":[{\"@type\":\"SearchAction\",\"target\":{\"@type\":\"EntryPoint\",\"urlTemplate\":\"https:\/\/www.africa-press.net\/centrafricaine\/?s={search_term_string}\"},\"query-input\":{\"@type\":\"PropertyValueSpecification\",\"valueRequired\":true,\"valueName\":\"search_term_string\"}}],\"inLanguage\":\"fr-FR\"},{\"@type\":\"Person\",\"@id\":\"https:\/\/www.africa-press.net\/centrafricaine\/#\/schema\/person\/2b1cf3cd81a31e3cd26889ca66d677f1\",\"name\":\"cfeditorfr\"}]}<\/script>\n<!-- \/ Yoast SEO Premium plugin. -->","yoast_head_json":{"title":"MASSACRE DE BOSSANGOA, LA D\u00c9PUT\u00c9 BRIGITTE BOZIZ\u00c9 N\u00c9E WILIBOZOMNA CRIE SON D\u00c9SARROI. - centrafricaine","description":"C\u2019est avec une profonde consternation que le mercredi 21 Juillet 2021, j\u2019ai appris de mes concitoyens de Bossangoa le ma ...","robots":{"index":"index","follow":"follow","max-snippet":"max-snippet:-1","max-image-preview":"max-image-preview:large","max-video-preview":"max-video-preview:-1"},"canonical":"https:\/\/www.africa-press.net\/centrafricaine\/politique\/massacre-de-bossangoa-la-depute-brigitte-bozize-nee-wilibozomna-crie-son-desarroi-2","og_locale":"fr_FR","og_type":"article","og_title":"MASSACRE DE BOSSANGOA, LA D\u00c9PUT\u00c9 BRIGITTE BOZIZ\u00c9 N\u00c9E WILIBOZOMNA CRIE SON D\u00c9SARROI.","og_description":"C\u2019est avec une profonde consternation que le mercredi 21 Juillet 2021, j\u2019ai appris de mes concitoyens de Bossangoa le ma ...","og_url":"https:\/\/www.africa-press.net\/centrafricaine\/politique\/massacre-de-bossangoa-la-depute-brigitte-bozize-nee-wilibozomna-crie-son-desarroi-2","og_site_name":"centrafricaine","article_published_time":"2021-07-24T17:01:57+00:00","article_modified_time":"2021-07-24T21:32:05+00:00","og_image":[{"width":720,"height":478,"url":"https:\/\/static.africa-press.net\/centrafricaine\/sites\/45\/2021\/07\/img-60fc44e01fd5f.jpg","type":"image\/jpeg"}],"author":"cfeditorfr","twitter_card":"summary_large_image","twitter_misc":{"\u00c9crit par":"cfeditorfr","Dur\u00e9e de lecture estim\u00e9e":"2 minutes"},"schema":{"@context":"https:\/\/schema.org","@graph":[{"@type":"Article","@id":"https:\/\/www.africa-press.net\/centrafricaine\/politique\/massacre-de-bossangoa-la-depute-brigitte-bozize-nee-wilibozomna-crie-son-desarroi-2#article","isPartOf":{"@id":"https:\/\/www.africa-press.net\/centrafricaine\/politique\/massacre-de-bossangoa-la-depute-brigitte-bozize-nee-wilibozomna-crie-son-desarroi-2"},"author":{"name":"cfeditorfr","@id":"https:\/\/www.africa-press.net\/centrafricaine\/#\/schema\/person\/2b1cf3cd81a31e3cd26889ca66d677f1"},"headline":"MASSACRE DE BOSSANGOA, LA D\u00c9PUT\u00c9 BRIGITTE BOZIZ\u00c9 N\u00c9E WILIBOZOMNA CRIE SON D\u00c9SARROI.","datePublished":"2021-07-24T17:01:57+00:00","dateModified":"2021-07-24T21:32:05+00:00","mainEntityOfPage":{"@id":"https:\/\/www.africa-press.net\/centrafricaine\/politique\/massacre-de-bossangoa-la-depute-brigitte-bozize-nee-wilibozomna-crie-son-desarroi-2"},"wordCount":343,"commentCount":0,"image":{"@id":"https:\/\/www.africa-press.net\/centrafricaine\/politique\/massacre-de-bossangoa-la-depute-brigitte-bozize-nee-wilibozomna-crie-son-desarroi-2#primaryimage"},"thumbnailUrl":"https:\/\/static.africa-press.net\/centrafricaine\/sites\/45\/2021\/07\/img-60fc44e01fd5f.jpg","keywords":["Africa Press","Africa Press-CentrAfricaine","CentrAfricaine"],"articleSection":["homepage-french","Politique","Top Nouvelles","Toutes les actualit\u00e9s"],"inLanguage":"fr-FR","potentialAction":[{"@type":"CommentAction","name":"Comment","target":["https:\/\/www.africa-press.net\/centrafricaine\/politique\/massacre-de-bossangoa-la-depute-brigitte-bozize-nee-wilibozomna-crie-son-desarroi-2#respond"]}]},{"@type":"WebPage","@id":"https:\/\/www.africa-press.net\/centrafricaine\/politique\/massacre-de-bossangoa-la-depute-brigitte-bozize-nee-wilibozomna-crie-son-desarroi-2","url":"https:\/\/www.africa-press.net\/centrafricaine\/politique\/massacre-de-bossangoa-la-depute-brigitte-bozize-nee-wilibozomna-crie-son-desarroi-2","name":"MASSACRE DE BOSSANGOA, LA D\u00c9PUT\u00c9 BRIGITTE BOZIZ\u00c9 N\u00c9E WILIBOZOMNA CRIE SON D\u00c9SARROI. - centrafricaine","isPartOf":{"@id":"https:\/\/www.africa-press.net\/centrafricaine\/#website"},"primaryImageOfPage":{"@id":"https:\/\/www.africa-press.net\/centrafricaine\/politique\/massacre-de-bossangoa-la-depute-brigitte-bozize-nee-wilibozomna-crie-son-desarroi-2#primaryimage"},"image":{"@id":"https:\/\/www.africa-press.net\/centrafricaine\/politique\/massacre-de-bossangoa-la-depute-brigitte-bozize-nee-wilibozomna-crie-son-desarroi-2#primaryimage"},"thumbnailUrl":"https:\/\/static.africa-press.net\/centrafricaine\/sites\/45\/2021\/07\/img-60fc44e01fd5f.jpg","datePublished":"2021-07-24T17:01:57+00:00","dateModified":"2021-07-24T21:32:05+00:00","author":{"@id":"https:\/\/www.africa-press.net\/centrafricaine\/#\/schema\/person\/2b1cf3cd81a31e3cd26889ca66d677f1"},"description":"C\u2019est avec une profonde consternation que le mercredi 21 Juillet 2021, j\u2019ai appris de mes concitoyens de Bossangoa le ma ...","breadcrumb":{"@id":"https:\/\/www.africa-press.net\/centrafricaine\/politique\/massacre-de-bossangoa-la-depute-brigitte-bozize-nee-wilibozomna-crie-son-desarroi-2#breadcrumb"},"inLanguage":"fr-FR","potentialAction":[{"@type":"ReadAction","target":["https:\/\/www.africa-press.net\/centrafricaine\/politique\/massacre-de-bossangoa-la-depute-brigitte-bozize-nee-wilibozomna-crie-son-desarroi-2"]}]},{"@type":"ImageObject","inLanguage":"fr-FR","@id":"https:\/\/www.africa-press.net\/centrafricaine\/politique\/massacre-de-bossangoa-la-depute-brigitte-bozize-nee-wilibozomna-crie-son-desarroi-2#primaryimage","url":"https:\/\/static.africa-press.net\/centrafricaine\/sites\/45\/2021\/07\/img-60fc44e01fd5f.jpg","contentUrl":"https:\/\/static.africa-press.net\/centrafricaine\/sites\/45\/2021\/07\/img-60fc44e01fd5f.jpg","width":720,"height":478,"caption":"MASSACRE DE BOSSANGOA, LA D\u00c9PUT\u00c9 BRIGITTE BOZIZ\u00c9 N\u00c9E WILIBOZOMNA CRIE SON D\u00c9SARROI."},{"@type":"BreadcrumbList","@id":"https:\/\/www.africa-press.net\/centrafricaine\/politique\/massacre-de-bossangoa-la-depute-brigitte-bozize-nee-wilibozomna-crie-son-desarroi-2#breadcrumb","itemListElement":[{"@type":"ListItem","position":1,"name":"Accueil","item":"https:\/\/www.africa-press.net\/centrafricaine\/"},{"@type":"ListItem","position":2,"name":"MASSACRE DE BOSSANGOA, LA D\u00c9PUT\u00c9 BRIGITTE BOZIZ\u00c9 N\u00c9E WILIBOZOMNA CRIE SON D\u00c9SARROI."}]},{"@type":"WebSite","@id":"https:\/\/www.africa-press.net\/centrafricaine\/#website","url":"https:\/\/www.africa-press.net\/centrafricaine\/","name":"centrafricaine","description":"Just another Africa News Agency Sites site","potentialAction":[{"@type":"SearchAction","target":{"@type":"EntryPoint","urlTemplate":"https:\/\/www.africa-press.net\/centrafricaine\/?s={search_term_string}"},"query-input":{"@type":"PropertyValueSpecification","valueRequired":true,"valueName":"search_term_string"}}],"inLanguage":"fr-FR"},{"@type":"Person","@id":"https:\/\/www.africa-press.net\/centrafricaine\/#\/schema\/person\/2b1cf3cd81a31e3cd26889ca66d677f1","name":"cfeditorfr"}]}},"_links":{"self":[{"href":"https:\/\/www.africa-press.net\/centrafricaine\/wp-json\/wp\/v2\/posts\/9237","targetHints":{"allow":["GET"]}}],"collection":[{"href":"https:\/\/www.africa-press.net\/centrafricaine\/wp-json\/wp\/v2\/posts"}],"about":[{"href":"https:\/\/www.africa-press.net\/centrafricaine\/wp-json\/wp\/v2\/types\/post"}],"author":[{"embeddable":true,"href":"https:\/\/www.africa-press.net\/centrafricaine\/wp-json\/wp\/v2\/users\/82"}],"replies":[{"embeddable":true,"href":"https:\/\/www.africa-press.net\/centrafricaine\/wp-json\/wp\/v2\/comments?post=9237"}],"version-history":[{"count":0,"href":"https:\/\/www.africa-press.net\/centrafricaine\/wp-json\/wp\/v2\/posts\/9237\/revisions"}],"wp:featuredmedia":[{"embeddable":true,"href":"https:\/\/www.africa-press.net\/centrafricaine\/wp-json\/wp\/v2\/media\/9236"}],"wp:attachment":[{"href":"https:\/\/www.africa-press.net\/centrafricaine\/wp-json\/wp\/v2\/media?parent=9237"}],"wp:term":[{"taxonomy":"category","embeddable":true,"href":"https:\/\/www.africa-press.net\/centrafricaine\/wp-json\/wp\/v2\/categories?post=9237"},{"taxonomy":"post_tag","embeddable":true,"href":"https:\/\/www.africa-press.net\/centrafricaine\/wp-json\/wp\/v2\/tags?post=9237"}],"curies":[{"name":"wp","href":"https:\/\/api.w.org\/{rel}","templated":true}]}}