{"id":9281,"date":"2021-07-25T15:11:53","date_gmt":"2021-07-25T15:11:53","guid":{"rendered":"https:\/\/www.africa-press.net\/centrafricaine\/?p=9281"},"modified":"2021-07-25T17:57:05","modified_gmt":"2021-07-25T17:57:05","slug":"rca-lunfpa-dresse-le-bilan-des-resultats-atteints-de-son-programme-du-1er-semestre-2021-aux-medias-2","status":"publish","type":"post","link":"https:\/\/www.africa-press.net\/centrafricaine\/toutes-les-actualites\/rca-lunfpa-dresse-le-bilan-des-resultats-atteints-de-son-programme-du-1er-semestre-2021-aux-medias-2","title":{"rendered":"L\u2019UNFPA dresse le bilan des r\u00e9sultats atteints de son programme du 1er semestre 2021 aux m\u00e9dias"},"content":{"rendered":"<p><span style=\"color: #ff6600\"><strong><a href=\"https:\/\/www.africa-press.net\/\">Africa-Press<\/a> &#8211; <a href=\"https:\/\/www.africa-press.net\/centrafricaine\">CentrAfricaine<\/a>. <\/strong><\/span>\u00a0Le Fonds des Nations Unies pour la population (UNFPA), a organis\u00e9 le 21 juillet 2021, un caf\u00e9 de presse avec les professionnels des m\u00e9dias pour pr\u00e9senter les r\u00e9sultats atteints par son programme durant le 1er semestre de l\u2019ann\u00e9e 2021. Dans ce bilan, l\u2019UNFPA oriente sa cible aupr\u00e8s des personnes en besoin des services de sant\u00e9 de la reproduction et les survivants des violences bas\u00e9es sur le genre.<\/p>\n<p>Marqu\u00e9 par la crise sanitaire du Covid-19 et les tensions arm\u00e9es \u00e0 la veille, et lendemain des scrutins coupl\u00e9s de 2020-2021, l\u2019UNFPA a pu r\u00e9aliser sur le terrain, les activit\u00e9s aupr\u00e8s des personnes qui ont besoin d\u2019assistance humanitaire dont le nombre s\u2019\u00e9l\u00e8ve \u00e0 2,8 millions.<\/p>\n<p>Les pr\u00e9sentations s\u2019articulent autour de trois unit\u00e9s d\u2019intervention de cette organisation des Nations-Unies au courant du 1er semestre de 2021 : l\u2019unit\u00e9 sant\u00e9 de la reproduction, qui vise en particulier \u00e0 lutter contre la mortalit\u00e9 maternelle; celle de violences bas\u00e9es sur le genre et le dernier point porte sur la jeunesse.<\/p>\n<p>Selon le repr\u00e9sentant de l\u2019UNFPA en Centrafrique, Ouedraogo Koudaogo, la pr\u00e9sentation des diff\u00e9rentes activit\u00e9s de terrain men\u00e9es du 1er semestre 2021, est un devoir de redevabilit\u00e9, \u00ab vous travaillez dans un pays au b\u00e9n\u00e9fice d\u2019une population, rendez compte de ce que vous faites sur le terrain pour ne pas appara\u00eetre comme des gens qui se prom\u00e8nent \u00e0 Bangui \u00bb, a-t-il dit. La question de la sant\u00e9 de reproduction est l\u2019une des unit\u00e9s de travail que l\u2019UNFPA met au centre de ses pr\u00e9occupations, \u00ab Nous le faisons parce que l\u2019UNFPA se donne pour mission d\u2019\u0153uvrer pour un monde o\u00f9 chaque grossesse est d\u00e9sir\u00e9e, chaque accouchement se fait sans danger et le potentiel de chaque jeune est accompli \u00bb, a-t-il r\u00e9sum\u00e9 le programme de leur mandat de ce semestre.<\/p>\n<p>Sur les quelques r\u00e9sultats pr\u00e9sent\u00e9s sur les deux semestres, l\u2019UNFPA offre de service de prise en charge multisectorielle \u00e0 travers entre autres, un acc\u00e8s am\u00e9lior\u00e9 de 850 survivants des violences bas\u00e9es sur le genre (VBG) \u00e0 une prise en charge psychologique r\u00e9alis\u00e9e dans 15 centres d\u2019\u00e9coute g\u00e9r\u00e9s par les partenaires en raison de : 01 par ASA \u00e0 Bossangoa ; 6 par CLIRA \u00e0 Paoua, Koui, Ngaoudaye , Ndim ainsi que le ONE STOP CENTER de Bozoum ; 8 pour l\u2019AFJC \u00e0 Bouar, Berberati, Bangassou, Bossangoa, Sibut et Bangui.<\/p>\n<p>Ce n\u2019est pas tout ! \u00ab 572 survivants ont b\u00e9n\u00e9fici\u00e9 de prise en charge m\u00e9dicale de l\u2019UNFPA dont 166 dans les 72h dans les localit\u00e9s de Grimari et D\u00e9koa ; Bossemb\u00e9l\u00e9 et Yalok\u00e9, Paoua, Bocaranga, Koui, Ngaoudaye, Ndim. 814 femmes et filles vuln\u00e9rables ont retrouv\u00e9 un confort psychologique aux travers des kits dignit\u00e9s \u00bb, a martel\u00e9 Marie-Justine Mamba-Ibingui dans sa pr\u00e9sentation.<\/p>\n<p>L\u2019UNFPA n\u2019est pas totalement satisfait des r\u00e9sultats de ce semestre, sap\u00e9s par le Covid-19 et la crise post\u00e9lectorale. \u00ab Les actions op\u00e9rationnelles se trouvent handicap\u00e9es donc vous dire que nous sommes satisfaits, c\u2019est difficile, mais nous avons pu quand m\u00eame vous pr\u00e9senter quelques r\u00e9sultats. C\u2019est l\u2019essentiel de ce que je peux vous dire mais la satisfaction n\u2019est pas au niveau que nous voulions \u00bb, a conclu le repr\u00e9sentant de l\u2019UNFPA.<\/p>\n<p>Le plan strat\u00e9gique 2018-2021 vise z\u00e9ro VBG y compris trois pratiques n\u00e9fastes (excision, mariage d\u2019enfants et pr\u00e9f\u00e9rence donn\u00e9es aux enfants m\u00e2les). L\u2019UNFPA oriente ses interventions sur une approche fond\u00e9e \u00e0 la fois sur le d\u00e9veloppement du partenariat multipartite, la conception des programmes qui se fonde sur les droits humains et tient compte des sp\u00e9cificit\u00e9s de genre et diff\u00e9rences culturelles.<\/p>\n<p>&nbsp;<\/p>\n<p>&nbsp;<\/p>\n","protected":false},"excerpt":{"rendered":"<p>Africa-Press &#8211; CentrAfricaine. \u00a0Le Fonds des Nations Unies pour la population (UNFPA), a organis\u00e9 le 21 juillet 2021, un caf\u00e9 de presse avec les professionnels des m\u00e9dias pour pr\u00e9senter les r\u00e9sultats atteints par son programme durant le 1er semestre de l\u2019ann\u00e9e 2021. Dans ce bilan, l\u2019UNFPA oriente sa cible aupr\u00e8s des personnes en besoin des [&hellip;]<\/p>\n","protected":false},"author":82,"featured_media":9280,"comment_status":"open","ping_status":"closed","sticky":false,"template":"","format":"standard","meta":{"footnotes":""},"categories":[21,11,20,10],"tags":[36,58,30],"class_list":["post-9281","post","type-post","status-publish","format-standard","has-post-thumbnail","hentry","category-communaute","category-homepage-french","category-top-nouvelles","category-toutes-les-actualites","tag-africa-press","tag-africa-press-centrafricaine","tag-centrafricaine"],"yoast_head":"<!-- This site is optimized with the Yoast SEO Premium plugin v26.1 (Yoast SEO v27.0) - https:\/\/yoast.com\/product\/yoast-seo-premium-wordpress\/ -->\n<title>L\u2019UNFPA dresse le bilan des r\u00e9sultats atteints de son programme du 1er semestre 2021 aux m\u00e9dias - centrafricaine<\/title>\n<meta name=\"description\" content=\"Bangui, R\u00e9publique centrafricaine, samedi, 24 juillet 2021, 03:37:59 ( Corbeaunews-Centrafrique ). Le Fonds de ...\" \/>\n<meta name=\"robots\" content=\"index, follow, max-snippet:-1, max-image-preview:large, max-video-preview:-1\" \/>\n<link rel=\"canonical\" href=\"https:\/\/www.africa-press.net\/centrafricaine\/toutes-les-actualites\/rca-lunfpa-dresse-le-bilan-des-resultats-atteints-de-son-programme-du-1er-semestre-2021-aux-medias-2\" \/>\n<meta property=\"og:locale\" content=\"fr_FR\" \/>\n<meta property=\"og:type\" content=\"article\" \/>\n<meta property=\"og:title\" content=\"L\u2019UNFPA dresse le bilan des r\u00e9sultats atteints de son programme du 1er semestre 2021 aux m\u00e9dias\" \/>\n<meta property=\"og:description\" content=\"Bangui, R\u00e9publique centrafricaine, samedi, 24 juillet 2021, 03:37:59 ( Corbeaunews-Centrafrique ). Le Fonds de ...\" \/>\n<meta property=\"og:url\" content=\"https:\/\/www.africa-press.net\/centrafricaine\/toutes-les-actualites\/rca-lunfpa-dresse-le-bilan-des-resultats-atteints-de-son-programme-du-1er-semestre-2021-aux-medias-2\" \/>\n<meta property=\"og:site_name\" content=\"centrafricaine\" \/>\n<meta property=\"article:published_time\" content=\"2021-07-25T15:11:53+00:00\" \/>\n<meta property=\"article:modified_time\" content=\"2021-07-25T17:57:05+00:00\" \/>\n<meta property=\"og:image\" content=\"https:\/\/static.africa-press.net\/centrafricaine\/sites\/45\/2021\/07\/img-60fd7c5cc8d0f.jpg\" \/>\n\t<meta property=\"og:image:width\" content=\"720\" \/>\n\t<meta property=\"og:image:height\" content=\"540\" \/>\n\t<meta property=\"og:image:type\" content=\"image\/jpeg\" \/>\n<meta name=\"author\" content=\"cfeditorfr\" \/>\n<meta name=\"twitter:card\" content=\"summary_large_image\" \/>\n<meta name=\"twitter:label1\" content=\"\u00c9crit par\" \/>\n\t<meta name=\"twitter:data1\" content=\"cfeditorfr\" \/>\n\t<meta name=\"twitter:label2\" content=\"Dur\u00e9e de lecture estim\u00e9e\" \/>\n\t<meta name=\"twitter:data2\" content=\"3 minutes\" \/>\n<script type=\"application\/ld+json\" class=\"yoast-schema-graph\">{\"@context\":\"https:\/\/schema.org\",\"@graph\":[{\"@type\":\"Article\",\"@id\":\"https:\/\/www.africa-press.net\/centrafricaine\/toutes-les-actualites\/rca-lunfpa-dresse-le-bilan-des-resultats-atteints-de-son-programme-du-1er-semestre-2021-aux-medias-2#article\",\"isPartOf\":{\"@id\":\"https:\/\/www.africa-press.net\/centrafricaine\/toutes-les-actualites\/rca-lunfpa-dresse-le-bilan-des-resultats-atteints-de-son-programme-du-1er-semestre-2021-aux-medias-2\"},\"author\":{\"name\":\"cfeditorfr\",\"@id\":\"https:\/\/www.africa-press.net\/centrafricaine\/#\/schema\/person\/2b1cf3cd81a31e3cd26889ca66d677f1\"},\"headline\":\"L\u2019UNFPA dresse le bilan des r\u00e9sultats atteints de son programme du 1er semestre 2021 aux m\u00e9dias\",\"datePublished\":\"2021-07-25T15:11:53+00:00\",\"dateModified\":\"2021-07-25T17:57:05+00:00\",\"mainEntityOfPage\":{\"@id\":\"https:\/\/www.africa-press.net\/centrafricaine\/toutes-les-actualites\/rca-lunfpa-dresse-le-bilan-des-resultats-atteints-de-son-programme-du-1er-semestre-2021-aux-medias-2\"},\"wordCount\":650,\"commentCount\":0,\"image\":{\"@id\":\"https:\/\/www.africa-press.net\/centrafricaine\/toutes-les-actualites\/rca-lunfpa-dresse-le-bilan-des-resultats-atteints-de-son-programme-du-1er-semestre-2021-aux-medias-2#primaryimage\"},\"thumbnailUrl\":\"https:\/\/static.africa-press.net\/centrafricaine\/sites\/45\/2021\/07\/img-60fd7c5cc8d0f.jpg\",\"keywords\":[\"Africa Press\",\"Africa Press-CentrAfricaine\",\"CentrAfricaine\"],\"articleSection\":[\"Communaut\u00e9\",\"homepage-french\",\"Top Nouvelles\",\"Toutes les actualit\u00e9s\"],\"inLanguage\":\"fr-FR\",\"potentialAction\":[{\"@type\":\"CommentAction\",\"name\":\"Comment\",\"target\":[\"https:\/\/www.africa-press.net\/centrafricaine\/toutes-les-actualites\/rca-lunfpa-dresse-le-bilan-des-resultats-atteints-de-son-programme-du-1er-semestre-2021-aux-medias-2#respond\"]}]},{\"@type\":\"WebPage\",\"@id\":\"https:\/\/www.africa-press.net\/centrafricaine\/toutes-les-actualites\/rca-lunfpa-dresse-le-bilan-des-resultats-atteints-de-son-programme-du-1er-semestre-2021-aux-medias-2\",\"url\":\"https:\/\/www.africa-press.net\/centrafricaine\/toutes-les-actualites\/rca-lunfpa-dresse-le-bilan-des-resultats-atteints-de-son-programme-du-1er-semestre-2021-aux-medias-2\",\"name\":\"L\u2019UNFPA dresse le bilan des r\u00e9sultats atteints de son programme du 1er semestre 2021 aux m\u00e9dias - centrafricaine\",\"isPartOf\":{\"@id\":\"https:\/\/www.africa-press.net\/centrafricaine\/#website\"},\"primaryImageOfPage\":{\"@id\":\"https:\/\/www.africa-press.net\/centrafricaine\/toutes-les-actualites\/rca-lunfpa-dresse-le-bilan-des-resultats-atteints-de-son-programme-du-1er-semestre-2021-aux-medias-2#primaryimage\"},\"image\":{\"@id\":\"https:\/\/www.africa-press.net\/centrafricaine\/toutes-les-actualites\/rca-lunfpa-dresse-le-bilan-des-resultats-atteints-de-son-programme-du-1er-semestre-2021-aux-medias-2#primaryimage\"},\"thumbnailUrl\":\"https:\/\/static.africa-press.net\/centrafricaine\/sites\/45\/2021\/07\/img-60fd7c5cc8d0f.jpg\",\"datePublished\":\"2021-07-25T15:11:53+00:00\",\"dateModified\":\"2021-07-25T17:57:05+00:00\",\"author\":{\"@id\":\"https:\/\/www.africa-press.net\/centrafricaine\/#\/schema\/person\/2b1cf3cd81a31e3cd26889ca66d677f1\"},\"description\":\"Bangui, R\u00e9publique centrafricaine, samedi, 24 juillet 2021, 03:37:59 ( Corbeaunews-Centrafrique ). Le Fonds de ...\",\"breadcrumb\":{\"@id\":\"https:\/\/www.africa-press.net\/centrafricaine\/toutes-les-actualites\/rca-lunfpa-dresse-le-bilan-des-resultats-atteints-de-son-programme-du-1er-semestre-2021-aux-medias-2#breadcrumb\"},\"inLanguage\":\"fr-FR\",\"potentialAction\":[{\"@type\":\"ReadAction\",\"target\":[\"https:\/\/www.africa-press.net\/centrafricaine\/toutes-les-actualites\/rca-lunfpa-dresse-le-bilan-des-resultats-atteints-de-son-programme-du-1er-semestre-2021-aux-medias-2\"]}]},{\"@type\":\"ImageObject\",\"inLanguage\":\"fr-FR\",\"@id\":\"https:\/\/www.africa-press.net\/centrafricaine\/toutes-les-actualites\/rca-lunfpa-dresse-le-bilan-des-resultats-atteints-de-son-programme-du-1er-semestre-2021-aux-medias-2#primaryimage\",\"url\":\"https:\/\/static.africa-press.net\/centrafricaine\/sites\/45\/2021\/07\/img-60fd7c5cc8d0f.jpg\",\"contentUrl\":\"https:\/\/static.africa-press.net\/centrafricaine\/sites\/45\/2021\/07\/img-60fd7c5cc8d0f.jpg\",\"width\":720,\"height\":540,\"caption\":\"RCA\u00a0: L\u2019UNFPA dresse le bilan des r\u00e9sultats atteints de son programme du 1er semestre 2021 aux m\u00e9dias\"},{\"@type\":\"BreadcrumbList\",\"@id\":\"https:\/\/www.africa-press.net\/centrafricaine\/toutes-les-actualites\/rca-lunfpa-dresse-le-bilan-des-resultats-atteints-de-son-programme-du-1er-semestre-2021-aux-medias-2#breadcrumb\",\"itemListElement\":[{\"@type\":\"ListItem\",\"position\":1,\"name\":\"Accueil\",\"item\":\"https:\/\/www.africa-press.net\/centrafricaine\/\"},{\"@type\":\"ListItem\",\"position\":2,\"name\":\"L\u2019UNFPA dresse le bilan des r\u00e9sultats atteints de son programme du 1er semestre 2021 aux m\u00e9dias\"}]},{\"@type\":\"WebSite\",\"@id\":\"https:\/\/www.africa-press.net\/centrafricaine\/#website\",\"url\":\"https:\/\/www.africa-press.net\/centrafricaine\/\",\"name\":\"centrafricaine\",\"description\":\"Just another Africa News Agency Sites site\",\"potentialAction\":[{\"@type\":\"SearchAction\",\"target\":{\"@type\":\"EntryPoint\",\"urlTemplate\":\"https:\/\/www.africa-press.net\/centrafricaine\/?s={search_term_string}\"},\"query-input\":{\"@type\":\"PropertyValueSpecification\",\"valueRequired\":true,\"valueName\":\"search_term_string\"}}],\"inLanguage\":\"fr-FR\"},{\"@type\":\"Person\",\"@id\":\"https:\/\/www.africa-press.net\/centrafricaine\/#\/schema\/person\/2b1cf3cd81a31e3cd26889ca66d677f1\",\"name\":\"cfeditorfr\"}]}<\/script>\n<!-- \/ Yoast SEO Premium plugin. -->","yoast_head_json":{"title":"L\u2019UNFPA dresse le bilan des r\u00e9sultats atteints de son programme du 1er semestre 2021 aux m\u00e9dias - centrafricaine","description":"Bangui, R\u00e9publique centrafricaine, samedi, 24 juillet 2021, 03:37:59 ( Corbeaunews-Centrafrique ). Le Fonds de ...","robots":{"index":"index","follow":"follow","max-snippet":"max-snippet:-1","max-image-preview":"max-image-preview:large","max-video-preview":"max-video-preview:-1"},"canonical":"https:\/\/www.africa-press.net\/centrafricaine\/toutes-les-actualites\/rca-lunfpa-dresse-le-bilan-des-resultats-atteints-de-son-programme-du-1er-semestre-2021-aux-medias-2","og_locale":"fr_FR","og_type":"article","og_title":"L\u2019UNFPA dresse le bilan des r\u00e9sultats atteints de son programme du 1er semestre 2021 aux m\u00e9dias","og_description":"Bangui, R\u00e9publique centrafricaine, samedi, 24 juillet 2021, 03:37:59 ( Corbeaunews-Centrafrique ). Le Fonds de ...","og_url":"https:\/\/www.africa-press.net\/centrafricaine\/toutes-les-actualites\/rca-lunfpa-dresse-le-bilan-des-resultats-atteints-de-son-programme-du-1er-semestre-2021-aux-medias-2","og_site_name":"centrafricaine","article_published_time":"2021-07-25T15:11:53+00:00","article_modified_time":"2021-07-25T17:57:05+00:00","og_image":[{"width":720,"height":540,"url":"https:\/\/static.africa-press.net\/centrafricaine\/sites\/45\/2021\/07\/img-60fd7c5cc8d0f.jpg","type":"image\/jpeg"}],"author":"cfeditorfr","twitter_card":"summary_large_image","twitter_misc":{"\u00c9crit par":"cfeditorfr","Dur\u00e9e de lecture estim\u00e9e":"3 minutes"},"schema":{"@context":"https:\/\/schema.org","@graph":[{"@type":"Article","@id":"https:\/\/www.africa-press.net\/centrafricaine\/toutes-les-actualites\/rca-lunfpa-dresse-le-bilan-des-resultats-atteints-de-son-programme-du-1er-semestre-2021-aux-medias-2#article","isPartOf":{"@id":"https:\/\/www.africa-press.net\/centrafricaine\/toutes-les-actualites\/rca-lunfpa-dresse-le-bilan-des-resultats-atteints-de-son-programme-du-1er-semestre-2021-aux-medias-2"},"author":{"name":"cfeditorfr","@id":"https:\/\/www.africa-press.net\/centrafricaine\/#\/schema\/person\/2b1cf3cd81a31e3cd26889ca66d677f1"},"headline":"L\u2019UNFPA dresse le bilan des r\u00e9sultats atteints de son programme du 1er semestre 2021 aux m\u00e9dias","datePublished":"2021-07-25T15:11:53+00:00","dateModified":"2021-07-25T17:57:05+00:00","mainEntityOfPage":{"@id":"https:\/\/www.africa-press.net\/centrafricaine\/toutes-les-actualites\/rca-lunfpa-dresse-le-bilan-des-resultats-atteints-de-son-programme-du-1er-semestre-2021-aux-medias-2"},"wordCount":650,"commentCount":0,"image":{"@id":"https:\/\/www.africa-press.net\/centrafricaine\/toutes-les-actualites\/rca-lunfpa-dresse-le-bilan-des-resultats-atteints-de-son-programme-du-1er-semestre-2021-aux-medias-2#primaryimage"},"thumbnailUrl":"https:\/\/static.africa-press.net\/centrafricaine\/sites\/45\/2021\/07\/img-60fd7c5cc8d0f.jpg","keywords":["Africa Press","Africa Press-CentrAfricaine","CentrAfricaine"],"articleSection":["Communaut\u00e9","homepage-french","Top Nouvelles","Toutes les actualit\u00e9s"],"inLanguage":"fr-FR","potentialAction":[{"@type":"CommentAction","name":"Comment","target":["https:\/\/www.africa-press.net\/centrafricaine\/toutes-les-actualites\/rca-lunfpa-dresse-le-bilan-des-resultats-atteints-de-son-programme-du-1er-semestre-2021-aux-medias-2#respond"]}]},{"@type":"WebPage","@id":"https:\/\/www.africa-press.net\/centrafricaine\/toutes-les-actualites\/rca-lunfpa-dresse-le-bilan-des-resultats-atteints-de-son-programme-du-1er-semestre-2021-aux-medias-2","url":"https:\/\/www.africa-press.net\/centrafricaine\/toutes-les-actualites\/rca-lunfpa-dresse-le-bilan-des-resultats-atteints-de-son-programme-du-1er-semestre-2021-aux-medias-2","name":"L\u2019UNFPA dresse le bilan des r\u00e9sultats atteints de son programme du 1er semestre 2021 aux m\u00e9dias - centrafricaine","isPartOf":{"@id":"https:\/\/www.africa-press.net\/centrafricaine\/#website"},"primaryImageOfPage":{"@id":"https:\/\/www.africa-press.net\/centrafricaine\/toutes-les-actualites\/rca-lunfpa-dresse-le-bilan-des-resultats-atteints-de-son-programme-du-1er-semestre-2021-aux-medias-2#primaryimage"},"image":{"@id":"https:\/\/www.africa-press.net\/centrafricaine\/toutes-les-actualites\/rca-lunfpa-dresse-le-bilan-des-resultats-atteints-de-son-programme-du-1er-semestre-2021-aux-medias-2#primaryimage"},"thumbnailUrl":"https:\/\/static.africa-press.net\/centrafricaine\/sites\/45\/2021\/07\/img-60fd7c5cc8d0f.jpg","datePublished":"2021-07-25T15:11:53+00:00","dateModified":"2021-07-25T17:57:05+00:00","author":{"@id":"https:\/\/www.africa-press.net\/centrafricaine\/#\/schema\/person\/2b1cf3cd81a31e3cd26889ca66d677f1"},"description":"Bangui, R\u00e9publique centrafricaine, samedi, 24 juillet 2021, 03:37:59 ( Corbeaunews-Centrafrique ). Le Fonds de ...","breadcrumb":{"@id":"https:\/\/www.africa-press.net\/centrafricaine\/toutes-les-actualites\/rca-lunfpa-dresse-le-bilan-des-resultats-atteints-de-son-programme-du-1er-semestre-2021-aux-medias-2#breadcrumb"},"inLanguage":"fr-FR","potentialAction":[{"@type":"ReadAction","target":["https:\/\/www.africa-press.net\/centrafricaine\/toutes-les-actualites\/rca-lunfpa-dresse-le-bilan-des-resultats-atteints-de-son-programme-du-1er-semestre-2021-aux-medias-2"]}]},{"@type":"ImageObject","inLanguage":"fr-FR","@id":"https:\/\/www.africa-press.net\/centrafricaine\/toutes-les-actualites\/rca-lunfpa-dresse-le-bilan-des-resultats-atteints-de-son-programme-du-1er-semestre-2021-aux-medias-2#primaryimage","url":"https:\/\/static.africa-press.net\/centrafricaine\/sites\/45\/2021\/07\/img-60fd7c5cc8d0f.jpg","contentUrl":"https:\/\/static.africa-press.net\/centrafricaine\/sites\/45\/2021\/07\/img-60fd7c5cc8d0f.jpg","width":720,"height":540,"caption":"RCA\u00a0: L\u2019UNFPA dresse le bilan des r\u00e9sultats atteints de son programme du 1er semestre 2021 aux m\u00e9dias"},{"@type":"BreadcrumbList","@id":"https:\/\/www.africa-press.net\/centrafricaine\/toutes-les-actualites\/rca-lunfpa-dresse-le-bilan-des-resultats-atteints-de-son-programme-du-1er-semestre-2021-aux-medias-2#breadcrumb","itemListElement":[{"@type":"ListItem","position":1,"name":"Accueil","item":"https:\/\/www.africa-press.net\/centrafricaine\/"},{"@type":"ListItem","position":2,"name":"L\u2019UNFPA dresse le bilan des r\u00e9sultats atteints de son programme du 1er semestre 2021 aux m\u00e9dias"}]},{"@type":"WebSite","@id":"https:\/\/www.africa-press.net\/centrafricaine\/#website","url":"https:\/\/www.africa-press.net\/centrafricaine\/","name":"centrafricaine","description":"Just another Africa News Agency Sites site","potentialAction":[{"@type":"SearchAction","target":{"@type":"EntryPoint","urlTemplate":"https:\/\/www.africa-press.net\/centrafricaine\/?s={search_term_string}"},"query-input":{"@type":"PropertyValueSpecification","valueRequired":true,"valueName":"search_term_string"}}],"inLanguage":"fr-FR"},{"@type":"Person","@id":"https:\/\/www.africa-press.net\/centrafricaine\/#\/schema\/person\/2b1cf3cd81a31e3cd26889ca66d677f1","name":"cfeditorfr"}]}},"_links":{"self":[{"href":"https:\/\/www.africa-press.net\/centrafricaine\/wp-json\/wp\/v2\/posts\/9281","targetHints":{"allow":["GET"]}}],"collection":[{"href":"https:\/\/www.africa-press.net\/centrafricaine\/wp-json\/wp\/v2\/posts"}],"about":[{"href":"https:\/\/www.africa-press.net\/centrafricaine\/wp-json\/wp\/v2\/types\/post"}],"author":[{"embeddable":true,"href":"https:\/\/www.africa-press.net\/centrafricaine\/wp-json\/wp\/v2\/users\/82"}],"replies":[{"embeddable":true,"href":"https:\/\/www.africa-press.net\/centrafricaine\/wp-json\/wp\/v2\/comments?post=9281"}],"version-history":[{"count":0,"href":"https:\/\/www.africa-press.net\/centrafricaine\/wp-json\/wp\/v2\/posts\/9281\/revisions"}],"wp:featuredmedia":[{"embeddable":true,"href":"https:\/\/www.africa-press.net\/centrafricaine\/wp-json\/wp\/v2\/media\/9280"}],"wp:attachment":[{"href":"https:\/\/www.africa-press.net\/centrafricaine\/wp-json\/wp\/v2\/media?parent=9281"}],"wp:term":[{"taxonomy":"category","embeddable":true,"href":"https:\/\/www.africa-press.net\/centrafricaine\/wp-json\/wp\/v2\/categories?post=9281"},{"taxonomy":"post_tag","embeddable":true,"href":"https:\/\/www.africa-press.net\/centrafricaine\/wp-json\/wp\/v2\/tags?post=9281"}],"curies":[{"name":"wp","href":"https:\/\/api.w.org\/{rel}","templated":true}]}}