{"id":9312,"date":"2021-07-26T12:28:19","date_gmt":"2021-07-26T12:28:19","guid":{"rendered":"https:\/\/www.africa-press.net\/centrafricaine\/politique\/massacre-de-bossangoa-reaction-de-la-coordination-des-organisations-de-la-societe-civile-pour-la-paix-en-centrafrique"},"modified":"2021-07-26T17:37:59","modified_gmt":"2021-07-26T17:37:59","slug":"massacre-de-bossangoa-reaction-de-la-coordination-des-organisations-de-la-societe-civile-pour-la-paix-en-centrafrique","status":"publish","type":"post","link":"https:\/\/www.africa-press.net\/centrafricaine\/politique\/massacre-de-bossangoa-reaction-de-la-coordination-des-organisations-de-la-societe-civile-pour-la-paix-en-centrafrique","title":{"rendered":"MASSACRE DE BOSSANGOA, R\u00c9ACTION DE LA COORDINATION DES ORGANISATIONS DE LA SOCIET\u00c9 CIVILE POUR LA PAIX EN CENTRAFRIQUE"},"content":{"rendered":"<p><span style=\"color: #ff6600\"><strong><a href=\"https:\/\/www.africa-press.net\/\">Africa-Press<\/a> &#8211; <a href=\"https:\/\/www.africa-press.net\/centrafricaine\">CentrAfricaine<\/a>.\u00a0 <\/strong><\/span>En fin juin 2021, dans la Commune d\u2019Elevage DURA DJAFOUN, au village MALLOUM, axe BAMBARI \u2013 IPPY, les mercenaires russes de WAGNER ont fait irruption et ont commenc\u00e9 \u00e0 incendier les habitations, braquer les biens de la population et fini par massacrer la population sans distinction de sexe, ni d\u2019\u00e2ges, sous pr\u00e9texte que la population dudit village, \u00e0 majorit\u00e9 peuhl, serait complice de l\u2019UPC.<\/p>\n<p>Le 20 Juillet 2021, dans l\u2019OUHAM-PENDE, plus pr\u00e9cis\u00e9ment \u00e0 PAOUA 1 et \u00e0 BOZERE, les populations ont \u00e9t\u00e9 victimes des groupes arm\u00e9es et des mercenaires russes de WAGNER.<\/p>\n<p>Le comble sera atteint le Mercredi 21 juillet 2021, d\u00e8s l\u2019aube, les mercenaires russes de la Wagner, au solde du Pr\u00e9sident TOUADERA, ont frapp\u00e9 un grand coup contre le peuple centrafricain, en tendant une embuscade aux jeunes centrafricains empruntant l\u2019axe Bossangoa \u2013 Nana-Bakassa, pour se rendre au march\u00e9 hebdomadaire de KOUKI, pour certains, et pour d\u2019autres, se rendant dans les chantiers miniers pour chercher leurs moyens de subsistance quotidien.<\/p>\n<p>Ainsi, tous les jeunes qui ont eu le malheur d\u2019emprunter cette voie, ont \u00e9t\u00e9 cueillis et re\u00e7us avec une balle dans la t\u00eate, leurs motos r\u00e9cup\u00e9r\u00e9es par les mercenaires russes de la Wagner qui<\/p>\n<p>n\u2019ont pas oubli\u00e9 de leur faire la poche ! De ce traquenard, 19, dix- neuf jeunes, innocents, n\u2019ayant rien \u00e0 se reprocher, ont \u00e9t\u00e9 sauvagement assassin\u00e9s par ces mercenaires au solde du Pr\u00e9sident TOUADERA et de ses sbires.<\/p>\n<p>Etant donn\u00e9 que le peuple centrafricain est consid\u00e9r\u00e9 par le Pr\u00e9sident TOUADERA et son Premier Ministre, monsieur Henry Marie DONDRA, comme des b\u00eates de somme, juste bons et destin\u00e9s \u00e0 \u00eatre abattus et \u00eatres offerts en sacrifice pour satisfaire leurs besoins personnels et \u00e9go\u00efstes, ils se sont pr\u00e9cipit\u00e9s pour index\u00e9 la CPC qui , selon les informations s\u00fbres \u00e0 notre disposition, n\u2019a rien \u00e0 voir avec cet h\u00e9catombe humain.<\/p>\n<p>D\u2019ailleurs, ni le Chef de l\u2019Etat, ni le Pr\u00e9sident de l\u2019Assembl\u00e9e Nationale et ni son Premier Ministre n\u2019ont daign\u00e9 se rendre sur les lieux de ce drame humanitaire ; l\u2019ont- ils seulement fait depuis que les centrafricains se font tuer partout ?<\/p>\n<p>La Coordination des Organisations de la Soci\u00e9t\u00e9 Civile pour la Paix en Centrafrique, COSCIPAC, la Voix des Sans Voix, consid\u00e8re donc que le Communiqu\u00e9 de Presse du Gouvernement, du 21 Juillet 2021, est une humiliation pour le peuple et une insulte \u00e0 la m\u00e9moire des braves fils du pays, innocents et inoffensifs, qui ont \u00e9t\u00e9 abattus comme des pigeons par les mercenaires que le Pr\u00e9sident de la R\u00e9publique paye, avec l\u2019argent du contribuable centrafricain, pour d\u00e9cimer les dignes fils et filles du pays !<\/p>\n<p>La Coordination des Organisations de la Soci\u00e9t\u00e9 Civile pour la Paix en Centrafrique, COSCIPAC, la Voix des Sans Voix, d\u00e9nonce avec vigueur ces actes odieux pos\u00e9s contre le peuple centrafricain par les mercenaires du Groupe Wagner au solde du pouvoir en place ! Et, qualifie cette barbarie de Crime de Guerre et Crime Contre l\u2019Humanit\u00e9 et le condamne avec la derni\u00e8re rigueur et \u00e9nergie.<\/p>\n<p>Par ailleurs, La Coordination des Organisations de la Soci\u00e9t\u00e9 Civile pour la Paix en Centrafrique, COSCIPAC, la Voix des Sans Voix, tient le Gouvernement responsable de ces crimes odieux et incompr\u00e9hensibles.<\/p>\n<p>Aussi, La Coordination des Organisations de la Soci\u00e9t\u00e9 Civile pour la Paix en Centrafrique, COSCIPAC, la Voix des Sans Voix, partage les m\u00eames douleurs avec les familles endeuill\u00e9es, et, r\u00e9clame que justice soit faite !<\/p>\n<p>Pour ce faire, nous demandons :<\/p>\n<p>\u2013 Convoquer une Session extraordinaire, sans d\u00e9lais, afin de :<\/p>\n<p>S Interpeller le Gouvernement sur les vrais raisons de la pr\u00e9sence des mercenaires Wagner en Centrafrique ;<\/p>\n<p>S Exiger le d\u00e9part imm\u00e9diat et inconditionnel de ces mercenaires, sans foi ni loi, du territoire centrafricain ;<\/p>\n<p>S R\u00e9clamer la tenue urgente d\u2019un Dialogue Inclusif et inter-Centrafricain.<\/p>\n<p>En conclusion, la Coordination des Organisations de la Soci\u00e9t\u00e9 Civile pour la Paix en Centrafrique, COSCIPAC, la Voix des Sans Voix, lance un vibrant appel \u00e0 toute la population centrafricaine, \u00e0 savoir :<\/p>\n<p>Partis politiques, jeunesse, femmes, Confessions Religieuses, Soci\u00e9t\u00e9 Civile, Diaspora Centrafricaine de se mobiliser, tous, sans peur, sans h\u00e9sitation, avec courage, abn\u00e9gation et d\u00e9termination, tel un seul homme pour dire NON ! Au Pr\u00e9sident TOUADERA et ses mercenaires russes de WAGNER, qui ont pris le pays en otage, et qui imposent un lourd tribut en vie humaine au peuple centrafricain.<\/p>\n<p>L\u2019arm\u00e9e la plus forte du monde est le Peuple, et, la force reste au Peuple !<\/p>\n","protected":false},"excerpt":{"rendered":"<p>Africa-Press &#8211; CentrAfricaine.\u00a0 En fin juin 2021, dans la Commune d\u2019Elevage DURA DJAFOUN, au village MALLOUM, axe BAMBARI \u2013 IPPY, les mercenaires russes de WAGNER ont fait irruption et ont commenc\u00e9 \u00e0 incendier les habitations, braquer les biens de la population et fini par massacrer la population sans distinction de sexe, ni d\u2019\u00e2ges, sous pr\u00e9texte [&hellip;]<\/p>\n","protected":false},"author":82,"featured_media":9311,"comment_status":"open","ping_status":"closed","sticky":false,"template":"","format":"standard","meta":{"footnotes":""},"categories":[11,2,20,10],"tags":[36,58,30],"class_list":["post-9312","post","type-post","status-publish","format-standard","has-post-thumbnail","hentry","category-homepage-french","category-politique","category-top-nouvelles","category-toutes-les-actualites","tag-africa-press","tag-africa-press-centrafricaine","tag-centrafricaine"],"yoast_head":"<!-- This site is optimized with the Yoast SEO Premium plugin v26.1 (Yoast SEO v27.0) - https:\/\/yoast.com\/product\/yoast-seo-premium-wordpress\/ -->\n<title>MASSACRE DE BOSSANGOA, R\u00c9ACTION DE LA COORDINATION DES ORGANISATIONS DE LA SOCIET\u00c9 CIVILE POUR LA PAIX EN CENTRAFRIQUE - centrafricaine<\/title>\n<meta name=\"description\" content=\"Peuple Centrafricain, l\u2019heure est plus que grave ! En fin juin 2021, dans la Commune d\u2019Elevage DURA DJAFOUN, au village ...\" \/>\n<meta name=\"robots\" content=\"index, follow, max-snippet:-1, max-image-preview:large, max-video-preview:-1\" \/>\n<link rel=\"canonical\" href=\"https:\/\/www.africa-press.net\/centrafricaine\/politique\/massacre-de-bossangoa-reaction-de-la-coordination-des-organisations-de-la-societe-civile-pour-la-paix-en-centrafrique\" \/>\n<meta property=\"og:locale\" content=\"fr_FR\" \/>\n<meta property=\"og:type\" content=\"article\" \/>\n<meta property=\"og:title\" content=\"MASSACRE DE BOSSANGOA, R\u00c9ACTION DE LA COORDINATION DES ORGANISATIONS DE LA SOCIET\u00c9 CIVILE POUR LA PAIX EN CENTRAFRIQUE\" \/>\n<meta property=\"og:description\" content=\"Peuple Centrafricain, l\u2019heure est plus que grave ! En fin juin 2021, dans la Commune d\u2019Elevage DURA DJAFOUN, au village ...\" \/>\n<meta property=\"og:url\" content=\"https:\/\/www.africa-press.net\/centrafricaine\/politique\/massacre-de-bossangoa-reaction-de-la-coordination-des-organisations-de-la-societe-civile-pour-la-paix-en-centrafrique\" \/>\n<meta property=\"og:site_name\" content=\"centrafricaine\" \/>\n<meta property=\"article:published_time\" content=\"2021-07-26T12:28:19+00:00\" \/>\n<meta property=\"article:modified_time\" content=\"2021-07-26T17:37:59+00:00\" \/>\n<meta property=\"og:image\" content=\"https:\/\/static.africa-press.net\/centrafricaine\/sites\/45\/2021\/07\/img-60feaa1c1f816.jpg\" \/>\n\t<meta property=\"og:image:width\" content=\"720\" \/>\n\t<meta property=\"og:image:height\" content=\"348\" \/>\n\t<meta property=\"og:image:type\" content=\"image\/jpeg\" \/>\n<meta name=\"author\" content=\"cfeditorfr\" \/>\n<meta name=\"twitter:card\" content=\"summary_large_image\" \/>\n<meta name=\"twitter:label1\" content=\"\u00c9crit par\" \/>\n\t<meta name=\"twitter:data1\" content=\"cfeditorfr\" \/>\n\t<meta name=\"twitter:label2\" content=\"Dur\u00e9e de lecture estim\u00e9e\" \/>\n\t<meta name=\"twitter:data2\" content=\"4 minutes\" \/>\n<script type=\"application\/ld+json\" class=\"yoast-schema-graph\">{\"@context\":\"https:\/\/schema.org\",\"@graph\":[{\"@type\":\"Article\",\"@id\":\"https:\/\/www.africa-press.net\/centrafricaine\/politique\/massacre-de-bossangoa-reaction-de-la-coordination-des-organisations-de-la-societe-civile-pour-la-paix-en-centrafrique#article\",\"isPartOf\":{\"@id\":\"https:\/\/www.africa-press.net\/centrafricaine\/politique\/massacre-de-bossangoa-reaction-de-la-coordination-des-organisations-de-la-societe-civile-pour-la-paix-en-centrafrique\"},\"author\":{\"name\":\"cfeditorfr\",\"@id\":\"https:\/\/www.africa-press.net\/centrafricaine\/#\/schema\/person\/2b1cf3cd81a31e3cd26889ca66d677f1\"},\"headline\":\"MASSACRE DE BOSSANGOA, R\u00c9ACTION DE LA COORDINATION DES ORGANISATIONS DE LA SOCIET\u00c9 CIVILE POUR LA PAIX EN CENTRAFRIQUE\",\"datePublished\":\"2021-07-26T12:28:19+00:00\",\"dateModified\":\"2021-07-26T17:37:59+00:00\",\"mainEntityOfPage\":{\"@id\":\"https:\/\/www.africa-press.net\/centrafricaine\/politique\/massacre-de-bossangoa-reaction-de-la-coordination-des-organisations-de-la-societe-civile-pour-la-paix-en-centrafrique\"},\"wordCount\":784,\"commentCount\":0,\"image\":{\"@id\":\"https:\/\/www.africa-press.net\/centrafricaine\/politique\/massacre-de-bossangoa-reaction-de-la-coordination-des-organisations-de-la-societe-civile-pour-la-paix-en-centrafrique#primaryimage\"},\"thumbnailUrl\":\"https:\/\/static.africa-press.net\/centrafricaine\/sites\/45\/2021\/07\/img-60feaa1c1f816.jpg\",\"keywords\":[\"Africa Press\",\"Africa Press-CentrAfricaine\",\"CentrAfricaine\"],\"articleSection\":[\"homepage-french\",\"Politique\",\"Top Nouvelles\",\"Toutes les actualit\u00e9s\"],\"inLanguage\":\"fr-FR\",\"potentialAction\":[{\"@type\":\"CommentAction\",\"name\":\"Comment\",\"target\":[\"https:\/\/www.africa-press.net\/centrafricaine\/politique\/massacre-de-bossangoa-reaction-de-la-coordination-des-organisations-de-la-societe-civile-pour-la-paix-en-centrafrique#respond\"]}]},{\"@type\":\"WebPage\",\"@id\":\"https:\/\/www.africa-press.net\/centrafricaine\/politique\/massacre-de-bossangoa-reaction-de-la-coordination-des-organisations-de-la-societe-civile-pour-la-paix-en-centrafrique\",\"url\":\"https:\/\/www.africa-press.net\/centrafricaine\/politique\/massacre-de-bossangoa-reaction-de-la-coordination-des-organisations-de-la-societe-civile-pour-la-paix-en-centrafrique\",\"name\":\"MASSACRE DE BOSSANGOA, R\u00c9ACTION DE LA COORDINATION DES ORGANISATIONS DE LA SOCIET\u00c9 CIVILE POUR LA PAIX EN CENTRAFRIQUE - centrafricaine\",\"isPartOf\":{\"@id\":\"https:\/\/www.africa-press.net\/centrafricaine\/#website\"},\"primaryImageOfPage\":{\"@id\":\"https:\/\/www.africa-press.net\/centrafricaine\/politique\/massacre-de-bossangoa-reaction-de-la-coordination-des-organisations-de-la-societe-civile-pour-la-paix-en-centrafrique#primaryimage\"},\"image\":{\"@id\":\"https:\/\/www.africa-press.net\/centrafricaine\/politique\/massacre-de-bossangoa-reaction-de-la-coordination-des-organisations-de-la-societe-civile-pour-la-paix-en-centrafrique#primaryimage\"},\"thumbnailUrl\":\"https:\/\/static.africa-press.net\/centrafricaine\/sites\/45\/2021\/07\/img-60feaa1c1f816.jpg\",\"datePublished\":\"2021-07-26T12:28:19+00:00\",\"dateModified\":\"2021-07-26T17:37:59+00:00\",\"author\":{\"@id\":\"https:\/\/www.africa-press.net\/centrafricaine\/#\/schema\/person\/2b1cf3cd81a31e3cd26889ca66d677f1\"},\"description\":\"Peuple Centrafricain, l\u2019heure est plus que grave ! En fin juin 2021, dans la Commune d\u2019Elevage DURA DJAFOUN, au village ...\",\"breadcrumb\":{\"@id\":\"https:\/\/www.africa-press.net\/centrafricaine\/politique\/massacre-de-bossangoa-reaction-de-la-coordination-des-organisations-de-la-societe-civile-pour-la-paix-en-centrafrique#breadcrumb\"},\"inLanguage\":\"fr-FR\",\"potentialAction\":[{\"@type\":\"ReadAction\",\"target\":[\"https:\/\/www.africa-press.net\/centrafricaine\/politique\/massacre-de-bossangoa-reaction-de-la-coordination-des-organisations-de-la-societe-civile-pour-la-paix-en-centrafrique\"]}]},{\"@type\":\"ImageObject\",\"inLanguage\":\"fr-FR\",\"@id\":\"https:\/\/www.africa-press.net\/centrafricaine\/politique\/massacre-de-bossangoa-reaction-de-la-coordination-des-organisations-de-la-societe-civile-pour-la-paix-en-centrafrique#primaryimage\",\"url\":\"https:\/\/static.africa-press.net\/centrafricaine\/sites\/45\/2021\/07\/img-60feaa1c1f816.jpg\",\"contentUrl\":\"https:\/\/static.africa-press.net\/centrafricaine\/sites\/45\/2021\/07\/img-60feaa1c1f816.jpg\",\"width\":720,\"height\":348,\"caption\":\"MASSACRE DE BOSSANGOA, R\u00c9ACTION DE LA COORDINATION DES ORGANISATIONS DE LA SOCIET\u00c9 CIVILE POUR LA PAIX EN CENTRAFRIQUE\"},{\"@type\":\"BreadcrumbList\",\"@id\":\"https:\/\/www.africa-press.net\/centrafricaine\/politique\/massacre-de-bossangoa-reaction-de-la-coordination-des-organisations-de-la-societe-civile-pour-la-paix-en-centrafrique#breadcrumb\",\"itemListElement\":[{\"@type\":\"ListItem\",\"position\":1,\"name\":\"Accueil\",\"item\":\"https:\/\/www.africa-press.net\/centrafricaine\/\"},{\"@type\":\"ListItem\",\"position\":2,\"name\":\"MASSACRE DE BOSSANGOA, R\u00c9ACTION DE LA COORDINATION DES ORGANISATIONS DE LA SOCIET\u00c9 CIVILE POUR LA PAIX EN CENTRAFRIQUE\"}]},{\"@type\":\"WebSite\",\"@id\":\"https:\/\/www.africa-press.net\/centrafricaine\/#website\",\"url\":\"https:\/\/www.africa-press.net\/centrafricaine\/\",\"name\":\"centrafricaine\",\"description\":\"Just another Africa News Agency Sites site\",\"potentialAction\":[{\"@type\":\"SearchAction\",\"target\":{\"@type\":\"EntryPoint\",\"urlTemplate\":\"https:\/\/www.africa-press.net\/centrafricaine\/?s={search_term_string}\"},\"query-input\":{\"@type\":\"PropertyValueSpecification\",\"valueRequired\":true,\"valueName\":\"search_term_string\"}}],\"inLanguage\":\"fr-FR\"},{\"@type\":\"Person\",\"@id\":\"https:\/\/www.africa-press.net\/centrafricaine\/#\/schema\/person\/2b1cf3cd81a31e3cd26889ca66d677f1\",\"name\":\"cfeditorfr\"}]}<\/script>\n<!-- \/ Yoast SEO Premium plugin. -->","yoast_head_json":{"title":"MASSACRE DE BOSSANGOA, R\u00c9ACTION DE LA COORDINATION DES ORGANISATIONS DE LA SOCIET\u00c9 CIVILE POUR LA PAIX EN CENTRAFRIQUE - centrafricaine","description":"Peuple Centrafricain, l\u2019heure est plus que grave ! En fin juin 2021, dans la Commune d\u2019Elevage DURA DJAFOUN, au village ...","robots":{"index":"index","follow":"follow","max-snippet":"max-snippet:-1","max-image-preview":"max-image-preview:large","max-video-preview":"max-video-preview:-1"},"canonical":"https:\/\/www.africa-press.net\/centrafricaine\/politique\/massacre-de-bossangoa-reaction-de-la-coordination-des-organisations-de-la-societe-civile-pour-la-paix-en-centrafrique","og_locale":"fr_FR","og_type":"article","og_title":"MASSACRE DE BOSSANGOA, R\u00c9ACTION DE LA COORDINATION DES ORGANISATIONS DE LA SOCIET\u00c9 CIVILE POUR LA PAIX EN CENTRAFRIQUE","og_description":"Peuple Centrafricain, l\u2019heure est plus que grave ! En fin juin 2021, dans la Commune d\u2019Elevage DURA DJAFOUN, au village ...","og_url":"https:\/\/www.africa-press.net\/centrafricaine\/politique\/massacre-de-bossangoa-reaction-de-la-coordination-des-organisations-de-la-societe-civile-pour-la-paix-en-centrafrique","og_site_name":"centrafricaine","article_published_time":"2021-07-26T12:28:19+00:00","article_modified_time":"2021-07-26T17:37:59+00:00","og_image":[{"width":720,"height":348,"url":"https:\/\/static.africa-press.net\/centrafricaine\/sites\/45\/2021\/07\/img-60feaa1c1f816.jpg","type":"image\/jpeg"}],"author":"cfeditorfr","twitter_card":"summary_large_image","twitter_misc":{"\u00c9crit par":"cfeditorfr","Dur\u00e9e de lecture estim\u00e9e":"4 minutes"},"schema":{"@context":"https:\/\/schema.org","@graph":[{"@type":"Article","@id":"https:\/\/www.africa-press.net\/centrafricaine\/politique\/massacre-de-bossangoa-reaction-de-la-coordination-des-organisations-de-la-societe-civile-pour-la-paix-en-centrafrique#article","isPartOf":{"@id":"https:\/\/www.africa-press.net\/centrafricaine\/politique\/massacre-de-bossangoa-reaction-de-la-coordination-des-organisations-de-la-societe-civile-pour-la-paix-en-centrafrique"},"author":{"name":"cfeditorfr","@id":"https:\/\/www.africa-press.net\/centrafricaine\/#\/schema\/person\/2b1cf3cd81a31e3cd26889ca66d677f1"},"headline":"MASSACRE DE BOSSANGOA, R\u00c9ACTION DE LA COORDINATION DES ORGANISATIONS DE LA SOCIET\u00c9 CIVILE POUR LA PAIX EN CENTRAFRIQUE","datePublished":"2021-07-26T12:28:19+00:00","dateModified":"2021-07-26T17:37:59+00:00","mainEntityOfPage":{"@id":"https:\/\/www.africa-press.net\/centrafricaine\/politique\/massacre-de-bossangoa-reaction-de-la-coordination-des-organisations-de-la-societe-civile-pour-la-paix-en-centrafrique"},"wordCount":784,"commentCount":0,"image":{"@id":"https:\/\/www.africa-press.net\/centrafricaine\/politique\/massacre-de-bossangoa-reaction-de-la-coordination-des-organisations-de-la-societe-civile-pour-la-paix-en-centrafrique#primaryimage"},"thumbnailUrl":"https:\/\/static.africa-press.net\/centrafricaine\/sites\/45\/2021\/07\/img-60feaa1c1f816.jpg","keywords":["Africa Press","Africa Press-CentrAfricaine","CentrAfricaine"],"articleSection":["homepage-french","Politique","Top Nouvelles","Toutes les actualit\u00e9s"],"inLanguage":"fr-FR","potentialAction":[{"@type":"CommentAction","name":"Comment","target":["https:\/\/www.africa-press.net\/centrafricaine\/politique\/massacre-de-bossangoa-reaction-de-la-coordination-des-organisations-de-la-societe-civile-pour-la-paix-en-centrafrique#respond"]}]},{"@type":"WebPage","@id":"https:\/\/www.africa-press.net\/centrafricaine\/politique\/massacre-de-bossangoa-reaction-de-la-coordination-des-organisations-de-la-societe-civile-pour-la-paix-en-centrafrique","url":"https:\/\/www.africa-press.net\/centrafricaine\/politique\/massacre-de-bossangoa-reaction-de-la-coordination-des-organisations-de-la-societe-civile-pour-la-paix-en-centrafrique","name":"MASSACRE DE BOSSANGOA, R\u00c9ACTION DE LA COORDINATION DES ORGANISATIONS DE LA SOCIET\u00c9 CIVILE POUR LA PAIX EN CENTRAFRIQUE - centrafricaine","isPartOf":{"@id":"https:\/\/www.africa-press.net\/centrafricaine\/#website"},"primaryImageOfPage":{"@id":"https:\/\/www.africa-press.net\/centrafricaine\/politique\/massacre-de-bossangoa-reaction-de-la-coordination-des-organisations-de-la-societe-civile-pour-la-paix-en-centrafrique#primaryimage"},"image":{"@id":"https:\/\/www.africa-press.net\/centrafricaine\/politique\/massacre-de-bossangoa-reaction-de-la-coordination-des-organisations-de-la-societe-civile-pour-la-paix-en-centrafrique#primaryimage"},"thumbnailUrl":"https:\/\/static.africa-press.net\/centrafricaine\/sites\/45\/2021\/07\/img-60feaa1c1f816.jpg","datePublished":"2021-07-26T12:28:19+00:00","dateModified":"2021-07-26T17:37:59+00:00","author":{"@id":"https:\/\/www.africa-press.net\/centrafricaine\/#\/schema\/person\/2b1cf3cd81a31e3cd26889ca66d677f1"},"description":"Peuple Centrafricain, l\u2019heure est plus que grave ! En fin juin 2021, dans la Commune d\u2019Elevage DURA DJAFOUN, au village ...","breadcrumb":{"@id":"https:\/\/www.africa-press.net\/centrafricaine\/politique\/massacre-de-bossangoa-reaction-de-la-coordination-des-organisations-de-la-societe-civile-pour-la-paix-en-centrafrique#breadcrumb"},"inLanguage":"fr-FR","potentialAction":[{"@type":"ReadAction","target":["https:\/\/www.africa-press.net\/centrafricaine\/politique\/massacre-de-bossangoa-reaction-de-la-coordination-des-organisations-de-la-societe-civile-pour-la-paix-en-centrafrique"]}]},{"@type":"ImageObject","inLanguage":"fr-FR","@id":"https:\/\/www.africa-press.net\/centrafricaine\/politique\/massacre-de-bossangoa-reaction-de-la-coordination-des-organisations-de-la-societe-civile-pour-la-paix-en-centrafrique#primaryimage","url":"https:\/\/static.africa-press.net\/centrafricaine\/sites\/45\/2021\/07\/img-60feaa1c1f816.jpg","contentUrl":"https:\/\/static.africa-press.net\/centrafricaine\/sites\/45\/2021\/07\/img-60feaa1c1f816.jpg","width":720,"height":348,"caption":"MASSACRE DE BOSSANGOA, R\u00c9ACTION DE LA COORDINATION DES ORGANISATIONS DE LA SOCIET\u00c9 CIVILE POUR LA PAIX EN CENTRAFRIQUE"},{"@type":"BreadcrumbList","@id":"https:\/\/www.africa-press.net\/centrafricaine\/politique\/massacre-de-bossangoa-reaction-de-la-coordination-des-organisations-de-la-societe-civile-pour-la-paix-en-centrafrique#breadcrumb","itemListElement":[{"@type":"ListItem","position":1,"name":"Accueil","item":"https:\/\/www.africa-press.net\/centrafricaine\/"},{"@type":"ListItem","position":2,"name":"MASSACRE DE BOSSANGOA, R\u00c9ACTION DE LA COORDINATION DES ORGANISATIONS DE LA SOCIET\u00c9 CIVILE POUR LA PAIX EN CENTRAFRIQUE"}]},{"@type":"WebSite","@id":"https:\/\/www.africa-press.net\/centrafricaine\/#website","url":"https:\/\/www.africa-press.net\/centrafricaine\/","name":"centrafricaine","description":"Just another Africa News Agency Sites site","potentialAction":[{"@type":"SearchAction","target":{"@type":"EntryPoint","urlTemplate":"https:\/\/www.africa-press.net\/centrafricaine\/?s={search_term_string}"},"query-input":{"@type":"PropertyValueSpecification","valueRequired":true,"valueName":"search_term_string"}}],"inLanguage":"fr-FR"},{"@type":"Person","@id":"https:\/\/www.africa-press.net\/centrafricaine\/#\/schema\/person\/2b1cf3cd81a31e3cd26889ca66d677f1","name":"cfeditorfr"}]}},"_links":{"self":[{"href":"https:\/\/www.africa-press.net\/centrafricaine\/wp-json\/wp\/v2\/posts\/9312","targetHints":{"allow":["GET"]}}],"collection":[{"href":"https:\/\/www.africa-press.net\/centrafricaine\/wp-json\/wp\/v2\/posts"}],"about":[{"href":"https:\/\/www.africa-press.net\/centrafricaine\/wp-json\/wp\/v2\/types\/post"}],"author":[{"embeddable":true,"href":"https:\/\/www.africa-press.net\/centrafricaine\/wp-json\/wp\/v2\/users\/82"}],"replies":[{"embeddable":true,"href":"https:\/\/www.africa-press.net\/centrafricaine\/wp-json\/wp\/v2\/comments?post=9312"}],"version-history":[{"count":0,"href":"https:\/\/www.africa-press.net\/centrafricaine\/wp-json\/wp\/v2\/posts\/9312\/revisions"}],"wp:featuredmedia":[{"embeddable":true,"href":"https:\/\/www.africa-press.net\/centrafricaine\/wp-json\/wp\/v2\/media\/9311"}],"wp:attachment":[{"href":"https:\/\/www.africa-press.net\/centrafricaine\/wp-json\/wp\/v2\/media?parent=9312"}],"wp:term":[{"taxonomy":"category","embeddable":true,"href":"https:\/\/www.africa-press.net\/centrafricaine\/wp-json\/wp\/v2\/categories?post=9312"},{"taxonomy":"post_tag","embeddable":true,"href":"https:\/\/www.africa-press.net\/centrafricaine\/wp-json\/wp\/v2\/tags?post=9312"}],"curies":[{"name":"wp","href":"https:\/\/api.w.org\/{rel}","templated":true}]}}