{"id":9318,"date":"2021-07-26T12:44:38","date_gmt":"2021-07-26T12:44:38","guid":{"rendered":"https:\/\/www.africa-press.net\/centrafricaine\/?p=9318"},"modified":"2021-07-26T17:38:24","modified_gmt":"2021-07-26T17:38:24","slug":"bangui-un-homme-retrouve-mort-decapite","status":"publish","type":"post","link":"https:\/\/www.africa-press.net\/centrafricaine\/toutes-les-actualites\/bangui-un-homme-retrouve-mort-decapite","title":{"rendered":"un homme retrouv\u00e9 mort d\u00e9capit\u00e9"},"content":{"rendered":"<p><span style=\"color: #ff6600\"><strong><a href=\"https:\/\/www.africa-press.net\/\">Africa-Press<\/a> &#8211; <a href=\"https:\/\/www.africa-press.net\/centrafricaine\">CentrAfricaine<\/a>.\u00a0 <\/strong><\/span>L\u2019identit\u00e9 de la victime n\u2019a pas \u00e9t\u00e9 d\u00e9voil\u00e9e par la police judiciaire, mais certaines personnes pensent que le corps pourrait bien \u00eatre celui de Monsieur Adamou, un jeune du quartier KM5. La d\u00e9pouille a \u00e9t\u00e9 ramen\u00e9e \u00e0 la mosqu\u00e9e Ali Babolo du KM5.<\/p>\n<p>C\u2019\u00e9tait le samedi aux environs de 15 heures qu\u2019une partie du corps inanim\u00e9 a \u00e9t\u00e9 retrouv\u00e9 sous le pont Yakit\u00e9, qui s\u00e9pare le quartier des castors \u00e0 celui de Yakit\u00e9, \u00e0 quelques pas du quartier KM5, dans le troisi\u00e8me arrondissement de Bangui.<\/p>\n<p>Le service de police a \u00e9t\u00e9 appel\u00e9 en urgence sur le lieu, et le corps a \u00e9t\u00e9 rep\u00each\u00e9. Mais \u00e0 la grande surprise de tous, le cadavre a \u00e9t\u00e9 retrouv\u00e9 d\u00e9capit\u00e9. La partie abdominale jusqu\u2019\u00e0 la t\u00eate n\u2019y est pas, ainsi que celle de la partie distale du membre inf\u00e9rieur, c\u2019est-\u00e0-dire les deux pieds, coup\u00e9s au niveau de la cheville. Dans ce cas, l\u2019identification du corps semblait \u00eatre difficile, mais un t\u00e9l\u00e9phone portable a \u00e9t\u00e9 retrouv\u00e9 dans sa poche. Mais le t\u00e9l\u00e9phone retrouv\u00e9 a trop dur\u00e9 dans l\u2019eau et ne fonctionne plus. La SIM a \u00e9t\u00e9 plac\u00e9e dans un autre t\u00e9l\u00e9phone, et son identification a \u00e9t\u00e9 \u00e9tablie par la brigade criminelle. Ses parents ont \u00e9t\u00e9 inform\u00e9s. Et le corps a \u00e9t\u00e9 r\u00e9cup\u00e9r\u00e9.<\/p>\n<p>Une enqu\u00eate sans suite, comme \u00e0 l\u2019accoutum\u00e9e, a \u00e9t\u00e9 ouverte par la brigade criminelle pour tenter de faire la lumi\u00e8re sur les circonstances de cet assassinat odieux. Contact\u00e9e par CNC, une source s\u00e9curitaire indique \u00e0 CNC que la victime serait Monsieur Adamou, un jeune du quartier KM5. Sa d\u00e9pouille a \u00e9t\u00e9 ramen\u00e9e \u00e0 la mosqu\u00e9e Ali Babolo quelques heures plus tard apr\u00e8s la d\u00e9couverte.<\/p>\n<p>&nbsp;<\/p>\n","protected":false},"excerpt":{"rendered":"<p>Africa-Press &#8211; CentrAfricaine.\u00a0 L\u2019identit\u00e9 de la victime n\u2019a pas \u00e9t\u00e9 d\u00e9voil\u00e9e par la police judiciaire, mais certaines personnes pensent que le corps pourrait bien \u00eatre celui de Monsieur Adamou, un jeune du quartier KM5. La d\u00e9pouille a \u00e9t\u00e9 ramen\u00e9e \u00e0 la mosqu\u00e9e Ali Babolo du KM5. C\u2019\u00e9tait le samedi aux environs de 15 heures qu\u2019une [&hellip;]<\/p>\n","protected":false},"author":82,"featured_media":9317,"comment_status":"open","ping_status":"closed","sticky":false,"template":"","format":"standard","meta":{"footnotes":""},"categories":[21,11,10],"tags":[36,58,30],"class_list":["post-9318","post","type-post","status-publish","format-standard","has-post-thumbnail","hentry","category-communaute","category-homepage-french","category-toutes-les-actualites","tag-africa-press","tag-africa-press-centrafricaine","tag-centrafricaine"],"yoast_head":"<!-- This site is optimized with the Yoast SEO Premium plugin v26.1 (Yoast SEO v27.0) - https:\/\/yoast.com\/product\/yoast-seo-premium-wordpress\/ -->\n<title>un homme retrouv\u00e9 mort d\u00e9capit\u00e9 - centrafricaine<\/title>\n<meta name=\"description\" content=\"Bangui, R\u00e9publique centrafricaine, lundi, 26 juillet 2021, 03:52:11 ( Corbeaunews-Centrafrique ). L\u2019identit\u00e9 de ...\" \/>\n<meta name=\"robots\" content=\"index, follow, max-snippet:-1, max-image-preview:large, max-video-preview:-1\" \/>\n<link rel=\"canonical\" href=\"https:\/\/www.africa-press.net\/centrafricaine\/toutes-les-actualites\/bangui-un-homme-retrouve-mort-decapite\" \/>\n<meta property=\"og:locale\" content=\"fr_FR\" \/>\n<meta property=\"og:type\" content=\"article\" \/>\n<meta property=\"og:title\" content=\"un homme retrouv\u00e9 mort d\u00e9capit\u00e9\" \/>\n<meta property=\"og:description\" content=\"Bangui, R\u00e9publique centrafricaine, lundi, 26 juillet 2021, 03:52:11 ( Corbeaunews-Centrafrique ). L\u2019identit\u00e9 de ...\" \/>\n<meta property=\"og:url\" content=\"https:\/\/www.africa-press.net\/centrafricaine\/toutes-les-actualites\/bangui-un-homme-retrouve-mort-decapite\" \/>\n<meta property=\"og:site_name\" content=\"centrafricaine\" \/>\n<meta property=\"article:published_time\" content=\"2021-07-26T12:44:38+00:00\" \/>\n<meta property=\"article:modified_time\" content=\"2021-07-26T17:38:24+00:00\" \/>\n<meta property=\"og:image\" content=\"https:\/\/static.africa-press.net\/centrafricaine\/sites\/45\/2021\/07\/img-60feaa6a9c0aa.jpg\" \/>\n\t<meta property=\"og:image:width\" content=\"750\" \/>\n\t<meta property=\"og:image:height\" content=\"421\" \/>\n\t<meta property=\"og:image:type\" content=\"image\/jpeg\" \/>\n<meta name=\"author\" content=\"cfeditorfr\" \/>\n<meta name=\"twitter:card\" content=\"summary_large_image\" \/>\n<meta name=\"twitter:label1\" content=\"\u00c9crit par\" \/>\n\t<meta name=\"twitter:data1\" content=\"cfeditorfr\" \/>\n\t<meta name=\"twitter:label2\" content=\"Dur\u00e9e de lecture estim\u00e9e\" \/>\n\t<meta name=\"twitter:data2\" content=\"2 minutes\" \/>\n<script type=\"application\/ld+json\" class=\"yoast-schema-graph\">{\"@context\":\"https:\/\/schema.org\",\"@graph\":[{\"@type\":\"Article\",\"@id\":\"https:\/\/www.africa-press.net\/centrafricaine\/toutes-les-actualites\/bangui-un-homme-retrouve-mort-decapite#article\",\"isPartOf\":{\"@id\":\"https:\/\/www.africa-press.net\/centrafricaine\/toutes-les-actualites\/bangui-un-homme-retrouve-mort-decapite\"},\"author\":{\"name\":\"cfeditorfr\",\"@id\":\"https:\/\/www.africa-press.net\/centrafricaine\/#\/schema\/person\/2b1cf3cd81a31e3cd26889ca66d677f1\"},\"headline\":\"un homme retrouv\u00e9 mort d\u00e9capit\u00e9\",\"datePublished\":\"2021-07-26T12:44:38+00:00\",\"dateModified\":\"2021-07-26T17:38:24+00:00\",\"mainEntityOfPage\":{\"@id\":\"https:\/\/www.africa-press.net\/centrafricaine\/toutes-les-actualites\/bangui-un-homme-retrouve-mort-decapite\"},\"wordCount\":315,\"commentCount\":0,\"image\":{\"@id\":\"https:\/\/www.africa-press.net\/centrafricaine\/toutes-les-actualites\/bangui-un-homme-retrouve-mort-decapite#primaryimage\"},\"thumbnailUrl\":\"https:\/\/static.africa-press.net\/centrafricaine\/sites\/45\/2021\/07\/img-60feaa6a9c0aa.jpg\",\"keywords\":[\"Africa Press\",\"Africa Press-CentrAfricaine\",\"CentrAfricaine\"],\"articleSection\":[\"Communaut\u00e9\",\"homepage-french\",\"Toutes les actualit\u00e9s\"],\"inLanguage\":\"fr-FR\",\"potentialAction\":[{\"@type\":\"CommentAction\",\"name\":\"Comment\",\"target\":[\"https:\/\/www.africa-press.net\/centrafricaine\/toutes-les-actualites\/bangui-un-homme-retrouve-mort-decapite#respond\"]}]},{\"@type\":\"WebPage\",\"@id\":\"https:\/\/www.africa-press.net\/centrafricaine\/toutes-les-actualites\/bangui-un-homme-retrouve-mort-decapite\",\"url\":\"https:\/\/www.africa-press.net\/centrafricaine\/toutes-les-actualites\/bangui-un-homme-retrouve-mort-decapite\",\"name\":\"un homme retrouv\u00e9 mort d\u00e9capit\u00e9 - centrafricaine\",\"isPartOf\":{\"@id\":\"https:\/\/www.africa-press.net\/centrafricaine\/#website\"},\"primaryImageOfPage\":{\"@id\":\"https:\/\/www.africa-press.net\/centrafricaine\/toutes-les-actualites\/bangui-un-homme-retrouve-mort-decapite#primaryimage\"},\"image\":{\"@id\":\"https:\/\/www.africa-press.net\/centrafricaine\/toutes-les-actualites\/bangui-un-homme-retrouve-mort-decapite#primaryimage\"},\"thumbnailUrl\":\"https:\/\/static.africa-press.net\/centrafricaine\/sites\/45\/2021\/07\/img-60feaa6a9c0aa.jpg\",\"datePublished\":\"2021-07-26T12:44:38+00:00\",\"dateModified\":\"2021-07-26T17:38:24+00:00\",\"author\":{\"@id\":\"https:\/\/www.africa-press.net\/centrafricaine\/#\/schema\/person\/2b1cf3cd81a31e3cd26889ca66d677f1\"},\"description\":\"Bangui, R\u00e9publique centrafricaine, lundi, 26 juillet 2021, 03:52:11 ( Corbeaunews-Centrafrique ). L\u2019identit\u00e9 de ...\",\"breadcrumb\":{\"@id\":\"https:\/\/www.africa-press.net\/centrafricaine\/toutes-les-actualites\/bangui-un-homme-retrouve-mort-decapite#breadcrumb\"},\"inLanguage\":\"fr-FR\",\"potentialAction\":[{\"@type\":\"ReadAction\",\"target\":[\"https:\/\/www.africa-press.net\/centrafricaine\/toutes-les-actualites\/bangui-un-homme-retrouve-mort-decapite\"]}]},{\"@type\":\"ImageObject\",\"inLanguage\":\"fr-FR\",\"@id\":\"https:\/\/www.africa-press.net\/centrafricaine\/toutes-les-actualites\/bangui-un-homme-retrouve-mort-decapite#primaryimage\",\"url\":\"https:\/\/static.africa-press.net\/centrafricaine\/sites\/45\/2021\/07\/img-60feaa6a9c0aa.jpg\",\"contentUrl\":\"https:\/\/static.africa-press.net\/centrafricaine\/sites\/45\/2021\/07\/img-60feaa6a9c0aa.jpg\",\"width\":750,\"height\":421,\"caption\":\"Bangui, un homme retrouv\u00e9 mort d\u00e9capit\u00e9\"},{\"@type\":\"BreadcrumbList\",\"@id\":\"https:\/\/www.africa-press.net\/centrafricaine\/toutes-les-actualites\/bangui-un-homme-retrouve-mort-decapite#breadcrumb\",\"itemListElement\":[{\"@type\":\"ListItem\",\"position\":1,\"name\":\"Accueil\",\"item\":\"https:\/\/www.africa-press.net\/centrafricaine\/\"},{\"@type\":\"ListItem\",\"position\":2,\"name\":\"un homme retrouv\u00e9 mort d\u00e9capit\u00e9\"}]},{\"@type\":\"WebSite\",\"@id\":\"https:\/\/www.africa-press.net\/centrafricaine\/#website\",\"url\":\"https:\/\/www.africa-press.net\/centrafricaine\/\",\"name\":\"centrafricaine\",\"description\":\"Just another Africa News Agency Sites site\",\"potentialAction\":[{\"@type\":\"SearchAction\",\"target\":{\"@type\":\"EntryPoint\",\"urlTemplate\":\"https:\/\/www.africa-press.net\/centrafricaine\/?s={search_term_string}\"},\"query-input\":{\"@type\":\"PropertyValueSpecification\",\"valueRequired\":true,\"valueName\":\"search_term_string\"}}],\"inLanguage\":\"fr-FR\"},{\"@type\":\"Person\",\"@id\":\"https:\/\/www.africa-press.net\/centrafricaine\/#\/schema\/person\/2b1cf3cd81a31e3cd26889ca66d677f1\",\"name\":\"cfeditorfr\"}]}<\/script>\n<!-- \/ Yoast SEO Premium plugin. -->","yoast_head_json":{"title":"un homme retrouv\u00e9 mort d\u00e9capit\u00e9 - centrafricaine","description":"Bangui, R\u00e9publique centrafricaine, lundi, 26 juillet 2021, 03:52:11 ( Corbeaunews-Centrafrique ). L\u2019identit\u00e9 de ...","robots":{"index":"index","follow":"follow","max-snippet":"max-snippet:-1","max-image-preview":"max-image-preview:large","max-video-preview":"max-video-preview:-1"},"canonical":"https:\/\/www.africa-press.net\/centrafricaine\/toutes-les-actualites\/bangui-un-homme-retrouve-mort-decapite","og_locale":"fr_FR","og_type":"article","og_title":"un homme retrouv\u00e9 mort d\u00e9capit\u00e9","og_description":"Bangui, R\u00e9publique centrafricaine, lundi, 26 juillet 2021, 03:52:11 ( Corbeaunews-Centrafrique ). L\u2019identit\u00e9 de ...","og_url":"https:\/\/www.africa-press.net\/centrafricaine\/toutes-les-actualites\/bangui-un-homme-retrouve-mort-decapite","og_site_name":"centrafricaine","article_published_time":"2021-07-26T12:44:38+00:00","article_modified_time":"2021-07-26T17:38:24+00:00","og_image":[{"width":750,"height":421,"url":"https:\/\/static.africa-press.net\/centrafricaine\/sites\/45\/2021\/07\/img-60feaa6a9c0aa.jpg","type":"image\/jpeg"}],"author":"cfeditorfr","twitter_card":"summary_large_image","twitter_misc":{"\u00c9crit par":"cfeditorfr","Dur\u00e9e de lecture estim\u00e9e":"2 minutes"},"schema":{"@context":"https:\/\/schema.org","@graph":[{"@type":"Article","@id":"https:\/\/www.africa-press.net\/centrafricaine\/toutes-les-actualites\/bangui-un-homme-retrouve-mort-decapite#article","isPartOf":{"@id":"https:\/\/www.africa-press.net\/centrafricaine\/toutes-les-actualites\/bangui-un-homme-retrouve-mort-decapite"},"author":{"name":"cfeditorfr","@id":"https:\/\/www.africa-press.net\/centrafricaine\/#\/schema\/person\/2b1cf3cd81a31e3cd26889ca66d677f1"},"headline":"un homme retrouv\u00e9 mort d\u00e9capit\u00e9","datePublished":"2021-07-26T12:44:38+00:00","dateModified":"2021-07-26T17:38:24+00:00","mainEntityOfPage":{"@id":"https:\/\/www.africa-press.net\/centrafricaine\/toutes-les-actualites\/bangui-un-homme-retrouve-mort-decapite"},"wordCount":315,"commentCount":0,"image":{"@id":"https:\/\/www.africa-press.net\/centrafricaine\/toutes-les-actualites\/bangui-un-homme-retrouve-mort-decapite#primaryimage"},"thumbnailUrl":"https:\/\/static.africa-press.net\/centrafricaine\/sites\/45\/2021\/07\/img-60feaa6a9c0aa.jpg","keywords":["Africa Press","Africa Press-CentrAfricaine","CentrAfricaine"],"articleSection":["Communaut\u00e9","homepage-french","Toutes les actualit\u00e9s"],"inLanguage":"fr-FR","potentialAction":[{"@type":"CommentAction","name":"Comment","target":["https:\/\/www.africa-press.net\/centrafricaine\/toutes-les-actualites\/bangui-un-homme-retrouve-mort-decapite#respond"]}]},{"@type":"WebPage","@id":"https:\/\/www.africa-press.net\/centrafricaine\/toutes-les-actualites\/bangui-un-homme-retrouve-mort-decapite","url":"https:\/\/www.africa-press.net\/centrafricaine\/toutes-les-actualites\/bangui-un-homme-retrouve-mort-decapite","name":"un homme retrouv\u00e9 mort d\u00e9capit\u00e9 - centrafricaine","isPartOf":{"@id":"https:\/\/www.africa-press.net\/centrafricaine\/#website"},"primaryImageOfPage":{"@id":"https:\/\/www.africa-press.net\/centrafricaine\/toutes-les-actualites\/bangui-un-homme-retrouve-mort-decapite#primaryimage"},"image":{"@id":"https:\/\/www.africa-press.net\/centrafricaine\/toutes-les-actualites\/bangui-un-homme-retrouve-mort-decapite#primaryimage"},"thumbnailUrl":"https:\/\/static.africa-press.net\/centrafricaine\/sites\/45\/2021\/07\/img-60feaa6a9c0aa.jpg","datePublished":"2021-07-26T12:44:38+00:00","dateModified":"2021-07-26T17:38:24+00:00","author":{"@id":"https:\/\/www.africa-press.net\/centrafricaine\/#\/schema\/person\/2b1cf3cd81a31e3cd26889ca66d677f1"},"description":"Bangui, R\u00e9publique centrafricaine, lundi, 26 juillet 2021, 03:52:11 ( Corbeaunews-Centrafrique ). L\u2019identit\u00e9 de ...","breadcrumb":{"@id":"https:\/\/www.africa-press.net\/centrafricaine\/toutes-les-actualites\/bangui-un-homme-retrouve-mort-decapite#breadcrumb"},"inLanguage":"fr-FR","potentialAction":[{"@type":"ReadAction","target":["https:\/\/www.africa-press.net\/centrafricaine\/toutes-les-actualites\/bangui-un-homme-retrouve-mort-decapite"]}]},{"@type":"ImageObject","inLanguage":"fr-FR","@id":"https:\/\/www.africa-press.net\/centrafricaine\/toutes-les-actualites\/bangui-un-homme-retrouve-mort-decapite#primaryimage","url":"https:\/\/static.africa-press.net\/centrafricaine\/sites\/45\/2021\/07\/img-60feaa6a9c0aa.jpg","contentUrl":"https:\/\/static.africa-press.net\/centrafricaine\/sites\/45\/2021\/07\/img-60feaa6a9c0aa.jpg","width":750,"height":421,"caption":"Bangui, un homme retrouv\u00e9 mort d\u00e9capit\u00e9"},{"@type":"BreadcrumbList","@id":"https:\/\/www.africa-press.net\/centrafricaine\/toutes-les-actualites\/bangui-un-homme-retrouve-mort-decapite#breadcrumb","itemListElement":[{"@type":"ListItem","position":1,"name":"Accueil","item":"https:\/\/www.africa-press.net\/centrafricaine\/"},{"@type":"ListItem","position":2,"name":"un homme retrouv\u00e9 mort d\u00e9capit\u00e9"}]},{"@type":"WebSite","@id":"https:\/\/www.africa-press.net\/centrafricaine\/#website","url":"https:\/\/www.africa-press.net\/centrafricaine\/","name":"centrafricaine","description":"Just another Africa News Agency Sites site","potentialAction":[{"@type":"SearchAction","target":{"@type":"EntryPoint","urlTemplate":"https:\/\/www.africa-press.net\/centrafricaine\/?s={search_term_string}"},"query-input":{"@type":"PropertyValueSpecification","valueRequired":true,"valueName":"search_term_string"}}],"inLanguage":"fr-FR"},{"@type":"Person","@id":"https:\/\/www.africa-press.net\/centrafricaine\/#\/schema\/person\/2b1cf3cd81a31e3cd26889ca66d677f1","name":"cfeditorfr"}]}},"_links":{"self":[{"href":"https:\/\/www.africa-press.net\/centrafricaine\/wp-json\/wp\/v2\/posts\/9318","targetHints":{"allow":["GET"]}}],"collection":[{"href":"https:\/\/www.africa-press.net\/centrafricaine\/wp-json\/wp\/v2\/posts"}],"about":[{"href":"https:\/\/www.africa-press.net\/centrafricaine\/wp-json\/wp\/v2\/types\/post"}],"author":[{"embeddable":true,"href":"https:\/\/www.africa-press.net\/centrafricaine\/wp-json\/wp\/v2\/users\/82"}],"replies":[{"embeddable":true,"href":"https:\/\/www.africa-press.net\/centrafricaine\/wp-json\/wp\/v2\/comments?post=9318"}],"version-history":[{"count":0,"href":"https:\/\/www.africa-press.net\/centrafricaine\/wp-json\/wp\/v2\/posts\/9318\/revisions"}],"wp:featuredmedia":[{"embeddable":true,"href":"https:\/\/www.africa-press.net\/centrafricaine\/wp-json\/wp\/v2\/media\/9317"}],"wp:attachment":[{"href":"https:\/\/www.africa-press.net\/centrafricaine\/wp-json\/wp\/v2\/media?parent=9318"}],"wp:term":[{"taxonomy":"category","embeddable":true,"href":"https:\/\/www.africa-press.net\/centrafricaine\/wp-json\/wp\/v2\/categories?post=9318"},{"taxonomy":"post_tag","embeddable":true,"href":"https:\/\/www.africa-press.net\/centrafricaine\/wp-json\/wp\/v2\/tags?post=9318"}],"curies":[{"name":"wp","href":"https:\/\/api.w.org\/{rel}","templated":true}]}}