{"id":9321,"date":"2021-07-26T12:51:11","date_gmt":"2021-07-26T12:51:11","guid":{"rendered":"https:\/\/www.africa-press.net\/centrafricaine\/?p=9321"},"modified":"2021-07-26T17:38:34","modified_gmt":"2021-07-26T17:38:34","slug":"bambari-un-transporteur-tue-par-les-mercenaires-de-wagner","status":"publish","type":"post","link":"https:\/\/www.africa-press.net\/centrafricaine\/politique\/bambari-un-transporteur-tue-par-les-mercenaires-de-wagner","title":{"rendered":"un transporteur tu\u00e9 par les mercenaires de Wagner"},"content":{"rendered":"<p><span style=\"color: #ff6600\"><strong><a href=\"https:\/\/www.africa-press.net\/\">Africa-Press<\/a> &#8211; <a href=\"https:\/\/www.africa-press.net\/centrafricaine\">CentrAfricaine<\/a>.\u00a0 <\/strong><\/span>Ses parents ont pu r\u00e9cup\u00e9rer son corps sans vie le samedi 24 juillet dans la matin\u00e9e \u00e0 la base militaire de Wagner \u00e0 Bambari, chef-lieu de la pr\u00e9fecture de l\u2019Ouaka, au centre de la R\u00e9publique centrafricaine.<\/p>\n<p>La victime s\u2019appelle Ahidjo, \u00e2g\u00e9 d\u2019une trentaine d\u2019ann\u00e9es, domicili\u00e9 au quartier Bornou \u00e0 Bambari. Il est tr\u00e8s connu pour avoir fait le boulot de transporteur depuis plusieurs ann\u00e9es. Selon sa famille, Monsieur Ahidjo a \u00e9t\u00e9 arr\u00eat\u00e9 le vendredi 23 juillet par les mercenaires russes de Wagner et les soldats FACA dans la localit\u00e9 de Goya, situ\u00e9 \u00e0 45 kilom\u00e8tres de Ngakobo sur l\u2019axe Kouango. On lui a reproch\u00e9 d\u2019avoir livr\u00e9 de temps en temps des marchandises aux rebelles de l\u2019unit\u00e9 pour la paix en Centrafrique (UPC). Une accusation sans fondement et balay\u00e9e par ses parents qui pensent que Monsieur Ahidjo serait victime d\u2019une barbarie humaine.<\/p>\n<p>Transf\u00e9r\u00e9 de Goya \u00e0 Ngakobo, puis de Ngakobo \u00e0 Bambari. Monsieur Ahidjo a \u00e9t\u00e9 sauvagement tortur\u00e9 \u00e0 mort par les hommes de Wagner, assist\u00e9 des soldats FACA. Finalement, deux jours apr\u00e8s sa captivit\u00e9, les mercenaires russes ont appel\u00e9 la famille pour venir r\u00e9cup\u00e9rer sa d\u00e9pouille dans leur base de Bambari. Aussi, le camion six roues de la victime est introuvable \u00e0 l\u2019heure actuelle.<\/p>\n<p>Il y\u2019a lieu de rappeler que c\u2019est depuis plus de six ans que Monsieur Ahidjo, conducteur chez un transporteur, avait achet\u00e9 son propre camion et fait la navette entre Bambari et Ngakobo, puis Ngakobo Kouango.<\/p>\n<p><b>\u00a0<\/b><\/p>\n","protected":false},"excerpt":{"rendered":"<p>Africa-Press &#8211; CentrAfricaine.\u00a0 Ses parents ont pu r\u00e9cup\u00e9rer son corps sans vie le samedi 24 juillet dans la matin\u00e9e \u00e0 la base militaire de Wagner \u00e0 Bambari, chef-lieu de la pr\u00e9fecture de l\u2019Ouaka, au centre de la R\u00e9publique centrafricaine. La victime s\u2019appelle Ahidjo, \u00e2g\u00e9 d\u2019une trentaine d\u2019ann\u00e9es, domicili\u00e9 au quartier Bornou \u00e0 Bambari. Il est [&hellip;]<\/p>\n","protected":false},"author":82,"featured_media":9320,"comment_status":"open","ping_status":"closed","sticky":false,"template":"","format":"standard","meta":{"footnotes":""},"categories":[11,2,20,10],"tags":[36,58,30],"class_list":["post-9321","post","type-post","status-publish","format-standard","has-post-thumbnail","hentry","category-homepage-french","category-politique","category-top-nouvelles","category-toutes-les-actualites","tag-africa-press","tag-africa-press-centrafricaine","tag-centrafricaine"],"yoast_head":"<!-- This site is optimized with the Yoast SEO Premium plugin v26.1 (Yoast SEO v27.0) - https:\/\/yoast.com\/product\/yoast-seo-premium-wordpress\/ -->\n<title>un transporteur tu\u00e9 par les mercenaires de Wagner - centrafricaine<\/title>\n<meta name=\"description\" content=\"Bangui, R\u00e9publique centrafricaine, lundi, 26 juillet 2021, 03:15:39 ( Corbeaunews-Centrafrique ). Ses parents on ...\" \/>\n<meta name=\"robots\" content=\"index, follow, max-snippet:-1, max-image-preview:large, max-video-preview:-1\" \/>\n<link rel=\"canonical\" href=\"https:\/\/www.africa-press.net\/centrafricaine\/politique\/bambari-un-transporteur-tue-par-les-mercenaires-de-wagner\" \/>\n<meta property=\"og:locale\" content=\"fr_FR\" \/>\n<meta property=\"og:type\" content=\"article\" \/>\n<meta property=\"og:title\" content=\"un transporteur tu\u00e9 par les mercenaires de Wagner\" \/>\n<meta property=\"og:description\" content=\"Bangui, R\u00e9publique centrafricaine, lundi, 26 juillet 2021, 03:15:39 ( Corbeaunews-Centrafrique ). Ses parents on ...\" \/>\n<meta property=\"og:url\" content=\"https:\/\/www.africa-press.net\/centrafricaine\/politique\/bambari-un-transporteur-tue-par-les-mercenaires-de-wagner\" \/>\n<meta property=\"og:site_name\" content=\"centrafricaine\" \/>\n<meta property=\"article:published_time\" content=\"2021-07-26T12:51:11+00:00\" \/>\n<meta property=\"article:modified_time\" content=\"2021-07-26T17:38:34+00:00\" \/>\n<meta property=\"og:image\" content=\"https:\/\/static.africa-press.net\/centrafricaine\/sites\/45\/2021\/07\/img-60feaa8be23bc.jpg\" \/>\n\t<meta property=\"og:image:width\" content=\"720\" \/>\n\t<meta property=\"og:image:height\" content=\"696\" \/>\n\t<meta property=\"og:image:type\" content=\"image\/jpeg\" \/>\n<meta name=\"author\" content=\"cfeditorfr\" \/>\n<meta name=\"twitter:card\" content=\"summary_large_image\" \/>\n<meta name=\"twitter:label1\" content=\"\u00c9crit par\" \/>\n\t<meta name=\"twitter:data1\" content=\"cfeditorfr\" \/>\n\t<meta name=\"twitter:label2\" content=\"Dur\u00e9e de lecture estim\u00e9e\" \/>\n\t<meta name=\"twitter:data2\" content=\"2 minutes\" \/>\n<script type=\"application\/ld+json\" class=\"yoast-schema-graph\">{\"@context\":\"https:\/\/schema.org\",\"@graph\":[{\"@type\":\"Article\",\"@id\":\"https:\/\/www.africa-press.net\/centrafricaine\/politique\/bambari-un-transporteur-tue-par-les-mercenaires-de-wagner#article\",\"isPartOf\":{\"@id\":\"https:\/\/www.africa-press.net\/centrafricaine\/politique\/bambari-un-transporteur-tue-par-les-mercenaires-de-wagner\"},\"author\":{\"name\":\"cfeditorfr\",\"@id\":\"https:\/\/www.africa-press.net\/centrafricaine\/#\/schema\/person\/2b1cf3cd81a31e3cd26889ca66d677f1\"},\"headline\":\"un transporteur tu\u00e9 par les mercenaires de Wagner\",\"datePublished\":\"2021-07-26T12:51:11+00:00\",\"dateModified\":\"2021-07-26T17:38:34+00:00\",\"mainEntityOfPage\":{\"@id\":\"https:\/\/www.africa-press.net\/centrafricaine\/politique\/bambari-un-transporteur-tue-par-les-mercenaires-de-wagner\"},\"wordCount\":266,\"commentCount\":0,\"image\":{\"@id\":\"https:\/\/www.africa-press.net\/centrafricaine\/politique\/bambari-un-transporteur-tue-par-les-mercenaires-de-wagner#primaryimage\"},\"thumbnailUrl\":\"https:\/\/static.africa-press.net\/centrafricaine\/sites\/45\/2021\/07\/img-60feaa8be23bc.jpg\",\"keywords\":[\"Africa Press\",\"Africa Press-CentrAfricaine\",\"CentrAfricaine\"],\"articleSection\":[\"homepage-french\",\"Politique\",\"Top Nouvelles\",\"Toutes les actualit\u00e9s\"],\"inLanguage\":\"fr-FR\",\"potentialAction\":[{\"@type\":\"CommentAction\",\"name\":\"Comment\",\"target\":[\"https:\/\/www.africa-press.net\/centrafricaine\/politique\/bambari-un-transporteur-tue-par-les-mercenaires-de-wagner#respond\"]}]},{\"@type\":\"WebPage\",\"@id\":\"https:\/\/www.africa-press.net\/centrafricaine\/politique\/bambari-un-transporteur-tue-par-les-mercenaires-de-wagner\",\"url\":\"https:\/\/www.africa-press.net\/centrafricaine\/politique\/bambari-un-transporteur-tue-par-les-mercenaires-de-wagner\",\"name\":\"un transporteur tu\u00e9 par les mercenaires de Wagner - centrafricaine\",\"isPartOf\":{\"@id\":\"https:\/\/www.africa-press.net\/centrafricaine\/#website\"},\"primaryImageOfPage\":{\"@id\":\"https:\/\/www.africa-press.net\/centrafricaine\/politique\/bambari-un-transporteur-tue-par-les-mercenaires-de-wagner#primaryimage\"},\"image\":{\"@id\":\"https:\/\/www.africa-press.net\/centrafricaine\/politique\/bambari-un-transporteur-tue-par-les-mercenaires-de-wagner#primaryimage\"},\"thumbnailUrl\":\"https:\/\/static.africa-press.net\/centrafricaine\/sites\/45\/2021\/07\/img-60feaa8be23bc.jpg\",\"datePublished\":\"2021-07-26T12:51:11+00:00\",\"dateModified\":\"2021-07-26T17:38:34+00:00\",\"author\":{\"@id\":\"https:\/\/www.africa-press.net\/centrafricaine\/#\/schema\/person\/2b1cf3cd81a31e3cd26889ca66d677f1\"},\"description\":\"Bangui, R\u00e9publique centrafricaine, lundi, 26 juillet 2021, 03:15:39 ( Corbeaunews-Centrafrique ). Ses parents on ...\",\"breadcrumb\":{\"@id\":\"https:\/\/www.africa-press.net\/centrafricaine\/politique\/bambari-un-transporteur-tue-par-les-mercenaires-de-wagner#breadcrumb\"},\"inLanguage\":\"fr-FR\",\"potentialAction\":[{\"@type\":\"ReadAction\",\"target\":[\"https:\/\/www.africa-press.net\/centrafricaine\/politique\/bambari-un-transporteur-tue-par-les-mercenaires-de-wagner\"]}]},{\"@type\":\"ImageObject\",\"inLanguage\":\"fr-FR\",\"@id\":\"https:\/\/www.africa-press.net\/centrafricaine\/politique\/bambari-un-transporteur-tue-par-les-mercenaires-de-wagner#primaryimage\",\"url\":\"https:\/\/static.africa-press.net\/centrafricaine\/sites\/45\/2021\/07\/img-60feaa8be23bc.jpg\",\"contentUrl\":\"https:\/\/static.africa-press.net\/centrafricaine\/sites\/45\/2021\/07\/img-60feaa8be23bc.jpg\",\"width\":720,\"height\":696,\"caption\":\"Bambari, un transporteur tu\u00e9 par les mercenaires de Wagner\"},{\"@type\":\"BreadcrumbList\",\"@id\":\"https:\/\/www.africa-press.net\/centrafricaine\/politique\/bambari-un-transporteur-tue-par-les-mercenaires-de-wagner#breadcrumb\",\"itemListElement\":[{\"@type\":\"ListItem\",\"position\":1,\"name\":\"Accueil\",\"item\":\"https:\/\/www.africa-press.net\/centrafricaine\/\"},{\"@type\":\"ListItem\",\"position\":2,\"name\":\"un transporteur tu\u00e9 par les mercenaires de Wagner\"}]},{\"@type\":\"WebSite\",\"@id\":\"https:\/\/www.africa-press.net\/centrafricaine\/#website\",\"url\":\"https:\/\/www.africa-press.net\/centrafricaine\/\",\"name\":\"centrafricaine\",\"description\":\"Just another Africa News Agency Sites site\",\"potentialAction\":[{\"@type\":\"SearchAction\",\"target\":{\"@type\":\"EntryPoint\",\"urlTemplate\":\"https:\/\/www.africa-press.net\/centrafricaine\/?s={search_term_string}\"},\"query-input\":{\"@type\":\"PropertyValueSpecification\",\"valueRequired\":true,\"valueName\":\"search_term_string\"}}],\"inLanguage\":\"fr-FR\"},{\"@type\":\"Person\",\"@id\":\"https:\/\/www.africa-press.net\/centrafricaine\/#\/schema\/person\/2b1cf3cd81a31e3cd26889ca66d677f1\",\"name\":\"cfeditorfr\"}]}<\/script>\n<!-- \/ Yoast SEO Premium plugin. -->","yoast_head_json":{"title":"un transporteur tu\u00e9 par les mercenaires de Wagner - centrafricaine","description":"Bangui, R\u00e9publique centrafricaine, lundi, 26 juillet 2021, 03:15:39 ( Corbeaunews-Centrafrique ). Ses parents on ...","robots":{"index":"index","follow":"follow","max-snippet":"max-snippet:-1","max-image-preview":"max-image-preview:large","max-video-preview":"max-video-preview:-1"},"canonical":"https:\/\/www.africa-press.net\/centrafricaine\/politique\/bambari-un-transporteur-tue-par-les-mercenaires-de-wagner","og_locale":"fr_FR","og_type":"article","og_title":"un transporteur tu\u00e9 par les mercenaires de Wagner","og_description":"Bangui, R\u00e9publique centrafricaine, lundi, 26 juillet 2021, 03:15:39 ( Corbeaunews-Centrafrique ). Ses parents on ...","og_url":"https:\/\/www.africa-press.net\/centrafricaine\/politique\/bambari-un-transporteur-tue-par-les-mercenaires-de-wagner","og_site_name":"centrafricaine","article_published_time":"2021-07-26T12:51:11+00:00","article_modified_time":"2021-07-26T17:38:34+00:00","og_image":[{"width":720,"height":696,"url":"https:\/\/static.africa-press.net\/centrafricaine\/sites\/45\/2021\/07\/img-60feaa8be23bc.jpg","type":"image\/jpeg"}],"author":"cfeditorfr","twitter_card":"summary_large_image","twitter_misc":{"\u00c9crit par":"cfeditorfr","Dur\u00e9e de lecture estim\u00e9e":"2 minutes"},"schema":{"@context":"https:\/\/schema.org","@graph":[{"@type":"Article","@id":"https:\/\/www.africa-press.net\/centrafricaine\/politique\/bambari-un-transporteur-tue-par-les-mercenaires-de-wagner#article","isPartOf":{"@id":"https:\/\/www.africa-press.net\/centrafricaine\/politique\/bambari-un-transporteur-tue-par-les-mercenaires-de-wagner"},"author":{"name":"cfeditorfr","@id":"https:\/\/www.africa-press.net\/centrafricaine\/#\/schema\/person\/2b1cf3cd81a31e3cd26889ca66d677f1"},"headline":"un transporteur tu\u00e9 par les mercenaires de Wagner","datePublished":"2021-07-26T12:51:11+00:00","dateModified":"2021-07-26T17:38:34+00:00","mainEntityOfPage":{"@id":"https:\/\/www.africa-press.net\/centrafricaine\/politique\/bambari-un-transporteur-tue-par-les-mercenaires-de-wagner"},"wordCount":266,"commentCount":0,"image":{"@id":"https:\/\/www.africa-press.net\/centrafricaine\/politique\/bambari-un-transporteur-tue-par-les-mercenaires-de-wagner#primaryimage"},"thumbnailUrl":"https:\/\/static.africa-press.net\/centrafricaine\/sites\/45\/2021\/07\/img-60feaa8be23bc.jpg","keywords":["Africa Press","Africa Press-CentrAfricaine","CentrAfricaine"],"articleSection":["homepage-french","Politique","Top Nouvelles","Toutes les actualit\u00e9s"],"inLanguage":"fr-FR","potentialAction":[{"@type":"CommentAction","name":"Comment","target":["https:\/\/www.africa-press.net\/centrafricaine\/politique\/bambari-un-transporteur-tue-par-les-mercenaires-de-wagner#respond"]}]},{"@type":"WebPage","@id":"https:\/\/www.africa-press.net\/centrafricaine\/politique\/bambari-un-transporteur-tue-par-les-mercenaires-de-wagner","url":"https:\/\/www.africa-press.net\/centrafricaine\/politique\/bambari-un-transporteur-tue-par-les-mercenaires-de-wagner","name":"un transporteur tu\u00e9 par les mercenaires de Wagner - centrafricaine","isPartOf":{"@id":"https:\/\/www.africa-press.net\/centrafricaine\/#website"},"primaryImageOfPage":{"@id":"https:\/\/www.africa-press.net\/centrafricaine\/politique\/bambari-un-transporteur-tue-par-les-mercenaires-de-wagner#primaryimage"},"image":{"@id":"https:\/\/www.africa-press.net\/centrafricaine\/politique\/bambari-un-transporteur-tue-par-les-mercenaires-de-wagner#primaryimage"},"thumbnailUrl":"https:\/\/static.africa-press.net\/centrafricaine\/sites\/45\/2021\/07\/img-60feaa8be23bc.jpg","datePublished":"2021-07-26T12:51:11+00:00","dateModified":"2021-07-26T17:38:34+00:00","author":{"@id":"https:\/\/www.africa-press.net\/centrafricaine\/#\/schema\/person\/2b1cf3cd81a31e3cd26889ca66d677f1"},"description":"Bangui, R\u00e9publique centrafricaine, lundi, 26 juillet 2021, 03:15:39 ( Corbeaunews-Centrafrique ). Ses parents on ...","breadcrumb":{"@id":"https:\/\/www.africa-press.net\/centrafricaine\/politique\/bambari-un-transporteur-tue-par-les-mercenaires-de-wagner#breadcrumb"},"inLanguage":"fr-FR","potentialAction":[{"@type":"ReadAction","target":["https:\/\/www.africa-press.net\/centrafricaine\/politique\/bambari-un-transporteur-tue-par-les-mercenaires-de-wagner"]}]},{"@type":"ImageObject","inLanguage":"fr-FR","@id":"https:\/\/www.africa-press.net\/centrafricaine\/politique\/bambari-un-transporteur-tue-par-les-mercenaires-de-wagner#primaryimage","url":"https:\/\/static.africa-press.net\/centrafricaine\/sites\/45\/2021\/07\/img-60feaa8be23bc.jpg","contentUrl":"https:\/\/static.africa-press.net\/centrafricaine\/sites\/45\/2021\/07\/img-60feaa8be23bc.jpg","width":720,"height":696,"caption":"Bambari, un transporteur tu\u00e9 par les mercenaires de Wagner"},{"@type":"BreadcrumbList","@id":"https:\/\/www.africa-press.net\/centrafricaine\/politique\/bambari-un-transporteur-tue-par-les-mercenaires-de-wagner#breadcrumb","itemListElement":[{"@type":"ListItem","position":1,"name":"Accueil","item":"https:\/\/www.africa-press.net\/centrafricaine\/"},{"@type":"ListItem","position":2,"name":"un transporteur tu\u00e9 par les mercenaires de Wagner"}]},{"@type":"WebSite","@id":"https:\/\/www.africa-press.net\/centrafricaine\/#website","url":"https:\/\/www.africa-press.net\/centrafricaine\/","name":"centrafricaine","description":"Just another Africa News Agency Sites site","potentialAction":[{"@type":"SearchAction","target":{"@type":"EntryPoint","urlTemplate":"https:\/\/www.africa-press.net\/centrafricaine\/?s={search_term_string}"},"query-input":{"@type":"PropertyValueSpecification","valueRequired":true,"valueName":"search_term_string"}}],"inLanguage":"fr-FR"},{"@type":"Person","@id":"https:\/\/www.africa-press.net\/centrafricaine\/#\/schema\/person\/2b1cf3cd81a31e3cd26889ca66d677f1","name":"cfeditorfr"}]}},"_links":{"self":[{"href":"https:\/\/www.africa-press.net\/centrafricaine\/wp-json\/wp\/v2\/posts\/9321","targetHints":{"allow":["GET"]}}],"collection":[{"href":"https:\/\/www.africa-press.net\/centrafricaine\/wp-json\/wp\/v2\/posts"}],"about":[{"href":"https:\/\/www.africa-press.net\/centrafricaine\/wp-json\/wp\/v2\/types\/post"}],"author":[{"embeddable":true,"href":"https:\/\/www.africa-press.net\/centrafricaine\/wp-json\/wp\/v2\/users\/82"}],"replies":[{"embeddable":true,"href":"https:\/\/www.africa-press.net\/centrafricaine\/wp-json\/wp\/v2\/comments?post=9321"}],"version-history":[{"count":0,"href":"https:\/\/www.africa-press.net\/centrafricaine\/wp-json\/wp\/v2\/posts\/9321\/revisions"}],"wp:featuredmedia":[{"embeddable":true,"href":"https:\/\/www.africa-press.net\/centrafricaine\/wp-json\/wp\/v2\/media\/9320"}],"wp:attachment":[{"href":"https:\/\/www.africa-press.net\/centrafricaine\/wp-json\/wp\/v2\/media?parent=9321"}],"wp:term":[{"taxonomy":"category","embeddable":true,"href":"https:\/\/www.africa-press.net\/centrafricaine\/wp-json\/wp\/v2\/categories?post=9321"},{"taxonomy":"post_tag","embeddable":true,"href":"https:\/\/www.africa-press.net\/centrafricaine\/wp-json\/wp\/v2\/tags?post=9321"}],"curies":[{"name":"wp","href":"https:\/\/api.w.org\/{rel}","templated":true}]}}