{"id":9324,"date":"2021-07-26T13:01:50","date_gmt":"2021-07-26T13:01:50","guid":{"rendered":"https:\/\/www.africa-press.net\/centrafricaine\/?p=9324"},"modified":"2021-07-26T17:38:44","modified_gmt":"2021-07-26T17:38:44","slug":"massacre-de-bossangoa-le-bilan-seleve-a-19-morts","status":"publish","type":"post","link":"https:\/\/www.africa-press.net\/centrafricaine\/politique\/massacre-de-bossangoa-le-bilan-seleve-a-19-morts","title":{"rendered":"Massacre de Bossangoa, le bilan s\u2019\u00e9l\u00e8ve \u00e0 19 morts"},"content":{"rendered":"<p><span style=\"color: #ff6600\"><strong><a href=\"https:\/\/www.africa-press.net\/\">Africa-Press<\/a> &#8211; <a href=\"https:\/\/www.africa-press.net\/centrafricaine\">CentrAfricaine<\/a>.\u00a0 <\/strong><\/span>Toutes les victimes ont \u00e9t\u00e9 regroup\u00e9es et ex\u00e9cut\u00e9es, d\u2019autres ont pris la fuite, mais elles ont \u00e9t\u00e9 rattrap\u00e9es puis abattues par leurs bourreaux. Le bilan s\u2019\u00e9l\u00e8ve d\u2019abord \u00e0 12 morts, puis \u00e0 13, 14 enfin 19 morts.<\/p>\n<p>Le 21 juillet 2021, deux adolescents \u00e9taient venus alerter le bureau local de la Minusca et le pr\u00e9fet de l\u2019Ouham de la mort d\u2019une dizaine des personnes abattues \u00e0 bout portant par un groupe d\u2019hommes arm\u00e9s identifi\u00e9s formellement comme des mercenaires de Wagner et les soldats FACA \u00e0 12 kilom\u00e8tres de Bossangoa sur l\u2019axe Nana-Bakassa, plus pr\u00e9cis\u00e9ment au village Bongboto.<\/p>\n<p>Une patrouille de la Minusca, accompagn\u00e9e du bureau de droits de l\u2019homme de la Minusca et le pr\u00e9fet de l\u2019Ouham sont arriv\u00e9s sur le lieu du crime. Treize corps sans vie ont \u00e9t\u00e9 retrouv\u00e9s dans la foul\u00e9e et ramen\u00e9s \u00e0 Bossangoa. Le soir, les populations ont d\u00e9couvert encore 4 corps, puis deux corps ensuite. Cela fait en tout 19 corps retrouv\u00e9s sans vie, abattus \u00e0 bout portant par leurs criminels.<\/p>\n<p>Selon les principaux t\u00e9moins, les deux adolescents rescap\u00e9s ont \u00e9t\u00e9 sauv\u00e9s par un soldat FACA qui faisait partie du groupe des assaillants. Son p\u00e8re t\u00e9moigne et confirme les faits.<\/p>\n<p>Notons que le lendemain du massacre, le gouvernement pointe du doigt les rebelles de la coalition des patriotes pour le changement (CPC) d\u2019\u00eatre \u00e0 l\u2019origine de ce massacre. Tandis qu\u2019\u00e0 Bossangoa, des sources concordantes parlent des mercenaires de Wagner et les soldats FACA.<\/p>\n<p>La Minusca annonce l\u2019ouverture d\u2019une enqu\u00eate, de m\u00eame que l\u2019Assembl\u00e9e nationale.<\/p>\n<p>Plusieurs partis politiques ont condamn\u00e9 les faits. On parle du parti MLPC dirig\u00e9 par Martin Zigu\u00e9l\u00e9, le KNK, le MKMKS de l\u2019ancien ministre Bokassa, l\u2019UNDP de Michel Amine, la coalition de l\u2019opposition ainsi que la soci\u00e9t\u00e9 civile (GTSC).<\/p>\n<p><b>\u00a0<\/b><\/p>\n","protected":false},"excerpt":{"rendered":"<p>Africa-Press &#8211; CentrAfricaine.\u00a0 Toutes les victimes ont \u00e9t\u00e9 regroup\u00e9es et ex\u00e9cut\u00e9es, d\u2019autres ont pris la fuite, mais elles ont \u00e9t\u00e9 rattrap\u00e9es puis abattues par leurs bourreaux. Le bilan s\u2019\u00e9l\u00e8ve d\u2019abord \u00e0 12 morts, puis \u00e0 13, 14 enfin 19 morts. Le 21 juillet 2021, deux adolescents \u00e9taient venus alerter le bureau local de la Minusca [&hellip;]<\/p>\n","protected":false},"author":82,"featured_media":9323,"comment_status":"open","ping_status":"closed","sticky":false,"template":"","format":"standard","meta":{"footnotes":""},"categories":[11,2,20,10],"tags":[36,58,30],"class_list":["post-9324","post","type-post","status-publish","format-standard","has-post-thumbnail","hentry","category-homepage-french","category-politique","category-top-nouvelles","category-toutes-les-actualites","tag-africa-press","tag-africa-press-centrafricaine","tag-centrafricaine"],"yoast_head":"<!-- This site is optimized with the Yoast SEO Premium plugin v26.1 (Yoast SEO v27.0) - https:\/\/yoast.com\/product\/yoast-seo-premium-wordpress\/ -->\n<title>Massacre de Bossangoa, le bilan s\u2019\u00e9l\u00e8ve \u00e0 19 morts - centrafricaine<\/title>\n<meta name=\"description\" content=\"Bangui, R\u00e9publique centrafricaine, lundi, 26 juillet 2021, 03:39:30 ( Corbeaunews-Centrafrique ). Toutes les vic ...\" \/>\n<meta name=\"robots\" content=\"index, follow, max-snippet:-1, max-image-preview:large, max-video-preview:-1\" \/>\n<link rel=\"canonical\" href=\"https:\/\/www.africa-press.net\/centrafricaine\/politique\/massacre-de-bossangoa-le-bilan-seleve-a-19-morts\" \/>\n<meta property=\"og:locale\" content=\"fr_FR\" \/>\n<meta property=\"og:type\" content=\"article\" \/>\n<meta property=\"og:title\" content=\"Massacre de Bossangoa, le bilan s\u2019\u00e9l\u00e8ve \u00e0 19 morts\" \/>\n<meta property=\"og:description\" content=\"Bangui, R\u00e9publique centrafricaine, lundi, 26 juillet 2021, 03:39:30 ( Corbeaunews-Centrafrique ). Toutes les vic ...\" \/>\n<meta property=\"og:url\" content=\"https:\/\/www.africa-press.net\/centrafricaine\/politique\/massacre-de-bossangoa-le-bilan-seleve-a-19-morts\" \/>\n<meta property=\"og:site_name\" content=\"centrafricaine\" \/>\n<meta property=\"article:published_time\" content=\"2021-07-26T13:01:50+00:00\" \/>\n<meta property=\"article:modified_time\" content=\"2021-07-26T17:38:44+00:00\" \/>\n<meta property=\"og:image\" content=\"https:\/\/static.africa-press.net\/centrafricaine\/sites\/45\/2021\/07\/img-60feaab261768.jpg\" \/>\n\t<meta property=\"og:image:width\" content=\"720\" \/>\n\t<meta property=\"og:image:height\" content=\"426\" \/>\n\t<meta property=\"og:image:type\" content=\"image\/jpeg\" \/>\n<meta name=\"author\" content=\"cfeditorfr\" \/>\n<meta name=\"twitter:card\" content=\"summary_large_image\" \/>\n<meta name=\"twitter:label1\" content=\"\u00c9crit par\" \/>\n\t<meta name=\"twitter:data1\" content=\"cfeditorfr\" \/>\n\t<meta name=\"twitter:label2\" content=\"Dur\u00e9e de lecture estim\u00e9e\" \/>\n\t<meta name=\"twitter:data2\" content=\"2 minutes\" \/>\n<script type=\"application\/ld+json\" class=\"yoast-schema-graph\">{\"@context\":\"https:\/\/schema.org\",\"@graph\":[{\"@type\":\"Article\",\"@id\":\"https:\/\/www.africa-press.net\/centrafricaine\/politique\/massacre-de-bossangoa-le-bilan-seleve-a-19-morts#article\",\"isPartOf\":{\"@id\":\"https:\/\/www.africa-press.net\/centrafricaine\/politique\/massacre-de-bossangoa-le-bilan-seleve-a-19-morts\"},\"author\":{\"name\":\"cfeditorfr\",\"@id\":\"https:\/\/www.africa-press.net\/centrafricaine\/#\/schema\/person\/2b1cf3cd81a31e3cd26889ca66d677f1\"},\"headline\":\"Massacre de Bossangoa, le bilan s\u2019\u00e9l\u00e8ve \u00e0 19 morts\",\"datePublished\":\"2021-07-26T13:01:50+00:00\",\"dateModified\":\"2021-07-26T17:38:44+00:00\",\"mainEntityOfPage\":{\"@id\":\"https:\/\/www.africa-press.net\/centrafricaine\/politique\/massacre-de-bossangoa-le-bilan-seleve-a-19-morts\"},\"wordCount\":330,\"commentCount\":0,\"image\":{\"@id\":\"https:\/\/www.africa-press.net\/centrafricaine\/politique\/massacre-de-bossangoa-le-bilan-seleve-a-19-morts#primaryimage\"},\"thumbnailUrl\":\"https:\/\/static.africa-press.net\/centrafricaine\/sites\/45\/2021\/07\/img-60feaab261768.jpg\",\"keywords\":[\"Africa Press\",\"Africa Press-CentrAfricaine\",\"CentrAfricaine\"],\"articleSection\":[\"homepage-french\",\"Politique\",\"Top Nouvelles\",\"Toutes les actualit\u00e9s\"],\"inLanguage\":\"fr-FR\",\"potentialAction\":[{\"@type\":\"CommentAction\",\"name\":\"Comment\",\"target\":[\"https:\/\/www.africa-press.net\/centrafricaine\/politique\/massacre-de-bossangoa-le-bilan-seleve-a-19-morts#respond\"]}]},{\"@type\":\"WebPage\",\"@id\":\"https:\/\/www.africa-press.net\/centrafricaine\/politique\/massacre-de-bossangoa-le-bilan-seleve-a-19-morts\",\"url\":\"https:\/\/www.africa-press.net\/centrafricaine\/politique\/massacre-de-bossangoa-le-bilan-seleve-a-19-morts\",\"name\":\"Massacre de Bossangoa, le bilan s\u2019\u00e9l\u00e8ve \u00e0 19 morts - centrafricaine\",\"isPartOf\":{\"@id\":\"https:\/\/www.africa-press.net\/centrafricaine\/#website\"},\"primaryImageOfPage\":{\"@id\":\"https:\/\/www.africa-press.net\/centrafricaine\/politique\/massacre-de-bossangoa-le-bilan-seleve-a-19-morts#primaryimage\"},\"image\":{\"@id\":\"https:\/\/www.africa-press.net\/centrafricaine\/politique\/massacre-de-bossangoa-le-bilan-seleve-a-19-morts#primaryimage\"},\"thumbnailUrl\":\"https:\/\/static.africa-press.net\/centrafricaine\/sites\/45\/2021\/07\/img-60feaab261768.jpg\",\"datePublished\":\"2021-07-26T13:01:50+00:00\",\"dateModified\":\"2021-07-26T17:38:44+00:00\",\"author\":{\"@id\":\"https:\/\/www.africa-press.net\/centrafricaine\/#\/schema\/person\/2b1cf3cd81a31e3cd26889ca66d677f1\"},\"description\":\"Bangui, R\u00e9publique centrafricaine, lundi, 26 juillet 2021, 03:39:30 ( Corbeaunews-Centrafrique ). Toutes les vic ...\",\"breadcrumb\":{\"@id\":\"https:\/\/www.africa-press.net\/centrafricaine\/politique\/massacre-de-bossangoa-le-bilan-seleve-a-19-morts#breadcrumb\"},\"inLanguage\":\"fr-FR\",\"potentialAction\":[{\"@type\":\"ReadAction\",\"target\":[\"https:\/\/www.africa-press.net\/centrafricaine\/politique\/massacre-de-bossangoa-le-bilan-seleve-a-19-morts\"]}]},{\"@type\":\"ImageObject\",\"inLanguage\":\"fr-FR\",\"@id\":\"https:\/\/www.africa-press.net\/centrafricaine\/politique\/massacre-de-bossangoa-le-bilan-seleve-a-19-morts#primaryimage\",\"url\":\"https:\/\/static.africa-press.net\/centrafricaine\/sites\/45\/2021\/07\/img-60feaab261768.jpg\",\"contentUrl\":\"https:\/\/static.africa-press.net\/centrafricaine\/sites\/45\/2021\/07\/img-60feaab261768.jpg\",\"width\":720,\"height\":426,\"caption\":\"Massacre de Bossangoa, le bilan s\u2019\u00e9l\u00e8ve \u00e0 19 morts\"},{\"@type\":\"BreadcrumbList\",\"@id\":\"https:\/\/www.africa-press.net\/centrafricaine\/politique\/massacre-de-bossangoa-le-bilan-seleve-a-19-morts#breadcrumb\",\"itemListElement\":[{\"@type\":\"ListItem\",\"position\":1,\"name\":\"Accueil\",\"item\":\"https:\/\/www.africa-press.net\/centrafricaine\/\"},{\"@type\":\"ListItem\",\"position\":2,\"name\":\"Massacre de Bossangoa, le bilan s\u2019\u00e9l\u00e8ve \u00e0 19 morts\"}]},{\"@type\":\"WebSite\",\"@id\":\"https:\/\/www.africa-press.net\/centrafricaine\/#website\",\"url\":\"https:\/\/www.africa-press.net\/centrafricaine\/\",\"name\":\"centrafricaine\",\"description\":\"Just another Africa News Agency Sites site\",\"potentialAction\":[{\"@type\":\"SearchAction\",\"target\":{\"@type\":\"EntryPoint\",\"urlTemplate\":\"https:\/\/www.africa-press.net\/centrafricaine\/?s={search_term_string}\"},\"query-input\":{\"@type\":\"PropertyValueSpecification\",\"valueRequired\":true,\"valueName\":\"search_term_string\"}}],\"inLanguage\":\"fr-FR\"},{\"@type\":\"Person\",\"@id\":\"https:\/\/www.africa-press.net\/centrafricaine\/#\/schema\/person\/2b1cf3cd81a31e3cd26889ca66d677f1\",\"name\":\"cfeditorfr\"}]}<\/script>\n<!-- \/ Yoast SEO Premium plugin. -->","yoast_head_json":{"title":"Massacre de Bossangoa, le bilan s\u2019\u00e9l\u00e8ve \u00e0 19 morts - centrafricaine","description":"Bangui, R\u00e9publique centrafricaine, lundi, 26 juillet 2021, 03:39:30 ( Corbeaunews-Centrafrique ). Toutes les vic ...","robots":{"index":"index","follow":"follow","max-snippet":"max-snippet:-1","max-image-preview":"max-image-preview:large","max-video-preview":"max-video-preview:-1"},"canonical":"https:\/\/www.africa-press.net\/centrafricaine\/politique\/massacre-de-bossangoa-le-bilan-seleve-a-19-morts","og_locale":"fr_FR","og_type":"article","og_title":"Massacre de Bossangoa, le bilan s\u2019\u00e9l\u00e8ve \u00e0 19 morts","og_description":"Bangui, R\u00e9publique centrafricaine, lundi, 26 juillet 2021, 03:39:30 ( Corbeaunews-Centrafrique ). Toutes les vic ...","og_url":"https:\/\/www.africa-press.net\/centrafricaine\/politique\/massacre-de-bossangoa-le-bilan-seleve-a-19-morts","og_site_name":"centrafricaine","article_published_time":"2021-07-26T13:01:50+00:00","article_modified_time":"2021-07-26T17:38:44+00:00","og_image":[{"width":720,"height":426,"url":"https:\/\/static.africa-press.net\/centrafricaine\/sites\/45\/2021\/07\/img-60feaab261768.jpg","type":"image\/jpeg"}],"author":"cfeditorfr","twitter_card":"summary_large_image","twitter_misc":{"\u00c9crit par":"cfeditorfr","Dur\u00e9e de lecture estim\u00e9e":"2 minutes"},"schema":{"@context":"https:\/\/schema.org","@graph":[{"@type":"Article","@id":"https:\/\/www.africa-press.net\/centrafricaine\/politique\/massacre-de-bossangoa-le-bilan-seleve-a-19-morts#article","isPartOf":{"@id":"https:\/\/www.africa-press.net\/centrafricaine\/politique\/massacre-de-bossangoa-le-bilan-seleve-a-19-morts"},"author":{"name":"cfeditorfr","@id":"https:\/\/www.africa-press.net\/centrafricaine\/#\/schema\/person\/2b1cf3cd81a31e3cd26889ca66d677f1"},"headline":"Massacre de Bossangoa, le bilan s\u2019\u00e9l\u00e8ve \u00e0 19 morts","datePublished":"2021-07-26T13:01:50+00:00","dateModified":"2021-07-26T17:38:44+00:00","mainEntityOfPage":{"@id":"https:\/\/www.africa-press.net\/centrafricaine\/politique\/massacre-de-bossangoa-le-bilan-seleve-a-19-morts"},"wordCount":330,"commentCount":0,"image":{"@id":"https:\/\/www.africa-press.net\/centrafricaine\/politique\/massacre-de-bossangoa-le-bilan-seleve-a-19-morts#primaryimage"},"thumbnailUrl":"https:\/\/static.africa-press.net\/centrafricaine\/sites\/45\/2021\/07\/img-60feaab261768.jpg","keywords":["Africa Press","Africa Press-CentrAfricaine","CentrAfricaine"],"articleSection":["homepage-french","Politique","Top Nouvelles","Toutes les actualit\u00e9s"],"inLanguage":"fr-FR","potentialAction":[{"@type":"CommentAction","name":"Comment","target":["https:\/\/www.africa-press.net\/centrafricaine\/politique\/massacre-de-bossangoa-le-bilan-seleve-a-19-morts#respond"]}]},{"@type":"WebPage","@id":"https:\/\/www.africa-press.net\/centrafricaine\/politique\/massacre-de-bossangoa-le-bilan-seleve-a-19-morts","url":"https:\/\/www.africa-press.net\/centrafricaine\/politique\/massacre-de-bossangoa-le-bilan-seleve-a-19-morts","name":"Massacre de Bossangoa, le bilan s\u2019\u00e9l\u00e8ve \u00e0 19 morts - centrafricaine","isPartOf":{"@id":"https:\/\/www.africa-press.net\/centrafricaine\/#website"},"primaryImageOfPage":{"@id":"https:\/\/www.africa-press.net\/centrafricaine\/politique\/massacre-de-bossangoa-le-bilan-seleve-a-19-morts#primaryimage"},"image":{"@id":"https:\/\/www.africa-press.net\/centrafricaine\/politique\/massacre-de-bossangoa-le-bilan-seleve-a-19-morts#primaryimage"},"thumbnailUrl":"https:\/\/static.africa-press.net\/centrafricaine\/sites\/45\/2021\/07\/img-60feaab261768.jpg","datePublished":"2021-07-26T13:01:50+00:00","dateModified":"2021-07-26T17:38:44+00:00","author":{"@id":"https:\/\/www.africa-press.net\/centrafricaine\/#\/schema\/person\/2b1cf3cd81a31e3cd26889ca66d677f1"},"description":"Bangui, R\u00e9publique centrafricaine, lundi, 26 juillet 2021, 03:39:30 ( Corbeaunews-Centrafrique ). Toutes les vic ...","breadcrumb":{"@id":"https:\/\/www.africa-press.net\/centrafricaine\/politique\/massacre-de-bossangoa-le-bilan-seleve-a-19-morts#breadcrumb"},"inLanguage":"fr-FR","potentialAction":[{"@type":"ReadAction","target":["https:\/\/www.africa-press.net\/centrafricaine\/politique\/massacre-de-bossangoa-le-bilan-seleve-a-19-morts"]}]},{"@type":"ImageObject","inLanguage":"fr-FR","@id":"https:\/\/www.africa-press.net\/centrafricaine\/politique\/massacre-de-bossangoa-le-bilan-seleve-a-19-morts#primaryimage","url":"https:\/\/static.africa-press.net\/centrafricaine\/sites\/45\/2021\/07\/img-60feaab261768.jpg","contentUrl":"https:\/\/static.africa-press.net\/centrafricaine\/sites\/45\/2021\/07\/img-60feaab261768.jpg","width":720,"height":426,"caption":"Massacre de Bossangoa, le bilan s\u2019\u00e9l\u00e8ve \u00e0 19 morts"},{"@type":"BreadcrumbList","@id":"https:\/\/www.africa-press.net\/centrafricaine\/politique\/massacre-de-bossangoa-le-bilan-seleve-a-19-morts#breadcrumb","itemListElement":[{"@type":"ListItem","position":1,"name":"Accueil","item":"https:\/\/www.africa-press.net\/centrafricaine\/"},{"@type":"ListItem","position":2,"name":"Massacre de Bossangoa, le bilan s\u2019\u00e9l\u00e8ve \u00e0 19 morts"}]},{"@type":"WebSite","@id":"https:\/\/www.africa-press.net\/centrafricaine\/#website","url":"https:\/\/www.africa-press.net\/centrafricaine\/","name":"centrafricaine","description":"Just another Africa News Agency Sites site","potentialAction":[{"@type":"SearchAction","target":{"@type":"EntryPoint","urlTemplate":"https:\/\/www.africa-press.net\/centrafricaine\/?s={search_term_string}"},"query-input":{"@type":"PropertyValueSpecification","valueRequired":true,"valueName":"search_term_string"}}],"inLanguage":"fr-FR"},{"@type":"Person","@id":"https:\/\/www.africa-press.net\/centrafricaine\/#\/schema\/person\/2b1cf3cd81a31e3cd26889ca66d677f1","name":"cfeditorfr"}]}},"_links":{"self":[{"href":"https:\/\/www.africa-press.net\/centrafricaine\/wp-json\/wp\/v2\/posts\/9324","targetHints":{"allow":["GET"]}}],"collection":[{"href":"https:\/\/www.africa-press.net\/centrafricaine\/wp-json\/wp\/v2\/posts"}],"about":[{"href":"https:\/\/www.africa-press.net\/centrafricaine\/wp-json\/wp\/v2\/types\/post"}],"author":[{"embeddable":true,"href":"https:\/\/www.africa-press.net\/centrafricaine\/wp-json\/wp\/v2\/users\/82"}],"replies":[{"embeddable":true,"href":"https:\/\/www.africa-press.net\/centrafricaine\/wp-json\/wp\/v2\/comments?post=9324"}],"version-history":[{"count":0,"href":"https:\/\/www.africa-press.net\/centrafricaine\/wp-json\/wp\/v2\/posts\/9324\/revisions"}],"wp:featuredmedia":[{"embeddable":true,"href":"https:\/\/www.africa-press.net\/centrafricaine\/wp-json\/wp\/v2\/media\/9323"}],"wp:attachment":[{"href":"https:\/\/www.africa-press.net\/centrafricaine\/wp-json\/wp\/v2\/media?parent=9324"}],"wp:term":[{"taxonomy":"category","embeddable":true,"href":"https:\/\/www.africa-press.net\/centrafricaine\/wp-json\/wp\/v2\/categories?post=9324"},{"taxonomy":"post_tag","embeddable":true,"href":"https:\/\/www.africa-press.net\/centrafricaine\/wp-json\/wp\/v2\/tags?post=9324"}],"curies":[{"name":"wp","href":"https:\/\/api.w.org\/{rel}","templated":true}]}}