{"id":9330,"date":"2021-07-26T13:16:56","date_gmt":"2021-07-26T13:16:56","guid":{"rendered":"https:\/\/www.africa-press.net\/centrafricaine\/?p=9330"},"modified":"2021-07-26T17:38:59","modified_gmt":"2021-07-26T17:38:59","slug":"orange-centrafrique-le-personnel-menace-dentrer-en-greve-generale-pour-demander-le-depart-du-directeur-general","status":"publish","type":"post","link":"https:\/\/www.africa-press.net\/centrafricaine\/toutes-les-actualites\/orange-centrafrique-le-personnel-menace-dentrer-en-greve-generale-pour-demander-le-depart-du-directeur-general","title":{"rendered":"Orange Centrafrique, le personnel menace d\u2019entrer en gr\u00e8ve g\u00e9n\u00e9rale pour demander le d\u00e9part du Directeur g\u00e9n\u00e9ral"},"content":{"rendered":"<p><span style=\"color: #ff6600\"><strong><a href=\"https:\/\/www.africa-press.net\/\">Africa-Press<\/a> &#8211; <a href=\"https:\/\/www.africa-press.net\/centrafricaine\">CentrAfricaine<\/a>.\u00a0 <\/strong><\/span>Depuis quelques jours, les employ\u00e9s de la soci\u00e9t\u00e9 Orange en Centrafrique lancent un ultimatum de 8 jours \u00e0 leur Directeur g\u00e9n\u00e9ral pour exiger le d\u00e9part imm\u00e9diat et sans condition de la cheffe d\u2019Agence PK0, suspect\u00e9e d\u2019\u00eatre \u00e0 l\u2019origine du licenciement \u00ab abusif \u00bb de son adjointe, Madame Sikossi Vonto Paulette. Faute de quoi, tout le personnel prendra ses responsabilit\u00e9s pour exiger le d\u00e9part du DG pour \u00ab violation de l\u2019\u00e9thique et d\u00e9ontologique du Groupe Orange et son mode de management dictatorial \u00bb. Une fois de plus, orange Centrafrique est secou\u00e9, et les perspectives vont tr\u00e8s mal.<\/p>\n<p>Selon certains employ\u00e9s interrog\u00e9s par la R\u00e9daction, \u00e0 l\u2019origine, c\u2019est une divergence entre la cheffe d\u2019agence du PK0, Madame Ngoundjou Aurore et son adjointe, Madame Sikossi Vonto Paulette, sur un l\u00e9ger \u00e9cart de stock restant des t\u00e9l\u00e9phones. Mais ce probl\u00e8me, qui devrait faire l\u2019objet d\u2019un r\u00e8glement professionnel entre la cheffe d\u2019agence et son adjointe, va tourner \u00e0 un licenciement \u00ab abusif \u00bb.<\/p>\n<p>Mais ce qui est plus choquant pour les employ\u00e9s, c\u2019est le recrutement rapide d\u2019une nouvelle cheffe adjointe, une camerounaise, sur la base du copinage. En plus, la cheffe d\u2019agence du PK0 est aussi recrut\u00e9e sur la base des conditions douteuses, et serait la copine directe de l\u2019ami du directeur g\u00e9n\u00e9ral. Ce qui la pousse \u00e0 se glorifier tout le long de la journ\u00e9e, et pourrir l\u2019ambiance \u00e0 tout le monde au niveau de l\u2019Agence \u00e0 PK0.<\/p>\n<p>Le vendredi 23 juillet dernier, suite \u00e0 une r\u00e9union des d\u00e9l\u00e9gu\u00e9s du personnel relative \u00e0 un certain nombre de dysfonctionnements au sein de la soci\u00e9t\u00e9 orange Centrafrique, une r\u00e9clamation des d\u00e9l\u00e9gu\u00e9s du personnel a \u00e9t\u00e9 adress\u00e9e au directeur g\u00e9n\u00e9ral pour d\u00e9plorer d\u2019une part le licenciement abusif de la cheffe adjointe de l\u2019agence PK0, et d\u2019autre part le recrutement de la cheffe d\u2019agence PK0 sur la base du copinage.<\/p>\n<p><b>\u00ab Nous vous rappelons que ces pratiques sont ill\u00e9gales et contraires \u00e0 l\u2019\u00c9thique et \u00e0 la d\u00e9ontologie de la charte du Groupe Orange. Par cons\u00e9quent, nous demandons le d\u00e9part imm\u00e9diat de la cheffe d\u2019Agence PK0. Dans le cas contraire si un acte concret n\u2019est fait, nous envisagerons qu\u2019un pr\u00e9avis de gr\u00e8ve sera d\u00e9pos\u00e9 dans un d\u00e9lai de huit (8) jours pour demander le d\u00e9part du Directeur g\u00e9n\u00e9ral pour sa violation de l\u2019\u00e9thique et d\u00e9ontologique du Groupe Orange et son mode de management dictatorial \u00bb<\/b><\/p>\n<p>, peut-on lire dans la lettre de r\u00e9clamation des d\u00e9l\u00e9gu\u00e9s du personnel d\u2019Orange Centrafrique.<\/p>\n<p>Rappelons qu\u2019il y\u2019a quelques mois, nous avions publier une enqu\u00eate exclusive sur les harc\u00e8lements sexuels et moral au sein de la soci\u00e9t\u00e9 Orange Centrafrique, mais le directeur g\u00e9n\u00e9ral, en col\u00e8re, mena\u00e7ait le personnel en disant honteusement qu\u2019il pourrait d\u00e9sormais pirater leurs comptes des r\u00e9seaux sociaux affin de voir qui envoie discr\u00e8tement des messages \u00e0 CNC.<\/p>\n<p><b>\u00a0<\/b><\/p>\n","protected":false},"excerpt":{"rendered":"<p>Africa-Press &#8211; CentrAfricaine.\u00a0 Depuis quelques jours, les employ\u00e9s de la soci\u00e9t\u00e9 Orange en Centrafrique lancent un ultimatum de 8 jours \u00e0 leur Directeur g\u00e9n\u00e9ral pour exiger le d\u00e9part imm\u00e9diat et sans condition de la cheffe d\u2019Agence PK0, suspect\u00e9e d\u2019\u00eatre \u00e0 l\u2019origine du licenciement \u00ab abusif \u00bb de son adjointe, Madame Sikossi Vonto Paulette. Faute de [&hellip;]<\/p>\n","protected":false},"author":82,"featured_media":9329,"comment_status":"open","ping_status":"closed","sticky":false,"template":"","format":"standard","meta":{"footnotes":""},"categories":[21,11,20,10],"tags":[36,58,30],"class_list":["post-9330","post","type-post","status-publish","format-standard","has-post-thumbnail","hentry","category-communaute","category-homepage-french","category-top-nouvelles","category-toutes-les-actualites","tag-africa-press","tag-africa-press-centrafricaine","tag-centrafricaine"],"yoast_head":"<!-- This site is optimized with the Yoast SEO Premium plugin v26.1 (Yoast SEO v27.0) - https:\/\/yoast.com\/product\/yoast-seo-premium-wordpress\/ -->\n<title>Orange Centrafrique, le personnel menace d\u2019entrer en gr\u00e8ve g\u00e9n\u00e9rale pour demander le d\u00e9part du Directeur g\u00e9n\u00e9ral - centrafricaine<\/title>\n<meta name=\"description\" content=\"Bangui, R\u00e9publique centrafricaine, lundi, 26 juillet 2021, 03:41:34 ( Corbeaunews-Centrafrique ). Depuis quelque ...\" \/>\n<meta name=\"robots\" content=\"index, follow, max-snippet:-1, max-image-preview:large, max-video-preview:-1\" \/>\n<link rel=\"canonical\" href=\"https:\/\/www.africa-press.net\/centrafricaine\/toutes-les-actualites\/orange-centrafrique-le-personnel-menace-dentrer-en-greve-generale-pour-demander-le-depart-du-directeur-general\" \/>\n<meta property=\"og:locale\" content=\"fr_FR\" \/>\n<meta property=\"og:type\" content=\"article\" \/>\n<meta property=\"og:title\" content=\"Orange Centrafrique, le personnel menace d\u2019entrer en gr\u00e8ve g\u00e9n\u00e9rale pour demander le d\u00e9part du Directeur g\u00e9n\u00e9ral\" \/>\n<meta property=\"og:description\" content=\"Bangui, R\u00e9publique centrafricaine, lundi, 26 juillet 2021, 03:41:34 ( Corbeaunews-Centrafrique ). Depuis quelque ...\" \/>\n<meta property=\"og:url\" content=\"https:\/\/www.africa-press.net\/centrafricaine\/toutes-les-actualites\/orange-centrafrique-le-personnel-menace-dentrer-en-greve-generale-pour-demander-le-depart-du-directeur-general\" \/>\n<meta property=\"og:site_name\" content=\"centrafricaine\" \/>\n<meta property=\"article:published_time\" content=\"2021-07-26T13:16:56+00:00\" \/>\n<meta property=\"article:modified_time\" content=\"2021-07-26T17:38:59+00:00\" \/>\n<meta property=\"og:image\" content=\"https:\/\/static.africa-press.net\/centrafricaine\/sites\/45\/2021\/07\/img-60feaaf5303e5.jpg\" \/>\n\t<meta property=\"og:image:width\" content=\"750\" \/>\n\t<meta property=\"og:image:height\" content=\"327\" \/>\n\t<meta property=\"og:image:type\" content=\"image\/jpeg\" \/>\n<meta name=\"author\" content=\"cfeditorfr\" \/>\n<meta name=\"twitter:card\" content=\"summary_large_image\" \/>\n<meta name=\"twitter:label1\" content=\"\u00c9crit par\" \/>\n\t<meta name=\"twitter:data1\" content=\"cfeditorfr\" \/>\n\t<meta name=\"twitter:label2\" content=\"Dur\u00e9e de lecture estim\u00e9e\" \/>\n\t<meta name=\"twitter:data2\" content=\"2 minutes\" \/>\n<script type=\"application\/ld+json\" class=\"yoast-schema-graph\">{\"@context\":\"https:\/\/schema.org\",\"@graph\":[{\"@type\":\"Article\",\"@id\":\"https:\/\/www.africa-press.net\/centrafricaine\/toutes-les-actualites\/orange-centrafrique-le-personnel-menace-dentrer-en-greve-generale-pour-demander-le-depart-du-directeur-general#article\",\"isPartOf\":{\"@id\":\"https:\/\/www.africa-press.net\/centrafricaine\/toutes-les-actualites\/orange-centrafrique-le-personnel-menace-dentrer-en-greve-generale-pour-demander-le-depart-du-directeur-general\"},\"author\":{\"name\":\"cfeditorfr\",\"@id\":\"https:\/\/www.africa-press.net\/centrafricaine\/#\/schema\/person\/2b1cf3cd81a31e3cd26889ca66d677f1\"},\"headline\":\"Orange Centrafrique, le personnel menace d\u2019entrer en gr\u00e8ve g\u00e9n\u00e9rale pour demander le d\u00e9part du Directeur g\u00e9n\u00e9ral\",\"datePublished\":\"2021-07-26T13:16:56+00:00\",\"dateModified\":\"2021-07-26T17:38:59+00:00\",\"mainEntityOfPage\":{\"@id\":\"https:\/\/www.africa-press.net\/centrafricaine\/toutes-les-actualites\/orange-centrafrique-le-personnel-menace-dentrer-en-greve-generale-pour-demander-le-depart-du-directeur-general\"},\"wordCount\":550,\"commentCount\":0,\"image\":{\"@id\":\"https:\/\/www.africa-press.net\/centrafricaine\/toutes-les-actualites\/orange-centrafrique-le-personnel-menace-dentrer-en-greve-generale-pour-demander-le-depart-du-directeur-general#primaryimage\"},\"thumbnailUrl\":\"https:\/\/static.africa-press.net\/centrafricaine\/sites\/45\/2021\/07\/img-60feaaf5303e5.jpg\",\"keywords\":[\"Africa Press\",\"Africa Press-CentrAfricaine\",\"CentrAfricaine\"],\"articleSection\":[\"Communaut\u00e9\",\"homepage-french\",\"Top Nouvelles\",\"Toutes les actualit\u00e9s\"],\"inLanguage\":\"fr-FR\",\"potentialAction\":[{\"@type\":\"CommentAction\",\"name\":\"Comment\",\"target\":[\"https:\/\/www.africa-press.net\/centrafricaine\/toutes-les-actualites\/orange-centrafrique-le-personnel-menace-dentrer-en-greve-generale-pour-demander-le-depart-du-directeur-general#respond\"]}]},{\"@type\":\"WebPage\",\"@id\":\"https:\/\/www.africa-press.net\/centrafricaine\/toutes-les-actualites\/orange-centrafrique-le-personnel-menace-dentrer-en-greve-generale-pour-demander-le-depart-du-directeur-general\",\"url\":\"https:\/\/www.africa-press.net\/centrafricaine\/toutes-les-actualites\/orange-centrafrique-le-personnel-menace-dentrer-en-greve-generale-pour-demander-le-depart-du-directeur-general\",\"name\":\"Orange Centrafrique, le personnel menace d\u2019entrer en gr\u00e8ve g\u00e9n\u00e9rale pour demander le d\u00e9part du Directeur g\u00e9n\u00e9ral - centrafricaine\",\"isPartOf\":{\"@id\":\"https:\/\/www.africa-press.net\/centrafricaine\/#website\"},\"primaryImageOfPage\":{\"@id\":\"https:\/\/www.africa-press.net\/centrafricaine\/toutes-les-actualites\/orange-centrafrique-le-personnel-menace-dentrer-en-greve-generale-pour-demander-le-depart-du-directeur-general#primaryimage\"},\"image\":{\"@id\":\"https:\/\/www.africa-press.net\/centrafricaine\/toutes-les-actualites\/orange-centrafrique-le-personnel-menace-dentrer-en-greve-generale-pour-demander-le-depart-du-directeur-general#primaryimage\"},\"thumbnailUrl\":\"https:\/\/static.africa-press.net\/centrafricaine\/sites\/45\/2021\/07\/img-60feaaf5303e5.jpg\",\"datePublished\":\"2021-07-26T13:16:56+00:00\",\"dateModified\":\"2021-07-26T17:38:59+00:00\",\"author\":{\"@id\":\"https:\/\/www.africa-press.net\/centrafricaine\/#\/schema\/person\/2b1cf3cd81a31e3cd26889ca66d677f1\"},\"description\":\"Bangui, R\u00e9publique centrafricaine, lundi, 26 juillet 2021, 03:41:34 ( Corbeaunews-Centrafrique ). Depuis quelque ...\",\"breadcrumb\":{\"@id\":\"https:\/\/www.africa-press.net\/centrafricaine\/toutes-les-actualites\/orange-centrafrique-le-personnel-menace-dentrer-en-greve-generale-pour-demander-le-depart-du-directeur-general#breadcrumb\"},\"inLanguage\":\"fr-FR\",\"potentialAction\":[{\"@type\":\"ReadAction\",\"target\":[\"https:\/\/www.africa-press.net\/centrafricaine\/toutes-les-actualites\/orange-centrafrique-le-personnel-menace-dentrer-en-greve-generale-pour-demander-le-depart-du-directeur-general\"]}]},{\"@type\":\"ImageObject\",\"inLanguage\":\"fr-FR\",\"@id\":\"https:\/\/www.africa-press.net\/centrafricaine\/toutes-les-actualites\/orange-centrafrique-le-personnel-menace-dentrer-en-greve-generale-pour-demander-le-depart-du-directeur-general#primaryimage\",\"url\":\"https:\/\/static.africa-press.net\/centrafricaine\/sites\/45\/2021\/07\/img-60feaaf5303e5.jpg\",\"contentUrl\":\"https:\/\/static.africa-press.net\/centrafricaine\/sites\/45\/2021\/07\/img-60feaaf5303e5.jpg\",\"width\":750,\"height\":327,\"caption\":\"Orange Centrafrique, le personnel menace d\u2019entrer en gr\u00e8ve g\u00e9n\u00e9rale pour demander le d\u00e9part du Directeur g\u00e9n\u00e9ral\"},{\"@type\":\"BreadcrumbList\",\"@id\":\"https:\/\/www.africa-press.net\/centrafricaine\/toutes-les-actualites\/orange-centrafrique-le-personnel-menace-dentrer-en-greve-generale-pour-demander-le-depart-du-directeur-general#breadcrumb\",\"itemListElement\":[{\"@type\":\"ListItem\",\"position\":1,\"name\":\"Accueil\",\"item\":\"https:\/\/www.africa-press.net\/centrafricaine\/\"},{\"@type\":\"ListItem\",\"position\":2,\"name\":\"Orange Centrafrique, le personnel menace d\u2019entrer en gr\u00e8ve g\u00e9n\u00e9rale pour demander le d\u00e9part du Directeur g\u00e9n\u00e9ral\"}]},{\"@type\":\"WebSite\",\"@id\":\"https:\/\/www.africa-press.net\/centrafricaine\/#website\",\"url\":\"https:\/\/www.africa-press.net\/centrafricaine\/\",\"name\":\"centrafricaine\",\"description\":\"Just another Africa News Agency Sites site\",\"potentialAction\":[{\"@type\":\"SearchAction\",\"target\":{\"@type\":\"EntryPoint\",\"urlTemplate\":\"https:\/\/www.africa-press.net\/centrafricaine\/?s={search_term_string}\"},\"query-input\":{\"@type\":\"PropertyValueSpecification\",\"valueRequired\":true,\"valueName\":\"search_term_string\"}}],\"inLanguage\":\"fr-FR\"},{\"@type\":\"Person\",\"@id\":\"https:\/\/www.africa-press.net\/centrafricaine\/#\/schema\/person\/2b1cf3cd81a31e3cd26889ca66d677f1\",\"name\":\"cfeditorfr\"}]}<\/script>\n<!-- \/ Yoast SEO Premium plugin. -->","yoast_head_json":{"title":"Orange Centrafrique, le personnel menace d\u2019entrer en gr\u00e8ve g\u00e9n\u00e9rale pour demander le d\u00e9part du Directeur g\u00e9n\u00e9ral - centrafricaine","description":"Bangui, R\u00e9publique centrafricaine, lundi, 26 juillet 2021, 03:41:34 ( Corbeaunews-Centrafrique ). Depuis quelque ...","robots":{"index":"index","follow":"follow","max-snippet":"max-snippet:-1","max-image-preview":"max-image-preview:large","max-video-preview":"max-video-preview:-1"},"canonical":"https:\/\/www.africa-press.net\/centrafricaine\/toutes-les-actualites\/orange-centrafrique-le-personnel-menace-dentrer-en-greve-generale-pour-demander-le-depart-du-directeur-general","og_locale":"fr_FR","og_type":"article","og_title":"Orange Centrafrique, le personnel menace d\u2019entrer en gr\u00e8ve g\u00e9n\u00e9rale pour demander le d\u00e9part du Directeur g\u00e9n\u00e9ral","og_description":"Bangui, R\u00e9publique centrafricaine, lundi, 26 juillet 2021, 03:41:34 ( Corbeaunews-Centrafrique ). Depuis quelque ...","og_url":"https:\/\/www.africa-press.net\/centrafricaine\/toutes-les-actualites\/orange-centrafrique-le-personnel-menace-dentrer-en-greve-generale-pour-demander-le-depart-du-directeur-general","og_site_name":"centrafricaine","article_published_time":"2021-07-26T13:16:56+00:00","article_modified_time":"2021-07-26T17:38:59+00:00","og_image":[{"width":750,"height":327,"url":"https:\/\/static.africa-press.net\/centrafricaine\/sites\/45\/2021\/07\/img-60feaaf5303e5.jpg","type":"image\/jpeg"}],"author":"cfeditorfr","twitter_card":"summary_large_image","twitter_misc":{"\u00c9crit par":"cfeditorfr","Dur\u00e9e de lecture estim\u00e9e":"2 minutes"},"schema":{"@context":"https:\/\/schema.org","@graph":[{"@type":"Article","@id":"https:\/\/www.africa-press.net\/centrafricaine\/toutes-les-actualites\/orange-centrafrique-le-personnel-menace-dentrer-en-greve-generale-pour-demander-le-depart-du-directeur-general#article","isPartOf":{"@id":"https:\/\/www.africa-press.net\/centrafricaine\/toutes-les-actualites\/orange-centrafrique-le-personnel-menace-dentrer-en-greve-generale-pour-demander-le-depart-du-directeur-general"},"author":{"name":"cfeditorfr","@id":"https:\/\/www.africa-press.net\/centrafricaine\/#\/schema\/person\/2b1cf3cd81a31e3cd26889ca66d677f1"},"headline":"Orange Centrafrique, le personnel menace d\u2019entrer en gr\u00e8ve g\u00e9n\u00e9rale pour demander le d\u00e9part du Directeur g\u00e9n\u00e9ral","datePublished":"2021-07-26T13:16:56+00:00","dateModified":"2021-07-26T17:38:59+00:00","mainEntityOfPage":{"@id":"https:\/\/www.africa-press.net\/centrafricaine\/toutes-les-actualites\/orange-centrafrique-le-personnel-menace-dentrer-en-greve-generale-pour-demander-le-depart-du-directeur-general"},"wordCount":550,"commentCount":0,"image":{"@id":"https:\/\/www.africa-press.net\/centrafricaine\/toutes-les-actualites\/orange-centrafrique-le-personnel-menace-dentrer-en-greve-generale-pour-demander-le-depart-du-directeur-general#primaryimage"},"thumbnailUrl":"https:\/\/static.africa-press.net\/centrafricaine\/sites\/45\/2021\/07\/img-60feaaf5303e5.jpg","keywords":["Africa Press","Africa Press-CentrAfricaine","CentrAfricaine"],"articleSection":["Communaut\u00e9","homepage-french","Top Nouvelles","Toutes les actualit\u00e9s"],"inLanguage":"fr-FR","potentialAction":[{"@type":"CommentAction","name":"Comment","target":["https:\/\/www.africa-press.net\/centrafricaine\/toutes-les-actualites\/orange-centrafrique-le-personnel-menace-dentrer-en-greve-generale-pour-demander-le-depart-du-directeur-general#respond"]}]},{"@type":"WebPage","@id":"https:\/\/www.africa-press.net\/centrafricaine\/toutes-les-actualites\/orange-centrafrique-le-personnel-menace-dentrer-en-greve-generale-pour-demander-le-depart-du-directeur-general","url":"https:\/\/www.africa-press.net\/centrafricaine\/toutes-les-actualites\/orange-centrafrique-le-personnel-menace-dentrer-en-greve-generale-pour-demander-le-depart-du-directeur-general","name":"Orange Centrafrique, le personnel menace d\u2019entrer en gr\u00e8ve g\u00e9n\u00e9rale pour demander le d\u00e9part du Directeur g\u00e9n\u00e9ral - centrafricaine","isPartOf":{"@id":"https:\/\/www.africa-press.net\/centrafricaine\/#website"},"primaryImageOfPage":{"@id":"https:\/\/www.africa-press.net\/centrafricaine\/toutes-les-actualites\/orange-centrafrique-le-personnel-menace-dentrer-en-greve-generale-pour-demander-le-depart-du-directeur-general#primaryimage"},"image":{"@id":"https:\/\/www.africa-press.net\/centrafricaine\/toutes-les-actualites\/orange-centrafrique-le-personnel-menace-dentrer-en-greve-generale-pour-demander-le-depart-du-directeur-general#primaryimage"},"thumbnailUrl":"https:\/\/static.africa-press.net\/centrafricaine\/sites\/45\/2021\/07\/img-60feaaf5303e5.jpg","datePublished":"2021-07-26T13:16:56+00:00","dateModified":"2021-07-26T17:38:59+00:00","author":{"@id":"https:\/\/www.africa-press.net\/centrafricaine\/#\/schema\/person\/2b1cf3cd81a31e3cd26889ca66d677f1"},"description":"Bangui, R\u00e9publique centrafricaine, lundi, 26 juillet 2021, 03:41:34 ( Corbeaunews-Centrafrique ). Depuis quelque ...","breadcrumb":{"@id":"https:\/\/www.africa-press.net\/centrafricaine\/toutes-les-actualites\/orange-centrafrique-le-personnel-menace-dentrer-en-greve-generale-pour-demander-le-depart-du-directeur-general#breadcrumb"},"inLanguage":"fr-FR","potentialAction":[{"@type":"ReadAction","target":["https:\/\/www.africa-press.net\/centrafricaine\/toutes-les-actualites\/orange-centrafrique-le-personnel-menace-dentrer-en-greve-generale-pour-demander-le-depart-du-directeur-general"]}]},{"@type":"ImageObject","inLanguage":"fr-FR","@id":"https:\/\/www.africa-press.net\/centrafricaine\/toutes-les-actualites\/orange-centrafrique-le-personnel-menace-dentrer-en-greve-generale-pour-demander-le-depart-du-directeur-general#primaryimage","url":"https:\/\/static.africa-press.net\/centrafricaine\/sites\/45\/2021\/07\/img-60feaaf5303e5.jpg","contentUrl":"https:\/\/static.africa-press.net\/centrafricaine\/sites\/45\/2021\/07\/img-60feaaf5303e5.jpg","width":750,"height":327,"caption":"Orange Centrafrique, le personnel menace d\u2019entrer en gr\u00e8ve g\u00e9n\u00e9rale pour demander le d\u00e9part du Directeur g\u00e9n\u00e9ral"},{"@type":"BreadcrumbList","@id":"https:\/\/www.africa-press.net\/centrafricaine\/toutes-les-actualites\/orange-centrafrique-le-personnel-menace-dentrer-en-greve-generale-pour-demander-le-depart-du-directeur-general#breadcrumb","itemListElement":[{"@type":"ListItem","position":1,"name":"Accueil","item":"https:\/\/www.africa-press.net\/centrafricaine\/"},{"@type":"ListItem","position":2,"name":"Orange Centrafrique, le personnel menace d\u2019entrer en gr\u00e8ve g\u00e9n\u00e9rale pour demander le d\u00e9part du Directeur g\u00e9n\u00e9ral"}]},{"@type":"WebSite","@id":"https:\/\/www.africa-press.net\/centrafricaine\/#website","url":"https:\/\/www.africa-press.net\/centrafricaine\/","name":"centrafricaine","description":"Just another Africa News Agency Sites site","potentialAction":[{"@type":"SearchAction","target":{"@type":"EntryPoint","urlTemplate":"https:\/\/www.africa-press.net\/centrafricaine\/?s={search_term_string}"},"query-input":{"@type":"PropertyValueSpecification","valueRequired":true,"valueName":"search_term_string"}}],"inLanguage":"fr-FR"},{"@type":"Person","@id":"https:\/\/www.africa-press.net\/centrafricaine\/#\/schema\/person\/2b1cf3cd81a31e3cd26889ca66d677f1","name":"cfeditorfr"}]}},"_links":{"self":[{"href":"https:\/\/www.africa-press.net\/centrafricaine\/wp-json\/wp\/v2\/posts\/9330","targetHints":{"allow":["GET"]}}],"collection":[{"href":"https:\/\/www.africa-press.net\/centrafricaine\/wp-json\/wp\/v2\/posts"}],"about":[{"href":"https:\/\/www.africa-press.net\/centrafricaine\/wp-json\/wp\/v2\/types\/post"}],"author":[{"embeddable":true,"href":"https:\/\/www.africa-press.net\/centrafricaine\/wp-json\/wp\/v2\/users\/82"}],"replies":[{"embeddable":true,"href":"https:\/\/www.africa-press.net\/centrafricaine\/wp-json\/wp\/v2\/comments?post=9330"}],"version-history":[{"count":0,"href":"https:\/\/www.africa-press.net\/centrafricaine\/wp-json\/wp\/v2\/posts\/9330\/revisions"}],"wp:featuredmedia":[{"embeddable":true,"href":"https:\/\/www.africa-press.net\/centrafricaine\/wp-json\/wp\/v2\/media\/9329"}],"wp:attachment":[{"href":"https:\/\/www.africa-press.net\/centrafricaine\/wp-json\/wp\/v2\/media?parent=9330"}],"wp:term":[{"taxonomy":"category","embeddable":true,"href":"https:\/\/www.africa-press.net\/centrafricaine\/wp-json\/wp\/v2\/categories?post=9330"},{"taxonomy":"post_tag","embeddable":true,"href":"https:\/\/www.africa-press.net\/centrafricaine\/wp-json\/wp\/v2\/tags?post=9330"}],"curies":[{"name":"wp","href":"https:\/\/api.w.org\/{rel}","templated":true}]}}