{"id":9352,"date":"2021-07-27T12:36:45","date_gmt":"2021-07-27T12:36:45","guid":{"rendered":"https:\/\/www.africa-press.net\/centrafricaine\/?p=9352"},"modified":"2021-07-27T19:11:09","modified_gmt":"2021-07-27T19:11:09","slug":"centrafrique-les-employes-de-la-socatel-de-nouveau-en-greve","status":"publish","type":"post","link":"https:\/\/www.africa-press.net\/centrafricaine\/toutes-les-actualites\/centrafrique-les-employes-de-la-socatel-de-nouveau-en-greve","title":{"rendered":"les employ\u00e9s de la SOCATEL\u00a0 de nouveau en gr\u00e8ve"},"content":{"rendered":"<p><span style=\"color: #ff6600\"><strong><a href=\"https:\/\/www.africa-press.net\/\">Africa-Press<\/a> &#8211; <a href=\"https:\/\/www.africa-press.net\/centrafricaine\">CentrAfricaine<\/a>.\u00a0 <\/strong><\/span>\u00a0Uniquement pour cette ann\u00e9e, les employ\u00e9s gr\u00e9vistes r\u00e9clament le versement de six mois d\u2019arri\u00e9r\u00e9 de leur salaire. Ils organisent ce lundi 26 juillet 2021 un sit-in devant leur direction g\u00e9n\u00e9rale pour exprimer leur m\u00e9contentement.<\/p>\n<p>Une centaine des employ\u00e9s de la soci\u00e9t\u00e9 centrafricaine de t\u00e9l\u00e9communication a organis\u00e9 ce lundi 26 juillet un sit-in devant leur direction g\u00e9n\u00e9rale pour r\u00e9clamer le versement de six mois d\u2019arri\u00e9r\u00e9 de leurs salaires pour l\u2019ann\u00e9e en cours.<\/p>\n<p><b>\u00ab Pour l\u2019ann\u00e9e 2021, aucun salaire n\u2019est int\u00e9gralement vers\u00e9 au personnel de la SOCATEL alors que l\u2019\u00c9tat centrafricain doit \u00e0 cette entreprise plus de 2 milliards de cr\u00e9ance impay\u00e9e dans la consommation t\u00e9l\u00e9phonique. Le personnel exige au m\u00eame moment \u00e0 son directeur g\u00e9n\u00e9ral une certaine clairvoyance dans la gestion des frais des loyers de Lakouanga aussi sur les fonds cf. qui vient d\u2019\u00eatre vir\u00e9. Le personnel entend organiser des s\u00e9ries de sit-in durant trois jours. Si aucune solution n\u2019est trouv\u00e9e \u00e0 sa revendication, il va passer \u00e0 une vitesse sup\u00e9rieure \u00bb<\/b><\/p>\n<p>, a d\u00e9clar\u00e9 le d\u00e9l\u00e9gu\u00e9 des cadres sup\u00e9rieurs \u00e0 la SOCATEL.<\/p>\n<p>Selon des sources syndicales, une rencontre des d\u00e9l\u00e9gu\u00e9s du personnel avec le directeur g\u00e9n\u00e9ral a eu lieu ce lundi apr\u00e8s midi, mais celui-ci n\u2019a pas voulu se prononcer sur communiqu\u00e9 \u00e7a. De leur c\u00f4t\u00e9, les gr\u00e9vistes affirment qu\u2019aucune r\u00e9ponse n\u2019est apport\u00e9e \u00e0 leur revendication.<\/p>\n<p>&nbsp;<\/p>\n","protected":false},"excerpt":{"rendered":"<p>Africa-Press &#8211; CentrAfricaine.\u00a0 \u00a0Uniquement pour cette ann\u00e9e, les employ\u00e9s gr\u00e9vistes r\u00e9clament le versement de six mois d\u2019arri\u00e9r\u00e9 de leur salaire. Ils organisent ce lundi 26 juillet 2021 un sit-in devant leur direction g\u00e9n\u00e9rale pour exprimer leur m\u00e9contentement. Une centaine des employ\u00e9s de la soci\u00e9t\u00e9 centrafricaine de t\u00e9l\u00e9communication a organis\u00e9 ce lundi 26 juillet un sit-in [&hellip;]<\/p>\n","protected":false},"author":82,"featured_media":9351,"comment_status":"open","ping_status":"closed","sticky":false,"template":"","format":"standard","meta":{"footnotes":""},"categories":[21,11,20,10],"tags":[36,58,30],"class_list":["post-9352","post","type-post","status-publish","format-standard","has-post-thumbnail","hentry","category-communaute","category-homepage-french","category-top-nouvelles","category-toutes-les-actualites","tag-africa-press","tag-africa-press-centrafricaine","tag-centrafricaine"],"yoast_head":"<!-- This site is optimized with the Yoast SEO Premium plugin v26.1 (Yoast SEO v27.0) - https:\/\/yoast.com\/product\/yoast-seo-premium-wordpress\/ -->\n<title>les employ\u00e9s de la SOCATEL\u00a0 de nouveau en gr\u00e8ve - centrafricaine<\/title>\n<meta name=\"description\" content=\"Bangui, R\u00e9publique centrafricaine, mardi, 27 juillet 2021, 03:12:31 ( Corbeaunews-Centrafrique ). Uniquement pou ...\" \/>\n<meta name=\"robots\" content=\"index, follow, max-snippet:-1, max-image-preview:large, max-video-preview:-1\" \/>\n<link rel=\"canonical\" href=\"https:\/\/www.africa-press.net\/centrafricaine\/toutes-les-actualites\/centrafrique-les-employes-de-la-socatel-de-nouveau-en-greve\" \/>\n<meta property=\"og:locale\" content=\"fr_FR\" \/>\n<meta property=\"og:type\" content=\"article\" \/>\n<meta property=\"og:title\" content=\"les employ\u00e9s de la SOCATEL\u00a0 de nouveau en gr\u00e8ve\" \/>\n<meta property=\"og:description\" content=\"Bangui, R\u00e9publique centrafricaine, mardi, 27 juillet 2021, 03:12:31 ( Corbeaunews-Centrafrique ). Uniquement pou ...\" \/>\n<meta property=\"og:url\" content=\"https:\/\/www.africa-press.net\/centrafricaine\/toutes-les-actualites\/centrafrique-les-employes-de-la-socatel-de-nouveau-en-greve\" \/>\n<meta property=\"og:site_name\" content=\"centrafricaine\" \/>\n<meta property=\"article:published_time\" content=\"2021-07-27T12:36:45+00:00\" \/>\n<meta property=\"article:modified_time\" content=\"2021-07-27T19:11:09+00:00\" \/>\n<meta property=\"og:image\" content=\"https:\/\/static.africa-press.net\/centrafricaine\/sites\/45\/2021\/07\/img-60fffb3c63ef2.jpg\" \/>\n\t<meta property=\"og:image:width\" content=\"1080\" \/>\n\t<meta property=\"og:image:height\" content=\"810\" \/>\n\t<meta property=\"og:image:type\" content=\"image\/jpeg\" \/>\n<meta name=\"author\" content=\"cfeditorfr\" \/>\n<meta name=\"twitter:card\" content=\"summary_large_image\" \/>\n<meta name=\"twitter:label1\" content=\"\u00c9crit par\" \/>\n\t<meta name=\"twitter:data1\" content=\"cfeditorfr\" \/>\n\t<meta name=\"twitter:label2\" content=\"Dur\u00e9e de lecture estim\u00e9e\" \/>\n\t<meta name=\"twitter:data2\" content=\"1 minute\" \/>\n<script type=\"application\/ld+json\" class=\"yoast-schema-graph\">{\"@context\":\"https:\/\/schema.org\",\"@graph\":[{\"@type\":\"Article\",\"@id\":\"https:\/\/www.africa-press.net\/centrafricaine\/toutes-les-actualites\/centrafrique-les-employes-de-la-socatel-de-nouveau-en-greve#article\",\"isPartOf\":{\"@id\":\"https:\/\/www.africa-press.net\/centrafricaine\/toutes-les-actualites\/centrafrique-les-employes-de-la-socatel-de-nouveau-en-greve\"},\"author\":{\"name\":\"cfeditorfr\",\"@id\":\"https:\/\/www.africa-press.net\/centrafricaine\/#\/schema\/person\/2b1cf3cd81a31e3cd26889ca66d677f1\"},\"headline\":\"les employ\u00e9s de la SOCATEL\u00a0 de nouveau en gr\u00e8ve\",\"datePublished\":\"2021-07-27T12:36:45+00:00\",\"dateModified\":\"2021-07-27T19:11:09+00:00\",\"mainEntityOfPage\":{\"@id\":\"https:\/\/www.africa-press.net\/centrafricaine\/toutes-les-actualites\/centrafrique-les-employes-de-la-socatel-de-nouveau-en-greve\"},\"wordCount\":272,\"commentCount\":0,\"image\":{\"@id\":\"https:\/\/www.africa-press.net\/centrafricaine\/toutes-les-actualites\/centrafrique-les-employes-de-la-socatel-de-nouveau-en-greve#primaryimage\"},\"thumbnailUrl\":\"https:\/\/static.africa-press.net\/centrafricaine\/sites\/45\/2021\/07\/img-60fffb3c63ef2.jpg\",\"keywords\":[\"Africa Press\",\"Africa Press-CentrAfricaine\",\"CentrAfricaine\"],\"articleSection\":[\"Communaut\u00e9\",\"homepage-french\",\"Top Nouvelles\",\"Toutes les actualit\u00e9s\"],\"inLanguage\":\"fr-FR\",\"potentialAction\":[{\"@type\":\"CommentAction\",\"name\":\"Comment\",\"target\":[\"https:\/\/www.africa-press.net\/centrafricaine\/toutes-les-actualites\/centrafrique-les-employes-de-la-socatel-de-nouveau-en-greve#respond\"]}]},{\"@type\":\"WebPage\",\"@id\":\"https:\/\/www.africa-press.net\/centrafricaine\/toutes-les-actualites\/centrafrique-les-employes-de-la-socatel-de-nouveau-en-greve\",\"url\":\"https:\/\/www.africa-press.net\/centrafricaine\/toutes-les-actualites\/centrafrique-les-employes-de-la-socatel-de-nouveau-en-greve\",\"name\":\"les employ\u00e9s de la SOCATEL\u00a0 de nouveau en gr\u00e8ve - centrafricaine\",\"isPartOf\":{\"@id\":\"https:\/\/www.africa-press.net\/centrafricaine\/#website\"},\"primaryImageOfPage\":{\"@id\":\"https:\/\/www.africa-press.net\/centrafricaine\/toutes-les-actualites\/centrafrique-les-employes-de-la-socatel-de-nouveau-en-greve#primaryimage\"},\"image\":{\"@id\":\"https:\/\/www.africa-press.net\/centrafricaine\/toutes-les-actualites\/centrafrique-les-employes-de-la-socatel-de-nouveau-en-greve#primaryimage\"},\"thumbnailUrl\":\"https:\/\/static.africa-press.net\/centrafricaine\/sites\/45\/2021\/07\/img-60fffb3c63ef2.jpg\",\"datePublished\":\"2021-07-27T12:36:45+00:00\",\"dateModified\":\"2021-07-27T19:11:09+00:00\",\"author\":{\"@id\":\"https:\/\/www.africa-press.net\/centrafricaine\/#\/schema\/person\/2b1cf3cd81a31e3cd26889ca66d677f1\"},\"description\":\"Bangui, R\u00e9publique centrafricaine, mardi, 27 juillet 2021, 03:12:31 ( Corbeaunews-Centrafrique ). Uniquement pou ...\",\"breadcrumb\":{\"@id\":\"https:\/\/www.africa-press.net\/centrafricaine\/toutes-les-actualites\/centrafrique-les-employes-de-la-socatel-de-nouveau-en-greve#breadcrumb\"},\"inLanguage\":\"fr-FR\",\"potentialAction\":[{\"@type\":\"ReadAction\",\"target\":[\"https:\/\/www.africa-press.net\/centrafricaine\/toutes-les-actualites\/centrafrique-les-employes-de-la-socatel-de-nouveau-en-greve\"]}]},{\"@type\":\"ImageObject\",\"inLanguage\":\"fr-FR\",\"@id\":\"https:\/\/www.africa-press.net\/centrafricaine\/toutes-les-actualites\/centrafrique-les-employes-de-la-socatel-de-nouveau-en-greve#primaryimage\",\"url\":\"https:\/\/static.africa-press.net\/centrafricaine\/sites\/45\/2021\/07\/img-60fffb3c63ef2.jpg\",\"contentUrl\":\"https:\/\/static.africa-press.net\/centrafricaine\/sites\/45\/2021\/07\/img-60fffb3c63ef2.jpg\",\"width\":1080,\"height\":810,\"caption\":\"Centrafrique\u00a0: les employ\u00e9s de la SOCATEL\u00a0 de nouveau en gr\u00e8ve\"},{\"@type\":\"BreadcrumbList\",\"@id\":\"https:\/\/www.africa-press.net\/centrafricaine\/toutes-les-actualites\/centrafrique-les-employes-de-la-socatel-de-nouveau-en-greve#breadcrumb\",\"itemListElement\":[{\"@type\":\"ListItem\",\"position\":1,\"name\":\"Accueil\",\"item\":\"https:\/\/www.africa-press.net\/centrafricaine\/\"},{\"@type\":\"ListItem\",\"position\":2,\"name\":\"les employ\u00e9s de la SOCATEL\u00a0 de nouveau en gr\u00e8ve\"}]},{\"@type\":\"WebSite\",\"@id\":\"https:\/\/www.africa-press.net\/centrafricaine\/#website\",\"url\":\"https:\/\/www.africa-press.net\/centrafricaine\/\",\"name\":\"centrafricaine\",\"description\":\"Just another Africa News Agency Sites site\",\"potentialAction\":[{\"@type\":\"SearchAction\",\"target\":{\"@type\":\"EntryPoint\",\"urlTemplate\":\"https:\/\/www.africa-press.net\/centrafricaine\/?s={search_term_string}\"},\"query-input\":{\"@type\":\"PropertyValueSpecification\",\"valueRequired\":true,\"valueName\":\"search_term_string\"}}],\"inLanguage\":\"fr-FR\"},{\"@type\":\"Person\",\"@id\":\"https:\/\/www.africa-press.net\/centrafricaine\/#\/schema\/person\/2b1cf3cd81a31e3cd26889ca66d677f1\",\"name\":\"cfeditorfr\"}]}<\/script>\n<!-- \/ Yoast SEO Premium plugin. -->","yoast_head_json":{"title":"les employ\u00e9s de la SOCATEL\u00a0 de nouveau en gr\u00e8ve - centrafricaine","description":"Bangui, R\u00e9publique centrafricaine, mardi, 27 juillet 2021, 03:12:31 ( Corbeaunews-Centrafrique ). Uniquement pou ...","robots":{"index":"index","follow":"follow","max-snippet":"max-snippet:-1","max-image-preview":"max-image-preview:large","max-video-preview":"max-video-preview:-1"},"canonical":"https:\/\/www.africa-press.net\/centrafricaine\/toutes-les-actualites\/centrafrique-les-employes-de-la-socatel-de-nouveau-en-greve","og_locale":"fr_FR","og_type":"article","og_title":"les employ\u00e9s de la SOCATEL\u00a0 de nouveau en gr\u00e8ve","og_description":"Bangui, R\u00e9publique centrafricaine, mardi, 27 juillet 2021, 03:12:31 ( Corbeaunews-Centrafrique ). Uniquement pou ...","og_url":"https:\/\/www.africa-press.net\/centrafricaine\/toutes-les-actualites\/centrafrique-les-employes-de-la-socatel-de-nouveau-en-greve","og_site_name":"centrafricaine","article_published_time":"2021-07-27T12:36:45+00:00","article_modified_time":"2021-07-27T19:11:09+00:00","og_image":[{"width":1080,"height":810,"url":"https:\/\/static.africa-press.net\/centrafricaine\/sites\/45\/2021\/07\/img-60fffb3c63ef2.jpg","type":"image\/jpeg"}],"author":"cfeditorfr","twitter_card":"summary_large_image","twitter_misc":{"\u00c9crit par":"cfeditorfr","Dur\u00e9e de lecture estim\u00e9e":"1 minute"},"schema":{"@context":"https:\/\/schema.org","@graph":[{"@type":"Article","@id":"https:\/\/www.africa-press.net\/centrafricaine\/toutes-les-actualites\/centrafrique-les-employes-de-la-socatel-de-nouveau-en-greve#article","isPartOf":{"@id":"https:\/\/www.africa-press.net\/centrafricaine\/toutes-les-actualites\/centrafrique-les-employes-de-la-socatel-de-nouveau-en-greve"},"author":{"name":"cfeditorfr","@id":"https:\/\/www.africa-press.net\/centrafricaine\/#\/schema\/person\/2b1cf3cd81a31e3cd26889ca66d677f1"},"headline":"les employ\u00e9s de la SOCATEL\u00a0 de nouveau en gr\u00e8ve","datePublished":"2021-07-27T12:36:45+00:00","dateModified":"2021-07-27T19:11:09+00:00","mainEntityOfPage":{"@id":"https:\/\/www.africa-press.net\/centrafricaine\/toutes-les-actualites\/centrafrique-les-employes-de-la-socatel-de-nouveau-en-greve"},"wordCount":272,"commentCount":0,"image":{"@id":"https:\/\/www.africa-press.net\/centrafricaine\/toutes-les-actualites\/centrafrique-les-employes-de-la-socatel-de-nouveau-en-greve#primaryimage"},"thumbnailUrl":"https:\/\/static.africa-press.net\/centrafricaine\/sites\/45\/2021\/07\/img-60fffb3c63ef2.jpg","keywords":["Africa Press","Africa Press-CentrAfricaine","CentrAfricaine"],"articleSection":["Communaut\u00e9","homepage-french","Top Nouvelles","Toutes les actualit\u00e9s"],"inLanguage":"fr-FR","potentialAction":[{"@type":"CommentAction","name":"Comment","target":["https:\/\/www.africa-press.net\/centrafricaine\/toutes-les-actualites\/centrafrique-les-employes-de-la-socatel-de-nouveau-en-greve#respond"]}]},{"@type":"WebPage","@id":"https:\/\/www.africa-press.net\/centrafricaine\/toutes-les-actualites\/centrafrique-les-employes-de-la-socatel-de-nouveau-en-greve","url":"https:\/\/www.africa-press.net\/centrafricaine\/toutes-les-actualites\/centrafrique-les-employes-de-la-socatel-de-nouveau-en-greve","name":"les employ\u00e9s de la SOCATEL\u00a0 de nouveau en gr\u00e8ve - centrafricaine","isPartOf":{"@id":"https:\/\/www.africa-press.net\/centrafricaine\/#website"},"primaryImageOfPage":{"@id":"https:\/\/www.africa-press.net\/centrafricaine\/toutes-les-actualites\/centrafrique-les-employes-de-la-socatel-de-nouveau-en-greve#primaryimage"},"image":{"@id":"https:\/\/www.africa-press.net\/centrafricaine\/toutes-les-actualites\/centrafrique-les-employes-de-la-socatel-de-nouveau-en-greve#primaryimage"},"thumbnailUrl":"https:\/\/static.africa-press.net\/centrafricaine\/sites\/45\/2021\/07\/img-60fffb3c63ef2.jpg","datePublished":"2021-07-27T12:36:45+00:00","dateModified":"2021-07-27T19:11:09+00:00","author":{"@id":"https:\/\/www.africa-press.net\/centrafricaine\/#\/schema\/person\/2b1cf3cd81a31e3cd26889ca66d677f1"},"description":"Bangui, R\u00e9publique centrafricaine, mardi, 27 juillet 2021, 03:12:31 ( Corbeaunews-Centrafrique ). Uniquement pou ...","breadcrumb":{"@id":"https:\/\/www.africa-press.net\/centrafricaine\/toutes-les-actualites\/centrafrique-les-employes-de-la-socatel-de-nouveau-en-greve#breadcrumb"},"inLanguage":"fr-FR","potentialAction":[{"@type":"ReadAction","target":["https:\/\/www.africa-press.net\/centrafricaine\/toutes-les-actualites\/centrafrique-les-employes-de-la-socatel-de-nouveau-en-greve"]}]},{"@type":"ImageObject","inLanguage":"fr-FR","@id":"https:\/\/www.africa-press.net\/centrafricaine\/toutes-les-actualites\/centrafrique-les-employes-de-la-socatel-de-nouveau-en-greve#primaryimage","url":"https:\/\/static.africa-press.net\/centrafricaine\/sites\/45\/2021\/07\/img-60fffb3c63ef2.jpg","contentUrl":"https:\/\/static.africa-press.net\/centrafricaine\/sites\/45\/2021\/07\/img-60fffb3c63ef2.jpg","width":1080,"height":810,"caption":"Centrafrique\u00a0: les employ\u00e9s de la SOCATEL\u00a0 de nouveau en gr\u00e8ve"},{"@type":"BreadcrumbList","@id":"https:\/\/www.africa-press.net\/centrafricaine\/toutes-les-actualites\/centrafrique-les-employes-de-la-socatel-de-nouveau-en-greve#breadcrumb","itemListElement":[{"@type":"ListItem","position":1,"name":"Accueil","item":"https:\/\/www.africa-press.net\/centrafricaine\/"},{"@type":"ListItem","position":2,"name":"les employ\u00e9s de la SOCATEL\u00a0 de nouveau en gr\u00e8ve"}]},{"@type":"WebSite","@id":"https:\/\/www.africa-press.net\/centrafricaine\/#website","url":"https:\/\/www.africa-press.net\/centrafricaine\/","name":"centrafricaine","description":"Just another Africa News Agency Sites site","potentialAction":[{"@type":"SearchAction","target":{"@type":"EntryPoint","urlTemplate":"https:\/\/www.africa-press.net\/centrafricaine\/?s={search_term_string}"},"query-input":{"@type":"PropertyValueSpecification","valueRequired":true,"valueName":"search_term_string"}}],"inLanguage":"fr-FR"},{"@type":"Person","@id":"https:\/\/www.africa-press.net\/centrafricaine\/#\/schema\/person\/2b1cf3cd81a31e3cd26889ca66d677f1","name":"cfeditorfr"}]}},"_links":{"self":[{"href":"https:\/\/www.africa-press.net\/centrafricaine\/wp-json\/wp\/v2\/posts\/9352","targetHints":{"allow":["GET"]}}],"collection":[{"href":"https:\/\/www.africa-press.net\/centrafricaine\/wp-json\/wp\/v2\/posts"}],"about":[{"href":"https:\/\/www.africa-press.net\/centrafricaine\/wp-json\/wp\/v2\/types\/post"}],"author":[{"embeddable":true,"href":"https:\/\/www.africa-press.net\/centrafricaine\/wp-json\/wp\/v2\/users\/82"}],"replies":[{"embeddable":true,"href":"https:\/\/www.africa-press.net\/centrafricaine\/wp-json\/wp\/v2\/comments?post=9352"}],"version-history":[{"count":0,"href":"https:\/\/www.africa-press.net\/centrafricaine\/wp-json\/wp\/v2\/posts\/9352\/revisions"}],"wp:featuredmedia":[{"embeddable":true,"href":"https:\/\/www.africa-press.net\/centrafricaine\/wp-json\/wp\/v2\/media\/9351"}],"wp:attachment":[{"href":"https:\/\/www.africa-press.net\/centrafricaine\/wp-json\/wp\/v2\/media?parent=9352"}],"wp:term":[{"taxonomy":"category","embeddable":true,"href":"https:\/\/www.africa-press.net\/centrafricaine\/wp-json\/wp\/v2\/categories?post=9352"},{"taxonomy":"post_tag","embeddable":true,"href":"https:\/\/www.africa-press.net\/centrafricaine\/wp-json\/wp\/v2\/tags?post=9352"}],"curies":[{"name":"wp","href":"https:\/\/api.w.org\/{rel}","templated":true}]}}