{"id":9383,"date":"2021-07-28T14:57:15","date_gmt":"2021-07-28T14:57:15","guid":{"rendered":"https:\/\/www.africa-press.net\/centrafricaine\/?p=9383"},"modified":"2021-07-28T20:33:52","modified_gmt":"2021-07-28T20:33:52","slug":"communique-de-presse-conjoint-du-g5sur-la-situation-en-centrafrique","status":"publish","type":"post","link":"https:\/\/www.africa-press.net\/centrafricaine\/politique\/communique-de-presse-conjoint-du-g5sur-la-situation-en-centrafrique","title":{"rendered":"COMMUNIQUE DE PRESSE CONJOINT DU G5+sur la situation en Centrafrique"},"content":{"rendered":"<p><span style=\"color: #ff6600\"><strong><a href=\"https:\/\/www.africa-press.net\/\">Africa-Press<\/a> &#8211; <a href=\"https:\/\/www.africa-press.net\/centrafricaine\">CentrAfricaine<\/a>. <\/strong><\/span>Les G5+, un groupe d\u2019Etats et d\u2019institutions internationales partenaires de la R\u00e9publique Centrafricaine, notent avec une grande pr\u00e9occupation le d\u00e9veloppement d\u2019une crise humanitaire aig\u00fce en RCA.<\/p>\n<p>Les membres observent que plus de sept mois d\u2019op\u00e9rations militaires dans de nombreuses pr\u00e9fectures de la RCA ont d\u00e9plac\u00e9 des centaines de milliers de Centrafricains de leurs foyers, perturb\u00e9 l\u2019acc\u00e8s \u00e0 la nourriture, \u00e0 l\u2019eau, \u00e0 l\u2019assainissement et \u00e0 l\u2019hygi\u00e8ne, et emp\u00each\u00e9 l\u2019aide humanitaire d\u2019atteindre ceux qui en ont besoin. Plus de 80 000 enfants en dessous de l\u2019\u00e2ge cinq ans risque une malnutrition s\u00e9v\u00e8re. 2,7 millions de personnes sont en situation de crise ou d\u2019urgence en mati\u00e8re d\u2019ins\u00e9curit\u00e9 alimentaire. Environ 250 000 sont dans des zones inaccessibles pour les partenaires. Dans le m\u00eame temps les prix des mati\u00e8res primaires augmentent.<\/p>\n<p>Nos partenaires humanitaires sont disponibles pour fournir de l\u2019aide multisectorielle flexible tabl\u00e9e sur les besoins grandissants. N\u00e9anmoins, ils continuent \u00e0 faire face \u00e0 des restrictions majeures sur la fourniture d\u2019aide. Le personnel humanitaire a fait face \u00e0 267 incidents dans les premiers six mois de 2021, y compris les cas de violence contre leurs personnes, biens et autres outils de travail. Les infrastructures routi\u00e8res seront bient\u00f4t impraticables \u00e0 cause des pluies. En raison de ces incidents et des restrictions de circulation et d\u2019acc\u00e8s, il existe un s\u00e9rieux risque que les partenaires n\u2019aient plus assez de moyens humanitaires pour continuer \u00e0 apporter une r\u00e9ponse humanitaire ad\u00e9quate dans les zones concern\u00e9es.<\/p>\n<p>Les membres demandent au gouvernement de bien vouloir accorder imm\u00e9diatement sa plus grande attention \u00e0 cette situation humanitaire pr\u00e9occupante afin d\u2019\u00e9viter une crise majeure et le retrait contraint et forc\u00e9 d\u2019acteurs humanitaires. Nous soutenons fermement l\u2019appel lanc\u00e9 le 12 juillet par le Secr\u00e9taire g\u00e9n\u00e9ral des Nations Unies, Antonio Guterres, en faveur d\u2019un cessez-le- feu qui permettra aux travailleurs humanitaires d\u2019atteindre les personnes dans le besoin. Les membres demandent sp\u00e9cifiquement la pleine coop\u00e9ration de leurs partenaires des forces arm\u00e9es, de la gendarmerie et de la police nationale afin de prot\u00e9ger le personnel humanitaire dans les pr\u00e9fectures. Les membres appellent en outre les partenaires internationaux de la R\u00e9publique centrafricaine d\u2019envisager de renforcer leur soutien \u00e0 ce pays afin d\u2019emp\u00eacher de nouvelles souffrances et d\u2019\u00e9viter une crise r\u00e9gionale.<\/p>\n<p>Enfin, les membres expriment leurs plus sinc\u00e8res condol\u00e9ances aux familles des victimes des meurtres du 21 juillet dans le village de Bongboto. Le groupe demande instamment au gouvernement de mener une enqu\u00eate approfondie et transparente sur cet incident afin de rendre justice aux familles des victimes et d\u2019\u00e9viter que de tels incidents ne se reproduisent.<\/p>\n<p>Les membres du G5+ r\u00e9it\u00e8rent leur engagement \u00e0 continuer \u00e0 travailler aux c\u00f4t\u00e9s des autorit\u00e9s centrafricaines pour le bien-\u00eatre de tous les Centrafricains.<\/p>\n<p>Mme. Lucy TAMLYN<\/p>\n<p>Ambassadeur des \u00c9tats-Unis d\u2019Am\u00e9rique<\/p>\n<p>Aupr\u00e8s de la R\u00e9publique centrafricaine<\/p>\n<p>Mme. Samuela ISOPI<\/p>\n<p>Ambassadrice, cheffe de la d\u00e9l\u00e9gation de l\u2019Union europ\u00e9enne<\/p>\n<p>Aupr\u00e8s de la R\u00e9publique centrafricaine<\/p>\n<p>Ambassadeur, Repr\u00e9sentant sp\u00e9cial du Pr\u00e9sident de la Commission de l\u2019Union africaine<\/p>\n<p>Et Chef de la Mission de l\u2019UA pour la Centrafrique et l\u2019Afrique centrale<\/p>\n<p>Ambassadeur, Repr\u00e9sentant du Pr\u00e9sident de la Commission de la Communaut\u00e9<\/p>\n<p>\u00c9conomique des Etats de l\u2019Afrique Centrale en R\u00e9publique centrafricaine<\/p>\n<p>Repr\u00e9sentant sp\u00e9cial du Secr\u00e9taire g\u00e9n\u00e9ral des Nations Unies<\/p>\n<p>En R\u00e9publique centrafricaine et Chef de la MINUSCA<\/p>\n<p>Repr\u00e9sentant r\u00e9sident de la Banque Mondiale<\/p>\n<p>En R\u00e9publique centrafricaine<\/p>\n","protected":false},"excerpt":{"rendered":"<p>Africa-Press &#8211; CentrAfricaine. Les G5+, un groupe d\u2019Etats et d\u2019institutions internationales partenaires de la R\u00e9publique Centrafricaine, notent avec une grande pr\u00e9occupation le d\u00e9veloppement d\u2019une crise humanitaire aig\u00fce en RCA. Les membres observent que plus de sept mois d\u2019op\u00e9rations militaires dans de nombreuses pr\u00e9fectures de la RCA ont d\u00e9plac\u00e9 des centaines de milliers de Centrafricains de [&hellip;]<\/p>\n","protected":false},"author":82,"featured_media":9382,"comment_status":"open","ping_status":"closed","sticky":false,"template":"","format":"standard","meta":{"footnotes":""},"categories":[11,2,20,10],"tags":[36,58,30],"class_list":["post-9383","post","type-post","status-publish","format-standard","has-post-thumbnail","hentry","category-homepage-french","category-politique","category-top-nouvelles","category-toutes-les-actualites","tag-africa-press","tag-africa-press-centrafricaine","tag-centrafricaine"],"yoast_head":"<!-- This site is optimized with the Yoast SEO Premium plugin v26.1 (Yoast SEO v27.0) - https:\/\/yoast.com\/product\/yoast-seo-premium-wordpress\/ -->\n<title>COMMUNIQUE DE PRESSE CONJOINT DU G5+sur la situation en Centrafrique - centrafricaine<\/title>\n<meta name=\"description\" content=\"Les G5+, un groupe d\u2019Etats et d\u2019institutions internationales partenaires de la R\u00e9publique Centrafricaine, notent avec un ...\" \/>\n<meta name=\"robots\" content=\"index, follow, max-snippet:-1, max-image-preview:large, max-video-preview:-1\" \/>\n<link rel=\"canonical\" href=\"https:\/\/www.africa-press.net\/centrafricaine\/politique\/communique-de-presse-conjoint-du-g5sur-la-situation-en-centrafrique\" \/>\n<meta property=\"og:locale\" content=\"fr_FR\" \/>\n<meta property=\"og:type\" content=\"article\" \/>\n<meta property=\"og:title\" content=\"COMMUNIQUE DE PRESSE CONJOINT DU G5+sur la situation en Centrafrique\" \/>\n<meta property=\"og:description\" content=\"Les G5+, un groupe d\u2019Etats et d\u2019institutions internationales partenaires de la R\u00e9publique Centrafricaine, notent avec un ...\" \/>\n<meta property=\"og:url\" content=\"https:\/\/www.africa-press.net\/centrafricaine\/politique\/communique-de-presse-conjoint-du-g5sur-la-situation-en-centrafrique\" \/>\n<meta property=\"og:site_name\" content=\"centrafricaine\" \/>\n<meta property=\"article:published_time\" content=\"2021-07-28T14:57:15+00:00\" \/>\n<meta property=\"article:modified_time\" content=\"2021-07-28T20:33:52+00:00\" \/>\n<meta property=\"og:image\" content=\"https:\/\/static.africa-press.net\/centrafricaine\/sites\/45\/2021\/07\/img-61016fc7861c5.jpg\" \/>\n\t<meta property=\"og:image:width\" content=\"750\" \/>\n\t<meta property=\"og:image:height\" content=\"304\" \/>\n\t<meta property=\"og:image:type\" content=\"image\/jpeg\" \/>\n<meta name=\"author\" content=\"cfeditorfr\" \/>\n<meta name=\"twitter:card\" content=\"summary_large_image\" \/>\n<meta name=\"twitter:label1\" content=\"\u00c9crit par\" \/>\n\t<meta name=\"twitter:data1\" content=\"cfeditorfr\" \/>\n\t<meta name=\"twitter:label2\" content=\"Dur\u00e9e de lecture estim\u00e9e\" \/>\n\t<meta name=\"twitter:data2\" content=\"3 minutes\" \/>\n<script type=\"application\/ld+json\" class=\"yoast-schema-graph\">{\"@context\":\"https:\/\/schema.org\",\"@graph\":[{\"@type\":\"Article\",\"@id\":\"https:\/\/www.africa-press.net\/centrafricaine\/politique\/communique-de-presse-conjoint-du-g5sur-la-situation-en-centrafrique#article\",\"isPartOf\":{\"@id\":\"https:\/\/www.africa-press.net\/centrafricaine\/politique\/communique-de-presse-conjoint-du-g5sur-la-situation-en-centrafrique\"},\"author\":{\"name\":\"cfeditorfr\",\"@id\":\"https:\/\/www.africa-press.net\/centrafricaine\/#\/schema\/person\/2b1cf3cd81a31e3cd26889ca66d677f1\"},\"headline\":\"COMMUNIQUE DE PRESSE CONJOINT DU G5+sur la situation en Centrafrique\",\"datePublished\":\"2021-07-28T14:57:15+00:00\",\"dateModified\":\"2021-07-28T20:33:52+00:00\",\"mainEntityOfPage\":{\"@id\":\"https:\/\/www.africa-press.net\/centrafricaine\/politique\/communique-de-presse-conjoint-du-g5sur-la-situation-en-centrafrique\"},\"wordCount\":629,\"commentCount\":0,\"image\":{\"@id\":\"https:\/\/www.africa-press.net\/centrafricaine\/politique\/communique-de-presse-conjoint-du-g5sur-la-situation-en-centrafrique#primaryimage\"},\"thumbnailUrl\":\"https:\/\/static.africa-press.net\/centrafricaine\/sites\/45\/2021\/07\/img-61016fc7861c5.jpg\",\"keywords\":[\"Africa Press\",\"Africa Press-CentrAfricaine\",\"CentrAfricaine\"],\"articleSection\":[\"homepage-french\",\"Politique\",\"Top Nouvelles\",\"Toutes les actualit\u00e9s\"],\"inLanguage\":\"fr-FR\",\"potentialAction\":[{\"@type\":\"CommentAction\",\"name\":\"Comment\",\"target\":[\"https:\/\/www.africa-press.net\/centrafricaine\/politique\/communique-de-presse-conjoint-du-g5sur-la-situation-en-centrafrique#respond\"]}]},{\"@type\":\"WebPage\",\"@id\":\"https:\/\/www.africa-press.net\/centrafricaine\/politique\/communique-de-presse-conjoint-du-g5sur-la-situation-en-centrafrique\",\"url\":\"https:\/\/www.africa-press.net\/centrafricaine\/politique\/communique-de-presse-conjoint-du-g5sur-la-situation-en-centrafrique\",\"name\":\"COMMUNIQUE DE PRESSE CONJOINT DU G5+sur la situation en Centrafrique - centrafricaine\",\"isPartOf\":{\"@id\":\"https:\/\/www.africa-press.net\/centrafricaine\/#website\"},\"primaryImageOfPage\":{\"@id\":\"https:\/\/www.africa-press.net\/centrafricaine\/politique\/communique-de-presse-conjoint-du-g5sur-la-situation-en-centrafrique#primaryimage\"},\"image\":{\"@id\":\"https:\/\/www.africa-press.net\/centrafricaine\/politique\/communique-de-presse-conjoint-du-g5sur-la-situation-en-centrafrique#primaryimage\"},\"thumbnailUrl\":\"https:\/\/static.africa-press.net\/centrafricaine\/sites\/45\/2021\/07\/img-61016fc7861c5.jpg\",\"datePublished\":\"2021-07-28T14:57:15+00:00\",\"dateModified\":\"2021-07-28T20:33:52+00:00\",\"author\":{\"@id\":\"https:\/\/www.africa-press.net\/centrafricaine\/#\/schema\/person\/2b1cf3cd81a31e3cd26889ca66d677f1\"},\"description\":\"Les G5+, un groupe d\u2019Etats et d\u2019institutions internationales partenaires de la R\u00e9publique Centrafricaine, notent avec un ...\",\"breadcrumb\":{\"@id\":\"https:\/\/www.africa-press.net\/centrafricaine\/politique\/communique-de-presse-conjoint-du-g5sur-la-situation-en-centrafrique#breadcrumb\"},\"inLanguage\":\"fr-FR\",\"potentialAction\":[{\"@type\":\"ReadAction\",\"target\":[\"https:\/\/www.africa-press.net\/centrafricaine\/politique\/communique-de-presse-conjoint-du-g5sur-la-situation-en-centrafrique\"]}]},{\"@type\":\"ImageObject\",\"inLanguage\":\"fr-FR\",\"@id\":\"https:\/\/www.africa-press.net\/centrafricaine\/politique\/communique-de-presse-conjoint-du-g5sur-la-situation-en-centrafrique#primaryimage\",\"url\":\"https:\/\/static.africa-press.net\/centrafricaine\/sites\/45\/2021\/07\/img-61016fc7861c5.jpg\",\"contentUrl\":\"https:\/\/static.africa-press.net\/centrafricaine\/sites\/45\/2021\/07\/img-61016fc7861c5.jpg\",\"width\":750,\"height\":304,\"caption\":\"COMMUNIQUE DE PRESSE CONJOINT DU G5+sur la situation en Centrafrique\"},{\"@type\":\"BreadcrumbList\",\"@id\":\"https:\/\/www.africa-press.net\/centrafricaine\/politique\/communique-de-presse-conjoint-du-g5sur-la-situation-en-centrafrique#breadcrumb\",\"itemListElement\":[{\"@type\":\"ListItem\",\"position\":1,\"name\":\"Accueil\",\"item\":\"https:\/\/www.africa-press.net\/centrafricaine\/\"},{\"@type\":\"ListItem\",\"position\":2,\"name\":\"COMMUNIQUE DE PRESSE CONJOINT DU G5+sur la situation en Centrafrique\"}]},{\"@type\":\"WebSite\",\"@id\":\"https:\/\/www.africa-press.net\/centrafricaine\/#website\",\"url\":\"https:\/\/www.africa-press.net\/centrafricaine\/\",\"name\":\"centrafricaine\",\"description\":\"Just another Africa News Agency Sites site\",\"potentialAction\":[{\"@type\":\"SearchAction\",\"target\":{\"@type\":\"EntryPoint\",\"urlTemplate\":\"https:\/\/www.africa-press.net\/centrafricaine\/?s={search_term_string}\"},\"query-input\":{\"@type\":\"PropertyValueSpecification\",\"valueRequired\":true,\"valueName\":\"search_term_string\"}}],\"inLanguage\":\"fr-FR\"},{\"@type\":\"Person\",\"@id\":\"https:\/\/www.africa-press.net\/centrafricaine\/#\/schema\/person\/2b1cf3cd81a31e3cd26889ca66d677f1\",\"name\":\"cfeditorfr\"}]}<\/script>\n<!-- \/ Yoast SEO Premium plugin. -->","yoast_head_json":{"title":"COMMUNIQUE DE PRESSE CONJOINT DU G5+sur la situation en Centrafrique - centrafricaine","description":"Les G5+, un groupe d\u2019Etats et d\u2019institutions internationales partenaires de la R\u00e9publique Centrafricaine, notent avec un ...","robots":{"index":"index","follow":"follow","max-snippet":"max-snippet:-1","max-image-preview":"max-image-preview:large","max-video-preview":"max-video-preview:-1"},"canonical":"https:\/\/www.africa-press.net\/centrafricaine\/politique\/communique-de-presse-conjoint-du-g5sur-la-situation-en-centrafrique","og_locale":"fr_FR","og_type":"article","og_title":"COMMUNIQUE DE PRESSE CONJOINT DU G5+sur la situation en Centrafrique","og_description":"Les G5+, un groupe d\u2019Etats et d\u2019institutions internationales partenaires de la R\u00e9publique Centrafricaine, notent avec un ...","og_url":"https:\/\/www.africa-press.net\/centrafricaine\/politique\/communique-de-presse-conjoint-du-g5sur-la-situation-en-centrafrique","og_site_name":"centrafricaine","article_published_time":"2021-07-28T14:57:15+00:00","article_modified_time":"2021-07-28T20:33:52+00:00","og_image":[{"width":750,"height":304,"url":"https:\/\/static.africa-press.net\/centrafricaine\/sites\/45\/2021\/07\/img-61016fc7861c5.jpg","type":"image\/jpeg"}],"author":"cfeditorfr","twitter_card":"summary_large_image","twitter_misc":{"\u00c9crit par":"cfeditorfr","Dur\u00e9e de lecture estim\u00e9e":"3 minutes"},"schema":{"@context":"https:\/\/schema.org","@graph":[{"@type":"Article","@id":"https:\/\/www.africa-press.net\/centrafricaine\/politique\/communique-de-presse-conjoint-du-g5sur-la-situation-en-centrafrique#article","isPartOf":{"@id":"https:\/\/www.africa-press.net\/centrafricaine\/politique\/communique-de-presse-conjoint-du-g5sur-la-situation-en-centrafrique"},"author":{"name":"cfeditorfr","@id":"https:\/\/www.africa-press.net\/centrafricaine\/#\/schema\/person\/2b1cf3cd81a31e3cd26889ca66d677f1"},"headline":"COMMUNIQUE DE PRESSE CONJOINT DU G5+sur la situation en Centrafrique","datePublished":"2021-07-28T14:57:15+00:00","dateModified":"2021-07-28T20:33:52+00:00","mainEntityOfPage":{"@id":"https:\/\/www.africa-press.net\/centrafricaine\/politique\/communique-de-presse-conjoint-du-g5sur-la-situation-en-centrafrique"},"wordCount":629,"commentCount":0,"image":{"@id":"https:\/\/www.africa-press.net\/centrafricaine\/politique\/communique-de-presse-conjoint-du-g5sur-la-situation-en-centrafrique#primaryimage"},"thumbnailUrl":"https:\/\/static.africa-press.net\/centrafricaine\/sites\/45\/2021\/07\/img-61016fc7861c5.jpg","keywords":["Africa Press","Africa Press-CentrAfricaine","CentrAfricaine"],"articleSection":["homepage-french","Politique","Top Nouvelles","Toutes les actualit\u00e9s"],"inLanguage":"fr-FR","potentialAction":[{"@type":"CommentAction","name":"Comment","target":["https:\/\/www.africa-press.net\/centrafricaine\/politique\/communique-de-presse-conjoint-du-g5sur-la-situation-en-centrafrique#respond"]}]},{"@type":"WebPage","@id":"https:\/\/www.africa-press.net\/centrafricaine\/politique\/communique-de-presse-conjoint-du-g5sur-la-situation-en-centrafrique","url":"https:\/\/www.africa-press.net\/centrafricaine\/politique\/communique-de-presse-conjoint-du-g5sur-la-situation-en-centrafrique","name":"COMMUNIQUE DE PRESSE CONJOINT DU G5+sur la situation en Centrafrique - centrafricaine","isPartOf":{"@id":"https:\/\/www.africa-press.net\/centrafricaine\/#website"},"primaryImageOfPage":{"@id":"https:\/\/www.africa-press.net\/centrafricaine\/politique\/communique-de-presse-conjoint-du-g5sur-la-situation-en-centrafrique#primaryimage"},"image":{"@id":"https:\/\/www.africa-press.net\/centrafricaine\/politique\/communique-de-presse-conjoint-du-g5sur-la-situation-en-centrafrique#primaryimage"},"thumbnailUrl":"https:\/\/static.africa-press.net\/centrafricaine\/sites\/45\/2021\/07\/img-61016fc7861c5.jpg","datePublished":"2021-07-28T14:57:15+00:00","dateModified":"2021-07-28T20:33:52+00:00","author":{"@id":"https:\/\/www.africa-press.net\/centrafricaine\/#\/schema\/person\/2b1cf3cd81a31e3cd26889ca66d677f1"},"description":"Les G5+, un groupe d\u2019Etats et d\u2019institutions internationales partenaires de la R\u00e9publique Centrafricaine, notent avec un ...","breadcrumb":{"@id":"https:\/\/www.africa-press.net\/centrafricaine\/politique\/communique-de-presse-conjoint-du-g5sur-la-situation-en-centrafrique#breadcrumb"},"inLanguage":"fr-FR","potentialAction":[{"@type":"ReadAction","target":["https:\/\/www.africa-press.net\/centrafricaine\/politique\/communique-de-presse-conjoint-du-g5sur-la-situation-en-centrafrique"]}]},{"@type":"ImageObject","inLanguage":"fr-FR","@id":"https:\/\/www.africa-press.net\/centrafricaine\/politique\/communique-de-presse-conjoint-du-g5sur-la-situation-en-centrafrique#primaryimage","url":"https:\/\/static.africa-press.net\/centrafricaine\/sites\/45\/2021\/07\/img-61016fc7861c5.jpg","contentUrl":"https:\/\/static.africa-press.net\/centrafricaine\/sites\/45\/2021\/07\/img-61016fc7861c5.jpg","width":750,"height":304,"caption":"COMMUNIQUE DE PRESSE CONJOINT DU G5+sur la situation en Centrafrique"},{"@type":"BreadcrumbList","@id":"https:\/\/www.africa-press.net\/centrafricaine\/politique\/communique-de-presse-conjoint-du-g5sur-la-situation-en-centrafrique#breadcrumb","itemListElement":[{"@type":"ListItem","position":1,"name":"Accueil","item":"https:\/\/www.africa-press.net\/centrafricaine\/"},{"@type":"ListItem","position":2,"name":"COMMUNIQUE DE PRESSE CONJOINT DU G5+sur la situation en Centrafrique"}]},{"@type":"WebSite","@id":"https:\/\/www.africa-press.net\/centrafricaine\/#website","url":"https:\/\/www.africa-press.net\/centrafricaine\/","name":"centrafricaine","description":"Just another Africa News Agency Sites site","potentialAction":[{"@type":"SearchAction","target":{"@type":"EntryPoint","urlTemplate":"https:\/\/www.africa-press.net\/centrafricaine\/?s={search_term_string}"},"query-input":{"@type":"PropertyValueSpecification","valueRequired":true,"valueName":"search_term_string"}}],"inLanguage":"fr-FR"},{"@type":"Person","@id":"https:\/\/www.africa-press.net\/centrafricaine\/#\/schema\/person\/2b1cf3cd81a31e3cd26889ca66d677f1","name":"cfeditorfr"}]}},"_links":{"self":[{"href":"https:\/\/www.africa-press.net\/centrafricaine\/wp-json\/wp\/v2\/posts\/9383","targetHints":{"allow":["GET"]}}],"collection":[{"href":"https:\/\/www.africa-press.net\/centrafricaine\/wp-json\/wp\/v2\/posts"}],"about":[{"href":"https:\/\/www.africa-press.net\/centrafricaine\/wp-json\/wp\/v2\/types\/post"}],"author":[{"embeddable":true,"href":"https:\/\/www.africa-press.net\/centrafricaine\/wp-json\/wp\/v2\/users\/82"}],"replies":[{"embeddable":true,"href":"https:\/\/www.africa-press.net\/centrafricaine\/wp-json\/wp\/v2\/comments?post=9383"}],"version-history":[{"count":0,"href":"https:\/\/www.africa-press.net\/centrafricaine\/wp-json\/wp\/v2\/posts\/9383\/revisions"}],"wp:featuredmedia":[{"embeddable":true,"href":"https:\/\/www.africa-press.net\/centrafricaine\/wp-json\/wp\/v2\/media\/9382"}],"wp:attachment":[{"href":"https:\/\/www.africa-press.net\/centrafricaine\/wp-json\/wp\/v2\/media?parent=9383"}],"wp:term":[{"taxonomy":"category","embeddable":true,"href":"https:\/\/www.africa-press.net\/centrafricaine\/wp-json\/wp\/v2\/categories?post=9383"},{"taxonomy":"post_tag","embeddable":true,"href":"https:\/\/www.africa-press.net\/centrafricaine\/wp-json\/wp\/v2\/tags?post=9383"}],"curies":[{"name":"wp","href":"https:\/\/api.w.org\/{rel}","templated":true}]}}