{"id":9386,"date":"2021-07-28T15:03:52","date_gmt":"2021-07-28T15:03:52","guid":{"rendered":"https:\/\/www.africa-press.net\/centrafricaine\/?p=9386"},"modified":"2021-07-28T20:34:04","modified_gmt":"2021-07-28T20:34:04","slug":"bangui-deux-motos-emportees-dans-un-acte-de-braquage-dans-le-huitieme-arrondissement","status":"publish","type":"post","link":"https:\/\/www.africa-press.net\/centrafricaine\/toutes-les-actualites\/bangui-deux-motos-emportees-dans-un-acte-de-braquage-dans-le-huitieme-arrondissement","title":{"rendered":"deux motos emport\u00e9es dans un acte de braquage dans le huiti\u00e8me arrondissement"},"content":{"rendered":"<p><span style=\"color: #ff6600\"><strong><a href=\"https:\/\/www.africa-press.net\/\">Africa-Press<\/a> &#8211; <a href=\"https:\/\/www.africa-press.net\/centrafricaine\">CentrAfricaine<\/a>.\u00a0 <\/strong><\/span>Une fois de plus, le quartier Galabadja, dans le huiti\u00e8me arrondissement de Bangui a \u00e9t\u00e9 secou\u00e9e par des d\u00e9tonations d\u2019armes. Un groupe des malfaiteurs, connus pour sa brutalit\u00e9, a encore frapp\u00e9 chez une paisible famille. Deux motos emport\u00e9es, et plusieurs interrogations.<\/p>\n<p>En effet, dans la nuit du lundi \u00e0 mardi 27 juillet, vers 3 heures du matin, trois braqueurs, arm\u00e9s du fusil, ont fait irruption chez une famille du quartier Galabadja derri\u00e8re l\u2019\u00c9glise catholique Saint-Jean. L\u2019un des trois malfaiteurs, aid\u00e9 par ses deux compagnons, saute sur la cl\u00f4ture et va d\u00e9barrer le portail principal aux deux autres. Imm\u00e9diatement, les trois malfaiteurs se sont dirig\u00e9s vers la deuxi\u00e8me maison annexe de la concession, et y p\u00e9n\u00e8trent par effraction avant de r\u00e9cup\u00e9rer deux motos appartenant \u00e0 cette famille.<\/p>\n<p>Une plainte contre X a \u00e9t\u00e9 d\u00e9pos\u00e9e par les propri\u00e9taires au commissariat du huiti\u00e8me arrondissement ce mardi., quelques heures apr\u00e8s les faits.<\/p>\n<p>Mais selon plusieurs voisins des victimes, les braqueurs se sont habill\u00e9s en tenus militaires. Ils \u00e9taient venus sur moto, concluent-ils. Cette information vient confirmer celles recueillies quelques semaines plut\u00f4t apr\u00e8s le braquage et assassinat d\u2019un jeune ing\u00e9nieur habitant dans le m\u00eame quartier Galabadja il y\u2019 deux semaines. Toutes les informations recueillies pointent du doigt les soldats FACA. Mais que font nos autorit\u00e9s ?<\/p>\n<p><b>\u00a0<\/b><\/p>\n","protected":false},"excerpt":{"rendered":"<p>Africa-Press &#8211; CentrAfricaine.\u00a0 Une fois de plus, le quartier Galabadja, dans le huiti\u00e8me arrondissement de Bangui a \u00e9t\u00e9 secou\u00e9e par des d\u00e9tonations d\u2019armes. Un groupe des malfaiteurs, connus pour sa brutalit\u00e9, a encore frapp\u00e9 chez une paisible famille. Deux motos emport\u00e9es, et plusieurs interrogations. En effet, dans la nuit du lundi \u00e0 mardi 27 juillet, [&hellip;]<\/p>\n","protected":false},"author":82,"featured_media":9385,"comment_status":"open","ping_status":"closed","sticky":false,"template":"","format":"standard","meta":{"footnotes":""},"categories":[21,11,10],"tags":[36,58,30],"class_list":["post-9386","post","type-post","status-publish","format-standard","has-post-thumbnail","hentry","category-communaute","category-homepage-french","category-toutes-les-actualites","tag-africa-press","tag-africa-press-centrafricaine","tag-centrafricaine"],"yoast_head":"<!-- This site is optimized with the Yoast SEO Premium plugin v26.1 (Yoast SEO v27.0) - https:\/\/yoast.com\/product\/yoast-seo-premium-wordpress\/ -->\n<title>deux motos emport\u00e9es dans un acte de braquage dans le huiti\u00e8me arrondissement - centrafricaine<\/title>\n<meta name=\"description\" content=\"Bangui, R\u00e9publique centrafricaine, mercredi, 28 juillet 2021, 03:28:57 ( Corbeaunews-Centrafrique ). Une fois de ...\" \/>\n<meta name=\"robots\" content=\"index, follow, max-snippet:-1, max-image-preview:large, max-video-preview:-1\" \/>\n<link rel=\"canonical\" href=\"https:\/\/www.africa-press.net\/centrafricaine\/toutes-les-actualites\/bangui-deux-motos-emportees-dans-un-acte-de-braquage-dans-le-huitieme-arrondissement\" \/>\n<meta property=\"og:locale\" content=\"fr_FR\" \/>\n<meta property=\"og:type\" content=\"article\" \/>\n<meta property=\"og:title\" content=\"deux motos emport\u00e9es dans un acte de braquage dans le huiti\u00e8me arrondissement\" \/>\n<meta property=\"og:description\" content=\"Bangui, R\u00e9publique centrafricaine, mercredi, 28 juillet 2021, 03:28:57 ( Corbeaunews-Centrafrique ). Une fois de ...\" \/>\n<meta property=\"og:url\" content=\"https:\/\/www.africa-press.net\/centrafricaine\/toutes-les-actualites\/bangui-deux-motos-emportees-dans-un-acte-de-braquage-dans-le-huitieme-arrondissement\" \/>\n<meta property=\"og:site_name\" content=\"centrafricaine\" \/>\n<meta property=\"article:published_time\" content=\"2021-07-28T15:03:52+00:00\" \/>\n<meta property=\"article:modified_time\" content=\"2021-07-28T20:34:04+00:00\" \/>\n<meta property=\"og:image\" content=\"https:\/\/static.africa-press.net\/centrafricaine\/sites\/45\/2021\/07\/img-61016fec9a307.jpg\" \/>\n\t<meta property=\"og:image:width\" content=\"720\" \/>\n\t<meta property=\"og:image:height\" content=\"540\" \/>\n\t<meta property=\"og:image:type\" content=\"image\/jpeg\" \/>\n<meta name=\"author\" content=\"cfeditorfr\" \/>\n<meta name=\"twitter:card\" content=\"summary_large_image\" \/>\n<meta name=\"twitter:label1\" content=\"\u00c9crit par\" \/>\n\t<meta name=\"twitter:data1\" content=\"cfeditorfr\" \/>\n\t<meta name=\"twitter:label2\" content=\"Dur\u00e9e de lecture estim\u00e9e\" \/>\n\t<meta name=\"twitter:data2\" content=\"1 minute\" \/>\n<script type=\"application\/ld+json\" class=\"yoast-schema-graph\">{\"@context\":\"https:\/\/schema.org\",\"@graph\":[{\"@type\":\"Article\",\"@id\":\"https:\/\/www.africa-press.net\/centrafricaine\/toutes-les-actualites\/bangui-deux-motos-emportees-dans-un-acte-de-braquage-dans-le-huitieme-arrondissement#article\",\"isPartOf\":{\"@id\":\"https:\/\/www.africa-press.net\/centrafricaine\/toutes-les-actualites\/bangui-deux-motos-emportees-dans-un-acte-de-braquage-dans-le-huitieme-arrondissement\"},\"author\":{\"name\":\"cfeditorfr\",\"@id\":\"https:\/\/www.africa-press.net\/centrafricaine\/#\/schema\/person\/2b1cf3cd81a31e3cd26889ca66d677f1\"},\"headline\":\"deux motos emport\u00e9es dans un acte de braquage dans le huiti\u00e8me arrondissement\",\"datePublished\":\"2021-07-28T15:03:52+00:00\",\"dateModified\":\"2021-07-28T20:34:04+00:00\",\"mainEntityOfPage\":{\"@id\":\"https:\/\/www.africa-press.net\/centrafricaine\/toutes-les-actualites\/bangui-deux-motos-emportees-dans-un-acte-de-braquage-dans-le-huitieme-arrondissement\"},\"wordCount\":253,\"commentCount\":0,\"image\":{\"@id\":\"https:\/\/www.africa-press.net\/centrafricaine\/toutes-les-actualites\/bangui-deux-motos-emportees-dans-un-acte-de-braquage-dans-le-huitieme-arrondissement#primaryimage\"},\"thumbnailUrl\":\"https:\/\/static.africa-press.net\/centrafricaine\/sites\/45\/2021\/07\/img-61016fec9a307.jpg\",\"keywords\":[\"Africa Press\",\"Africa Press-CentrAfricaine\",\"CentrAfricaine\"],\"articleSection\":[\"Communaut\u00e9\",\"homepage-french\",\"Toutes les actualit\u00e9s\"],\"inLanguage\":\"fr-FR\",\"potentialAction\":[{\"@type\":\"CommentAction\",\"name\":\"Comment\",\"target\":[\"https:\/\/www.africa-press.net\/centrafricaine\/toutes-les-actualites\/bangui-deux-motos-emportees-dans-un-acte-de-braquage-dans-le-huitieme-arrondissement#respond\"]}]},{\"@type\":\"WebPage\",\"@id\":\"https:\/\/www.africa-press.net\/centrafricaine\/toutes-les-actualites\/bangui-deux-motos-emportees-dans-un-acte-de-braquage-dans-le-huitieme-arrondissement\",\"url\":\"https:\/\/www.africa-press.net\/centrafricaine\/toutes-les-actualites\/bangui-deux-motos-emportees-dans-un-acte-de-braquage-dans-le-huitieme-arrondissement\",\"name\":\"deux motos emport\u00e9es dans un acte de braquage dans le huiti\u00e8me arrondissement - centrafricaine\",\"isPartOf\":{\"@id\":\"https:\/\/www.africa-press.net\/centrafricaine\/#website\"},\"primaryImageOfPage\":{\"@id\":\"https:\/\/www.africa-press.net\/centrafricaine\/toutes-les-actualites\/bangui-deux-motos-emportees-dans-un-acte-de-braquage-dans-le-huitieme-arrondissement#primaryimage\"},\"image\":{\"@id\":\"https:\/\/www.africa-press.net\/centrafricaine\/toutes-les-actualites\/bangui-deux-motos-emportees-dans-un-acte-de-braquage-dans-le-huitieme-arrondissement#primaryimage\"},\"thumbnailUrl\":\"https:\/\/static.africa-press.net\/centrafricaine\/sites\/45\/2021\/07\/img-61016fec9a307.jpg\",\"datePublished\":\"2021-07-28T15:03:52+00:00\",\"dateModified\":\"2021-07-28T20:34:04+00:00\",\"author\":{\"@id\":\"https:\/\/www.africa-press.net\/centrafricaine\/#\/schema\/person\/2b1cf3cd81a31e3cd26889ca66d677f1\"},\"description\":\"Bangui, R\u00e9publique centrafricaine, mercredi, 28 juillet 2021, 03:28:57 ( Corbeaunews-Centrafrique ). Une fois de ...\",\"breadcrumb\":{\"@id\":\"https:\/\/www.africa-press.net\/centrafricaine\/toutes-les-actualites\/bangui-deux-motos-emportees-dans-un-acte-de-braquage-dans-le-huitieme-arrondissement#breadcrumb\"},\"inLanguage\":\"fr-FR\",\"potentialAction\":[{\"@type\":\"ReadAction\",\"target\":[\"https:\/\/www.africa-press.net\/centrafricaine\/toutes-les-actualites\/bangui-deux-motos-emportees-dans-un-acte-de-braquage-dans-le-huitieme-arrondissement\"]}]},{\"@type\":\"ImageObject\",\"inLanguage\":\"fr-FR\",\"@id\":\"https:\/\/www.africa-press.net\/centrafricaine\/toutes-les-actualites\/bangui-deux-motos-emportees-dans-un-acte-de-braquage-dans-le-huitieme-arrondissement#primaryimage\",\"url\":\"https:\/\/static.africa-press.net\/centrafricaine\/sites\/45\/2021\/07\/img-61016fec9a307.jpg\",\"contentUrl\":\"https:\/\/static.africa-press.net\/centrafricaine\/sites\/45\/2021\/07\/img-61016fec9a307.jpg\",\"width\":720,\"height\":540,\"caption\":\"Bangui, deux motos emport\u00e9es dans un acte de braquage dans le huiti\u00e8me arrondissement\"},{\"@type\":\"BreadcrumbList\",\"@id\":\"https:\/\/www.africa-press.net\/centrafricaine\/toutes-les-actualites\/bangui-deux-motos-emportees-dans-un-acte-de-braquage-dans-le-huitieme-arrondissement#breadcrumb\",\"itemListElement\":[{\"@type\":\"ListItem\",\"position\":1,\"name\":\"Accueil\",\"item\":\"https:\/\/www.africa-press.net\/centrafricaine\/\"},{\"@type\":\"ListItem\",\"position\":2,\"name\":\"deux motos emport\u00e9es dans un acte de braquage dans le huiti\u00e8me arrondissement\"}]},{\"@type\":\"WebSite\",\"@id\":\"https:\/\/www.africa-press.net\/centrafricaine\/#website\",\"url\":\"https:\/\/www.africa-press.net\/centrafricaine\/\",\"name\":\"centrafricaine\",\"description\":\"Just another Africa News Agency Sites site\",\"potentialAction\":[{\"@type\":\"SearchAction\",\"target\":{\"@type\":\"EntryPoint\",\"urlTemplate\":\"https:\/\/www.africa-press.net\/centrafricaine\/?s={search_term_string}\"},\"query-input\":{\"@type\":\"PropertyValueSpecification\",\"valueRequired\":true,\"valueName\":\"search_term_string\"}}],\"inLanguage\":\"fr-FR\"},{\"@type\":\"Person\",\"@id\":\"https:\/\/www.africa-press.net\/centrafricaine\/#\/schema\/person\/2b1cf3cd81a31e3cd26889ca66d677f1\",\"name\":\"cfeditorfr\"}]}<\/script>\n<!-- \/ Yoast SEO Premium plugin. -->","yoast_head_json":{"title":"deux motos emport\u00e9es dans un acte de braquage dans le huiti\u00e8me arrondissement - centrafricaine","description":"Bangui, R\u00e9publique centrafricaine, mercredi, 28 juillet 2021, 03:28:57 ( Corbeaunews-Centrafrique ). Une fois de ...","robots":{"index":"index","follow":"follow","max-snippet":"max-snippet:-1","max-image-preview":"max-image-preview:large","max-video-preview":"max-video-preview:-1"},"canonical":"https:\/\/www.africa-press.net\/centrafricaine\/toutes-les-actualites\/bangui-deux-motos-emportees-dans-un-acte-de-braquage-dans-le-huitieme-arrondissement","og_locale":"fr_FR","og_type":"article","og_title":"deux motos emport\u00e9es dans un acte de braquage dans le huiti\u00e8me arrondissement","og_description":"Bangui, R\u00e9publique centrafricaine, mercredi, 28 juillet 2021, 03:28:57 ( Corbeaunews-Centrafrique ). Une fois de ...","og_url":"https:\/\/www.africa-press.net\/centrafricaine\/toutes-les-actualites\/bangui-deux-motos-emportees-dans-un-acte-de-braquage-dans-le-huitieme-arrondissement","og_site_name":"centrafricaine","article_published_time":"2021-07-28T15:03:52+00:00","article_modified_time":"2021-07-28T20:34:04+00:00","og_image":[{"width":720,"height":540,"url":"https:\/\/static.africa-press.net\/centrafricaine\/sites\/45\/2021\/07\/img-61016fec9a307.jpg","type":"image\/jpeg"}],"author":"cfeditorfr","twitter_card":"summary_large_image","twitter_misc":{"\u00c9crit par":"cfeditorfr","Dur\u00e9e de lecture estim\u00e9e":"1 minute"},"schema":{"@context":"https:\/\/schema.org","@graph":[{"@type":"Article","@id":"https:\/\/www.africa-press.net\/centrafricaine\/toutes-les-actualites\/bangui-deux-motos-emportees-dans-un-acte-de-braquage-dans-le-huitieme-arrondissement#article","isPartOf":{"@id":"https:\/\/www.africa-press.net\/centrafricaine\/toutes-les-actualites\/bangui-deux-motos-emportees-dans-un-acte-de-braquage-dans-le-huitieme-arrondissement"},"author":{"name":"cfeditorfr","@id":"https:\/\/www.africa-press.net\/centrafricaine\/#\/schema\/person\/2b1cf3cd81a31e3cd26889ca66d677f1"},"headline":"deux motos emport\u00e9es dans un acte de braquage dans le huiti\u00e8me arrondissement","datePublished":"2021-07-28T15:03:52+00:00","dateModified":"2021-07-28T20:34:04+00:00","mainEntityOfPage":{"@id":"https:\/\/www.africa-press.net\/centrafricaine\/toutes-les-actualites\/bangui-deux-motos-emportees-dans-un-acte-de-braquage-dans-le-huitieme-arrondissement"},"wordCount":253,"commentCount":0,"image":{"@id":"https:\/\/www.africa-press.net\/centrafricaine\/toutes-les-actualites\/bangui-deux-motos-emportees-dans-un-acte-de-braquage-dans-le-huitieme-arrondissement#primaryimage"},"thumbnailUrl":"https:\/\/static.africa-press.net\/centrafricaine\/sites\/45\/2021\/07\/img-61016fec9a307.jpg","keywords":["Africa Press","Africa Press-CentrAfricaine","CentrAfricaine"],"articleSection":["Communaut\u00e9","homepage-french","Toutes les actualit\u00e9s"],"inLanguage":"fr-FR","potentialAction":[{"@type":"CommentAction","name":"Comment","target":["https:\/\/www.africa-press.net\/centrafricaine\/toutes-les-actualites\/bangui-deux-motos-emportees-dans-un-acte-de-braquage-dans-le-huitieme-arrondissement#respond"]}]},{"@type":"WebPage","@id":"https:\/\/www.africa-press.net\/centrafricaine\/toutes-les-actualites\/bangui-deux-motos-emportees-dans-un-acte-de-braquage-dans-le-huitieme-arrondissement","url":"https:\/\/www.africa-press.net\/centrafricaine\/toutes-les-actualites\/bangui-deux-motos-emportees-dans-un-acte-de-braquage-dans-le-huitieme-arrondissement","name":"deux motos emport\u00e9es dans un acte de braquage dans le huiti\u00e8me arrondissement - centrafricaine","isPartOf":{"@id":"https:\/\/www.africa-press.net\/centrafricaine\/#website"},"primaryImageOfPage":{"@id":"https:\/\/www.africa-press.net\/centrafricaine\/toutes-les-actualites\/bangui-deux-motos-emportees-dans-un-acte-de-braquage-dans-le-huitieme-arrondissement#primaryimage"},"image":{"@id":"https:\/\/www.africa-press.net\/centrafricaine\/toutes-les-actualites\/bangui-deux-motos-emportees-dans-un-acte-de-braquage-dans-le-huitieme-arrondissement#primaryimage"},"thumbnailUrl":"https:\/\/static.africa-press.net\/centrafricaine\/sites\/45\/2021\/07\/img-61016fec9a307.jpg","datePublished":"2021-07-28T15:03:52+00:00","dateModified":"2021-07-28T20:34:04+00:00","author":{"@id":"https:\/\/www.africa-press.net\/centrafricaine\/#\/schema\/person\/2b1cf3cd81a31e3cd26889ca66d677f1"},"description":"Bangui, R\u00e9publique centrafricaine, mercredi, 28 juillet 2021, 03:28:57 ( Corbeaunews-Centrafrique ). Une fois de ...","breadcrumb":{"@id":"https:\/\/www.africa-press.net\/centrafricaine\/toutes-les-actualites\/bangui-deux-motos-emportees-dans-un-acte-de-braquage-dans-le-huitieme-arrondissement#breadcrumb"},"inLanguage":"fr-FR","potentialAction":[{"@type":"ReadAction","target":["https:\/\/www.africa-press.net\/centrafricaine\/toutes-les-actualites\/bangui-deux-motos-emportees-dans-un-acte-de-braquage-dans-le-huitieme-arrondissement"]}]},{"@type":"ImageObject","inLanguage":"fr-FR","@id":"https:\/\/www.africa-press.net\/centrafricaine\/toutes-les-actualites\/bangui-deux-motos-emportees-dans-un-acte-de-braquage-dans-le-huitieme-arrondissement#primaryimage","url":"https:\/\/static.africa-press.net\/centrafricaine\/sites\/45\/2021\/07\/img-61016fec9a307.jpg","contentUrl":"https:\/\/static.africa-press.net\/centrafricaine\/sites\/45\/2021\/07\/img-61016fec9a307.jpg","width":720,"height":540,"caption":"Bangui, deux motos emport\u00e9es dans un acte de braquage dans le huiti\u00e8me arrondissement"},{"@type":"BreadcrumbList","@id":"https:\/\/www.africa-press.net\/centrafricaine\/toutes-les-actualites\/bangui-deux-motos-emportees-dans-un-acte-de-braquage-dans-le-huitieme-arrondissement#breadcrumb","itemListElement":[{"@type":"ListItem","position":1,"name":"Accueil","item":"https:\/\/www.africa-press.net\/centrafricaine\/"},{"@type":"ListItem","position":2,"name":"deux motos emport\u00e9es dans un acte de braquage dans le huiti\u00e8me arrondissement"}]},{"@type":"WebSite","@id":"https:\/\/www.africa-press.net\/centrafricaine\/#website","url":"https:\/\/www.africa-press.net\/centrafricaine\/","name":"centrafricaine","description":"Just another Africa News Agency Sites site","potentialAction":[{"@type":"SearchAction","target":{"@type":"EntryPoint","urlTemplate":"https:\/\/www.africa-press.net\/centrafricaine\/?s={search_term_string}"},"query-input":{"@type":"PropertyValueSpecification","valueRequired":true,"valueName":"search_term_string"}}],"inLanguage":"fr-FR"},{"@type":"Person","@id":"https:\/\/www.africa-press.net\/centrafricaine\/#\/schema\/person\/2b1cf3cd81a31e3cd26889ca66d677f1","name":"cfeditorfr"}]}},"_links":{"self":[{"href":"https:\/\/www.africa-press.net\/centrafricaine\/wp-json\/wp\/v2\/posts\/9386","targetHints":{"allow":["GET"]}}],"collection":[{"href":"https:\/\/www.africa-press.net\/centrafricaine\/wp-json\/wp\/v2\/posts"}],"about":[{"href":"https:\/\/www.africa-press.net\/centrafricaine\/wp-json\/wp\/v2\/types\/post"}],"author":[{"embeddable":true,"href":"https:\/\/www.africa-press.net\/centrafricaine\/wp-json\/wp\/v2\/users\/82"}],"replies":[{"embeddable":true,"href":"https:\/\/www.africa-press.net\/centrafricaine\/wp-json\/wp\/v2\/comments?post=9386"}],"version-history":[{"count":0,"href":"https:\/\/www.africa-press.net\/centrafricaine\/wp-json\/wp\/v2\/posts\/9386\/revisions"}],"wp:featuredmedia":[{"embeddable":true,"href":"https:\/\/www.africa-press.net\/centrafricaine\/wp-json\/wp\/v2\/media\/9385"}],"wp:attachment":[{"href":"https:\/\/www.africa-press.net\/centrafricaine\/wp-json\/wp\/v2\/media?parent=9386"}],"wp:term":[{"taxonomy":"category","embeddable":true,"href":"https:\/\/www.africa-press.net\/centrafricaine\/wp-json\/wp\/v2\/categories?post=9386"},{"taxonomy":"post_tag","embeddable":true,"href":"https:\/\/www.africa-press.net\/centrafricaine\/wp-json\/wp\/v2\/tags?post=9386"}],"curies":[{"name":"wp","href":"https:\/\/api.w.org\/{rel}","templated":true}]}}