{"id":9392,"date":"2021-07-28T15:19:54","date_gmt":"2021-07-28T15:19:54","guid":{"rendered":"https:\/\/www.africa-press.net\/centrafricaine\/?p=9392"},"modified":"2021-07-28T20:34:28","modified_gmt":"2021-07-28T20:34:28","slug":"rca-attaque-des-positions-des-faca-dans-le-nord-ouest-deux-morts-et-deux-blesses","status":"publish","type":"post","link":"https:\/\/www.africa-press.net\/centrafricaine\/politique\/rca-attaque-des-positions-des-faca-dans-le-nord-ouest-deux-morts-et-deux-blesses","title":{"rendered":"attaque des positions des FACA dans le nord-ouest, deux morts et deux bless\u00e9s"},"content":{"rendered":"<p><span style=\"color: #ff6600\"><strong><a href=\"https:\/\/www.africa-press.net\/\">Africa-Press<\/a> &#8211; <a href=\"https:\/\/www.africa-press.net\/centrafricaine\">CentrAfricaine<\/a>.\u00a0 <\/strong><\/span>Les quatre victimes ont \u00e9t\u00e9 transf\u00e9r\u00e9es \u00e0 Bouar ce mardi matin par le m\u00e9decin-chef du centre hospitalier de Y\u00e9l\u00e9wa, puis \u00e9vacu\u00e9es \u00e0 Bangui. C\u2019\u00e9tait une grande \u00e9motion au sein de l\u2019arm\u00e9e nationale \u00e0 Bouar \u00e0 l\u2019arriv\u00e9e des corps.<\/p>\n<p>Selon des sources, l\u2019attaque aurait \u00e9t\u00e9 men\u00e9e par les combattants rebelles de 3R, membres de la coalition des patriotes pour le changement (CPC).<\/p>\n<p><b>\u00ab C\u2019\u00e9tait le lundi vers 4 heures du matin que les rebelles ont attaqu\u00e9 la position des forces de d\u00e9fense dans le village Ndongu\u00e9 douane, situ\u00e9e \u00e0 15 kilom\u00e8tres de Y\u00e9l\u00e9wa. Les FACA ont repouss\u00e9 l\u2019attaque, mais malheureusement deux soldats FACA ont perdu la vie dans cet affrontement \u00bb<\/b><\/p>\n<p>, a t\u00e9moign\u00e9 une source au sein de l\u2019arm\u00e9e.<\/p>\n<p>D\u2019apr\u00e8s une autre source, l\u2019attaque a fait \u00e9galement deux bless\u00e9s du c\u00f4t\u00e9 de l\u2019arm\u00e9e nationale. Du c\u00f4t\u00e9 des rebelles, difficile de le savoir, mais on parle \u00e9galement des morts et des bless\u00e9s.<\/p>\n<p>Cependant, dans les localit\u00e9s de \u00ab Abba \u00bb, certaines sources ont signal\u00e9 un affrontement entre les 3R et les soldats FACA sur des chantiers miniers. On d\u00e9plore encore plusieurs morts. Notre \u00e9quipe est sur le point d\u2019aller sur le lieu de la sc\u00e8ne.<\/p>\n<p>Notons que les rebelles de 3R sont en majorit\u00e9 des Peuls nomade. Ils ma\u00eetrisent mieux la for\u00eat que quiconque. Ce qui leur donne un avantage sur le terrain conquis d\u2019avance.<\/p>\n<p><b>\u00a0<\/b><\/p>\n","protected":false},"excerpt":{"rendered":"<p>Africa-Press &#8211; CentrAfricaine.\u00a0 Les quatre victimes ont \u00e9t\u00e9 transf\u00e9r\u00e9es \u00e0 Bouar ce mardi matin par le m\u00e9decin-chef du centre hospitalier de Y\u00e9l\u00e9wa, puis \u00e9vacu\u00e9es \u00e0 Bangui. C\u2019\u00e9tait une grande \u00e9motion au sein de l\u2019arm\u00e9e nationale \u00e0 Bouar \u00e0 l\u2019arriv\u00e9e des corps. Selon des sources, l\u2019attaque aurait \u00e9t\u00e9 men\u00e9e par les combattants rebelles de 3R, membres [&hellip;]<\/p>\n","protected":false},"author":82,"featured_media":9391,"comment_status":"open","ping_status":"closed","sticky":false,"template":"","format":"standard","meta":{"footnotes":""},"categories":[11,2,10],"tags":[36,58,30],"class_list":["post-9392","post","type-post","status-publish","format-standard","has-post-thumbnail","hentry","category-homepage-french","category-politique","category-toutes-les-actualites","tag-africa-press","tag-africa-press-centrafricaine","tag-centrafricaine"],"yoast_head":"<!-- This site is optimized with the Yoast SEO Premium plugin v26.1 (Yoast SEO v27.0) - https:\/\/yoast.com\/product\/yoast-seo-premium-wordpress\/ -->\n<title>attaque des positions des FACA dans le nord-ouest, deux morts et deux bless\u00e9s - centrafricaine<\/title>\n<meta name=\"description\" content=\"Bangui, R\u00e9publique centrafricaine, mercredi, 28 juillet 2021, 03:11:10 ( Corbeaunews-Centrafrique ). Les quatre ...\" \/>\n<meta name=\"robots\" content=\"index, follow, max-snippet:-1, max-image-preview:large, max-video-preview:-1\" \/>\n<link rel=\"canonical\" href=\"https:\/\/www.africa-press.net\/centrafricaine\/politique\/rca-attaque-des-positions-des-faca-dans-le-nord-ouest-deux-morts-et-deux-blesses\" \/>\n<meta property=\"og:locale\" content=\"fr_FR\" \/>\n<meta property=\"og:type\" content=\"article\" \/>\n<meta property=\"og:title\" content=\"attaque des positions des FACA dans le nord-ouest, deux morts et deux bless\u00e9s\" \/>\n<meta property=\"og:description\" content=\"Bangui, R\u00e9publique centrafricaine, mercredi, 28 juillet 2021, 03:11:10 ( Corbeaunews-Centrafrique ). Les quatre ...\" \/>\n<meta property=\"og:url\" content=\"https:\/\/www.africa-press.net\/centrafricaine\/politique\/rca-attaque-des-positions-des-faca-dans-le-nord-ouest-deux-morts-et-deux-blesses\" \/>\n<meta property=\"og:site_name\" content=\"centrafricaine\" \/>\n<meta property=\"article:published_time\" content=\"2021-07-28T15:19:54+00:00\" \/>\n<meta property=\"article:modified_time\" content=\"2021-07-28T20:34:28+00:00\" \/>\n<meta property=\"og:image\" content=\"https:\/\/static.africa-press.net\/centrafricaine\/sites\/45\/2021\/07\/img-6101702a7f907.jpg\" \/>\n\t<meta property=\"og:image:width\" content=\"720\" \/>\n\t<meta property=\"og:image:height\" content=\"711\" \/>\n\t<meta property=\"og:image:type\" content=\"image\/jpeg\" \/>\n<meta name=\"author\" content=\"cfeditorfr\" \/>\n<meta name=\"twitter:card\" content=\"summary_large_image\" \/>\n<meta name=\"twitter:label1\" content=\"\u00c9crit par\" \/>\n\t<meta name=\"twitter:data1\" content=\"cfeditorfr\" \/>\n\t<meta name=\"twitter:label2\" content=\"Dur\u00e9e de lecture estim\u00e9e\" \/>\n\t<meta name=\"twitter:data2\" content=\"1 minute\" \/>\n<script type=\"application\/ld+json\" class=\"yoast-schema-graph\">{\"@context\":\"https:\/\/schema.org\",\"@graph\":[{\"@type\":\"Article\",\"@id\":\"https:\/\/www.africa-press.net\/centrafricaine\/politique\/rca-attaque-des-positions-des-faca-dans-le-nord-ouest-deux-morts-et-deux-blesses#article\",\"isPartOf\":{\"@id\":\"https:\/\/www.africa-press.net\/centrafricaine\/politique\/rca-attaque-des-positions-des-faca-dans-le-nord-ouest-deux-morts-et-deux-blesses\"},\"author\":{\"name\":\"cfeditorfr\",\"@id\":\"https:\/\/www.africa-press.net\/centrafricaine\/#\/schema\/person\/2b1cf3cd81a31e3cd26889ca66d677f1\"},\"headline\":\"attaque des positions des FACA dans le nord-ouest, deux morts et deux bless\u00e9s\",\"datePublished\":\"2021-07-28T15:19:54+00:00\",\"dateModified\":\"2021-07-28T20:34:28+00:00\",\"mainEntityOfPage\":{\"@id\":\"https:\/\/www.africa-press.net\/centrafricaine\/politique\/rca-attaque-des-positions-des-faca-dans-le-nord-ouest-deux-morts-et-deux-blesses\"},\"wordCount\":268,\"commentCount\":0,\"image\":{\"@id\":\"https:\/\/www.africa-press.net\/centrafricaine\/politique\/rca-attaque-des-positions-des-faca-dans-le-nord-ouest-deux-morts-et-deux-blesses#primaryimage\"},\"thumbnailUrl\":\"https:\/\/static.africa-press.net\/centrafricaine\/sites\/45\/2021\/07\/img-6101702a7f907.jpg\",\"keywords\":[\"Africa Press\",\"Africa Press-CentrAfricaine\",\"CentrAfricaine\"],\"articleSection\":[\"homepage-french\",\"Politique\",\"Toutes les actualit\u00e9s\"],\"inLanguage\":\"fr-FR\",\"potentialAction\":[{\"@type\":\"CommentAction\",\"name\":\"Comment\",\"target\":[\"https:\/\/www.africa-press.net\/centrafricaine\/politique\/rca-attaque-des-positions-des-faca-dans-le-nord-ouest-deux-morts-et-deux-blesses#respond\"]}]},{\"@type\":\"WebPage\",\"@id\":\"https:\/\/www.africa-press.net\/centrafricaine\/politique\/rca-attaque-des-positions-des-faca-dans-le-nord-ouest-deux-morts-et-deux-blesses\",\"url\":\"https:\/\/www.africa-press.net\/centrafricaine\/politique\/rca-attaque-des-positions-des-faca-dans-le-nord-ouest-deux-morts-et-deux-blesses\",\"name\":\"attaque des positions des FACA dans le nord-ouest, deux morts et deux bless\u00e9s - centrafricaine\",\"isPartOf\":{\"@id\":\"https:\/\/www.africa-press.net\/centrafricaine\/#website\"},\"primaryImageOfPage\":{\"@id\":\"https:\/\/www.africa-press.net\/centrafricaine\/politique\/rca-attaque-des-positions-des-faca-dans-le-nord-ouest-deux-morts-et-deux-blesses#primaryimage\"},\"image\":{\"@id\":\"https:\/\/www.africa-press.net\/centrafricaine\/politique\/rca-attaque-des-positions-des-faca-dans-le-nord-ouest-deux-morts-et-deux-blesses#primaryimage\"},\"thumbnailUrl\":\"https:\/\/static.africa-press.net\/centrafricaine\/sites\/45\/2021\/07\/img-6101702a7f907.jpg\",\"datePublished\":\"2021-07-28T15:19:54+00:00\",\"dateModified\":\"2021-07-28T20:34:28+00:00\",\"author\":{\"@id\":\"https:\/\/www.africa-press.net\/centrafricaine\/#\/schema\/person\/2b1cf3cd81a31e3cd26889ca66d677f1\"},\"description\":\"Bangui, R\u00e9publique centrafricaine, mercredi, 28 juillet 2021, 03:11:10 ( Corbeaunews-Centrafrique ). Les quatre ...\",\"breadcrumb\":{\"@id\":\"https:\/\/www.africa-press.net\/centrafricaine\/politique\/rca-attaque-des-positions-des-faca-dans-le-nord-ouest-deux-morts-et-deux-blesses#breadcrumb\"},\"inLanguage\":\"fr-FR\",\"potentialAction\":[{\"@type\":\"ReadAction\",\"target\":[\"https:\/\/www.africa-press.net\/centrafricaine\/politique\/rca-attaque-des-positions-des-faca-dans-le-nord-ouest-deux-morts-et-deux-blesses\"]}]},{\"@type\":\"ImageObject\",\"inLanguage\":\"fr-FR\",\"@id\":\"https:\/\/www.africa-press.net\/centrafricaine\/politique\/rca-attaque-des-positions-des-faca-dans-le-nord-ouest-deux-morts-et-deux-blesses#primaryimage\",\"url\":\"https:\/\/static.africa-press.net\/centrafricaine\/sites\/45\/2021\/07\/img-6101702a7f907.jpg\",\"contentUrl\":\"https:\/\/static.africa-press.net\/centrafricaine\/sites\/45\/2021\/07\/img-6101702a7f907.jpg\",\"width\":720,\"height\":711,\"caption\":\"RCA\u00a0: attaque des positions des FACA dans le nord-ouest, deux morts et deux bless\u00e9s\"},{\"@type\":\"BreadcrumbList\",\"@id\":\"https:\/\/www.africa-press.net\/centrafricaine\/politique\/rca-attaque-des-positions-des-faca-dans-le-nord-ouest-deux-morts-et-deux-blesses#breadcrumb\",\"itemListElement\":[{\"@type\":\"ListItem\",\"position\":1,\"name\":\"Accueil\",\"item\":\"https:\/\/www.africa-press.net\/centrafricaine\/\"},{\"@type\":\"ListItem\",\"position\":2,\"name\":\"attaque des positions des FACA dans le nord-ouest, deux morts et deux bless\u00e9s\"}]},{\"@type\":\"WebSite\",\"@id\":\"https:\/\/www.africa-press.net\/centrafricaine\/#website\",\"url\":\"https:\/\/www.africa-press.net\/centrafricaine\/\",\"name\":\"centrafricaine\",\"description\":\"Just another Africa News Agency Sites site\",\"potentialAction\":[{\"@type\":\"SearchAction\",\"target\":{\"@type\":\"EntryPoint\",\"urlTemplate\":\"https:\/\/www.africa-press.net\/centrafricaine\/?s={search_term_string}\"},\"query-input\":{\"@type\":\"PropertyValueSpecification\",\"valueRequired\":true,\"valueName\":\"search_term_string\"}}],\"inLanguage\":\"fr-FR\"},{\"@type\":\"Person\",\"@id\":\"https:\/\/www.africa-press.net\/centrafricaine\/#\/schema\/person\/2b1cf3cd81a31e3cd26889ca66d677f1\",\"name\":\"cfeditorfr\"}]}<\/script>\n<!-- \/ Yoast SEO Premium plugin. -->","yoast_head_json":{"title":"attaque des positions des FACA dans le nord-ouest, deux morts et deux bless\u00e9s - centrafricaine","description":"Bangui, R\u00e9publique centrafricaine, mercredi, 28 juillet 2021, 03:11:10 ( Corbeaunews-Centrafrique ). Les quatre ...","robots":{"index":"index","follow":"follow","max-snippet":"max-snippet:-1","max-image-preview":"max-image-preview:large","max-video-preview":"max-video-preview:-1"},"canonical":"https:\/\/www.africa-press.net\/centrafricaine\/politique\/rca-attaque-des-positions-des-faca-dans-le-nord-ouest-deux-morts-et-deux-blesses","og_locale":"fr_FR","og_type":"article","og_title":"attaque des positions des FACA dans le nord-ouest, deux morts et deux bless\u00e9s","og_description":"Bangui, R\u00e9publique centrafricaine, mercredi, 28 juillet 2021, 03:11:10 ( Corbeaunews-Centrafrique ). Les quatre ...","og_url":"https:\/\/www.africa-press.net\/centrafricaine\/politique\/rca-attaque-des-positions-des-faca-dans-le-nord-ouest-deux-morts-et-deux-blesses","og_site_name":"centrafricaine","article_published_time":"2021-07-28T15:19:54+00:00","article_modified_time":"2021-07-28T20:34:28+00:00","og_image":[{"width":720,"height":711,"url":"https:\/\/static.africa-press.net\/centrafricaine\/sites\/45\/2021\/07\/img-6101702a7f907.jpg","type":"image\/jpeg"}],"author":"cfeditorfr","twitter_card":"summary_large_image","twitter_misc":{"\u00c9crit par":"cfeditorfr","Dur\u00e9e de lecture estim\u00e9e":"1 minute"},"schema":{"@context":"https:\/\/schema.org","@graph":[{"@type":"Article","@id":"https:\/\/www.africa-press.net\/centrafricaine\/politique\/rca-attaque-des-positions-des-faca-dans-le-nord-ouest-deux-morts-et-deux-blesses#article","isPartOf":{"@id":"https:\/\/www.africa-press.net\/centrafricaine\/politique\/rca-attaque-des-positions-des-faca-dans-le-nord-ouest-deux-morts-et-deux-blesses"},"author":{"name":"cfeditorfr","@id":"https:\/\/www.africa-press.net\/centrafricaine\/#\/schema\/person\/2b1cf3cd81a31e3cd26889ca66d677f1"},"headline":"attaque des positions des FACA dans le nord-ouest, deux morts et deux bless\u00e9s","datePublished":"2021-07-28T15:19:54+00:00","dateModified":"2021-07-28T20:34:28+00:00","mainEntityOfPage":{"@id":"https:\/\/www.africa-press.net\/centrafricaine\/politique\/rca-attaque-des-positions-des-faca-dans-le-nord-ouest-deux-morts-et-deux-blesses"},"wordCount":268,"commentCount":0,"image":{"@id":"https:\/\/www.africa-press.net\/centrafricaine\/politique\/rca-attaque-des-positions-des-faca-dans-le-nord-ouest-deux-morts-et-deux-blesses#primaryimage"},"thumbnailUrl":"https:\/\/static.africa-press.net\/centrafricaine\/sites\/45\/2021\/07\/img-6101702a7f907.jpg","keywords":["Africa Press","Africa Press-CentrAfricaine","CentrAfricaine"],"articleSection":["homepage-french","Politique","Toutes les actualit\u00e9s"],"inLanguage":"fr-FR","potentialAction":[{"@type":"CommentAction","name":"Comment","target":["https:\/\/www.africa-press.net\/centrafricaine\/politique\/rca-attaque-des-positions-des-faca-dans-le-nord-ouest-deux-morts-et-deux-blesses#respond"]}]},{"@type":"WebPage","@id":"https:\/\/www.africa-press.net\/centrafricaine\/politique\/rca-attaque-des-positions-des-faca-dans-le-nord-ouest-deux-morts-et-deux-blesses","url":"https:\/\/www.africa-press.net\/centrafricaine\/politique\/rca-attaque-des-positions-des-faca-dans-le-nord-ouest-deux-morts-et-deux-blesses","name":"attaque des positions des FACA dans le nord-ouest, deux morts et deux bless\u00e9s - centrafricaine","isPartOf":{"@id":"https:\/\/www.africa-press.net\/centrafricaine\/#website"},"primaryImageOfPage":{"@id":"https:\/\/www.africa-press.net\/centrafricaine\/politique\/rca-attaque-des-positions-des-faca-dans-le-nord-ouest-deux-morts-et-deux-blesses#primaryimage"},"image":{"@id":"https:\/\/www.africa-press.net\/centrafricaine\/politique\/rca-attaque-des-positions-des-faca-dans-le-nord-ouest-deux-morts-et-deux-blesses#primaryimage"},"thumbnailUrl":"https:\/\/static.africa-press.net\/centrafricaine\/sites\/45\/2021\/07\/img-6101702a7f907.jpg","datePublished":"2021-07-28T15:19:54+00:00","dateModified":"2021-07-28T20:34:28+00:00","author":{"@id":"https:\/\/www.africa-press.net\/centrafricaine\/#\/schema\/person\/2b1cf3cd81a31e3cd26889ca66d677f1"},"description":"Bangui, R\u00e9publique centrafricaine, mercredi, 28 juillet 2021, 03:11:10 ( Corbeaunews-Centrafrique ). Les quatre ...","breadcrumb":{"@id":"https:\/\/www.africa-press.net\/centrafricaine\/politique\/rca-attaque-des-positions-des-faca-dans-le-nord-ouest-deux-morts-et-deux-blesses#breadcrumb"},"inLanguage":"fr-FR","potentialAction":[{"@type":"ReadAction","target":["https:\/\/www.africa-press.net\/centrafricaine\/politique\/rca-attaque-des-positions-des-faca-dans-le-nord-ouest-deux-morts-et-deux-blesses"]}]},{"@type":"ImageObject","inLanguage":"fr-FR","@id":"https:\/\/www.africa-press.net\/centrafricaine\/politique\/rca-attaque-des-positions-des-faca-dans-le-nord-ouest-deux-morts-et-deux-blesses#primaryimage","url":"https:\/\/static.africa-press.net\/centrafricaine\/sites\/45\/2021\/07\/img-6101702a7f907.jpg","contentUrl":"https:\/\/static.africa-press.net\/centrafricaine\/sites\/45\/2021\/07\/img-6101702a7f907.jpg","width":720,"height":711,"caption":"RCA\u00a0: attaque des positions des FACA dans le nord-ouest, deux morts et deux bless\u00e9s"},{"@type":"BreadcrumbList","@id":"https:\/\/www.africa-press.net\/centrafricaine\/politique\/rca-attaque-des-positions-des-faca-dans-le-nord-ouest-deux-morts-et-deux-blesses#breadcrumb","itemListElement":[{"@type":"ListItem","position":1,"name":"Accueil","item":"https:\/\/www.africa-press.net\/centrafricaine\/"},{"@type":"ListItem","position":2,"name":"attaque des positions des FACA dans le nord-ouest, deux morts et deux bless\u00e9s"}]},{"@type":"WebSite","@id":"https:\/\/www.africa-press.net\/centrafricaine\/#website","url":"https:\/\/www.africa-press.net\/centrafricaine\/","name":"centrafricaine","description":"Just another Africa News Agency Sites site","potentialAction":[{"@type":"SearchAction","target":{"@type":"EntryPoint","urlTemplate":"https:\/\/www.africa-press.net\/centrafricaine\/?s={search_term_string}"},"query-input":{"@type":"PropertyValueSpecification","valueRequired":true,"valueName":"search_term_string"}}],"inLanguage":"fr-FR"},{"@type":"Person","@id":"https:\/\/www.africa-press.net\/centrafricaine\/#\/schema\/person\/2b1cf3cd81a31e3cd26889ca66d677f1","name":"cfeditorfr"}]}},"_links":{"self":[{"href":"https:\/\/www.africa-press.net\/centrafricaine\/wp-json\/wp\/v2\/posts\/9392","targetHints":{"allow":["GET"]}}],"collection":[{"href":"https:\/\/www.africa-press.net\/centrafricaine\/wp-json\/wp\/v2\/posts"}],"about":[{"href":"https:\/\/www.africa-press.net\/centrafricaine\/wp-json\/wp\/v2\/types\/post"}],"author":[{"embeddable":true,"href":"https:\/\/www.africa-press.net\/centrafricaine\/wp-json\/wp\/v2\/users\/82"}],"replies":[{"embeddable":true,"href":"https:\/\/www.africa-press.net\/centrafricaine\/wp-json\/wp\/v2\/comments?post=9392"}],"version-history":[{"count":0,"href":"https:\/\/www.africa-press.net\/centrafricaine\/wp-json\/wp\/v2\/posts\/9392\/revisions"}],"wp:featuredmedia":[{"embeddable":true,"href":"https:\/\/www.africa-press.net\/centrafricaine\/wp-json\/wp\/v2\/media\/9391"}],"wp:attachment":[{"href":"https:\/\/www.africa-press.net\/centrafricaine\/wp-json\/wp\/v2\/media?parent=9392"}],"wp:term":[{"taxonomy":"category","embeddable":true,"href":"https:\/\/www.africa-press.net\/centrafricaine\/wp-json\/wp\/v2\/categories?post=9392"},{"taxonomy":"post_tag","embeddable":true,"href":"https:\/\/www.africa-press.net\/centrafricaine\/wp-json\/wp\/v2\/tags?post=9392"}],"curies":[{"name":"wp","href":"https:\/\/api.w.org\/{rel}","templated":true}]}}