{"id":9395,"date":"2021-07-28T15:30:27","date_gmt":"2021-07-28T15:30:27","guid":{"rendered":"https:\/\/www.africa-press.net\/centrafricaine\/?p=9395"},"modified":"2021-07-28T20:34:39","modified_gmt":"2021-07-28T20:34:39","slug":"washington-frappe-au-cockpit-le-coordinateur-de-wagner-evgueni-prigozhin","status":"publish","type":"post","link":"https:\/\/www.africa-press.net\/centrafricaine\/politique\/washington-frappe-au-cockpit-le-coordinateur-de-wagner-evgueni-prigozhin","title":{"rendered":"Washington frappe au cockpit le coordinateur de Wagner, Evgueni Prigozhin"},"content":{"rendered":"<p><span style=\"color: #ff6600\"><strong><a href=\"https:\/\/www.africa-press.net\/\">Africa-Press<\/a> &#8211; <a href=\"https:\/\/www.africa-press.net\/centrafricaine\">CentrAfricaine<\/a>.\u00a0 <\/strong><\/span>\u00a0Les services am\u00e9ricains ont sollicit\u00e9 l\u2019appui de plusieurs capitales africaines en vue de bloquer les rotations de jets priv\u00e9s appartenant \u00e0 l\u2019homme d\u2019affaire Evgueni Prigozhin, intime de Vladimir Poutine, figure centrale de la galaxie Wagner et cibl\u00e9 par des sanctions am\u00e9ricaines.<\/p>\n<p>C\u2019est une discr\u00e8te circulaire estampill\u00e9e \u201cR\u00e9publique du Tchad\u201d et sign\u00e9e du DG adjoint de l\u2019autorit\u00e9 de l\u2019aviation civile tchadienne, Youssouf Abakar Alkhalil, dont le titre donne le ton : \u201cInterdiction d\u2019assistance \u00e0 un a\u00e9ronef\u201c. Dans le document dat\u00e9 du 14 juillet, adress\u00e9 \u00e0 l\u2019ensemble des op\u00e9rateurs a\u00e9riens et assistants d\u2019escales du pays, le minist\u00e8re tchadien de l\u2019aviation civile \u00e9crit : \u201cil est port\u00e9 \u00e0 votre attention qu\u2019il est formellement interdit d\u2019assister l\u2019a\u00e9ronef dont le num\u00e9ro de s\u00e9rie est 14501008 et appartenant \u00e0 la compagnie Prigozhin. De ce fait, tous les op\u00e9rateurs d\u2019assistance en escale sont dans l\u2019obligation de s\u2019y conformer.\u201d<\/p>\n<p><b>Le \u201ccuisinier\u201d de Poutine<\/b><\/p>\n<p>Une simple recherche Google permet tr\u00e8s vite de retrouver l\u2019a\u00e9ronef vis\u00e9 par la circulaire. Il s\u2019agit d\u2018un jet Embraer Legacy 600 immatricul\u00e9 sur l\u2019\u00eele de Man sous l\u2019indicatif M-SAAN. Bien identifi\u00e9 sur les tarmacs africains, l\u2019appareil au fuselage blanc et bleu marine op\u00e8re en r\u00e9alit\u00e9 depuis novembre 2019 sous le matricule RA-02795. Quant \u00e0 son propri\u00e9taire, il est tout aussi connu : Evgueni Prigozhin. Intime du pr\u00e9sident russe Vladimir Poutine qu\u2019il c\u00f4toie depuis le d\u00e9but des ann\u00e9es 2000, l\u2019oligarque de 60 ans a fait fortune dans les ann\u00e9es 1990 dans la restauration (il a longtemps \u00e9t\u00e9 surnomm\u00e9 \u201cle cuisinier de Poutine\u201d). Depuis il accumule les casquettes, notamment en Afrique o\u00f9 il est consid\u00e9r\u00e9 comme la figure centrale de la galaxie paramilitaire russe Wagner, tr\u00e8s active en RCA, en Libye ou encore au Soudan.<\/p>\n<p>Sous sanctions am\u00e9ricaines depuis 2019 dans le cadre de l\u2019enqu\u00eate sur les interf\u00e9rences \u00e9trang\u00e8res dans les \u00e9lections interm\u00e9diaires am\u00e9ricaines de 2018, l\u2019oligarque est \u00e0 la t\u00eate de sa propre compagnie a\u00e9rienne : Autolex Transport. Install\u00e9e aux Seychelles, c\u2019est cette m\u00eame soci\u00e9t\u00e9 qui a acquis le jet Embraer Legacy 600 RA-02795 vis\u00e9 par la circulaire du minist\u00e8re tchadien de l\u2019aviation civile. L\u2019appareil, achet\u00e9 par Prigozhin en octobre 2018 au groupe turc MNG Jet Aerospace, est lui-m\u00eame dans le viseur du Tr\u00e9sor am\u00e9ricain et fait l\u2019objet de sanctions.<\/p>\n<p><b>Avion fant\u00f4me<\/b><\/p>\n<p>Si l\u2019Embraer a \u00e9t\u00e9 soigneusement retir\u00e9 de la quasi-totalit\u00e9 des sites de suivi d\u2019avions type Flight Radar, \u2013 une pratique de plus en plus courante dans l\u2019aviation d\u2019affaire -, l\u2019appareil encha\u00eene n\u00e9anmoins les rotations sur le continent africain, tout particuli\u00e8rement en Afrique centrale. Des va-et-vient suivis en temps r\u00e9el par les services de s\u00e9curit\u00e9 am\u00e9ricains. A l\u2019instar de N\u2019Djamena, ces derniers ont ainsi multipli\u00e9 les demandes \u201cd\u2019entraides\u201d avec plusieurs capitales africaines ces derni\u00e8res semaines, avec un message bien rod\u00e9 : toute assistance aux jets de Prigozhin pourrait \u00eatre interpr\u00e9t\u00e9e comme une forme de complicit\u00e9 avec l\u2019oligarque sanctionn\u00e9. Parmi les pays approch\u00e9s par Washington figure notamment le Soudan, o\u00f9 les appareils de l\u2019homme d\u2019affaires originaire de Saint-P\u00e9tersbourg ont l\u2019habitude d\u2019effectuer des escales techniques sur l\u2019a\u00e9roport de la ville de Nyala, capitale du Darfour Sud.<\/p>\n<p>Plusieurs d\u00e9marches ont \u00e9galement \u00e9t\u00e9 entam\u00e9es aupr\u00e8s de l\u2019Asecna (Agence pour la s\u00e9curit\u00e9 de la navigation a\u00e9rienne en Afrique et \u00e0 Madagascar), dirig\u00e9e depuis 2017 par le Nig\u00e9rien Mohamed Moussa.<\/p>\n<p><b>Transport du premier ministre centrafricain<\/b><\/p>\n<p>Mais l\u2019activisme de Washington ne se limite plus qu\u2019aux Etats. Sur l\u2019a\u00e9roport de Bangui, les services am\u00e9ricains ont m\u00eame r\u00e9cemment demand\u00e9 \u00e0 plusieurs reprises au groupe p\u00e9trolier fran\u00e7ais TotalEnergies de ne pas avitailler ce m\u00eame Embraer Legacy 600 exploit\u00e9 par la soci\u00e9t\u00e9 d\u2019Evgueni Prigozhin (AI, 10\/06\/21).<\/p>\n<p>Le jet de l\u2019oligarque configur\u00e9 pour le transport de personnalit\u00e9s VIP est aussi un pr\u00e9cieux outil de la diplomatie priv\u00e9e de Prigozhin, qui n\u2019h\u00e9site pas \u00e0 le mettre gracieusement au service de hautes autorit\u00e9s africaines. Le 7 juin, il avait ainsi ramen\u00e9 \u00e0 Bangui depuis Saint-P\u00e9tersbourg l\u2019ex-chef du gouvernement centrafricain Firmin Ngrebada et deux de ses ministres venus participer au Forum \u00e9conomique international de Saint-P\u00e9tersbourg.<\/p>\n<p>Principal relais de Moscou en RCA, Firmin Ngrebada est lui-m\u00eame un familier du coordinateur de Wagner. A son retour de Saint-P\u00e9tersbourg, c\u2019est m\u00eame l\u2019un des assistants de Prigozhin \u00e0 Bangui, Dmitry Sergeevich Sytii, qui avait personnellement accueilli le premier ministre \u00e0 son arriv\u00e9e sur le tarmac de l\u2019a\u00e9roport de Bangui.<\/p>\n<p><b>Eminence grise de la diplomatie priv\u00e9e de Moscou en Afrique<\/b><\/p>\n<p>En RCA, l\u2019ombre de Prigozhin plane bien au-del\u00e0 de Wagner. Selon le Tr\u00e9sor am\u00e9ricain, il op\u00e9rerait ainsi en Centrafrique, principalement \u00e0 l\u2019aide soci\u00e9t\u00e9s \u00e9crans et serait notamment tr\u00e8s actif dans le secteur minier via les entreprises M-Finans et Lovaye Invest. Pour d\u00e9velopper ses activit\u00e9s dans le pays, il s\u2019appuie sur trois associ\u00e9s, \u00e9galement sous sanctions am\u00e9ricaines : Yevgueny Khodotov, Alexander Yuryevitch Kuzin et Dimitry Sergeevitch Sytii.<\/p>\n<p>&nbsp;<\/p>\n","protected":false},"excerpt":{"rendered":"<p>Africa-Press &#8211; CentrAfricaine.\u00a0 \u00a0Les services am\u00e9ricains ont sollicit\u00e9 l\u2019appui de plusieurs capitales africaines en vue de bloquer les rotations de jets priv\u00e9s appartenant \u00e0 l\u2019homme d\u2019affaire Evgueni Prigozhin, intime de Vladimir Poutine, figure centrale de la galaxie Wagner et cibl\u00e9 par des sanctions am\u00e9ricaines. C\u2019est une discr\u00e8te circulaire estampill\u00e9e \u201cR\u00e9publique du Tchad\u201d et sign\u00e9e du [&hellip;]<\/p>\n","protected":false},"author":82,"featured_media":9394,"comment_status":"open","ping_status":"closed","sticky":false,"template":"","format":"standard","meta":{"footnotes":""},"categories":[11,2,20,10],"tags":[36,58,30],"class_list":["post-9395","post","type-post","status-publish","format-standard","has-post-thumbnail","hentry","category-homepage-french","category-politique","category-top-nouvelles","category-toutes-les-actualites","tag-africa-press","tag-africa-press-centrafricaine","tag-centrafricaine"],"yoast_head":"<!-- This site is optimized with the Yoast SEO Premium plugin v26.1 (Yoast SEO v27.0) - https:\/\/yoast.com\/product\/yoast-seo-premium-wordpress\/ -->\n<title>Washington frappe au cockpit le coordinateur de Wagner, Evgueni Prigozhin - centrafricaine<\/title>\n<meta name=\"description\" content=\"Bangui, R\u00e9publique centrafricaine, mardi, 27 juillet 2021, 15:13:59 ( Corbeaunews-Centrafrique ). Les services a ...\" \/>\n<meta name=\"robots\" content=\"index, follow, max-snippet:-1, max-image-preview:large, max-video-preview:-1\" \/>\n<link rel=\"canonical\" href=\"https:\/\/www.africa-press.net\/centrafricaine\/politique\/washington-frappe-au-cockpit-le-coordinateur-de-wagner-evgueni-prigozhin\" \/>\n<meta property=\"og:locale\" content=\"fr_FR\" \/>\n<meta property=\"og:type\" content=\"article\" \/>\n<meta property=\"og:title\" content=\"Washington frappe au cockpit le coordinateur de Wagner, Evgueni Prigozhin\" \/>\n<meta property=\"og:description\" content=\"Bangui, R\u00e9publique centrafricaine, mardi, 27 juillet 2021, 15:13:59 ( Corbeaunews-Centrafrique ). Les services a ...\" \/>\n<meta property=\"og:url\" content=\"https:\/\/www.africa-press.net\/centrafricaine\/politique\/washington-frappe-au-cockpit-le-coordinateur-de-wagner-evgueni-prigozhin\" \/>\n<meta property=\"og:site_name\" content=\"centrafricaine\" \/>\n<meta property=\"article:published_time\" content=\"2021-07-28T15:30:27+00:00\" \/>\n<meta property=\"article:modified_time\" content=\"2021-07-28T20:34:39+00:00\" \/>\n<meta property=\"og:image\" content=\"https:\/\/static.africa-press.net\/centrafricaine\/sites\/45\/2021\/07\/img-6101704b62d92.jpg\" \/>\n\t<meta property=\"og:image:width\" content=\"938\" \/>\n\t<meta property=\"og:image:height\" content=\"529\" \/>\n\t<meta property=\"og:image:type\" content=\"image\/jpeg\" \/>\n<meta name=\"author\" content=\"cfeditorfr\" \/>\n<meta name=\"twitter:card\" content=\"summary_large_image\" \/>\n<meta name=\"twitter:label1\" content=\"\u00c9crit par\" \/>\n\t<meta name=\"twitter:data1\" content=\"cfeditorfr\" \/>\n\t<meta name=\"twitter:label2\" content=\"Dur\u00e9e de lecture estim\u00e9e\" \/>\n\t<meta name=\"twitter:data2\" content=\"4 minutes\" \/>\n<script type=\"application\/ld+json\" class=\"yoast-schema-graph\">{\"@context\":\"https:\/\/schema.org\",\"@graph\":[{\"@type\":\"Article\",\"@id\":\"https:\/\/www.africa-press.net\/centrafricaine\/politique\/washington-frappe-au-cockpit-le-coordinateur-de-wagner-evgueni-prigozhin#article\",\"isPartOf\":{\"@id\":\"https:\/\/www.africa-press.net\/centrafricaine\/politique\/washington-frappe-au-cockpit-le-coordinateur-de-wagner-evgueni-prigozhin\"},\"author\":{\"name\":\"cfeditorfr\",\"@id\":\"https:\/\/www.africa-press.net\/centrafricaine\/#\/schema\/person\/2b1cf3cd81a31e3cd26889ca66d677f1\"},\"headline\":\"Washington frappe au cockpit le coordinateur de Wagner, Evgueni Prigozhin\",\"datePublished\":\"2021-07-28T15:30:27+00:00\",\"dateModified\":\"2021-07-28T20:34:39+00:00\",\"mainEntityOfPage\":{\"@id\":\"https:\/\/www.africa-press.net\/centrafricaine\/politique\/washington-frappe-au-cockpit-le-coordinateur-de-wagner-evgueni-prigozhin\"},\"wordCount\":900,\"commentCount\":0,\"image\":{\"@id\":\"https:\/\/www.africa-press.net\/centrafricaine\/politique\/washington-frappe-au-cockpit-le-coordinateur-de-wagner-evgueni-prigozhin#primaryimage\"},\"thumbnailUrl\":\"https:\/\/static.africa-press.net\/centrafricaine\/sites\/45\/2021\/07\/img-6101704b62d92.jpg\",\"keywords\":[\"Africa Press\",\"Africa Press-CentrAfricaine\",\"CentrAfricaine\"],\"articleSection\":[\"homepage-french\",\"Politique\",\"Top Nouvelles\",\"Toutes les actualit\u00e9s\"],\"inLanguage\":\"fr-FR\",\"potentialAction\":[{\"@type\":\"CommentAction\",\"name\":\"Comment\",\"target\":[\"https:\/\/www.africa-press.net\/centrafricaine\/politique\/washington-frappe-au-cockpit-le-coordinateur-de-wagner-evgueni-prigozhin#respond\"]}]},{\"@type\":\"WebPage\",\"@id\":\"https:\/\/www.africa-press.net\/centrafricaine\/politique\/washington-frappe-au-cockpit-le-coordinateur-de-wagner-evgueni-prigozhin\",\"url\":\"https:\/\/www.africa-press.net\/centrafricaine\/politique\/washington-frappe-au-cockpit-le-coordinateur-de-wagner-evgueni-prigozhin\",\"name\":\"Washington frappe au cockpit le coordinateur de Wagner, Evgueni Prigozhin - centrafricaine\",\"isPartOf\":{\"@id\":\"https:\/\/www.africa-press.net\/centrafricaine\/#website\"},\"primaryImageOfPage\":{\"@id\":\"https:\/\/www.africa-press.net\/centrafricaine\/politique\/washington-frappe-au-cockpit-le-coordinateur-de-wagner-evgueni-prigozhin#primaryimage\"},\"image\":{\"@id\":\"https:\/\/www.africa-press.net\/centrafricaine\/politique\/washington-frappe-au-cockpit-le-coordinateur-de-wagner-evgueni-prigozhin#primaryimage\"},\"thumbnailUrl\":\"https:\/\/static.africa-press.net\/centrafricaine\/sites\/45\/2021\/07\/img-6101704b62d92.jpg\",\"datePublished\":\"2021-07-28T15:30:27+00:00\",\"dateModified\":\"2021-07-28T20:34:39+00:00\",\"author\":{\"@id\":\"https:\/\/www.africa-press.net\/centrafricaine\/#\/schema\/person\/2b1cf3cd81a31e3cd26889ca66d677f1\"},\"description\":\"Bangui, R\u00e9publique centrafricaine, mardi, 27 juillet 2021, 15:13:59 ( Corbeaunews-Centrafrique ). Les services a ...\",\"breadcrumb\":{\"@id\":\"https:\/\/www.africa-press.net\/centrafricaine\/politique\/washington-frappe-au-cockpit-le-coordinateur-de-wagner-evgueni-prigozhin#breadcrumb\"},\"inLanguage\":\"fr-FR\",\"potentialAction\":[{\"@type\":\"ReadAction\",\"target\":[\"https:\/\/www.africa-press.net\/centrafricaine\/politique\/washington-frappe-au-cockpit-le-coordinateur-de-wagner-evgueni-prigozhin\"]}]},{\"@type\":\"ImageObject\",\"inLanguage\":\"fr-FR\",\"@id\":\"https:\/\/www.africa-press.net\/centrafricaine\/politique\/washington-frappe-au-cockpit-le-coordinateur-de-wagner-evgueni-prigozhin#primaryimage\",\"url\":\"https:\/\/static.africa-press.net\/centrafricaine\/sites\/45\/2021\/07\/img-6101704b62d92.jpg\",\"contentUrl\":\"https:\/\/static.africa-press.net\/centrafricaine\/sites\/45\/2021\/07\/img-6101704b62d92.jpg\",\"width\":938,\"height\":529,\"caption\":\"Washington frappe au cockpit le coordinateur de Wagner, Evgueni Prigozhin\"},{\"@type\":\"BreadcrumbList\",\"@id\":\"https:\/\/www.africa-press.net\/centrafricaine\/politique\/washington-frappe-au-cockpit-le-coordinateur-de-wagner-evgueni-prigozhin#breadcrumb\",\"itemListElement\":[{\"@type\":\"ListItem\",\"position\":1,\"name\":\"Accueil\",\"item\":\"https:\/\/www.africa-press.net\/centrafricaine\/\"},{\"@type\":\"ListItem\",\"position\":2,\"name\":\"Washington frappe au cockpit le coordinateur de Wagner, Evgueni Prigozhin\"}]},{\"@type\":\"WebSite\",\"@id\":\"https:\/\/www.africa-press.net\/centrafricaine\/#website\",\"url\":\"https:\/\/www.africa-press.net\/centrafricaine\/\",\"name\":\"centrafricaine\",\"description\":\"Just another Africa News Agency Sites site\",\"potentialAction\":[{\"@type\":\"SearchAction\",\"target\":{\"@type\":\"EntryPoint\",\"urlTemplate\":\"https:\/\/www.africa-press.net\/centrafricaine\/?s={search_term_string}\"},\"query-input\":{\"@type\":\"PropertyValueSpecification\",\"valueRequired\":true,\"valueName\":\"search_term_string\"}}],\"inLanguage\":\"fr-FR\"},{\"@type\":\"Person\",\"@id\":\"https:\/\/www.africa-press.net\/centrafricaine\/#\/schema\/person\/2b1cf3cd81a31e3cd26889ca66d677f1\",\"name\":\"cfeditorfr\"}]}<\/script>\n<!-- \/ Yoast SEO Premium plugin. -->","yoast_head_json":{"title":"Washington frappe au cockpit le coordinateur de Wagner, Evgueni Prigozhin - centrafricaine","description":"Bangui, R\u00e9publique centrafricaine, mardi, 27 juillet 2021, 15:13:59 ( Corbeaunews-Centrafrique ). Les services a ...","robots":{"index":"index","follow":"follow","max-snippet":"max-snippet:-1","max-image-preview":"max-image-preview:large","max-video-preview":"max-video-preview:-1"},"canonical":"https:\/\/www.africa-press.net\/centrafricaine\/politique\/washington-frappe-au-cockpit-le-coordinateur-de-wagner-evgueni-prigozhin","og_locale":"fr_FR","og_type":"article","og_title":"Washington frappe au cockpit le coordinateur de Wagner, Evgueni Prigozhin","og_description":"Bangui, R\u00e9publique centrafricaine, mardi, 27 juillet 2021, 15:13:59 ( Corbeaunews-Centrafrique ). Les services a ...","og_url":"https:\/\/www.africa-press.net\/centrafricaine\/politique\/washington-frappe-au-cockpit-le-coordinateur-de-wagner-evgueni-prigozhin","og_site_name":"centrafricaine","article_published_time":"2021-07-28T15:30:27+00:00","article_modified_time":"2021-07-28T20:34:39+00:00","og_image":[{"width":938,"height":529,"url":"https:\/\/static.africa-press.net\/centrafricaine\/sites\/45\/2021\/07\/img-6101704b62d92.jpg","type":"image\/jpeg"}],"author":"cfeditorfr","twitter_card":"summary_large_image","twitter_misc":{"\u00c9crit par":"cfeditorfr","Dur\u00e9e de lecture estim\u00e9e":"4 minutes"},"schema":{"@context":"https:\/\/schema.org","@graph":[{"@type":"Article","@id":"https:\/\/www.africa-press.net\/centrafricaine\/politique\/washington-frappe-au-cockpit-le-coordinateur-de-wagner-evgueni-prigozhin#article","isPartOf":{"@id":"https:\/\/www.africa-press.net\/centrafricaine\/politique\/washington-frappe-au-cockpit-le-coordinateur-de-wagner-evgueni-prigozhin"},"author":{"name":"cfeditorfr","@id":"https:\/\/www.africa-press.net\/centrafricaine\/#\/schema\/person\/2b1cf3cd81a31e3cd26889ca66d677f1"},"headline":"Washington frappe au cockpit le coordinateur de Wagner, Evgueni Prigozhin","datePublished":"2021-07-28T15:30:27+00:00","dateModified":"2021-07-28T20:34:39+00:00","mainEntityOfPage":{"@id":"https:\/\/www.africa-press.net\/centrafricaine\/politique\/washington-frappe-au-cockpit-le-coordinateur-de-wagner-evgueni-prigozhin"},"wordCount":900,"commentCount":0,"image":{"@id":"https:\/\/www.africa-press.net\/centrafricaine\/politique\/washington-frappe-au-cockpit-le-coordinateur-de-wagner-evgueni-prigozhin#primaryimage"},"thumbnailUrl":"https:\/\/static.africa-press.net\/centrafricaine\/sites\/45\/2021\/07\/img-6101704b62d92.jpg","keywords":["Africa Press","Africa Press-CentrAfricaine","CentrAfricaine"],"articleSection":["homepage-french","Politique","Top Nouvelles","Toutes les actualit\u00e9s"],"inLanguage":"fr-FR","potentialAction":[{"@type":"CommentAction","name":"Comment","target":["https:\/\/www.africa-press.net\/centrafricaine\/politique\/washington-frappe-au-cockpit-le-coordinateur-de-wagner-evgueni-prigozhin#respond"]}]},{"@type":"WebPage","@id":"https:\/\/www.africa-press.net\/centrafricaine\/politique\/washington-frappe-au-cockpit-le-coordinateur-de-wagner-evgueni-prigozhin","url":"https:\/\/www.africa-press.net\/centrafricaine\/politique\/washington-frappe-au-cockpit-le-coordinateur-de-wagner-evgueni-prigozhin","name":"Washington frappe au cockpit le coordinateur de Wagner, Evgueni Prigozhin - centrafricaine","isPartOf":{"@id":"https:\/\/www.africa-press.net\/centrafricaine\/#website"},"primaryImageOfPage":{"@id":"https:\/\/www.africa-press.net\/centrafricaine\/politique\/washington-frappe-au-cockpit-le-coordinateur-de-wagner-evgueni-prigozhin#primaryimage"},"image":{"@id":"https:\/\/www.africa-press.net\/centrafricaine\/politique\/washington-frappe-au-cockpit-le-coordinateur-de-wagner-evgueni-prigozhin#primaryimage"},"thumbnailUrl":"https:\/\/static.africa-press.net\/centrafricaine\/sites\/45\/2021\/07\/img-6101704b62d92.jpg","datePublished":"2021-07-28T15:30:27+00:00","dateModified":"2021-07-28T20:34:39+00:00","author":{"@id":"https:\/\/www.africa-press.net\/centrafricaine\/#\/schema\/person\/2b1cf3cd81a31e3cd26889ca66d677f1"},"description":"Bangui, R\u00e9publique centrafricaine, mardi, 27 juillet 2021, 15:13:59 ( Corbeaunews-Centrafrique ). Les services a ...","breadcrumb":{"@id":"https:\/\/www.africa-press.net\/centrafricaine\/politique\/washington-frappe-au-cockpit-le-coordinateur-de-wagner-evgueni-prigozhin#breadcrumb"},"inLanguage":"fr-FR","potentialAction":[{"@type":"ReadAction","target":["https:\/\/www.africa-press.net\/centrafricaine\/politique\/washington-frappe-au-cockpit-le-coordinateur-de-wagner-evgueni-prigozhin"]}]},{"@type":"ImageObject","inLanguage":"fr-FR","@id":"https:\/\/www.africa-press.net\/centrafricaine\/politique\/washington-frappe-au-cockpit-le-coordinateur-de-wagner-evgueni-prigozhin#primaryimage","url":"https:\/\/static.africa-press.net\/centrafricaine\/sites\/45\/2021\/07\/img-6101704b62d92.jpg","contentUrl":"https:\/\/static.africa-press.net\/centrafricaine\/sites\/45\/2021\/07\/img-6101704b62d92.jpg","width":938,"height":529,"caption":"Washington frappe au cockpit le coordinateur de Wagner, Evgueni Prigozhin"},{"@type":"BreadcrumbList","@id":"https:\/\/www.africa-press.net\/centrafricaine\/politique\/washington-frappe-au-cockpit-le-coordinateur-de-wagner-evgueni-prigozhin#breadcrumb","itemListElement":[{"@type":"ListItem","position":1,"name":"Accueil","item":"https:\/\/www.africa-press.net\/centrafricaine\/"},{"@type":"ListItem","position":2,"name":"Washington frappe au cockpit le coordinateur de Wagner, Evgueni Prigozhin"}]},{"@type":"WebSite","@id":"https:\/\/www.africa-press.net\/centrafricaine\/#website","url":"https:\/\/www.africa-press.net\/centrafricaine\/","name":"centrafricaine","description":"Just another Africa News Agency Sites site","potentialAction":[{"@type":"SearchAction","target":{"@type":"EntryPoint","urlTemplate":"https:\/\/www.africa-press.net\/centrafricaine\/?s={search_term_string}"},"query-input":{"@type":"PropertyValueSpecification","valueRequired":true,"valueName":"search_term_string"}}],"inLanguage":"fr-FR"},{"@type":"Person","@id":"https:\/\/www.africa-press.net\/centrafricaine\/#\/schema\/person\/2b1cf3cd81a31e3cd26889ca66d677f1","name":"cfeditorfr"}]}},"_links":{"self":[{"href":"https:\/\/www.africa-press.net\/centrafricaine\/wp-json\/wp\/v2\/posts\/9395","targetHints":{"allow":["GET"]}}],"collection":[{"href":"https:\/\/www.africa-press.net\/centrafricaine\/wp-json\/wp\/v2\/posts"}],"about":[{"href":"https:\/\/www.africa-press.net\/centrafricaine\/wp-json\/wp\/v2\/types\/post"}],"author":[{"embeddable":true,"href":"https:\/\/www.africa-press.net\/centrafricaine\/wp-json\/wp\/v2\/users\/82"}],"replies":[{"embeddable":true,"href":"https:\/\/www.africa-press.net\/centrafricaine\/wp-json\/wp\/v2\/comments?post=9395"}],"version-history":[{"count":0,"href":"https:\/\/www.africa-press.net\/centrafricaine\/wp-json\/wp\/v2\/posts\/9395\/revisions"}],"wp:featuredmedia":[{"embeddable":true,"href":"https:\/\/www.africa-press.net\/centrafricaine\/wp-json\/wp\/v2\/media\/9394"}],"wp:attachment":[{"href":"https:\/\/www.africa-press.net\/centrafricaine\/wp-json\/wp\/v2\/media?parent=9395"}],"wp:term":[{"taxonomy":"category","embeddable":true,"href":"https:\/\/www.africa-press.net\/centrafricaine\/wp-json\/wp\/v2\/categories?post=9395"},{"taxonomy":"post_tag","embeddable":true,"href":"https:\/\/www.africa-press.net\/centrafricaine\/wp-json\/wp\/v2\/tags?post=9395"}],"curies":[{"name":"wp","href":"https:\/\/api.w.org\/{rel}","templated":true}]}}