{"id":9401,"date":"2021-07-28T15:42:37","date_gmt":"2021-07-28T15:42:37","guid":{"rendered":"https:\/\/www.africa-press.net\/centrafricaine\/?p=9401"},"modified":"2021-07-28T20:35:02","modified_gmt":"2021-07-28T20:35:02","slug":"centrafrique-un-mort-dans-une-attaque-des-rebelles-au-sud-est-du-pays","status":"publish","type":"post","link":"https:\/\/www.africa-press.net\/centrafricaine\/politique\/centrafrique-un-mort-dans-une-attaque-des-rebelles-au-sud-est-du-pays","title":{"rendered":"Un mort dans une attaque des rebelles au sud-Est du pays"},"content":{"rendered":"<p><span style=\"color: #ff6600\"><strong><a href=\"https:\/\/www.africa-press.net\/\">Africa-Press<\/a> &#8211; <a href=\"https:\/\/www.africa-press.net\/centrafricaine\">CentrAfricaine<\/a>.\u00a0 <\/strong><\/span>L\u2019attaque est survenue dans la nuit du lundi \u00e0 mardi 27 juillet. Les assaillants seraient des combattants rebelles de l\u2019unit\u00e9 pour la paix en Centrafrique (UPC). Mais les soldats FACA, appuy\u00e9s par les Casques bleus marocains de la Minusca ont pu repousser l\u2019attaque. Bilan, un mort.<\/p>\n<p>C\u2019\u00e9tait hier lundi aux environs de 22 heures que la ville d\u2019Obo \u00e9tait secou\u00e9e par des d\u00e9tonations d\u2019armes lourdes et l\u00e9g\u00e8res. Les populations, paniqu\u00e9es, sont terr\u00e9es chez elles durant plusieurs heures de combats. Selon une source militaire locale, ce sont bel et bien les rebelles de l\u2019unit\u00e9 pour la paix en Centrafrique qui auraient attaqu\u00e9 la ville. \u00ab Ils \u00e9taient plusieurs dizaines \u00bb, confie-t-il.<\/p>\n<p>Ils ont attaqu\u00e9 le centre-ville et les positions de l\u2019arm\u00e9e nationale. Constatons la capacit\u00e9 de nuisance des rebelles, les Casques bleus marocains de la Minusca ont du intervenir au c\u00f4t\u00e9 des FACA afin de repousser les rebelles hors de la ville.<\/p>\n<p>Mais tr\u00e8s t\u00f4t ce matin, les habitants ont eu la surprise de constater que plusieurs magasins ont \u00e9t\u00e9 d\u00e9truits, d\u2019autres incendi\u00e9s dans cet affrontement. Un soldat FACA avait aussi trouv\u00e9 la mort dans les combats, selon des sources militaires locales.<\/p>\n<p>Rappelons que c\u2019est depuis dimanche dernier que les rumeurs d\u2019une attaque de la ville par les rebelles se font entendre dans les diff\u00e9rents quartiers. On ignore les raisons exactes de cette nouvelle attaque, mais certaines sources parlent d\u2019une tentative de lib\u00e9ration de quelques rebelles interpell\u00e9s il y a quelques jours.<\/p>\n<p><b>\u00a0<\/b><\/p>\n","protected":false},"excerpt":{"rendered":"<p>Africa-Press &#8211; CentrAfricaine.\u00a0 L\u2019attaque est survenue dans la nuit du lundi \u00e0 mardi 27 juillet. Les assaillants seraient des combattants rebelles de l\u2019unit\u00e9 pour la paix en Centrafrique (UPC). Mais les soldats FACA, appuy\u00e9s par les Casques bleus marocains de la Minusca ont pu repousser l\u2019attaque. Bilan, un mort. C\u2019\u00e9tait hier lundi aux environs de [&hellip;]<\/p>\n","protected":false},"author":82,"featured_media":9400,"comment_status":"open","ping_status":"closed","sticky":false,"template":"","format":"standard","meta":{"footnotes":""},"categories":[11,2,10],"tags":[36,58,30],"class_list":["post-9401","post","type-post","status-publish","format-standard","has-post-thumbnail","hentry","category-homepage-french","category-politique","category-toutes-les-actualites","tag-africa-press","tag-africa-press-centrafricaine","tag-centrafricaine"],"yoast_head":"<!-- This site is optimized with the Yoast SEO Premium plugin v26.1 (Yoast SEO v27.0) - https:\/\/yoast.com\/product\/yoast-seo-premium-wordpress\/ -->\n<title>Un mort dans une attaque des rebelles au sud-Est du pays - centrafricaine<\/title>\n<meta name=\"description\" content=\"Bangui, R\u00e9publique centrafricaine, mardi, 27 juillet 2021, 14:46:16 ( Corbeaunews-Centrafrique ). L\u2019attaque est ...\" \/>\n<meta name=\"robots\" content=\"index, follow, max-snippet:-1, max-image-preview:large, max-video-preview:-1\" \/>\n<link rel=\"canonical\" href=\"https:\/\/www.africa-press.net\/centrafricaine\/politique\/centrafrique-un-mort-dans-une-attaque-des-rebelles-au-sud-est-du-pays\" \/>\n<meta property=\"og:locale\" content=\"fr_FR\" \/>\n<meta property=\"og:type\" content=\"article\" \/>\n<meta property=\"og:title\" content=\"Un mort dans une attaque des rebelles au sud-Est du pays\" \/>\n<meta property=\"og:description\" content=\"Bangui, R\u00e9publique centrafricaine, mardi, 27 juillet 2021, 14:46:16 ( Corbeaunews-Centrafrique ). L\u2019attaque est ...\" \/>\n<meta property=\"og:url\" content=\"https:\/\/www.africa-press.net\/centrafricaine\/politique\/centrafrique-un-mort-dans-une-attaque-des-rebelles-au-sud-est-du-pays\" \/>\n<meta property=\"og:site_name\" content=\"centrafricaine\" \/>\n<meta property=\"article:published_time\" content=\"2021-07-28T15:42:37+00:00\" \/>\n<meta property=\"article:modified_time\" content=\"2021-07-28T20:35:02+00:00\" \/>\n<meta property=\"og:image\" content=\"https:\/\/static.africa-press.net\/centrafricaine\/sites\/45\/2021\/07\/img-6101708fea753.jpg\" \/>\n\t<meta property=\"og:image:width\" content=\"1000\" \/>\n\t<meta property=\"og:image:height\" content=\"750\" \/>\n\t<meta property=\"og:image:type\" content=\"image\/jpeg\" \/>\n<meta name=\"author\" content=\"cfeditorfr\" \/>\n<meta name=\"twitter:card\" content=\"summary_large_image\" \/>\n<meta name=\"twitter:label1\" content=\"\u00c9crit par\" \/>\n\t<meta name=\"twitter:data1\" content=\"cfeditorfr\" \/>\n\t<meta name=\"twitter:label2\" content=\"Dur\u00e9e de lecture estim\u00e9e\" \/>\n\t<meta name=\"twitter:data2\" content=\"2 minutes\" \/>\n<script type=\"application\/ld+json\" class=\"yoast-schema-graph\">{\"@context\":\"https:\/\/schema.org\",\"@graph\":[{\"@type\":\"Article\",\"@id\":\"https:\/\/www.africa-press.net\/centrafricaine\/politique\/centrafrique-un-mort-dans-une-attaque-des-rebelles-au-sud-est-du-pays#article\",\"isPartOf\":{\"@id\":\"https:\/\/www.africa-press.net\/centrafricaine\/politique\/centrafrique-un-mort-dans-une-attaque-des-rebelles-au-sud-est-du-pays\"},\"author\":{\"name\":\"cfeditorfr\",\"@id\":\"https:\/\/www.africa-press.net\/centrafricaine\/#\/schema\/person\/2b1cf3cd81a31e3cd26889ca66d677f1\"},\"headline\":\"Un mort dans une attaque des rebelles au sud-Est du pays\",\"datePublished\":\"2021-07-28T15:42:37+00:00\",\"dateModified\":\"2021-07-28T20:35:02+00:00\",\"mainEntityOfPage\":{\"@id\":\"https:\/\/www.africa-press.net\/centrafricaine\/politique\/centrafrique-un-mort-dans-une-attaque-des-rebelles-au-sud-est-du-pays\"},\"wordCount\":278,\"commentCount\":0,\"image\":{\"@id\":\"https:\/\/www.africa-press.net\/centrafricaine\/politique\/centrafrique-un-mort-dans-une-attaque-des-rebelles-au-sud-est-du-pays#primaryimage\"},\"thumbnailUrl\":\"https:\/\/static.africa-press.net\/centrafricaine\/sites\/45\/2021\/07\/img-6101708fea753.jpg\",\"keywords\":[\"Africa Press\",\"Africa Press-CentrAfricaine\",\"CentrAfricaine\"],\"articleSection\":[\"homepage-french\",\"Politique\",\"Toutes les actualit\u00e9s\"],\"inLanguage\":\"fr-FR\",\"potentialAction\":[{\"@type\":\"CommentAction\",\"name\":\"Comment\",\"target\":[\"https:\/\/www.africa-press.net\/centrafricaine\/politique\/centrafrique-un-mort-dans-une-attaque-des-rebelles-au-sud-est-du-pays#respond\"]}]},{\"@type\":\"WebPage\",\"@id\":\"https:\/\/www.africa-press.net\/centrafricaine\/politique\/centrafrique-un-mort-dans-une-attaque-des-rebelles-au-sud-est-du-pays\",\"url\":\"https:\/\/www.africa-press.net\/centrafricaine\/politique\/centrafrique-un-mort-dans-une-attaque-des-rebelles-au-sud-est-du-pays\",\"name\":\"Un mort dans une attaque des rebelles au sud-Est du pays - centrafricaine\",\"isPartOf\":{\"@id\":\"https:\/\/www.africa-press.net\/centrafricaine\/#website\"},\"primaryImageOfPage\":{\"@id\":\"https:\/\/www.africa-press.net\/centrafricaine\/politique\/centrafrique-un-mort-dans-une-attaque-des-rebelles-au-sud-est-du-pays#primaryimage\"},\"image\":{\"@id\":\"https:\/\/www.africa-press.net\/centrafricaine\/politique\/centrafrique-un-mort-dans-une-attaque-des-rebelles-au-sud-est-du-pays#primaryimage\"},\"thumbnailUrl\":\"https:\/\/static.africa-press.net\/centrafricaine\/sites\/45\/2021\/07\/img-6101708fea753.jpg\",\"datePublished\":\"2021-07-28T15:42:37+00:00\",\"dateModified\":\"2021-07-28T20:35:02+00:00\",\"author\":{\"@id\":\"https:\/\/www.africa-press.net\/centrafricaine\/#\/schema\/person\/2b1cf3cd81a31e3cd26889ca66d677f1\"},\"description\":\"Bangui, R\u00e9publique centrafricaine, mardi, 27 juillet 2021, 14:46:16 ( Corbeaunews-Centrafrique ). L\u2019attaque est ...\",\"breadcrumb\":{\"@id\":\"https:\/\/www.africa-press.net\/centrafricaine\/politique\/centrafrique-un-mort-dans-une-attaque-des-rebelles-au-sud-est-du-pays#breadcrumb\"},\"inLanguage\":\"fr-FR\",\"potentialAction\":[{\"@type\":\"ReadAction\",\"target\":[\"https:\/\/www.africa-press.net\/centrafricaine\/politique\/centrafrique-un-mort-dans-une-attaque-des-rebelles-au-sud-est-du-pays\"]}]},{\"@type\":\"ImageObject\",\"inLanguage\":\"fr-FR\",\"@id\":\"https:\/\/www.africa-press.net\/centrafricaine\/politique\/centrafrique-un-mort-dans-une-attaque-des-rebelles-au-sud-est-du-pays#primaryimage\",\"url\":\"https:\/\/static.africa-press.net\/centrafricaine\/sites\/45\/2021\/07\/img-6101708fea753.jpg\",\"contentUrl\":\"https:\/\/static.africa-press.net\/centrafricaine\/sites\/45\/2021\/07\/img-6101708fea753.jpg\",\"width\":1000,\"height\":750,\"caption\":\"Centrafrique\u00a0: Un mort dans une attaque des rebelles au sud-Est du pays\"},{\"@type\":\"BreadcrumbList\",\"@id\":\"https:\/\/www.africa-press.net\/centrafricaine\/politique\/centrafrique-un-mort-dans-une-attaque-des-rebelles-au-sud-est-du-pays#breadcrumb\",\"itemListElement\":[{\"@type\":\"ListItem\",\"position\":1,\"name\":\"Accueil\",\"item\":\"https:\/\/www.africa-press.net\/centrafricaine\/\"},{\"@type\":\"ListItem\",\"position\":2,\"name\":\"Un mort dans une attaque des rebelles au sud-Est du pays\"}]},{\"@type\":\"WebSite\",\"@id\":\"https:\/\/www.africa-press.net\/centrafricaine\/#website\",\"url\":\"https:\/\/www.africa-press.net\/centrafricaine\/\",\"name\":\"centrafricaine\",\"description\":\"Just another Africa News Agency Sites site\",\"potentialAction\":[{\"@type\":\"SearchAction\",\"target\":{\"@type\":\"EntryPoint\",\"urlTemplate\":\"https:\/\/www.africa-press.net\/centrafricaine\/?s={search_term_string}\"},\"query-input\":{\"@type\":\"PropertyValueSpecification\",\"valueRequired\":true,\"valueName\":\"search_term_string\"}}],\"inLanguage\":\"fr-FR\"},{\"@type\":\"Person\",\"@id\":\"https:\/\/www.africa-press.net\/centrafricaine\/#\/schema\/person\/2b1cf3cd81a31e3cd26889ca66d677f1\",\"name\":\"cfeditorfr\"}]}<\/script>\n<!-- \/ Yoast SEO Premium plugin. -->","yoast_head_json":{"title":"Un mort dans une attaque des rebelles au sud-Est du pays - centrafricaine","description":"Bangui, R\u00e9publique centrafricaine, mardi, 27 juillet 2021, 14:46:16 ( Corbeaunews-Centrafrique ). L\u2019attaque est ...","robots":{"index":"index","follow":"follow","max-snippet":"max-snippet:-1","max-image-preview":"max-image-preview:large","max-video-preview":"max-video-preview:-1"},"canonical":"https:\/\/www.africa-press.net\/centrafricaine\/politique\/centrafrique-un-mort-dans-une-attaque-des-rebelles-au-sud-est-du-pays","og_locale":"fr_FR","og_type":"article","og_title":"Un mort dans une attaque des rebelles au sud-Est du pays","og_description":"Bangui, R\u00e9publique centrafricaine, mardi, 27 juillet 2021, 14:46:16 ( Corbeaunews-Centrafrique ). L\u2019attaque est ...","og_url":"https:\/\/www.africa-press.net\/centrafricaine\/politique\/centrafrique-un-mort-dans-une-attaque-des-rebelles-au-sud-est-du-pays","og_site_name":"centrafricaine","article_published_time":"2021-07-28T15:42:37+00:00","article_modified_time":"2021-07-28T20:35:02+00:00","og_image":[{"width":1000,"height":750,"url":"https:\/\/static.africa-press.net\/centrafricaine\/sites\/45\/2021\/07\/img-6101708fea753.jpg","type":"image\/jpeg"}],"author":"cfeditorfr","twitter_card":"summary_large_image","twitter_misc":{"\u00c9crit par":"cfeditorfr","Dur\u00e9e de lecture estim\u00e9e":"2 minutes"},"schema":{"@context":"https:\/\/schema.org","@graph":[{"@type":"Article","@id":"https:\/\/www.africa-press.net\/centrafricaine\/politique\/centrafrique-un-mort-dans-une-attaque-des-rebelles-au-sud-est-du-pays#article","isPartOf":{"@id":"https:\/\/www.africa-press.net\/centrafricaine\/politique\/centrafrique-un-mort-dans-une-attaque-des-rebelles-au-sud-est-du-pays"},"author":{"name":"cfeditorfr","@id":"https:\/\/www.africa-press.net\/centrafricaine\/#\/schema\/person\/2b1cf3cd81a31e3cd26889ca66d677f1"},"headline":"Un mort dans une attaque des rebelles au sud-Est du pays","datePublished":"2021-07-28T15:42:37+00:00","dateModified":"2021-07-28T20:35:02+00:00","mainEntityOfPage":{"@id":"https:\/\/www.africa-press.net\/centrafricaine\/politique\/centrafrique-un-mort-dans-une-attaque-des-rebelles-au-sud-est-du-pays"},"wordCount":278,"commentCount":0,"image":{"@id":"https:\/\/www.africa-press.net\/centrafricaine\/politique\/centrafrique-un-mort-dans-une-attaque-des-rebelles-au-sud-est-du-pays#primaryimage"},"thumbnailUrl":"https:\/\/static.africa-press.net\/centrafricaine\/sites\/45\/2021\/07\/img-6101708fea753.jpg","keywords":["Africa Press","Africa Press-CentrAfricaine","CentrAfricaine"],"articleSection":["homepage-french","Politique","Toutes les actualit\u00e9s"],"inLanguage":"fr-FR","potentialAction":[{"@type":"CommentAction","name":"Comment","target":["https:\/\/www.africa-press.net\/centrafricaine\/politique\/centrafrique-un-mort-dans-une-attaque-des-rebelles-au-sud-est-du-pays#respond"]}]},{"@type":"WebPage","@id":"https:\/\/www.africa-press.net\/centrafricaine\/politique\/centrafrique-un-mort-dans-une-attaque-des-rebelles-au-sud-est-du-pays","url":"https:\/\/www.africa-press.net\/centrafricaine\/politique\/centrafrique-un-mort-dans-une-attaque-des-rebelles-au-sud-est-du-pays","name":"Un mort dans une attaque des rebelles au sud-Est du pays - centrafricaine","isPartOf":{"@id":"https:\/\/www.africa-press.net\/centrafricaine\/#website"},"primaryImageOfPage":{"@id":"https:\/\/www.africa-press.net\/centrafricaine\/politique\/centrafrique-un-mort-dans-une-attaque-des-rebelles-au-sud-est-du-pays#primaryimage"},"image":{"@id":"https:\/\/www.africa-press.net\/centrafricaine\/politique\/centrafrique-un-mort-dans-une-attaque-des-rebelles-au-sud-est-du-pays#primaryimage"},"thumbnailUrl":"https:\/\/static.africa-press.net\/centrafricaine\/sites\/45\/2021\/07\/img-6101708fea753.jpg","datePublished":"2021-07-28T15:42:37+00:00","dateModified":"2021-07-28T20:35:02+00:00","author":{"@id":"https:\/\/www.africa-press.net\/centrafricaine\/#\/schema\/person\/2b1cf3cd81a31e3cd26889ca66d677f1"},"description":"Bangui, R\u00e9publique centrafricaine, mardi, 27 juillet 2021, 14:46:16 ( Corbeaunews-Centrafrique ). L\u2019attaque est ...","breadcrumb":{"@id":"https:\/\/www.africa-press.net\/centrafricaine\/politique\/centrafrique-un-mort-dans-une-attaque-des-rebelles-au-sud-est-du-pays#breadcrumb"},"inLanguage":"fr-FR","potentialAction":[{"@type":"ReadAction","target":["https:\/\/www.africa-press.net\/centrafricaine\/politique\/centrafrique-un-mort-dans-une-attaque-des-rebelles-au-sud-est-du-pays"]}]},{"@type":"ImageObject","inLanguage":"fr-FR","@id":"https:\/\/www.africa-press.net\/centrafricaine\/politique\/centrafrique-un-mort-dans-une-attaque-des-rebelles-au-sud-est-du-pays#primaryimage","url":"https:\/\/static.africa-press.net\/centrafricaine\/sites\/45\/2021\/07\/img-6101708fea753.jpg","contentUrl":"https:\/\/static.africa-press.net\/centrafricaine\/sites\/45\/2021\/07\/img-6101708fea753.jpg","width":1000,"height":750,"caption":"Centrafrique\u00a0: Un mort dans une attaque des rebelles au sud-Est du pays"},{"@type":"BreadcrumbList","@id":"https:\/\/www.africa-press.net\/centrafricaine\/politique\/centrafrique-un-mort-dans-une-attaque-des-rebelles-au-sud-est-du-pays#breadcrumb","itemListElement":[{"@type":"ListItem","position":1,"name":"Accueil","item":"https:\/\/www.africa-press.net\/centrafricaine\/"},{"@type":"ListItem","position":2,"name":"Un mort dans une attaque des rebelles au sud-Est du pays"}]},{"@type":"WebSite","@id":"https:\/\/www.africa-press.net\/centrafricaine\/#website","url":"https:\/\/www.africa-press.net\/centrafricaine\/","name":"centrafricaine","description":"Just another Africa News Agency Sites site","potentialAction":[{"@type":"SearchAction","target":{"@type":"EntryPoint","urlTemplate":"https:\/\/www.africa-press.net\/centrafricaine\/?s={search_term_string}"},"query-input":{"@type":"PropertyValueSpecification","valueRequired":true,"valueName":"search_term_string"}}],"inLanguage":"fr-FR"},{"@type":"Person","@id":"https:\/\/www.africa-press.net\/centrafricaine\/#\/schema\/person\/2b1cf3cd81a31e3cd26889ca66d677f1","name":"cfeditorfr"}]}},"_links":{"self":[{"href":"https:\/\/www.africa-press.net\/centrafricaine\/wp-json\/wp\/v2\/posts\/9401","targetHints":{"allow":["GET"]}}],"collection":[{"href":"https:\/\/www.africa-press.net\/centrafricaine\/wp-json\/wp\/v2\/posts"}],"about":[{"href":"https:\/\/www.africa-press.net\/centrafricaine\/wp-json\/wp\/v2\/types\/post"}],"author":[{"embeddable":true,"href":"https:\/\/www.africa-press.net\/centrafricaine\/wp-json\/wp\/v2\/users\/82"}],"replies":[{"embeddable":true,"href":"https:\/\/www.africa-press.net\/centrafricaine\/wp-json\/wp\/v2\/comments?post=9401"}],"version-history":[{"count":0,"href":"https:\/\/www.africa-press.net\/centrafricaine\/wp-json\/wp\/v2\/posts\/9401\/revisions"}],"wp:featuredmedia":[{"embeddable":true,"href":"https:\/\/www.africa-press.net\/centrafricaine\/wp-json\/wp\/v2\/media\/9400"}],"wp:attachment":[{"href":"https:\/\/www.africa-press.net\/centrafricaine\/wp-json\/wp\/v2\/media?parent=9401"}],"wp:term":[{"taxonomy":"category","embeddable":true,"href":"https:\/\/www.africa-press.net\/centrafricaine\/wp-json\/wp\/v2\/categories?post=9401"},{"taxonomy":"post_tag","embeddable":true,"href":"https:\/\/www.africa-press.net\/centrafricaine\/wp-json\/wp\/v2\/tags?post=9401"}],"curies":[{"name":"wp","href":"https:\/\/api.w.org\/{rel}","templated":true}]}}