{"id":9404,"date":"2021-07-28T15:51:09","date_gmt":"2021-07-28T15:51:09","guid":{"rendered":"https:\/\/www.africa-press.net\/centrafricaine\/?p=9404"},"modified":"2021-07-28T14:59:25","modified_gmt":"2021-07-28T14:59:25","slug":"rca-vive-tension-entre-le-chef-de-letat-et-le-mediateur-de-la-republique-moussa-laurent-gon-baba","status":"publish","type":"post","link":"https:\/\/www.africa-press.net\/centrafricaine\/politique\/rca-vive-tension-entre-le-chef-de-letat-et-le-mediateur-de-la-republique-moussa-laurent-gon-baba","title":{"rendered":"RCA\u00a0: Vive tension entre le chef de l\u2019\u00c9tat et le m\u00e9diateur de la R\u00e9publique Moussa Laurent Gon-Baba"},"content":{"rendered":"<p><span style=\"color: #ff6600\"><strong><a href=\"https:\/\/www.africa-press.net\/\">Africa-Press<\/a> &#8211; <a href=\"https:\/\/www.africa-press.net\/centrafricaine\">CentrAfricaine<\/a>. <\/strong><\/span><b>Bangui, R\u00e9publique centrafricaine, mercredi, 28 juillet 2021,<\/b><\/p>\n<p>03:33:39 ( Corbeaunews-Centrafrique ). Quelques semaines apr\u00e8s sa nomination comme le nouveau m\u00e9diateur de la R\u00e9publique, Monsieur Moussa Laurent Gon Baba est d\u00e9j\u00e0 en d\u00e9saccord total avec son ami de longue date Faustin Archange Touadera, et l\u2019homme menace de d\u00e9missionner.<\/p>\n<p>Selon certains proches du Pr\u00e9sident de la R\u00e9publique, le grand dialogue r\u00e9publicain serait \u00e0 l\u2019origine du d\u00e9saccord entre le chef de l\u2019\u00c9tat et le m\u00e9diateur de la R\u00e9publique. Or, le 30 juin 2021, un d\u00e9cret pr\u00e9sidentiel avait d\u00e9fini les profils des participants ainsi que les conditions de participation \u00e0 ce grand dialogue r\u00e9publicain. Mais plusieurs mouvements d\u2019opposition, de la soci\u00e9t\u00e9 civile et de la jeunesse ont vivement r\u00e9agi pour contester le comit\u00e9 d\u2019organisation tel que d\u00e9fini par le chef de l\u2019\u00c9tat. Ils le jugent totalement d\u00e9s\u00e9quilibr\u00e9 pour permettre un dialogue front , transparent et \u00e9quitable. Une vive contestation qui met \u00e0 mal la prochaine tenue de ce dialogue annonc\u00e9 par le chef de l\u2019\u00c9tat.<\/p>\n<p>\u00c0 cet effet, le m\u00e9diateur de la R\u00e9publique Moussa Laurent Gon Baba a ainsi organis\u00e9 une s\u00e9rie de rencontre avec les forces vives de la nation et les partis politiques. L\u2019objectif est de cr\u00e9er un cadre propice pour la r\u00e9conciliation et le dialogue inter centrafricain ainsi que la protection des droits des citoyens.<\/p>\n<p>\u00c0 l\u2019issue de cette s\u00e9rie de rencontre, un compte rendu int\u00e9gral ainsi que des propositions avaient \u00e9t\u00e9 faits au chef de l\u2019\u00c9tat par le m\u00e9diateur de la R\u00e9publique. Mais \u00e0 sa grande surprise, toutes ses propositions ont \u00e9t\u00e9 syst\u00e9matiquement rejet\u00e9es par son ami Faustin Archange Touadera. Ainsi, une semaine plus tard, une autre proposition a \u00e9t\u00e9 faite au chef de l\u2019\u00c9tat, mais celui-ci la rejette toujours, soulevant ainsi la col\u00e8re du m\u00e9diateur.<\/p>\n<p>Et ce n\u2019est pas tout! La semaine derni\u00e8re, un nouveau d\u00e9cret pr\u00e9sidentiel a \u00e9t\u00e9 publi\u00e9, d\u00e9finissant les profils des participants ainsi que les conditions de participation \u00e0 ce grand dialogue r\u00e9publicain , mais les m\u00eames erreurs ont \u00e9t\u00e9 reconduites \u00e0 90%. Mais pour Monsieur Moussa Laurent Gon Baba, le chef de l\u2019\u00c9tat ne devrait pas s\u2019amuser avec la vie du peuple centrafricain.<\/p>\n<p><b>Par Gis\u00e8le MOLOMA<\/b><\/p>\n<p>Journaliste r\u00e9dacteur<\/p>\n<p><b>Alain Nzilo<\/b><\/p>\n<p>Directeur de publications<\/p>\n<p>Tel\/ WhatsApp : +236 75 72 18 21<\/p>\n<p>Email : alainnzilo@gmail.com<\/p>\n","protected":false},"excerpt":{"rendered":"<p>Africa-Press &#8211; CentrAfricaine. Bangui, R\u00e9publique centrafricaine, mercredi, 28 juillet 2021, 03:33:39 ( Corbeaunews-Centrafrique ). Quelques semaines apr\u00e8s sa nomination comme le nouveau m\u00e9diateur de la R\u00e9publique, Monsieur Moussa Laurent Gon Baba est d\u00e9j\u00e0 en d\u00e9saccord total avec son ami de longue date Faustin Archange Touadera, et l\u2019homme menace de d\u00e9missionner. Selon certains proches du Pr\u00e9sident [&hellip;]<\/p>\n","protected":false},"author":82,"featured_media":9403,"comment_status":"open","ping_status":"closed","sticky":false,"template":"","format":"standard","meta":{"footnotes":""},"categories":[11,2,20,10],"tags":[36,58,30],"class_list":["post-9404","post","type-post","status-publish","format-standard","has-post-thumbnail","hentry","category-homepage-french","category-politique","category-top-nouvelles","category-toutes-les-actualites","tag-africa-press","tag-africa-press-centrafricaine","tag-centrafricaine"],"yoast_head":"<!-- This site is optimized with the Yoast SEO Premium plugin v26.1 (Yoast SEO v27.0) - https:\/\/yoast.com\/product\/yoast-seo-premium-wordpress\/ -->\n<title>RCA\u00a0: Vive tension entre le chef de l\u2019\u00c9tat et le m\u00e9diateur de la R\u00e9publique Moussa Laurent Gon-Baba - centrafricaine<\/title>\n<meta name=\"description\" content=\"Bangui, R\u00e9publique centrafricaine, mercredi, 28 juillet 2021, 03:33:39 ( Corbeaunews-Centrafrique ). Quelques se ...\" \/>\n<meta name=\"robots\" content=\"index, follow, max-snippet:-1, max-image-preview:large, max-video-preview:-1\" \/>\n<link rel=\"canonical\" href=\"https:\/\/www.africa-press.net\/centrafricaine\/politique\/rca-vive-tension-entre-le-chef-de-letat-et-le-mediateur-de-la-republique-moussa-laurent-gon-baba\" \/>\n<meta property=\"og:locale\" content=\"fr_FR\" \/>\n<meta property=\"og:type\" content=\"article\" \/>\n<meta property=\"og:title\" content=\"RCA\u00a0: Vive tension entre le chef de l\u2019\u00c9tat et le m\u00e9diateur de la R\u00e9publique Moussa Laurent Gon-Baba\" \/>\n<meta property=\"og:description\" content=\"Bangui, R\u00e9publique centrafricaine, mercredi, 28 juillet 2021, 03:33:39 ( Corbeaunews-Centrafrique ). Quelques se ...\" \/>\n<meta property=\"og:url\" content=\"https:\/\/www.africa-press.net\/centrafricaine\/politique\/rca-vive-tension-entre-le-chef-de-letat-et-le-mediateur-de-la-republique-moussa-laurent-gon-baba\" \/>\n<meta property=\"og:site_name\" content=\"centrafricaine\" \/>\n<meta property=\"article:published_time\" content=\"2021-07-28T15:51:09+00:00\" \/>\n<meta property=\"og:image\" content=\"https:\/\/static.africa-press.net\/centrafricaine\/sites\/45\/2021\/07\/img-610170b11554b.jpg\" \/>\n\t<meta property=\"og:image:width\" content=\"750\" \/>\n\t<meta property=\"og:image:height\" content=\"430\" \/>\n\t<meta property=\"og:image:type\" content=\"image\/jpeg\" \/>\n<meta name=\"author\" content=\"cfeditorfr\" \/>\n<meta name=\"twitter:card\" content=\"summary_large_image\" \/>\n<meta name=\"twitter:label1\" content=\"\u00c9crit par\" \/>\n\t<meta name=\"twitter:data1\" content=\"cfeditorfr\" \/>\n\t<meta name=\"twitter:label2\" content=\"Dur\u00e9e de lecture estim\u00e9e\" \/>\n\t<meta name=\"twitter:data2\" content=\"2 minutes\" \/>\n<script type=\"application\/ld+json\" class=\"yoast-schema-graph\">{\"@context\":\"https:\/\/schema.org\",\"@graph\":[{\"@type\":\"Article\",\"@id\":\"https:\/\/www.africa-press.net\/centrafricaine\/politique\/rca-vive-tension-entre-le-chef-de-letat-et-le-mediateur-de-la-republique-moussa-laurent-gon-baba#article\",\"isPartOf\":{\"@id\":\"https:\/\/www.africa-press.net\/centrafricaine\/politique\/rca-vive-tension-entre-le-chef-de-letat-et-le-mediateur-de-la-republique-moussa-laurent-gon-baba\"},\"author\":{\"name\":\"cfeditorfr\",\"@id\":\"https:\/\/www.africa-press.net\/centrafricaine\/#\/schema\/person\/2b1cf3cd81a31e3cd26889ca66d677f1\"},\"headline\":\"RCA\u00a0: Vive tension entre le chef de l\u2019\u00c9tat et le m\u00e9diateur de la R\u00e9publique Moussa Laurent Gon-Baba\",\"datePublished\":\"2021-07-28T15:51:09+00:00\",\"mainEntityOfPage\":{\"@id\":\"https:\/\/www.africa-press.net\/centrafricaine\/politique\/rca-vive-tension-entre-le-chef-de-letat-et-le-mediateur-de-la-republique-moussa-laurent-gon-baba\"},\"wordCount\":426,\"commentCount\":0,\"image\":{\"@id\":\"https:\/\/www.africa-press.net\/centrafricaine\/politique\/rca-vive-tension-entre-le-chef-de-letat-et-le-mediateur-de-la-republique-moussa-laurent-gon-baba#primaryimage\"},\"thumbnailUrl\":\"https:\/\/static.africa-press.net\/centrafricaine\/sites\/45\/2021\/07\/img-610170b11554b.jpg\",\"keywords\":[\"Africa Press\",\"Africa Press-CentrAfricaine\",\"CentrAfricaine\"],\"articleSection\":[\"homepage-french\",\"Politique\",\"Top Nouvelles\",\"Toutes les actualit\u00e9s\"],\"inLanguage\":\"fr-FR\",\"potentialAction\":[{\"@type\":\"CommentAction\",\"name\":\"Comment\",\"target\":[\"https:\/\/www.africa-press.net\/centrafricaine\/politique\/rca-vive-tension-entre-le-chef-de-letat-et-le-mediateur-de-la-republique-moussa-laurent-gon-baba#respond\"]}]},{\"@type\":\"WebPage\",\"@id\":\"https:\/\/www.africa-press.net\/centrafricaine\/politique\/rca-vive-tension-entre-le-chef-de-letat-et-le-mediateur-de-la-republique-moussa-laurent-gon-baba\",\"url\":\"https:\/\/www.africa-press.net\/centrafricaine\/politique\/rca-vive-tension-entre-le-chef-de-letat-et-le-mediateur-de-la-republique-moussa-laurent-gon-baba\",\"name\":\"RCA\u00a0: Vive tension entre le chef de l\u2019\u00c9tat et le m\u00e9diateur de la R\u00e9publique Moussa Laurent Gon-Baba - centrafricaine\",\"isPartOf\":{\"@id\":\"https:\/\/www.africa-press.net\/centrafricaine\/#website\"},\"primaryImageOfPage\":{\"@id\":\"https:\/\/www.africa-press.net\/centrafricaine\/politique\/rca-vive-tension-entre-le-chef-de-letat-et-le-mediateur-de-la-republique-moussa-laurent-gon-baba#primaryimage\"},\"image\":{\"@id\":\"https:\/\/www.africa-press.net\/centrafricaine\/politique\/rca-vive-tension-entre-le-chef-de-letat-et-le-mediateur-de-la-republique-moussa-laurent-gon-baba#primaryimage\"},\"thumbnailUrl\":\"https:\/\/static.africa-press.net\/centrafricaine\/sites\/45\/2021\/07\/img-610170b11554b.jpg\",\"datePublished\":\"2021-07-28T15:51:09+00:00\",\"author\":{\"@id\":\"https:\/\/www.africa-press.net\/centrafricaine\/#\/schema\/person\/2b1cf3cd81a31e3cd26889ca66d677f1\"},\"description\":\"Bangui, R\u00e9publique centrafricaine, mercredi, 28 juillet 2021, 03:33:39 ( Corbeaunews-Centrafrique ). Quelques se ...\",\"breadcrumb\":{\"@id\":\"https:\/\/www.africa-press.net\/centrafricaine\/politique\/rca-vive-tension-entre-le-chef-de-letat-et-le-mediateur-de-la-republique-moussa-laurent-gon-baba#breadcrumb\"},\"inLanguage\":\"fr-FR\",\"potentialAction\":[{\"@type\":\"ReadAction\",\"target\":[\"https:\/\/www.africa-press.net\/centrafricaine\/politique\/rca-vive-tension-entre-le-chef-de-letat-et-le-mediateur-de-la-republique-moussa-laurent-gon-baba\"]}]},{\"@type\":\"ImageObject\",\"inLanguage\":\"fr-FR\",\"@id\":\"https:\/\/www.africa-press.net\/centrafricaine\/politique\/rca-vive-tension-entre-le-chef-de-letat-et-le-mediateur-de-la-republique-moussa-laurent-gon-baba#primaryimage\",\"url\":\"https:\/\/static.africa-press.net\/centrafricaine\/sites\/45\/2021\/07\/img-610170b11554b.jpg\",\"contentUrl\":\"https:\/\/static.africa-press.net\/centrafricaine\/sites\/45\/2021\/07\/img-610170b11554b.jpg\",\"width\":750,\"height\":430,\"caption\":\"RCA\u00a0: Vive tension entre le chef de l\u2019\u00c9tat et le m\u00e9diateur de la R\u00e9publique Moussa Laurent Gon-Baba\"},{\"@type\":\"BreadcrumbList\",\"@id\":\"https:\/\/www.africa-press.net\/centrafricaine\/politique\/rca-vive-tension-entre-le-chef-de-letat-et-le-mediateur-de-la-republique-moussa-laurent-gon-baba#breadcrumb\",\"itemListElement\":[{\"@type\":\"ListItem\",\"position\":1,\"name\":\"Accueil\",\"item\":\"https:\/\/www.africa-press.net\/centrafricaine\/\"},{\"@type\":\"ListItem\",\"position\":2,\"name\":\"RCA\u00a0: Vive tension entre le chef de l\u2019\u00c9tat et le m\u00e9diateur de la R\u00e9publique Moussa Laurent Gon-Baba\"}]},{\"@type\":\"WebSite\",\"@id\":\"https:\/\/www.africa-press.net\/centrafricaine\/#website\",\"url\":\"https:\/\/www.africa-press.net\/centrafricaine\/\",\"name\":\"centrafricaine\",\"description\":\"Just another Africa News Agency Sites site\",\"potentialAction\":[{\"@type\":\"SearchAction\",\"target\":{\"@type\":\"EntryPoint\",\"urlTemplate\":\"https:\/\/www.africa-press.net\/centrafricaine\/?s={search_term_string}\"},\"query-input\":{\"@type\":\"PropertyValueSpecification\",\"valueRequired\":true,\"valueName\":\"search_term_string\"}}],\"inLanguage\":\"fr-FR\"},{\"@type\":\"Person\",\"@id\":\"https:\/\/www.africa-press.net\/centrafricaine\/#\/schema\/person\/2b1cf3cd81a31e3cd26889ca66d677f1\",\"name\":\"cfeditorfr\"}]}<\/script>\n<!-- \/ Yoast SEO Premium plugin. -->","yoast_head_json":{"title":"RCA\u00a0: Vive tension entre le chef de l\u2019\u00c9tat et le m\u00e9diateur de la R\u00e9publique Moussa Laurent Gon-Baba - centrafricaine","description":"Bangui, R\u00e9publique centrafricaine, mercredi, 28 juillet 2021, 03:33:39 ( Corbeaunews-Centrafrique ). Quelques se ...","robots":{"index":"index","follow":"follow","max-snippet":"max-snippet:-1","max-image-preview":"max-image-preview:large","max-video-preview":"max-video-preview:-1"},"canonical":"https:\/\/www.africa-press.net\/centrafricaine\/politique\/rca-vive-tension-entre-le-chef-de-letat-et-le-mediateur-de-la-republique-moussa-laurent-gon-baba","og_locale":"fr_FR","og_type":"article","og_title":"RCA\u00a0: Vive tension entre le chef de l\u2019\u00c9tat et le m\u00e9diateur de la R\u00e9publique Moussa Laurent Gon-Baba","og_description":"Bangui, R\u00e9publique centrafricaine, mercredi, 28 juillet 2021, 03:33:39 ( Corbeaunews-Centrafrique ). Quelques se ...","og_url":"https:\/\/www.africa-press.net\/centrafricaine\/politique\/rca-vive-tension-entre-le-chef-de-letat-et-le-mediateur-de-la-republique-moussa-laurent-gon-baba","og_site_name":"centrafricaine","article_published_time":"2021-07-28T15:51:09+00:00","og_image":[{"width":750,"height":430,"url":"https:\/\/static.africa-press.net\/centrafricaine\/sites\/45\/2021\/07\/img-610170b11554b.jpg","type":"image\/jpeg"}],"author":"cfeditorfr","twitter_card":"summary_large_image","twitter_misc":{"\u00c9crit par":"cfeditorfr","Dur\u00e9e de lecture estim\u00e9e":"2 minutes"},"schema":{"@context":"https:\/\/schema.org","@graph":[{"@type":"Article","@id":"https:\/\/www.africa-press.net\/centrafricaine\/politique\/rca-vive-tension-entre-le-chef-de-letat-et-le-mediateur-de-la-republique-moussa-laurent-gon-baba#article","isPartOf":{"@id":"https:\/\/www.africa-press.net\/centrafricaine\/politique\/rca-vive-tension-entre-le-chef-de-letat-et-le-mediateur-de-la-republique-moussa-laurent-gon-baba"},"author":{"name":"cfeditorfr","@id":"https:\/\/www.africa-press.net\/centrafricaine\/#\/schema\/person\/2b1cf3cd81a31e3cd26889ca66d677f1"},"headline":"RCA\u00a0: Vive tension entre le chef de l\u2019\u00c9tat et le m\u00e9diateur de la R\u00e9publique Moussa Laurent Gon-Baba","datePublished":"2021-07-28T15:51:09+00:00","mainEntityOfPage":{"@id":"https:\/\/www.africa-press.net\/centrafricaine\/politique\/rca-vive-tension-entre-le-chef-de-letat-et-le-mediateur-de-la-republique-moussa-laurent-gon-baba"},"wordCount":426,"commentCount":0,"image":{"@id":"https:\/\/www.africa-press.net\/centrafricaine\/politique\/rca-vive-tension-entre-le-chef-de-letat-et-le-mediateur-de-la-republique-moussa-laurent-gon-baba#primaryimage"},"thumbnailUrl":"https:\/\/static.africa-press.net\/centrafricaine\/sites\/45\/2021\/07\/img-610170b11554b.jpg","keywords":["Africa Press","Africa Press-CentrAfricaine","CentrAfricaine"],"articleSection":["homepage-french","Politique","Top Nouvelles","Toutes les actualit\u00e9s"],"inLanguage":"fr-FR","potentialAction":[{"@type":"CommentAction","name":"Comment","target":["https:\/\/www.africa-press.net\/centrafricaine\/politique\/rca-vive-tension-entre-le-chef-de-letat-et-le-mediateur-de-la-republique-moussa-laurent-gon-baba#respond"]}]},{"@type":"WebPage","@id":"https:\/\/www.africa-press.net\/centrafricaine\/politique\/rca-vive-tension-entre-le-chef-de-letat-et-le-mediateur-de-la-republique-moussa-laurent-gon-baba","url":"https:\/\/www.africa-press.net\/centrafricaine\/politique\/rca-vive-tension-entre-le-chef-de-letat-et-le-mediateur-de-la-republique-moussa-laurent-gon-baba","name":"RCA\u00a0: Vive tension entre le chef de l\u2019\u00c9tat et le m\u00e9diateur de la R\u00e9publique Moussa Laurent Gon-Baba - centrafricaine","isPartOf":{"@id":"https:\/\/www.africa-press.net\/centrafricaine\/#website"},"primaryImageOfPage":{"@id":"https:\/\/www.africa-press.net\/centrafricaine\/politique\/rca-vive-tension-entre-le-chef-de-letat-et-le-mediateur-de-la-republique-moussa-laurent-gon-baba#primaryimage"},"image":{"@id":"https:\/\/www.africa-press.net\/centrafricaine\/politique\/rca-vive-tension-entre-le-chef-de-letat-et-le-mediateur-de-la-republique-moussa-laurent-gon-baba#primaryimage"},"thumbnailUrl":"https:\/\/static.africa-press.net\/centrafricaine\/sites\/45\/2021\/07\/img-610170b11554b.jpg","datePublished":"2021-07-28T15:51:09+00:00","author":{"@id":"https:\/\/www.africa-press.net\/centrafricaine\/#\/schema\/person\/2b1cf3cd81a31e3cd26889ca66d677f1"},"description":"Bangui, R\u00e9publique centrafricaine, mercredi, 28 juillet 2021, 03:33:39 ( Corbeaunews-Centrafrique ). Quelques se ...","breadcrumb":{"@id":"https:\/\/www.africa-press.net\/centrafricaine\/politique\/rca-vive-tension-entre-le-chef-de-letat-et-le-mediateur-de-la-republique-moussa-laurent-gon-baba#breadcrumb"},"inLanguage":"fr-FR","potentialAction":[{"@type":"ReadAction","target":["https:\/\/www.africa-press.net\/centrafricaine\/politique\/rca-vive-tension-entre-le-chef-de-letat-et-le-mediateur-de-la-republique-moussa-laurent-gon-baba"]}]},{"@type":"ImageObject","inLanguage":"fr-FR","@id":"https:\/\/www.africa-press.net\/centrafricaine\/politique\/rca-vive-tension-entre-le-chef-de-letat-et-le-mediateur-de-la-republique-moussa-laurent-gon-baba#primaryimage","url":"https:\/\/static.africa-press.net\/centrafricaine\/sites\/45\/2021\/07\/img-610170b11554b.jpg","contentUrl":"https:\/\/static.africa-press.net\/centrafricaine\/sites\/45\/2021\/07\/img-610170b11554b.jpg","width":750,"height":430,"caption":"RCA\u00a0: Vive tension entre le chef de l\u2019\u00c9tat et le m\u00e9diateur de la R\u00e9publique Moussa Laurent Gon-Baba"},{"@type":"BreadcrumbList","@id":"https:\/\/www.africa-press.net\/centrafricaine\/politique\/rca-vive-tension-entre-le-chef-de-letat-et-le-mediateur-de-la-republique-moussa-laurent-gon-baba#breadcrumb","itemListElement":[{"@type":"ListItem","position":1,"name":"Accueil","item":"https:\/\/www.africa-press.net\/centrafricaine\/"},{"@type":"ListItem","position":2,"name":"RCA\u00a0: Vive tension entre le chef de l\u2019\u00c9tat et le m\u00e9diateur de la R\u00e9publique Moussa Laurent Gon-Baba"}]},{"@type":"WebSite","@id":"https:\/\/www.africa-press.net\/centrafricaine\/#website","url":"https:\/\/www.africa-press.net\/centrafricaine\/","name":"centrafricaine","description":"Just another Africa News Agency Sites site","potentialAction":[{"@type":"SearchAction","target":{"@type":"EntryPoint","urlTemplate":"https:\/\/www.africa-press.net\/centrafricaine\/?s={search_term_string}"},"query-input":{"@type":"PropertyValueSpecification","valueRequired":true,"valueName":"search_term_string"}}],"inLanguage":"fr-FR"},{"@type":"Person","@id":"https:\/\/www.africa-press.net\/centrafricaine\/#\/schema\/person\/2b1cf3cd81a31e3cd26889ca66d677f1","name":"cfeditorfr"}]}},"_links":{"self":[{"href":"https:\/\/www.africa-press.net\/centrafricaine\/wp-json\/wp\/v2\/posts\/9404","targetHints":{"allow":["GET"]}}],"collection":[{"href":"https:\/\/www.africa-press.net\/centrafricaine\/wp-json\/wp\/v2\/posts"}],"about":[{"href":"https:\/\/www.africa-press.net\/centrafricaine\/wp-json\/wp\/v2\/types\/post"}],"author":[{"embeddable":true,"href":"https:\/\/www.africa-press.net\/centrafricaine\/wp-json\/wp\/v2\/users\/82"}],"replies":[{"embeddable":true,"href":"https:\/\/www.africa-press.net\/centrafricaine\/wp-json\/wp\/v2\/comments?post=9404"}],"version-history":[{"count":0,"href":"https:\/\/www.africa-press.net\/centrafricaine\/wp-json\/wp\/v2\/posts\/9404\/revisions"}],"wp:featuredmedia":[{"embeddable":true,"href":"https:\/\/www.africa-press.net\/centrafricaine\/wp-json\/wp\/v2\/media\/9403"}],"wp:attachment":[{"href":"https:\/\/www.africa-press.net\/centrafricaine\/wp-json\/wp\/v2\/media?parent=9404"}],"wp:term":[{"taxonomy":"category","embeddable":true,"href":"https:\/\/www.africa-press.net\/centrafricaine\/wp-json\/wp\/v2\/categories?post=9404"},{"taxonomy":"post_tag","embeddable":true,"href":"https:\/\/www.africa-press.net\/centrafricaine\/wp-json\/wp\/v2\/tags?post=9404"}],"curies":[{"name":"wp","href":"https:\/\/api.w.org\/{rel}","templated":true}]}}