{"id":9420,"date":"2021-07-29T12:23:47","date_gmt":"2021-07-29T12:23:47","guid":{"rendered":"https:\/\/www.africa-press.net\/centrafricaine\/politique\/rca-une-personne-tuee-une-autre-blessee-et-cinq-motos-incendiees-dans-le-nord-ouest"},"modified":"2021-07-30T18:07:06","modified_gmt":"2021-07-30T18:07:06","slug":"rca-une-personne-tuee-une-autre-blessee-et-cinq-motos-incendiees-dans-le-nord-ouest","status":"publish","type":"post","link":"https:\/\/www.africa-press.net\/centrafricaine\/toutes-les-actualites\/rca-une-personne-tuee-une-autre-blessee-et-cinq-motos-incendiees-dans-le-nord-ouest","title":{"rendered":"une personne tu\u00e9e, une autre bless\u00e9e, et cinq motos incendi\u00e9es dans le Nord-ouest"},"content":{"rendered":"<p><span style=\"color: #ff6600\"><strong><a href=\"https:\/\/www.africa-press.net\/\">Africa-Press<\/a> &#8211; <a href=\"https:\/\/www.africa-press.net\/centrafricaine\">CentrAfricaine<\/a>.\u00a0 <\/strong><\/span>\u00a0Toutes ces exactions commises dans les localit\u00e9s de Dim et de Ngaoundaye ont \u00e9t\u00e9 attribu\u00e9es aux rebelles de 3R, membres de la coalition des patriotes pour le changement (CPC). Le bless\u00e9, un jeune enfant, a \u00e9t\u00e9 transf\u00e9r\u00e9 \u00e0 l\u2019h\u00f4pital de Ngaoundaye. Tandis que son p\u00e8re, victime d\u2019un assassinat, a \u00e9t\u00e9 enterr\u00e9 dans son village.<\/p>\n<p>Selon des sources locales, dans la nuit du dimanche \u00e0 lundi 26 juillet dernier, \u00e0 Zoro, situ\u00e9e \u00e0 environ 10 kilom\u00e8tres de Dim sur l\u2019axe Ngaoundaye, un p\u00e8re \u00e2g\u00e9 de 35 ans a \u00e9t\u00e9 assassin\u00e9, et son enfant gri\u00e8vement bless\u00e9 par des hommes arm\u00e9s identifi\u00e9s comme des rebelles de 3R, membres du CPC.<\/p>\n<p>Selon les m\u00eames sources, les faits se sont produits vers 23 heures. L\u2019enfant qui a \u00e9t\u00e9 bless\u00e9 est transf\u00e9r\u00e9 dans un h\u00f4pital \u00e0 Ngaoundaye, mais son \u00e9tat de sant\u00e9 est toujours pr\u00e9occupant et stable.<\/p>\n<p>Pendant ce temps, le lendemain, plus au sud-Est, vers L\u00e9t\u00e9l\u00e9, situ\u00e9es \u00e0 17 kilom\u00e8tres de Bocaranga sur l\u2019axe Dim, plusieurs commer\u00e7ants ont \u00e9t\u00e9 arr\u00eat\u00e9s, et leurs motos incendi\u00e9es. On parle de cinq engins.<\/p>\n<p>Une situation s\u00e9curitaire instable qui pousse les populations locales \u00e0 faire appel au gouvernement afin de d\u00e9ployer les forces de l\u2019ordre dans la localit\u00e9 et rassurer les habitants.<\/p>\n<p>Rappelons qu\u2019il y a un mois, les soldats FACA bas\u00e9s \u00e0 Bang, Dim et L\u00e9t\u00e9l\u00e9 ont \u00e9t\u00e9 retir\u00e9s de la zone \u00e0 cause de manque des moyens logistiques et militaires.<\/p>\n<p><b>\u00a0<\/b><\/p>\n","protected":false},"excerpt":{"rendered":"<p>Africa-Press &#8211; CentrAfricaine.\u00a0 \u00a0Toutes ces exactions commises dans les localit\u00e9s de Dim et de Ngaoundaye ont \u00e9t\u00e9 attribu\u00e9es aux rebelles de 3R, membres de la coalition des patriotes pour le changement (CPC). Le bless\u00e9, un jeune enfant, a \u00e9t\u00e9 transf\u00e9r\u00e9 \u00e0 l\u2019h\u00f4pital de Ngaoundaye. Tandis que son p\u00e8re, victime d\u2019un assassinat, a \u00e9t\u00e9 enterr\u00e9 dans [&hellip;]<\/p>\n","protected":false},"author":82,"featured_media":9419,"comment_status":"open","ping_status":"closed","sticky":false,"template":"","format":"standard","meta":{"footnotes":""},"categories":[21,11,10],"tags":[36,58,30],"class_list":["post-9420","post","type-post","status-publish","format-standard","has-post-thumbnail","hentry","category-communaute","category-homepage-french","category-toutes-les-actualites","tag-africa-press","tag-africa-press-centrafricaine","tag-centrafricaine"],"yoast_head":"<!-- This site is optimized with the Yoast SEO Premium plugin v26.1 (Yoast SEO v27.0) - https:\/\/yoast.com\/product\/yoast-seo-premium-wordpress\/ -->\n<title>une personne tu\u00e9e, une autre bless\u00e9e, et cinq motos incendi\u00e9es dans le Nord-ouest - centrafricaine<\/title>\n<meta name=\"description\" content=\"Bangui, R\u00e9publique centrafricaine, jeudi, 29 juillet 2021, 03:26:31 ( Corbeaunews-Centrafrique ). Toutes ces exa ...\" \/>\n<meta name=\"robots\" content=\"index, follow, max-snippet:-1, max-image-preview:large, max-video-preview:-1\" \/>\n<link rel=\"canonical\" href=\"https:\/\/www.africa-press.net\/centrafricaine\/toutes-les-actualites\/rca-une-personne-tuee-une-autre-blessee-et-cinq-motos-incendiees-dans-le-nord-ouest\" \/>\n<meta property=\"og:locale\" content=\"fr_FR\" \/>\n<meta property=\"og:type\" content=\"article\" \/>\n<meta property=\"og:title\" content=\"une personne tu\u00e9e, une autre bless\u00e9e, et cinq motos incendi\u00e9es dans le Nord-ouest\" \/>\n<meta property=\"og:description\" content=\"Bangui, R\u00e9publique centrafricaine, jeudi, 29 juillet 2021, 03:26:31 ( Corbeaunews-Centrafrique ). Toutes ces exa ...\" \/>\n<meta property=\"og:url\" content=\"https:\/\/www.africa-press.net\/centrafricaine\/toutes-les-actualites\/rca-une-personne-tuee-une-autre-blessee-et-cinq-motos-incendiees-dans-le-nord-ouest\" \/>\n<meta property=\"og:site_name\" content=\"centrafricaine\" \/>\n<meta property=\"article:published_time\" content=\"2021-07-29T12:23:47+00:00\" \/>\n<meta property=\"article:modified_time\" content=\"2021-07-30T18:07:06+00:00\" \/>\n<meta property=\"og:image\" content=\"https:\/\/static.africa-press.net\/centrafricaine\/sites\/45\/2021\/07\/img-61029d8a89147.jpg\" \/>\n\t<meta property=\"og:image:width\" content=\"720\" \/>\n\t<meta property=\"og:image:height\" content=\"702\" \/>\n\t<meta property=\"og:image:type\" content=\"image\/jpeg\" \/>\n<meta name=\"author\" content=\"cfeditorfr\" \/>\n<meta name=\"twitter:card\" content=\"summary_large_image\" \/>\n<meta name=\"twitter:label1\" content=\"\u00c9crit par\" \/>\n\t<meta name=\"twitter:data1\" content=\"cfeditorfr\" \/>\n\t<meta name=\"twitter:label2\" content=\"Dur\u00e9e de lecture estim\u00e9e\" \/>\n\t<meta name=\"twitter:data2\" content=\"2 minutes\" \/>\n<script type=\"application\/ld+json\" class=\"yoast-schema-graph\">{\"@context\":\"https:\/\/schema.org\",\"@graph\":[{\"@type\":\"Article\",\"@id\":\"https:\/\/www.africa-press.net\/centrafricaine\/toutes-les-actualites\/rca-une-personne-tuee-une-autre-blessee-et-cinq-motos-incendiees-dans-le-nord-ouest#article\",\"isPartOf\":{\"@id\":\"https:\/\/www.africa-press.net\/centrafricaine\/toutes-les-actualites\/rca-une-personne-tuee-une-autre-blessee-et-cinq-motos-incendiees-dans-le-nord-ouest\"},\"author\":{\"name\":\"cfeditorfr\",\"@id\":\"https:\/\/www.africa-press.net\/centrafricaine\/#\/schema\/person\/2b1cf3cd81a31e3cd26889ca66d677f1\"},\"headline\":\"une personne tu\u00e9e, une autre bless\u00e9e, et cinq motos incendi\u00e9es dans le Nord-ouest\",\"datePublished\":\"2021-07-29T12:23:47+00:00\",\"dateModified\":\"2021-07-30T18:07:06+00:00\",\"mainEntityOfPage\":{\"@id\":\"https:\/\/www.africa-press.net\/centrafricaine\/toutes-les-actualites\/rca-une-personne-tuee-une-autre-blessee-et-cinq-motos-incendiees-dans-le-nord-ouest\"},\"wordCount\":273,\"commentCount\":0,\"image\":{\"@id\":\"https:\/\/www.africa-press.net\/centrafricaine\/toutes-les-actualites\/rca-une-personne-tuee-une-autre-blessee-et-cinq-motos-incendiees-dans-le-nord-ouest#primaryimage\"},\"thumbnailUrl\":\"https:\/\/static.africa-press.net\/centrafricaine\/sites\/45\/2021\/07\/img-61029d8a89147.jpg\",\"keywords\":[\"Africa Press\",\"Africa Press-CentrAfricaine\",\"CentrAfricaine\"],\"articleSection\":[\"Communaut\u00e9\",\"homepage-french\",\"Toutes les actualit\u00e9s\"],\"inLanguage\":\"fr-FR\",\"potentialAction\":[{\"@type\":\"CommentAction\",\"name\":\"Comment\",\"target\":[\"https:\/\/www.africa-press.net\/centrafricaine\/toutes-les-actualites\/rca-une-personne-tuee-une-autre-blessee-et-cinq-motos-incendiees-dans-le-nord-ouest#respond\"]}]},{\"@type\":\"WebPage\",\"@id\":\"https:\/\/www.africa-press.net\/centrafricaine\/toutes-les-actualites\/rca-une-personne-tuee-une-autre-blessee-et-cinq-motos-incendiees-dans-le-nord-ouest\",\"url\":\"https:\/\/www.africa-press.net\/centrafricaine\/toutes-les-actualites\/rca-une-personne-tuee-une-autre-blessee-et-cinq-motos-incendiees-dans-le-nord-ouest\",\"name\":\"une personne tu\u00e9e, une autre bless\u00e9e, et cinq motos incendi\u00e9es dans le Nord-ouest - centrafricaine\",\"isPartOf\":{\"@id\":\"https:\/\/www.africa-press.net\/centrafricaine\/#website\"},\"primaryImageOfPage\":{\"@id\":\"https:\/\/www.africa-press.net\/centrafricaine\/toutes-les-actualites\/rca-une-personne-tuee-une-autre-blessee-et-cinq-motos-incendiees-dans-le-nord-ouest#primaryimage\"},\"image\":{\"@id\":\"https:\/\/www.africa-press.net\/centrafricaine\/toutes-les-actualites\/rca-une-personne-tuee-une-autre-blessee-et-cinq-motos-incendiees-dans-le-nord-ouest#primaryimage\"},\"thumbnailUrl\":\"https:\/\/static.africa-press.net\/centrafricaine\/sites\/45\/2021\/07\/img-61029d8a89147.jpg\",\"datePublished\":\"2021-07-29T12:23:47+00:00\",\"dateModified\":\"2021-07-30T18:07:06+00:00\",\"author\":{\"@id\":\"https:\/\/www.africa-press.net\/centrafricaine\/#\/schema\/person\/2b1cf3cd81a31e3cd26889ca66d677f1\"},\"description\":\"Bangui, R\u00e9publique centrafricaine, jeudi, 29 juillet 2021, 03:26:31 ( Corbeaunews-Centrafrique ). Toutes ces exa ...\",\"breadcrumb\":{\"@id\":\"https:\/\/www.africa-press.net\/centrafricaine\/toutes-les-actualites\/rca-une-personne-tuee-une-autre-blessee-et-cinq-motos-incendiees-dans-le-nord-ouest#breadcrumb\"},\"inLanguage\":\"fr-FR\",\"potentialAction\":[{\"@type\":\"ReadAction\",\"target\":[\"https:\/\/www.africa-press.net\/centrafricaine\/toutes-les-actualites\/rca-une-personne-tuee-une-autre-blessee-et-cinq-motos-incendiees-dans-le-nord-ouest\"]}]},{\"@type\":\"ImageObject\",\"inLanguage\":\"fr-FR\",\"@id\":\"https:\/\/www.africa-press.net\/centrafricaine\/toutes-les-actualites\/rca-une-personne-tuee-une-autre-blessee-et-cinq-motos-incendiees-dans-le-nord-ouest#primaryimage\",\"url\":\"https:\/\/static.africa-press.net\/centrafricaine\/sites\/45\/2021\/07\/img-61029d8a89147.jpg\",\"contentUrl\":\"https:\/\/static.africa-press.net\/centrafricaine\/sites\/45\/2021\/07\/img-61029d8a89147.jpg\",\"width\":720,\"height\":702,\"caption\":\"RCA\u00a0: une personne tu\u00e9e, une autre bless\u00e9e, et cinq motos incendi\u00e9es dans le Nord-ouest\"},{\"@type\":\"BreadcrumbList\",\"@id\":\"https:\/\/www.africa-press.net\/centrafricaine\/toutes-les-actualites\/rca-une-personne-tuee-une-autre-blessee-et-cinq-motos-incendiees-dans-le-nord-ouest#breadcrumb\",\"itemListElement\":[{\"@type\":\"ListItem\",\"position\":1,\"name\":\"Accueil\",\"item\":\"https:\/\/www.africa-press.net\/centrafricaine\/\"},{\"@type\":\"ListItem\",\"position\":2,\"name\":\"une personne tu\u00e9e, une autre bless\u00e9e, et cinq motos incendi\u00e9es dans le Nord-ouest\"}]},{\"@type\":\"WebSite\",\"@id\":\"https:\/\/www.africa-press.net\/centrafricaine\/#website\",\"url\":\"https:\/\/www.africa-press.net\/centrafricaine\/\",\"name\":\"centrafricaine\",\"description\":\"Just another Africa News Agency Sites site\",\"potentialAction\":[{\"@type\":\"SearchAction\",\"target\":{\"@type\":\"EntryPoint\",\"urlTemplate\":\"https:\/\/www.africa-press.net\/centrafricaine\/?s={search_term_string}\"},\"query-input\":{\"@type\":\"PropertyValueSpecification\",\"valueRequired\":true,\"valueName\":\"search_term_string\"}}],\"inLanguage\":\"fr-FR\"},{\"@type\":\"Person\",\"@id\":\"https:\/\/www.africa-press.net\/centrafricaine\/#\/schema\/person\/2b1cf3cd81a31e3cd26889ca66d677f1\",\"name\":\"cfeditorfr\"}]}<\/script>\n<!-- \/ Yoast SEO Premium plugin. -->","yoast_head_json":{"title":"une personne tu\u00e9e, une autre bless\u00e9e, et cinq motos incendi\u00e9es dans le Nord-ouest - centrafricaine","description":"Bangui, R\u00e9publique centrafricaine, jeudi, 29 juillet 2021, 03:26:31 ( Corbeaunews-Centrafrique ). Toutes ces exa ...","robots":{"index":"index","follow":"follow","max-snippet":"max-snippet:-1","max-image-preview":"max-image-preview:large","max-video-preview":"max-video-preview:-1"},"canonical":"https:\/\/www.africa-press.net\/centrafricaine\/toutes-les-actualites\/rca-une-personne-tuee-une-autre-blessee-et-cinq-motos-incendiees-dans-le-nord-ouest","og_locale":"fr_FR","og_type":"article","og_title":"une personne tu\u00e9e, une autre bless\u00e9e, et cinq motos incendi\u00e9es dans le Nord-ouest","og_description":"Bangui, R\u00e9publique centrafricaine, jeudi, 29 juillet 2021, 03:26:31 ( Corbeaunews-Centrafrique ). Toutes ces exa ...","og_url":"https:\/\/www.africa-press.net\/centrafricaine\/toutes-les-actualites\/rca-une-personne-tuee-une-autre-blessee-et-cinq-motos-incendiees-dans-le-nord-ouest","og_site_name":"centrafricaine","article_published_time":"2021-07-29T12:23:47+00:00","article_modified_time":"2021-07-30T18:07:06+00:00","og_image":[{"width":720,"height":702,"url":"https:\/\/static.africa-press.net\/centrafricaine\/sites\/45\/2021\/07\/img-61029d8a89147.jpg","type":"image\/jpeg"}],"author":"cfeditorfr","twitter_card":"summary_large_image","twitter_misc":{"\u00c9crit par":"cfeditorfr","Dur\u00e9e de lecture estim\u00e9e":"2 minutes"},"schema":{"@context":"https:\/\/schema.org","@graph":[{"@type":"Article","@id":"https:\/\/www.africa-press.net\/centrafricaine\/toutes-les-actualites\/rca-une-personne-tuee-une-autre-blessee-et-cinq-motos-incendiees-dans-le-nord-ouest#article","isPartOf":{"@id":"https:\/\/www.africa-press.net\/centrafricaine\/toutes-les-actualites\/rca-une-personne-tuee-une-autre-blessee-et-cinq-motos-incendiees-dans-le-nord-ouest"},"author":{"name":"cfeditorfr","@id":"https:\/\/www.africa-press.net\/centrafricaine\/#\/schema\/person\/2b1cf3cd81a31e3cd26889ca66d677f1"},"headline":"une personne tu\u00e9e, une autre bless\u00e9e, et cinq motos incendi\u00e9es dans le Nord-ouest","datePublished":"2021-07-29T12:23:47+00:00","dateModified":"2021-07-30T18:07:06+00:00","mainEntityOfPage":{"@id":"https:\/\/www.africa-press.net\/centrafricaine\/toutes-les-actualites\/rca-une-personne-tuee-une-autre-blessee-et-cinq-motos-incendiees-dans-le-nord-ouest"},"wordCount":273,"commentCount":0,"image":{"@id":"https:\/\/www.africa-press.net\/centrafricaine\/toutes-les-actualites\/rca-une-personne-tuee-une-autre-blessee-et-cinq-motos-incendiees-dans-le-nord-ouest#primaryimage"},"thumbnailUrl":"https:\/\/static.africa-press.net\/centrafricaine\/sites\/45\/2021\/07\/img-61029d8a89147.jpg","keywords":["Africa Press","Africa Press-CentrAfricaine","CentrAfricaine"],"articleSection":["Communaut\u00e9","homepage-french","Toutes les actualit\u00e9s"],"inLanguage":"fr-FR","potentialAction":[{"@type":"CommentAction","name":"Comment","target":["https:\/\/www.africa-press.net\/centrafricaine\/toutes-les-actualites\/rca-une-personne-tuee-une-autre-blessee-et-cinq-motos-incendiees-dans-le-nord-ouest#respond"]}]},{"@type":"WebPage","@id":"https:\/\/www.africa-press.net\/centrafricaine\/toutes-les-actualites\/rca-une-personne-tuee-une-autre-blessee-et-cinq-motos-incendiees-dans-le-nord-ouest","url":"https:\/\/www.africa-press.net\/centrafricaine\/toutes-les-actualites\/rca-une-personne-tuee-une-autre-blessee-et-cinq-motos-incendiees-dans-le-nord-ouest","name":"une personne tu\u00e9e, une autre bless\u00e9e, et cinq motos incendi\u00e9es dans le Nord-ouest - centrafricaine","isPartOf":{"@id":"https:\/\/www.africa-press.net\/centrafricaine\/#website"},"primaryImageOfPage":{"@id":"https:\/\/www.africa-press.net\/centrafricaine\/toutes-les-actualites\/rca-une-personne-tuee-une-autre-blessee-et-cinq-motos-incendiees-dans-le-nord-ouest#primaryimage"},"image":{"@id":"https:\/\/www.africa-press.net\/centrafricaine\/toutes-les-actualites\/rca-une-personne-tuee-une-autre-blessee-et-cinq-motos-incendiees-dans-le-nord-ouest#primaryimage"},"thumbnailUrl":"https:\/\/static.africa-press.net\/centrafricaine\/sites\/45\/2021\/07\/img-61029d8a89147.jpg","datePublished":"2021-07-29T12:23:47+00:00","dateModified":"2021-07-30T18:07:06+00:00","author":{"@id":"https:\/\/www.africa-press.net\/centrafricaine\/#\/schema\/person\/2b1cf3cd81a31e3cd26889ca66d677f1"},"description":"Bangui, R\u00e9publique centrafricaine, jeudi, 29 juillet 2021, 03:26:31 ( Corbeaunews-Centrafrique ). Toutes ces exa ...","breadcrumb":{"@id":"https:\/\/www.africa-press.net\/centrafricaine\/toutes-les-actualites\/rca-une-personne-tuee-une-autre-blessee-et-cinq-motos-incendiees-dans-le-nord-ouest#breadcrumb"},"inLanguage":"fr-FR","potentialAction":[{"@type":"ReadAction","target":["https:\/\/www.africa-press.net\/centrafricaine\/toutes-les-actualites\/rca-une-personne-tuee-une-autre-blessee-et-cinq-motos-incendiees-dans-le-nord-ouest"]}]},{"@type":"ImageObject","inLanguage":"fr-FR","@id":"https:\/\/www.africa-press.net\/centrafricaine\/toutes-les-actualites\/rca-une-personne-tuee-une-autre-blessee-et-cinq-motos-incendiees-dans-le-nord-ouest#primaryimage","url":"https:\/\/static.africa-press.net\/centrafricaine\/sites\/45\/2021\/07\/img-61029d8a89147.jpg","contentUrl":"https:\/\/static.africa-press.net\/centrafricaine\/sites\/45\/2021\/07\/img-61029d8a89147.jpg","width":720,"height":702,"caption":"RCA\u00a0: une personne tu\u00e9e, une autre bless\u00e9e, et cinq motos incendi\u00e9es dans le Nord-ouest"},{"@type":"BreadcrumbList","@id":"https:\/\/www.africa-press.net\/centrafricaine\/toutes-les-actualites\/rca-une-personne-tuee-une-autre-blessee-et-cinq-motos-incendiees-dans-le-nord-ouest#breadcrumb","itemListElement":[{"@type":"ListItem","position":1,"name":"Accueil","item":"https:\/\/www.africa-press.net\/centrafricaine\/"},{"@type":"ListItem","position":2,"name":"une personne tu\u00e9e, une autre bless\u00e9e, et cinq motos incendi\u00e9es dans le Nord-ouest"}]},{"@type":"WebSite","@id":"https:\/\/www.africa-press.net\/centrafricaine\/#website","url":"https:\/\/www.africa-press.net\/centrafricaine\/","name":"centrafricaine","description":"Just another Africa News Agency Sites site","potentialAction":[{"@type":"SearchAction","target":{"@type":"EntryPoint","urlTemplate":"https:\/\/www.africa-press.net\/centrafricaine\/?s={search_term_string}"},"query-input":{"@type":"PropertyValueSpecification","valueRequired":true,"valueName":"search_term_string"}}],"inLanguage":"fr-FR"},{"@type":"Person","@id":"https:\/\/www.africa-press.net\/centrafricaine\/#\/schema\/person\/2b1cf3cd81a31e3cd26889ca66d677f1","name":"cfeditorfr"}]}},"_links":{"self":[{"href":"https:\/\/www.africa-press.net\/centrafricaine\/wp-json\/wp\/v2\/posts\/9420","targetHints":{"allow":["GET"]}}],"collection":[{"href":"https:\/\/www.africa-press.net\/centrafricaine\/wp-json\/wp\/v2\/posts"}],"about":[{"href":"https:\/\/www.africa-press.net\/centrafricaine\/wp-json\/wp\/v2\/types\/post"}],"author":[{"embeddable":true,"href":"https:\/\/www.africa-press.net\/centrafricaine\/wp-json\/wp\/v2\/users\/82"}],"replies":[{"embeddable":true,"href":"https:\/\/www.africa-press.net\/centrafricaine\/wp-json\/wp\/v2\/comments?post=9420"}],"version-history":[{"count":0,"href":"https:\/\/www.africa-press.net\/centrafricaine\/wp-json\/wp\/v2\/posts\/9420\/revisions"}],"wp:featuredmedia":[{"embeddable":true,"href":"https:\/\/www.africa-press.net\/centrafricaine\/wp-json\/wp\/v2\/media\/9419"}],"wp:attachment":[{"href":"https:\/\/www.africa-press.net\/centrafricaine\/wp-json\/wp\/v2\/media?parent=9420"}],"wp:term":[{"taxonomy":"category","embeddable":true,"href":"https:\/\/www.africa-press.net\/centrafricaine\/wp-json\/wp\/v2\/categories?post=9420"},{"taxonomy":"post_tag","embeddable":true,"href":"https:\/\/www.africa-press.net\/centrafricaine\/wp-json\/wp\/v2\/tags?post=9420"}],"curies":[{"name":"wp","href":"https:\/\/api.w.org\/{rel}","templated":true}]}}