{"id":9426,"date":"2021-07-29T12:41:26","date_gmt":"2021-07-29T12:41:26","guid":{"rendered":"https:\/\/www.africa-press.net\/centrafricaine\/?p=9426"},"modified":"2021-07-30T17:57:15","modified_gmt":"2021-07-30T17:57:15","slug":"rca-un-renfort-des-mercenaires-de-wagner-tombe-dans-une-embuscade-au-nord-ouest-quatre-morts","status":"publish","type":"post","link":"https:\/\/www.africa-press.net\/centrafricaine\/politique\/rca-un-renfort-des-mercenaires-de-wagner-tombe-dans-une-embuscade-au-nord-ouest-quatre-morts","title":{"rendered":"un renfort des mercenaires de Wagner tomb\u00e9 dans une embuscade au Nord-ouest, quatre morts"},"content":{"rendered":"<p><span style=\"color: #ff6600\"><strong><a href=\"https:\/\/www.africa-press.net\/\">Africa-Press<\/a> &#8211; <a href=\"https:\/\/www.africa-press.net\/centrafricaine\">CentrAfricaine<\/a>. <\/strong><\/span>Un renfort d\u2019au moins deux v\u00e9hicules des mercenaires de la soci\u00e9t\u00e9 russe Wagner est tomb\u00e9 dans une embuscade des rebelles de 3R dans la localit\u00e9 de Ndongu\u00e9 douane , faisant quatre morts et trois bless\u00e9s, a-t-on appris des sources s\u00e9curitaires locales.<\/p>\n<p>Selon la m\u00eame source, lors de l\u2019attaque des positions des soldats FACA dans le village Ndongu\u00e9 douane lundi, un renfort des mercenaires russes de la soci\u00e9t\u00e9 Wagner, compos\u00e9 d\u2019au moins deux v\u00e9hicules, a quitt\u00e9 la ville de Y\u00e9l\u00e9wa pour le lieu de l\u2019op\u00e9ration qui se trouve \u00e0 15 kilom\u00e8tres, \u00e9tait tomb\u00e9 dans une embuscade tendue par les \u00e9l\u00e9ments rebelles du mouvement 3R. Quatre mercenaires de Wagner ont \u00e9t\u00e9 tu\u00e9s, et trois autres bless\u00e9s. Un h\u00e9licopt\u00e8re a \u00e9galement \u00e9t\u00e9 appel\u00e9 en urgence sur le lieu, faisant des tirs contre les rebelles qui ont pu cesser les combats. Toutes les victimes ont \u00e9t\u00e9 transport\u00e9es par h\u00e9licopt\u00e8re pour \u00eatre \u00e9vacu\u00e9es vers Berongo, o\u00f9 Wagner avait install\u00e9 un h\u00f4pital d\u2019urgence pour les bless\u00e9s.<\/p>\n<p>Notons que l\u2019attaque du lundi dernier contre les positions des soldats FACA avait fait au moins deux morts et deux bless\u00e9s du c\u00f4t\u00e9 de l\u2019arm\u00e9e nationale. Du c\u00f4t\u00e9 des rebelles, on ignore s\u2019il y\u2019a des bless\u00e9s ou des morts.<\/p>\n<p>Rappelons que dans les localit\u00e9s de Niem-Y\u00e9l\u00e9wa, de \u00ab Abba \u00bb, de Baboua, de Bondiba et de gallo, les rebelles de 3R multiplient les attaques contre les forces de l\u2019ordre qui ne ma\u00eetrisent tr\u00e8s mal la localit\u00e9.<\/p>\n<p><b>\u00a0<\/b><\/p>\n","protected":false},"excerpt":{"rendered":"<p>Africa-Press &#8211; CentrAfricaine. Un renfort d\u2019au moins deux v\u00e9hicules des mercenaires de la soci\u00e9t\u00e9 russe Wagner est tomb\u00e9 dans une embuscade des rebelles de 3R dans la localit\u00e9 de Ndongu\u00e9 douane , faisant quatre morts et trois bless\u00e9s, a-t-on appris des sources s\u00e9curitaires locales. Selon la m\u00eame source, lors de l\u2019attaque des positions des soldats [&hellip;]<\/p>\n","protected":false},"author":82,"featured_media":9425,"comment_status":"open","ping_status":"closed","sticky":false,"template":"","format":"standard","meta":{"footnotes":""},"categories":[11,2,20,10],"tags":[36,58,30],"class_list":["post-9426","post","type-post","status-publish","format-standard","has-post-thumbnail","hentry","category-homepage-french","category-politique","category-top-nouvelles","category-toutes-les-actualites","tag-africa-press","tag-africa-press-centrafricaine","tag-centrafricaine"],"yoast_head":"<!-- This site is optimized with the Yoast SEO Premium plugin v26.1 (Yoast SEO v27.0) - https:\/\/yoast.com\/product\/yoast-seo-premium-wordpress\/ -->\n<title>un renfort des mercenaires de Wagner tomb\u00e9 dans une embuscade au Nord-ouest, quatre morts - centrafricaine<\/title>\n<meta name=\"description\" content=\"Bangui, R\u00e9publique centrafricaine, jeudi, 29 juillet 2021, 03:50:58 ( Corbeaunews-Centrafrique ). Un renfort d\u2019a ...\" \/>\n<meta name=\"robots\" content=\"index, follow, max-snippet:-1, max-image-preview:large, max-video-preview:-1\" \/>\n<link rel=\"canonical\" href=\"https:\/\/www.africa-press.net\/centrafricaine\/politique\/rca-un-renfort-des-mercenaires-de-wagner-tombe-dans-une-embuscade-au-nord-ouest-quatre-morts\" \/>\n<meta property=\"og:locale\" content=\"fr_FR\" \/>\n<meta property=\"og:type\" content=\"article\" \/>\n<meta property=\"og:title\" content=\"un renfort des mercenaires de Wagner tomb\u00e9 dans une embuscade au Nord-ouest, quatre morts\" \/>\n<meta property=\"og:description\" content=\"Bangui, R\u00e9publique centrafricaine, jeudi, 29 juillet 2021, 03:50:58 ( Corbeaunews-Centrafrique ). Un renfort d\u2019a ...\" \/>\n<meta property=\"og:url\" content=\"https:\/\/www.africa-press.net\/centrafricaine\/politique\/rca-un-renfort-des-mercenaires-de-wagner-tombe-dans-une-embuscade-au-nord-ouest-quatre-morts\" \/>\n<meta property=\"og:site_name\" content=\"centrafricaine\" \/>\n<meta property=\"article:published_time\" content=\"2021-07-29T12:41:26+00:00\" \/>\n<meta property=\"article:modified_time\" content=\"2021-07-30T17:57:15+00:00\" \/>\n<meta property=\"og:image\" content=\"https:\/\/static.africa-press.net\/centrafricaine\/sites\/45\/2021\/07\/img-61029de3598fa.jpg\" \/>\n\t<meta property=\"og:image:width\" content=\"720\" \/>\n\t<meta property=\"og:image:height\" content=\"720\" \/>\n\t<meta property=\"og:image:type\" content=\"image\/jpeg\" \/>\n<meta name=\"author\" content=\"cfeditorfr\" \/>\n<meta name=\"twitter:card\" content=\"summary_large_image\" \/>\n<meta name=\"twitter:label1\" content=\"\u00c9crit par\" \/>\n\t<meta name=\"twitter:data1\" content=\"cfeditorfr\" \/>\n\t<meta name=\"twitter:label2\" content=\"Dur\u00e9e de lecture estim\u00e9e\" \/>\n\t<meta name=\"twitter:data2\" content=\"2 minutes\" \/>\n<script type=\"application\/ld+json\" class=\"yoast-schema-graph\">{\"@context\":\"https:\/\/schema.org\",\"@graph\":[{\"@type\":\"Article\",\"@id\":\"https:\/\/www.africa-press.net\/centrafricaine\/politique\/rca-un-renfort-des-mercenaires-de-wagner-tombe-dans-une-embuscade-au-nord-ouest-quatre-morts#article\",\"isPartOf\":{\"@id\":\"https:\/\/www.africa-press.net\/centrafricaine\/politique\/rca-un-renfort-des-mercenaires-de-wagner-tombe-dans-une-embuscade-au-nord-ouest-quatre-morts\"},\"author\":{\"name\":\"cfeditorfr\",\"@id\":\"https:\/\/www.africa-press.net\/centrafricaine\/#\/schema\/person\/2b1cf3cd81a31e3cd26889ca66d677f1\"},\"headline\":\"un renfort des mercenaires de Wagner tomb\u00e9 dans une embuscade au Nord-ouest, quatre morts\",\"datePublished\":\"2021-07-29T12:41:26+00:00\",\"dateModified\":\"2021-07-30T17:57:15+00:00\",\"mainEntityOfPage\":{\"@id\":\"https:\/\/www.africa-press.net\/centrafricaine\/politique\/rca-un-renfort-des-mercenaires-de-wagner-tombe-dans-une-embuscade-au-nord-ouest-quatre-morts\"},\"wordCount\":290,\"commentCount\":0,\"image\":{\"@id\":\"https:\/\/www.africa-press.net\/centrafricaine\/politique\/rca-un-renfort-des-mercenaires-de-wagner-tombe-dans-une-embuscade-au-nord-ouest-quatre-morts#primaryimage\"},\"thumbnailUrl\":\"https:\/\/static.africa-press.net\/centrafricaine\/sites\/45\/2021\/07\/img-61029de3598fa.jpg\",\"keywords\":[\"Africa Press\",\"Africa Press-CentrAfricaine\",\"CentrAfricaine\"],\"articleSection\":[\"homepage-french\",\"Politique\",\"Top Nouvelles\",\"Toutes les actualit\u00e9s\"],\"inLanguage\":\"fr-FR\",\"potentialAction\":[{\"@type\":\"CommentAction\",\"name\":\"Comment\",\"target\":[\"https:\/\/www.africa-press.net\/centrafricaine\/politique\/rca-un-renfort-des-mercenaires-de-wagner-tombe-dans-une-embuscade-au-nord-ouest-quatre-morts#respond\"]}]},{\"@type\":\"WebPage\",\"@id\":\"https:\/\/www.africa-press.net\/centrafricaine\/politique\/rca-un-renfort-des-mercenaires-de-wagner-tombe-dans-une-embuscade-au-nord-ouest-quatre-morts\",\"url\":\"https:\/\/www.africa-press.net\/centrafricaine\/politique\/rca-un-renfort-des-mercenaires-de-wagner-tombe-dans-une-embuscade-au-nord-ouest-quatre-morts\",\"name\":\"un renfort des mercenaires de Wagner tomb\u00e9 dans une embuscade au Nord-ouest, quatre morts - centrafricaine\",\"isPartOf\":{\"@id\":\"https:\/\/www.africa-press.net\/centrafricaine\/#website\"},\"primaryImageOfPage\":{\"@id\":\"https:\/\/www.africa-press.net\/centrafricaine\/politique\/rca-un-renfort-des-mercenaires-de-wagner-tombe-dans-une-embuscade-au-nord-ouest-quatre-morts#primaryimage\"},\"image\":{\"@id\":\"https:\/\/www.africa-press.net\/centrafricaine\/politique\/rca-un-renfort-des-mercenaires-de-wagner-tombe-dans-une-embuscade-au-nord-ouest-quatre-morts#primaryimage\"},\"thumbnailUrl\":\"https:\/\/static.africa-press.net\/centrafricaine\/sites\/45\/2021\/07\/img-61029de3598fa.jpg\",\"datePublished\":\"2021-07-29T12:41:26+00:00\",\"dateModified\":\"2021-07-30T17:57:15+00:00\",\"author\":{\"@id\":\"https:\/\/www.africa-press.net\/centrafricaine\/#\/schema\/person\/2b1cf3cd81a31e3cd26889ca66d677f1\"},\"description\":\"Bangui, R\u00e9publique centrafricaine, jeudi, 29 juillet 2021, 03:50:58 ( Corbeaunews-Centrafrique ). Un renfort d\u2019a ...\",\"breadcrumb\":{\"@id\":\"https:\/\/www.africa-press.net\/centrafricaine\/politique\/rca-un-renfort-des-mercenaires-de-wagner-tombe-dans-une-embuscade-au-nord-ouest-quatre-morts#breadcrumb\"},\"inLanguage\":\"fr-FR\",\"potentialAction\":[{\"@type\":\"ReadAction\",\"target\":[\"https:\/\/www.africa-press.net\/centrafricaine\/politique\/rca-un-renfort-des-mercenaires-de-wagner-tombe-dans-une-embuscade-au-nord-ouest-quatre-morts\"]}]},{\"@type\":\"ImageObject\",\"inLanguage\":\"fr-FR\",\"@id\":\"https:\/\/www.africa-press.net\/centrafricaine\/politique\/rca-un-renfort-des-mercenaires-de-wagner-tombe-dans-une-embuscade-au-nord-ouest-quatre-morts#primaryimage\",\"url\":\"https:\/\/static.africa-press.net\/centrafricaine\/sites\/45\/2021\/07\/img-61029de3598fa.jpg\",\"contentUrl\":\"https:\/\/static.africa-press.net\/centrafricaine\/sites\/45\/2021\/07\/img-61029de3598fa.jpg\",\"width\":720,\"height\":720,\"caption\":\"RCA\u00a0: un renfort des mercenaires de Wagner tomb\u00e9 dans une embuscade au Nord-ouest, quatre morts\"},{\"@type\":\"BreadcrumbList\",\"@id\":\"https:\/\/www.africa-press.net\/centrafricaine\/politique\/rca-un-renfort-des-mercenaires-de-wagner-tombe-dans-une-embuscade-au-nord-ouest-quatre-morts#breadcrumb\",\"itemListElement\":[{\"@type\":\"ListItem\",\"position\":1,\"name\":\"Accueil\",\"item\":\"https:\/\/www.africa-press.net\/centrafricaine\/\"},{\"@type\":\"ListItem\",\"position\":2,\"name\":\"un renfort des mercenaires de Wagner tomb\u00e9 dans une embuscade au Nord-ouest, quatre morts\"}]},{\"@type\":\"WebSite\",\"@id\":\"https:\/\/www.africa-press.net\/centrafricaine\/#website\",\"url\":\"https:\/\/www.africa-press.net\/centrafricaine\/\",\"name\":\"centrafricaine\",\"description\":\"Just another Africa News Agency Sites site\",\"potentialAction\":[{\"@type\":\"SearchAction\",\"target\":{\"@type\":\"EntryPoint\",\"urlTemplate\":\"https:\/\/www.africa-press.net\/centrafricaine\/?s={search_term_string}\"},\"query-input\":{\"@type\":\"PropertyValueSpecification\",\"valueRequired\":true,\"valueName\":\"search_term_string\"}}],\"inLanguage\":\"fr-FR\"},{\"@type\":\"Person\",\"@id\":\"https:\/\/www.africa-press.net\/centrafricaine\/#\/schema\/person\/2b1cf3cd81a31e3cd26889ca66d677f1\",\"name\":\"cfeditorfr\"}]}<\/script>\n<!-- \/ Yoast SEO Premium plugin. -->","yoast_head_json":{"title":"un renfort des mercenaires de Wagner tomb\u00e9 dans une embuscade au Nord-ouest, quatre morts - centrafricaine","description":"Bangui, R\u00e9publique centrafricaine, jeudi, 29 juillet 2021, 03:50:58 ( Corbeaunews-Centrafrique ). Un renfort d\u2019a ...","robots":{"index":"index","follow":"follow","max-snippet":"max-snippet:-1","max-image-preview":"max-image-preview:large","max-video-preview":"max-video-preview:-1"},"canonical":"https:\/\/www.africa-press.net\/centrafricaine\/politique\/rca-un-renfort-des-mercenaires-de-wagner-tombe-dans-une-embuscade-au-nord-ouest-quatre-morts","og_locale":"fr_FR","og_type":"article","og_title":"un renfort des mercenaires de Wagner tomb\u00e9 dans une embuscade au Nord-ouest, quatre morts","og_description":"Bangui, R\u00e9publique centrafricaine, jeudi, 29 juillet 2021, 03:50:58 ( Corbeaunews-Centrafrique ). Un renfort d\u2019a ...","og_url":"https:\/\/www.africa-press.net\/centrafricaine\/politique\/rca-un-renfort-des-mercenaires-de-wagner-tombe-dans-une-embuscade-au-nord-ouest-quatre-morts","og_site_name":"centrafricaine","article_published_time":"2021-07-29T12:41:26+00:00","article_modified_time":"2021-07-30T17:57:15+00:00","og_image":[{"width":720,"height":720,"url":"https:\/\/static.africa-press.net\/centrafricaine\/sites\/45\/2021\/07\/img-61029de3598fa.jpg","type":"image\/jpeg"}],"author":"cfeditorfr","twitter_card":"summary_large_image","twitter_misc":{"\u00c9crit par":"cfeditorfr","Dur\u00e9e de lecture estim\u00e9e":"2 minutes"},"schema":{"@context":"https:\/\/schema.org","@graph":[{"@type":"Article","@id":"https:\/\/www.africa-press.net\/centrafricaine\/politique\/rca-un-renfort-des-mercenaires-de-wagner-tombe-dans-une-embuscade-au-nord-ouest-quatre-morts#article","isPartOf":{"@id":"https:\/\/www.africa-press.net\/centrafricaine\/politique\/rca-un-renfort-des-mercenaires-de-wagner-tombe-dans-une-embuscade-au-nord-ouest-quatre-morts"},"author":{"name":"cfeditorfr","@id":"https:\/\/www.africa-press.net\/centrafricaine\/#\/schema\/person\/2b1cf3cd81a31e3cd26889ca66d677f1"},"headline":"un renfort des mercenaires de Wagner tomb\u00e9 dans une embuscade au Nord-ouest, quatre morts","datePublished":"2021-07-29T12:41:26+00:00","dateModified":"2021-07-30T17:57:15+00:00","mainEntityOfPage":{"@id":"https:\/\/www.africa-press.net\/centrafricaine\/politique\/rca-un-renfort-des-mercenaires-de-wagner-tombe-dans-une-embuscade-au-nord-ouest-quatre-morts"},"wordCount":290,"commentCount":0,"image":{"@id":"https:\/\/www.africa-press.net\/centrafricaine\/politique\/rca-un-renfort-des-mercenaires-de-wagner-tombe-dans-une-embuscade-au-nord-ouest-quatre-morts#primaryimage"},"thumbnailUrl":"https:\/\/static.africa-press.net\/centrafricaine\/sites\/45\/2021\/07\/img-61029de3598fa.jpg","keywords":["Africa Press","Africa Press-CentrAfricaine","CentrAfricaine"],"articleSection":["homepage-french","Politique","Top Nouvelles","Toutes les actualit\u00e9s"],"inLanguage":"fr-FR","potentialAction":[{"@type":"CommentAction","name":"Comment","target":["https:\/\/www.africa-press.net\/centrafricaine\/politique\/rca-un-renfort-des-mercenaires-de-wagner-tombe-dans-une-embuscade-au-nord-ouest-quatre-morts#respond"]}]},{"@type":"WebPage","@id":"https:\/\/www.africa-press.net\/centrafricaine\/politique\/rca-un-renfort-des-mercenaires-de-wagner-tombe-dans-une-embuscade-au-nord-ouest-quatre-morts","url":"https:\/\/www.africa-press.net\/centrafricaine\/politique\/rca-un-renfort-des-mercenaires-de-wagner-tombe-dans-une-embuscade-au-nord-ouest-quatre-morts","name":"un renfort des mercenaires de Wagner tomb\u00e9 dans une embuscade au Nord-ouest, quatre morts - centrafricaine","isPartOf":{"@id":"https:\/\/www.africa-press.net\/centrafricaine\/#website"},"primaryImageOfPage":{"@id":"https:\/\/www.africa-press.net\/centrafricaine\/politique\/rca-un-renfort-des-mercenaires-de-wagner-tombe-dans-une-embuscade-au-nord-ouest-quatre-morts#primaryimage"},"image":{"@id":"https:\/\/www.africa-press.net\/centrafricaine\/politique\/rca-un-renfort-des-mercenaires-de-wagner-tombe-dans-une-embuscade-au-nord-ouest-quatre-morts#primaryimage"},"thumbnailUrl":"https:\/\/static.africa-press.net\/centrafricaine\/sites\/45\/2021\/07\/img-61029de3598fa.jpg","datePublished":"2021-07-29T12:41:26+00:00","dateModified":"2021-07-30T17:57:15+00:00","author":{"@id":"https:\/\/www.africa-press.net\/centrafricaine\/#\/schema\/person\/2b1cf3cd81a31e3cd26889ca66d677f1"},"description":"Bangui, R\u00e9publique centrafricaine, jeudi, 29 juillet 2021, 03:50:58 ( Corbeaunews-Centrafrique ). Un renfort d\u2019a ...","breadcrumb":{"@id":"https:\/\/www.africa-press.net\/centrafricaine\/politique\/rca-un-renfort-des-mercenaires-de-wagner-tombe-dans-une-embuscade-au-nord-ouest-quatre-morts#breadcrumb"},"inLanguage":"fr-FR","potentialAction":[{"@type":"ReadAction","target":["https:\/\/www.africa-press.net\/centrafricaine\/politique\/rca-un-renfort-des-mercenaires-de-wagner-tombe-dans-une-embuscade-au-nord-ouest-quatre-morts"]}]},{"@type":"ImageObject","inLanguage":"fr-FR","@id":"https:\/\/www.africa-press.net\/centrafricaine\/politique\/rca-un-renfort-des-mercenaires-de-wagner-tombe-dans-une-embuscade-au-nord-ouest-quatre-morts#primaryimage","url":"https:\/\/static.africa-press.net\/centrafricaine\/sites\/45\/2021\/07\/img-61029de3598fa.jpg","contentUrl":"https:\/\/static.africa-press.net\/centrafricaine\/sites\/45\/2021\/07\/img-61029de3598fa.jpg","width":720,"height":720,"caption":"RCA\u00a0: un renfort des mercenaires de Wagner tomb\u00e9 dans une embuscade au Nord-ouest, quatre morts"},{"@type":"BreadcrumbList","@id":"https:\/\/www.africa-press.net\/centrafricaine\/politique\/rca-un-renfort-des-mercenaires-de-wagner-tombe-dans-une-embuscade-au-nord-ouest-quatre-morts#breadcrumb","itemListElement":[{"@type":"ListItem","position":1,"name":"Accueil","item":"https:\/\/www.africa-press.net\/centrafricaine\/"},{"@type":"ListItem","position":2,"name":"un renfort des mercenaires de Wagner tomb\u00e9 dans une embuscade au Nord-ouest, quatre morts"}]},{"@type":"WebSite","@id":"https:\/\/www.africa-press.net\/centrafricaine\/#website","url":"https:\/\/www.africa-press.net\/centrafricaine\/","name":"centrafricaine","description":"Just another Africa News Agency Sites site","potentialAction":[{"@type":"SearchAction","target":{"@type":"EntryPoint","urlTemplate":"https:\/\/www.africa-press.net\/centrafricaine\/?s={search_term_string}"},"query-input":{"@type":"PropertyValueSpecification","valueRequired":true,"valueName":"search_term_string"}}],"inLanguage":"fr-FR"},{"@type":"Person","@id":"https:\/\/www.africa-press.net\/centrafricaine\/#\/schema\/person\/2b1cf3cd81a31e3cd26889ca66d677f1","name":"cfeditorfr"}]}},"_links":{"self":[{"href":"https:\/\/www.africa-press.net\/centrafricaine\/wp-json\/wp\/v2\/posts\/9426","targetHints":{"allow":["GET"]}}],"collection":[{"href":"https:\/\/www.africa-press.net\/centrafricaine\/wp-json\/wp\/v2\/posts"}],"about":[{"href":"https:\/\/www.africa-press.net\/centrafricaine\/wp-json\/wp\/v2\/types\/post"}],"author":[{"embeddable":true,"href":"https:\/\/www.africa-press.net\/centrafricaine\/wp-json\/wp\/v2\/users\/82"}],"replies":[{"embeddable":true,"href":"https:\/\/www.africa-press.net\/centrafricaine\/wp-json\/wp\/v2\/comments?post=9426"}],"version-history":[{"count":0,"href":"https:\/\/www.africa-press.net\/centrafricaine\/wp-json\/wp\/v2\/posts\/9426\/revisions"}],"wp:featuredmedia":[{"embeddable":true,"href":"https:\/\/www.africa-press.net\/centrafricaine\/wp-json\/wp\/v2\/media\/9425"}],"wp:attachment":[{"href":"https:\/\/www.africa-press.net\/centrafricaine\/wp-json\/wp\/v2\/media?parent=9426"}],"wp:term":[{"taxonomy":"category","embeddable":true,"href":"https:\/\/www.africa-press.net\/centrafricaine\/wp-json\/wp\/v2\/categories?post=9426"},{"taxonomy":"post_tag","embeddable":true,"href":"https:\/\/www.africa-press.net\/centrafricaine\/wp-json\/wp\/v2\/tags?post=9426"}],"curies":[{"name":"wp","href":"https:\/\/api.w.org\/{rel}","templated":true}]}}