{"id":9435,"date":"2021-07-29T13:03:06","date_gmt":"2021-07-29T13:03:06","guid":{"rendered":"https:\/\/www.africa-press.net\/centrafricaine\/?p=9435"},"modified":"2021-07-30T17:59:05","modified_gmt":"2021-07-30T17:59:05","slug":"rca-la-minusca-condamne-une-attaque-des-rebelles-de-lupc-qui-a-fait-un-mort-a-obo","status":"publish","type":"post","link":"https:\/\/www.africa-press.net\/centrafricaine\/politique\/rca-la-minusca-condamne-une-attaque-des-rebelles-de-lupc-qui-a-fait-un-mort-a-obo","title":{"rendered":"la MINUSCA condamne une attaque des rebelles de l\u2019UPC qui a fait un mort \u00e0 Obo"},"content":{"rendered":"<p><span style=\"color: #ff6600\"><strong><a href=\"https:\/\/www.africa-press.net\/\">Africa-Press<\/a> &#8211; <a href=\"https:\/\/www.africa-press.net\/centrafricaine\">CentrAfricaine<\/a>. <\/strong><\/span>La mission multidimensionnelle int\u00e9gr\u00e9e des Nations Unies pour la stabilisation en R\u00e9publique centrafricaine (MINUSCA) a fermement condamn\u00e9 une attaque des rebelles de l\u2019Unit\u00e9 pour la paix en Centrafrique (UPC) contre les populations civiles de la ville centrafricaine d\u2019Obo (extr\u00eame sud-est) ainsi que la base des casques bleus d\u00e9ploy\u00e9s dans la localit\u00e9, selon un communiqu\u00e9 rendu public mardi.<\/p>\n<p>Dans le communiqu\u00e9 de presse, la MINUSCA a indiqu\u00e9 que des \u00e9l\u00e9ments arm\u00e9s qui appartiendraient \u00e0 l\u2019UPC avaient lanc\u00e9 lundi en d\u00e9but de la soir\u00e9e une s\u00e9rie d\u2019attaques coordonn\u00e9es sur la ville d\u2019Obo, ciblant les installations des forces de d\u00e9fense et de s\u00e9curit\u00e9 centrafricaines, mais \u00e9galement la base des casques bleus marocains.<\/p>\n<p>Les casques bleus ont vigoureusement ripost\u00e9 aux attaques, y ont mis un terme et s\u2019emploient \u00e0 assurer la s\u00e9curisation imm\u00e9diate des civils, a ajout\u00e9 la mission onusienne dans le communiqu\u00e9, d\u00e9plorant un bless\u00e9 parmi les casques bleus.<\/p>\n<p>La MINUSCA a estim\u00e9 pour sa part que les attaques lanc\u00e9es contre son personnel, notamment les casques bleus, constituent des violations du droit international humanitaire, les jug\u00e9es comme \u00e9tant des crimes de guerre. Elle s\u2019est engag\u00e9 \u00e0 prendre toutes les mesures, en collaboration avec le gouvernement centrafricain, pour que les responsables de ces crimes odieux soient identifi\u00e9s, arr\u00eat\u00e9s et traduits devant la justice.<\/p>\n<p>Selon des sources locales concordantes, l\u2019attaque d\u2019Obo perp\u00e9tr\u00e9e par les rebelles est la cons\u00e9quence de l\u2019arrestation de quelques combattants de l\u2019UPC par les militaires des Forces arm\u00e9es centrafricaines (FACA) il y a deux semaines et lesquels devraient \u00eatre remis \u00e0 la justice dans la capitale centrafricaine Bangui.<\/p>\n<p><b>\u00a0<\/b><\/p>\n","protected":false},"excerpt":{"rendered":"<p>Africa-Press &#8211; CentrAfricaine. La mission multidimensionnelle int\u00e9gr\u00e9e des Nations Unies pour la stabilisation en R\u00e9publique centrafricaine (MINUSCA) a fermement condamn\u00e9 une attaque des rebelles de l\u2019Unit\u00e9 pour la paix en Centrafrique (UPC) contre les populations civiles de la ville centrafricaine d\u2019Obo (extr\u00eame sud-est) ainsi que la base des casques bleus d\u00e9ploy\u00e9s dans la localit\u00e9, selon [&hellip;]<\/p>\n","protected":false},"author":82,"featured_media":9434,"comment_status":"open","ping_status":"closed","sticky":false,"template":"","format":"standard","meta":{"footnotes":""},"categories":[11,2,20,10],"tags":[36,58,30],"class_list":["post-9435","post","type-post","status-publish","format-standard","has-post-thumbnail","hentry","category-homepage-french","category-politique","category-top-nouvelles","category-toutes-les-actualites","tag-africa-press","tag-africa-press-centrafricaine","tag-centrafricaine"],"yoast_head":"<!-- This site is optimized with the Yoast SEO Premium plugin v26.1 (Yoast SEO v27.0) - https:\/\/yoast.com\/product\/yoast-seo-premium-wordpress\/ -->\n<title>la MINUSCA condamne une attaque des rebelles de l\u2019UPC qui a fait un mort \u00e0 Obo - centrafricaine<\/title>\n<meta name=\"description\" content=\"Bangui, R\u00e9publique centrafricaine, mercredi, 28 juillet 2021, 16:57:04 ( Corbeaunews-Centrafrique ). La mission ...\" \/>\n<meta name=\"robots\" content=\"index, follow, max-snippet:-1, max-image-preview:large, max-video-preview:-1\" \/>\n<link rel=\"canonical\" href=\"https:\/\/www.africa-press.net\/centrafricaine\/politique\/rca-la-minusca-condamne-une-attaque-des-rebelles-de-lupc-qui-a-fait-un-mort-a-obo\" \/>\n<meta property=\"og:locale\" content=\"fr_FR\" \/>\n<meta property=\"og:type\" content=\"article\" \/>\n<meta property=\"og:title\" content=\"la MINUSCA condamne une attaque des rebelles de l\u2019UPC qui a fait un mort \u00e0 Obo\" \/>\n<meta property=\"og:description\" content=\"Bangui, R\u00e9publique centrafricaine, mercredi, 28 juillet 2021, 16:57:04 ( Corbeaunews-Centrafrique ). La mission ...\" \/>\n<meta property=\"og:url\" content=\"https:\/\/www.africa-press.net\/centrafricaine\/politique\/rca-la-minusca-condamne-une-attaque-des-rebelles-de-lupc-qui-a-fait-un-mort-a-obo\" \/>\n<meta property=\"og:site_name\" content=\"centrafricaine\" \/>\n<meta property=\"article:published_time\" content=\"2021-07-29T13:03:06+00:00\" \/>\n<meta property=\"article:modified_time\" content=\"2021-07-30T17:59:05+00:00\" \/>\n<meta property=\"og:image\" content=\"https:\/\/static.africa-press.net\/centrafricaine\/sites\/45\/2021\/07\/img-61029e51c275c.jpg\" \/>\n\t<meta property=\"og:image:width\" content=\"720\" \/>\n\t<meta property=\"og:image:height\" content=\"665\" \/>\n\t<meta property=\"og:image:type\" content=\"image\/jpeg\" \/>\n<meta name=\"author\" content=\"cfeditorfr\" \/>\n<meta name=\"twitter:card\" content=\"summary_large_image\" \/>\n<meta name=\"twitter:label1\" content=\"\u00c9crit par\" \/>\n\t<meta name=\"twitter:data1\" content=\"cfeditorfr\" \/>\n\t<meta name=\"twitter:label2\" content=\"Dur\u00e9e de lecture estim\u00e9e\" \/>\n\t<meta name=\"twitter:data2\" content=\"2 minutes\" \/>\n<script type=\"application\/ld+json\" class=\"yoast-schema-graph\">{\"@context\":\"https:\/\/schema.org\",\"@graph\":[{\"@type\":\"Article\",\"@id\":\"https:\/\/www.africa-press.net\/centrafricaine\/politique\/rca-la-minusca-condamne-une-attaque-des-rebelles-de-lupc-qui-a-fait-un-mort-a-obo#article\",\"isPartOf\":{\"@id\":\"https:\/\/www.africa-press.net\/centrafricaine\/politique\/rca-la-minusca-condamne-une-attaque-des-rebelles-de-lupc-qui-a-fait-un-mort-a-obo\"},\"author\":{\"name\":\"cfeditorfr\",\"@id\":\"https:\/\/www.africa-press.net\/centrafricaine\/#\/schema\/person\/2b1cf3cd81a31e3cd26889ca66d677f1\"},\"headline\":\"la MINUSCA condamne une attaque des rebelles de l\u2019UPC qui a fait un mort \u00e0 Obo\",\"datePublished\":\"2021-07-29T13:03:06+00:00\",\"dateModified\":\"2021-07-30T17:59:05+00:00\",\"mainEntityOfPage\":{\"@id\":\"https:\/\/www.africa-press.net\/centrafricaine\/politique\/rca-la-minusca-condamne-une-attaque-des-rebelles-de-lupc-qui-a-fait-un-mort-a-obo\"},\"wordCount\":308,\"commentCount\":0,\"image\":{\"@id\":\"https:\/\/www.africa-press.net\/centrafricaine\/politique\/rca-la-minusca-condamne-une-attaque-des-rebelles-de-lupc-qui-a-fait-un-mort-a-obo#primaryimage\"},\"thumbnailUrl\":\"https:\/\/static.africa-press.net\/centrafricaine\/sites\/45\/2021\/07\/img-61029e51c275c.jpg\",\"keywords\":[\"Africa Press\",\"Africa Press-CentrAfricaine\",\"CentrAfricaine\"],\"articleSection\":[\"homepage-french\",\"Politique\",\"Top Nouvelles\",\"Toutes les actualit\u00e9s\"],\"inLanguage\":\"fr-FR\",\"potentialAction\":[{\"@type\":\"CommentAction\",\"name\":\"Comment\",\"target\":[\"https:\/\/www.africa-press.net\/centrafricaine\/politique\/rca-la-minusca-condamne-une-attaque-des-rebelles-de-lupc-qui-a-fait-un-mort-a-obo#respond\"]}]},{\"@type\":\"WebPage\",\"@id\":\"https:\/\/www.africa-press.net\/centrafricaine\/politique\/rca-la-minusca-condamne-une-attaque-des-rebelles-de-lupc-qui-a-fait-un-mort-a-obo\",\"url\":\"https:\/\/www.africa-press.net\/centrafricaine\/politique\/rca-la-minusca-condamne-une-attaque-des-rebelles-de-lupc-qui-a-fait-un-mort-a-obo\",\"name\":\"la MINUSCA condamne une attaque des rebelles de l\u2019UPC qui a fait un mort \u00e0 Obo - centrafricaine\",\"isPartOf\":{\"@id\":\"https:\/\/www.africa-press.net\/centrafricaine\/#website\"},\"primaryImageOfPage\":{\"@id\":\"https:\/\/www.africa-press.net\/centrafricaine\/politique\/rca-la-minusca-condamne-une-attaque-des-rebelles-de-lupc-qui-a-fait-un-mort-a-obo#primaryimage\"},\"image\":{\"@id\":\"https:\/\/www.africa-press.net\/centrafricaine\/politique\/rca-la-minusca-condamne-une-attaque-des-rebelles-de-lupc-qui-a-fait-un-mort-a-obo#primaryimage\"},\"thumbnailUrl\":\"https:\/\/static.africa-press.net\/centrafricaine\/sites\/45\/2021\/07\/img-61029e51c275c.jpg\",\"datePublished\":\"2021-07-29T13:03:06+00:00\",\"dateModified\":\"2021-07-30T17:59:05+00:00\",\"author\":{\"@id\":\"https:\/\/www.africa-press.net\/centrafricaine\/#\/schema\/person\/2b1cf3cd81a31e3cd26889ca66d677f1\"},\"description\":\"Bangui, R\u00e9publique centrafricaine, mercredi, 28 juillet 2021, 16:57:04 ( Corbeaunews-Centrafrique ). La mission ...\",\"breadcrumb\":{\"@id\":\"https:\/\/www.africa-press.net\/centrafricaine\/politique\/rca-la-minusca-condamne-une-attaque-des-rebelles-de-lupc-qui-a-fait-un-mort-a-obo#breadcrumb\"},\"inLanguage\":\"fr-FR\",\"potentialAction\":[{\"@type\":\"ReadAction\",\"target\":[\"https:\/\/www.africa-press.net\/centrafricaine\/politique\/rca-la-minusca-condamne-une-attaque-des-rebelles-de-lupc-qui-a-fait-un-mort-a-obo\"]}]},{\"@type\":\"ImageObject\",\"inLanguage\":\"fr-FR\",\"@id\":\"https:\/\/www.africa-press.net\/centrafricaine\/politique\/rca-la-minusca-condamne-une-attaque-des-rebelles-de-lupc-qui-a-fait-un-mort-a-obo#primaryimage\",\"url\":\"https:\/\/static.africa-press.net\/centrafricaine\/sites\/45\/2021\/07\/img-61029e51c275c.jpg\",\"contentUrl\":\"https:\/\/static.africa-press.net\/centrafricaine\/sites\/45\/2021\/07\/img-61029e51c275c.jpg\",\"width\":720,\"height\":665,\"caption\":\"RCA\u00a0: la MINUSCA condamne une attaque des rebelles de l\u2019UPC qui a fait un mort \u00e0 Obo\"},{\"@type\":\"BreadcrumbList\",\"@id\":\"https:\/\/www.africa-press.net\/centrafricaine\/politique\/rca-la-minusca-condamne-une-attaque-des-rebelles-de-lupc-qui-a-fait-un-mort-a-obo#breadcrumb\",\"itemListElement\":[{\"@type\":\"ListItem\",\"position\":1,\"name\":\"Accueil\",\"item\":\"https:\/\/www.africa-press.net\/centrafricaine\/\"},{\"@type\":\"ListItem\",\"position\":2,\"name\":\"la MINUSCA condamne une attaque des rebelles de l\u2019UPC qui a fait un mort \u00e0 Obo\"}]},{\"@type\":\"WebSite\",\"@id\":\"https:\/\/www.africa-press.net\/centrafricaine\/#website\",\"url\":\"https:\/\/www.africa-press.net\/centrafricaine\/\",\"name\":\"centrafricaine\",\"description\":\"Just another Africa News Agency Sites site\",\"potentialAction\":[{\"@type\":\"SearchAction\",\"target\":{\"@type\":\"EntryPoint\",\"urlTemplate\":\"https:\/\/www.africa-press.net\/centrafricaine\/?s={search_term_string}\"},\"query-input\":{\"@type\":\"PropertyValueSpecification\",\"valueRequired\":true,\"valueName\":\"search_term_string\"}}],\"inLanguage\":\"fr-FR\"},{\"@type\":\"Person\",\"@id\":\"https:\/\/www.africa-press.net\/centrafricaine\/#\/schema\/person\/2b1cf3cd81a31e3cd26889ca66d677f1\",\"name\":\"cfeditorfr\"}]}<\/script>\n<!-- \/ Yoast SEO Premium plugin. -->","yoast_head_json":{"title":"la MINUSCA condamne une attaque des rebelles de l\u2019UPC qui a fait un mort \u00e0 Obo - centrafricaine","description":"Bangui, R\u00e9publique centrafricaine, mercredi, 28 juillet 2021, 16:57:04 ( Corbeaunews-Centrafrique ). La mission ...","robots":{"index":"index","follow":"follow","max-snippet":"max-snippet:-1","max-image-preview":"max-image-preview:large","max-video-preview":"max-video-preview:-1"},"canonical":"https:\/\/www.africa-press.net\/centrafricaine\/politique\/rca-la-minusca-condamne-une-attaque-des-rebelles-de-lupc-qui-a-fait-un-mort-a-obo","og_locale":"fr_FR","og_type":"article","og_title":"la MINUSCA condamne une attaque des rebelles de l\u2019UPC qui a fait un mort \u00e0 Obo","og_description":"Bangui, R\u00e9publique centrafricaine, mercredi, 28 juillet 2021, 16:57:04 ( Corbeaunews-Centrafrique ). La mission ...","og_url":"https:\/\/www.africa-press.net\/centrafricaine\/politique\/rca-la-minusca-condamne-une-attaque-des-rebelles-de-lupc-qui-a-fait-un-mort-a-obo","og_site_name":"centrafricaine","article_published_time":"2021-07-29T13:03:06+00:00","article_modified_time":"2021-07-30T17:59:05+00:00","og_image":[{"width":720,"height":665,"url":"https:\/\/static.africa-press.net\/centrafricaine\/sites\/45\/2021\/07\/img-61029e51c275c.jpg","type":"image\/jpeg"}],"author":"cfeditorfr","twitter_card":"summary_large_image","twitter_misc":{"\u00c9crit par":"cfeditorfr","Dur\u00e9e de lecture estim\u00e9e":"2 minutes"},"schema":{"@context":"https:\/\/schema.org","@graph":[{"@type":"Article","@id":"https:\/\/www.africa-press.net\/centrafricaine\/politique\/rca-la-minusca-condamne-une-attaque-des-rebelles-de-lupc-qui-a-fait-un-mort-a-obo#article","isPartOf":{"@id":"https:\/\/www.africa-press.net\/centrafricaine\/politique\/rca-la-minusca-condamne-une-attaque-des-rebelles-de-lupc-qui-a-fait-un-mort-a-obo"},"author":{"name":"cfeditorfr","@id":"https:\/\/www.africa-press.net\/centrafricaine\/#\/schema\/person\/2b1cf3cd81a31e3cd26889ca66d677f1"},"headline":"la MINUSCA condamne une attaque des rebelles de l\u2019UPC qui a fait un mort \u00e0 Obo","datePublished":"2021-07-29T13:03:06+00:00","dateModified":"2021-07-30T17:59:05+00:00","mainEntityOfPage":{"@id":"https:\/\/www.africa-press.net\/centrafricaine\/politique\/rca-la-minusca-condamne-une-attaque-des-rebelles-de-lupc-qui-a-fait-un-mort-a-obo"},"wordCount":308,"commentCount":0,"image":{"@id":"https:\/\/www.africa-press.net\/centrafricaine\/politique\/rca-la-minusca-condamne-une-attaque-des-rebelles-de-lupc-qui-a-fait-un-mort-a-obo#primaryimage"},"thumbnailUrl":"https:\/\/static.africa-press.net\/centrafricaine\/sites\/45\/2021\/07\/img-61029e51c275c.jpg","keywords":["Africa Press","Africa Press-CentrAfricaine","CentrAfricaine"],"articleSection":["homepage-french","Politique","Top Nouvelles","Toutes les actualit\u00e9s"],"inLanguage":"fr-FR","potentialAction":[{"@type":"CommentAction","name":"Comment","target":["https:\/\/www.africa-press.net\/centrafricaine\/politique\/rca-la-minusca-condamne-une-attaque-des-rebelles-de-lupc-qui-a-fait-un-mort-a-obo#respond"]}]},{"@type":"WebPage","@id":"https:\/\/www.africa-press.net\/centrafricaine\/politique\/rca-la-minusca-condamne-une-attaque-des-rebelles-de-lupc-qui-a-fait-un-mort-a-obo","url":"https:\/\/www.africa-press.net\/centrafricaine\/politique\/rca-la-minusca-condamne-une-attaque-des-rebelles-de-lupc-qui-a-fait-un-mort-a-obo","name":"la MINUSCA condamne une attaque des rebelles de l\u2019UPC qui a fait un mort \u00e0 Obo - centrafricaine","isPartOf":{"@id":"https:\/\/www.africa-press.net\/centrafricaine\/#website"},"primaryImageOfPage":{"@id":"https:\/\/www.africa-press.net\/centrafricaine\/politique\/rca-la-minusca-condamne-une-attaque-des-rebelles-de-lupc-qui-a-fait-un-mort-a-obo#primaryimage"},"image":{"@id":"https:\/\/www.africa-press.net\/centrafricaine\/politique\/rca-la-minusca-condamne-une-attaque-des-rebelles-de-lupc-qui-a-fait-un-mort-a-obo#primaryimage"},"thumbnailUrl":"https:\/\/static.africa-press.net\/centrafricaine\/sites\/45\/2021\/07\/img-61029e51c275c.jpg","datePublished":"2021-07-29T13:03:06+00:00","dateModified":"2021-07-30T17:59:05+00:00","author":{"@id":"https:\/\/www.africa-press.net\/centrafricaine\/#\/schema\/person\/2b1cf3cd81a31e3cd26889ca66d677f1"},"description":"Bangui, R\u00e9publique centrafricaine, mercredi, 28 juillet 2021, 16:57:04 ( Corbeaunews-Centrafrique ). La mission ...","breadcrumb":{"@id":"https:\/\/www.africa-press.net\/centrafricaine\/politique\/rca-la-minusca-condamne-une-attaque-des-rebelles-de-lupc-qui-a-fait-un-mort-a-obo#breadcrumb"},"inLanguage":"fr-FR","potentialAction":[{"@type":"ReadAction","target":["https:\/\/www.africa-press.net\/centrafricaine\/politique\/rca-la-minusca-condamne-une-attaque-des-rebelles-de-lupc-qui-a-fait-un-mort-a-obo"]}]},{"@type":"ImageObject","inLanguage":"fr-FR","@id":"https:\/\/www.africa-press.net\/centrafricaine\/politique\/rca-la-minusca-condamne-une-attaque-des-rebelles-de-lupc-qui-a-fait-un-mort-a-obo#primaryimage","url":"https:\/\/static.africa-press.net\/centrafricaine\/sites\/45\/2021\/07\/img-61029e51c275c.jpg","contentUrl":"https:\/\/static.africa-press.net\/centrafricaine\/sites\/45\/2021\/07\/img-61029e51c275c.jpg","width":720,"height":665,"caption":"RCA\u00a0: la MINUSCA condamne une attaque des rebelles de l\u2019UPC qui a fait un mort \u00e0 Obo"},{"@type":"BreadcrumbList","@id":"https:\/\/www.africa-press.net\/centrafricaine\/politique\/rca-la-minusca-condamne-une-attaque-des-rebelles-de-lupc-qui-a-fait-un-mort-a-obo#breadcrumb","itemListElement":[{"@type":"ListItem","position":1,"name":"Accueil","item":"https:\/\/www.africa-press.net\/centrafricaine\/"},{"@type":"ListItem","position":2,"name":"la MINUSCA condamne une attaque des rebelles de l\u2019UPC qui a fait un mort \u00e0 Obo"}]},{"@type":"WebSite","@id":"https:\/\/www.africa-press.net\/centrafricaine\/#website","url":"https:\/\/www.africa-press.net\/centrafricaine\/","name":"centrafricaine","description":"Just another Africa News Agency Sites site","potentialAction":[{"@type":"SearchAction","target":{"@type":"EntryPoint","urlTemplate":"https:\/\/www.africa-press.net\/centrafricaine\/?s={search_term_string}"},"query-input":{"@type":"PropertyValueSpecification","valueRequired":true,"valueName":"search_term_string"}}],"inLanguage":"fr-FR"},{"@type":"Person","@id":"https:\/\/www.africa-press.net\/centrafricaine\/#\/schema\/person\/2b1cf3cd81a31e3cd26889ca66d677f1","name":"cfeditorfr"}]}},"_links":{"self":[{"href":"https:\/\/www.africa-press.net\/centrafricaine\/wp-json\/wp\/v2\/posts\/9435","targetHints":{"allow":["GET"]}}],"collection":[{"href":"https:\/\/www.africa-press.net\/centrafricaine\/wp-json\/wp\/v2\/posts"}],"about":[{"href":"https:\/\/www.africa-press.net\/centrafricaine\/wp-json\/wp\/v2\/types\/post"}],"author":[{"embeddable":true,"href":"https:\/\/www.africa-press.net\/centrafricaine\/wp-json\/wp\/v2\/users\/82"}],"replies":[{"embeddable":true,"href":"https:\/\/www.africa-press.net\/centrafricaine\/wp-json\/wp\/v2\/comments?post=9435"}],"version-history":[{"count":0,"href":"https:\/\/www.africa-press.net\/centrafricaine\/wp-json\/wp\/v2\/posts\/9435\/revisions"}],"wp:featuredmedia":[{"embeddable":true,"href":"https:\/\/www.africa-press.net\/centrafricaine\/wp-json\/wp\/v2\/media\/9434"}],"wp:attachment":[{"href":"https:\/\/www.africa-press.net\/centrafricaine\/wp-json\/wp\/v2\/media?parent=9435"}],"wp:term":[{"taxonomy":"category","embeddable":true,"href":"https:\/\/www.africa-press.net\/centrafricaine\/wp-json\/wp\/v2\/categories?post=9435"},{"taxonomy":"post_tag","embeddable":true,"href":"https:\/\/www.africa-press.net\/centrafricaine\/wp-json\/wp\/v2\/tags?post=9435"}],"curies":[{"name":"wp","href":"https:\/\/api.w.org\/{rel}","templated":true}]}}