{"id":9441,"date":"2021-07-29T13:21:13","date_gmt":"2021-07-29T13:21:13","guid":{"rendered":"https:\/\/www.africa-press.net\/centrafricaine\/?p=9441"},"modified":"2021-07-30T17:59:48","modified_gmt":"2021-07-30T17:59:48","slug":"centrafrique-la-saison-des-chenilles-a-commence-a-bangui","status":"publish","type":"post","link":"https:\/\/www.africa-press.net\/centrafricaine\/economie\/centrafrique-la-saison-des-chenilles-a-commence-a-bangui","title":{"rendered":"La saison des chenilles a commenc\u00e9 \u00e0 Bangui"},"content":{"rendered":"<p><span style=\"color: #ff6600\"><strong><a href=\"https:\/\/www.africa-press.net\/\">Africa-Press<\/a> &#8211; <a href=\"https:\/\/www.africa-press.net\/centrafricaine\">CentrAfricaine<\/a>.\u00a0 <\/strong><\/span>\u00a0Depuis quelques semaines, les vendeuses de chenilles ont inond\u00e9 les march\u00e9s de Bangui de leurs produits. Ces marchandes font des allers-retours entre Bangui et la r\u00e9gion de la Lobaye, zone foresti\u00e8re dense et connue pour son activit\u00e9 de cueillette de chenilles.<\/p>\n<p>Il faut toutefois souligner que l\u2019abattage \u00e0 outrance des arbres de la r\u00e9gion de la Lobaye a un impact sur le commerce des chenilles. Du fait de cette d\u00e9forestation, elles se font de plus en plus rares car leurs lieux d\u2019habitation et de reproduction se r\u00e9duisent. Ceci a directement un impact sur le consommateur puisque le prix des chenilles reste encore \u00e9lev\u00e9 et les quantit\u00e9s toujours insuffisantes.<\/p>\n<p>Actuellement, les commer\u00e7antes vendent les chenilles par petits tas de 500FCFA. Pour elles, une cuvette de chenilles leur co\u00fbte \u00e0 peu pr\u00e8s 15000FCFA en fonction de leur qualit\u00e9. Les jaunes sont de meilleure qualit\u00e9 et coutent donc plus ch\u00e8re, alors que celles avec des \u00e9pines sont plus abordables.<\/p>\n<p>Si les cueilleurs de chenilles subissent la d\u00e9forestation massive de la Lobaye, les commer\u00e7antes, elles, vivent l\u2019enfer des routes. Par exemple, de Bangui elles doivent se rendre \u00e0 Nzila, la moto paye 2000FCFA et \u00e7a continue jusqu\u2019\u00e0 Pissa. En plus de ces tracasseries financi\u00e8res, il y a aussi les risques d\u2019accidents routiers car les routes sont p\u00e9rilleuses et la saison des pluies aggrave leur \u00e9tat. Mais pas besoin de paniquer, ce n\u2019est que le d\u00e9but de la saison. Les prix devraient normalement baisser.<\/p>\n<p>Il faut aussi rappeler que la m\u00e9decine a prouv\u00e9 que les chenilles font partie des aliments riches en prot\u00e9ines. Elles peuvent \u00eatre une bonne alternative \u00e0 la viande pour les familles les plus pauvres. Certains mangent les chenilles, d\u2019autres non, soit parce qu\u2019ils n\u2019aiment pas soit pour des raisons religieuses. Pour autant, le commerce de la chenille fera toujours partie de la vie \u00e9conomique du pays.<\/p>\n<p><b>\u00a0<\/b><\/p>\n","protected":false},"excerpt":{"rendered":"<p>Africa-Press &#8211; CentrAfricaine.\u00a0 \u00a0Depuis quelques semaines, les vendeuses de chenilles ont inond\u00e9 les march\u00e9s de Bangui de leurs produits. Ces marchandes font des allers-retours entre Bangui et la r\u00e9gion de la Lobaye, zone foresti\u00e8re dense et connue pour son activit\u00e9 de cueillette de chenilles. Il faut toutefois souligner que l\u2019abattage \u00e0 outrance des arbres de [&hellip;]<\/p>\n","protected":false},"author":82,"featured_media":9440,"comment_status":"open","ping_status":"closed","sticky":false,"template":"","format":"standard","meta":{"footnotes":""},"categories":[3,11,20,10],"tags":[36,58,30],"class_list":["post-9441","post","type-post","status-publish","format-standard","has-post-thumbnail","hentry","category-economie","category-homepage-french","category-top-nouvelles","category-toutes-les-actualites","tag-africa-press","tag-africa-press-centrafricaine","tag-centrafricaine"],"yoast_head":"<!-- This site is optimized with the Yoast SEO Premium plugin v26.1 (Yoast SEO v27.0) - https:\/\/yoast.com\/product\/yoast-seo-premium-wordpress\/ -->\n<title>La saison des chenilles a commenc\u00e9 \u00e0 Bangui - centrafricaine<\/title>\n<meta name=\"description\" content=\"Bangui, R\u00e9publique centrafricaine, jeudi, 29 juillet 2021, 03:12:22 ( Corbeaunews-Centrafrique ). Depuis quelque ...\" \/>\n<meta name=\"robots\" content=\"index, follow, max-snippet:-1, max-image-preview:large, max-video-preview:-1\" \/>\n<link rel=\"canonical\" href=\"https:\/\/www.africa-press.net\/centrafricaine\/economie\/centrafrique-la-saison-des-chenilles-a-commence-a-bangui\" \/>\n<meta property=\"og:locale\" content=\"fr_FR\" \/>\n<meta property=\"og:type\" content=\"article\" \/>\n<meta property=\"og:title\" content=\"La saison des chenilles a commenc\u00e9 \u00e0 Bangui\" \/>\n<meta property=\"og:description\" content=\"Bangui, R\u00e9publique centrafricaine, jeudi, 29 juillet 2021, 03:12:22 ( Corbeaunews-Centrafrique ). Depuis quelque ...\" \/>\n<meta property=\"og:url\" content=\"https:\/\/www.africa-press.net\/centrafricaine\/economie\/centrafrique-la-saison-des-chenilles-a-commence-a-bangui\" \/>\n<meta property=\"og:site_name\" content=\"centrafricaine\" \/>\n<meta property=\"article:published_time\" content=\"2021-07-29T13:21:13+00:00\" \/>\n<meta property=\"article:modified_time\" content=\"2021-07-30T17:59:48+00:00\" \/>\n<meta property=\"og:image\" content=\"https:\/\/static.africa-press.net\/centrafricaine\/sites\/45\/2021\/07\/img-61029e9599e94.jpg\" \/>\n\t<meta property=\"og:image:width\" content=\"720\" \/>\n\t<meta property=\"og:image:height\" content=\"348\" \/>\n\t<meta property=\"og:image:type\" content=\"image\/jpeg\" \/>\n<meta name=\"author\" content=\"cfeditorfr\" \/>\n<meta name=\"twitter:card\" content=\"summary_large_image\" \/>\n<meta name=\"twitter:label1\" content=\"\u00c9crit par\" \/>\n\t<meta name=\"twitter:data1\" content=\"cfeditorfr\" \/>\n\t<meta name=\"twitter:label2\" content=\"Dur\u00e9e de lecture estim\u00e9e\" \/>\n\t<meta name=\"twitter:data2\" content=\"2 minutes\" \/>\n<script type=\"application\/ld+json\" class=\"yoast-schema-graph\">{\"@context\":\"https:\/\/schema.org\",\"@graph\":[{\"@type\":\"Article\",\"@id\":\"https:\/\/www.africa-press.net\/centrafricaine\/economie\/centrafrique-la-saison-des-chenilles-a-commence-a-bangui#article\",\"isPartOf\":{\"@id\":\"https:\/\/www.africa-press.net\/centrafricaine\/economie\/centrafrique-la-saison-des-chenilles-a-commence-a-bangui\"},\"author\":{\"name\":\"cfeditorfr\",\"@id\":\"https:\/\/www.africa-press.net\/centrafricaine\/#\/schema\/person\/2b1cf3cd81a31e3cd26889ca66d677f1\"},\"headline\":\"La saison des chenilles a commenc\u00e9 \u00e0 Bangui\",\"datePublished\":\"2021-07-29T13:21:13+00:00\",\"dateModified\":\"2021-07-30T17:59:48+00:00\",\"mainEntityOfPage\":{\"@id\":\"https:\/\/www.africa-press.net\/centrafricaine\/economie\/centrafrique-la-saison-des-chenilles-a-commence-a-bangui\"},\"wordCount\":337,\"commentCount\":0,\"image\":{\"@id\":\"https:\/\/www.africa-press.net\/centrafricaine\/economie\/centrafrique-la-saison-des-chenilles-a-commence-a-bangui#primaryimage\"},\"thumbnailUrl\":\"https:\/\/static.africa-press.net\/centrafricaine\/sites\/45\/2021\/07\/img-61029e9599e94.jpg\",\"keywords\":[\"Africa Press\",\"Africa Press-CentrAfricaine\",\"CentrAfricaine\"],\"articleSection\":[\"\u00c9conomie\",\"homepage-french\",\"Top Nouvelles\",\"Toutes les actualit\u00e9s\"],\"inLanguage\":\"fr-FR\",\"potentialAction\":[{\"@type\":\"CommentAction\",\"name\":\"Comment\",\"target\":[\"https:\/\/www.africa-press.net\/centrafricaine\/economie\/centrafrique-la-saison-des-chenilles-a-commence-a-bangui#respond\"]}]},{\"@type\":\"WebPage\",\"@id\":\"https:\/\/www.africa-press.net\/centrafricaine\/economie\/centrafrique-la-saison-des-chenilles-a-commence-a-bangui\",\"url\":\"https:\/\/www.africa-press.net\/centrafricaine\/economie\/centrafrique-la-saison-des-chenilles-a-commence-a-bangui\",\"name\":\"La saison des chenilles a commenc\u00e9 \u00e0 Bangui - centrafricaine\",\"isPartOf\":{\"@id\":\"https:\/\/www.africa-press.net\/centrafricaine\/#website\"},\"primaryImageOfPage\":{\"@id\":\"https:\/\/www.africa-press.net\/centrafricaine\/economie\/centrafrique-la-saison-des-chenilles-a-commence-a-bangui#primaryimage\"},\"image\":{\"@id\":\"https:\/\/www.africa-press.net\/centrafricaine\/economie\/centrafrique-la-saison-des-chenilles-a-commence-a-bangui#primaryimage\"},\"thumbnailUrl\":\"https:\/\/static.africa-press.net\/centrafricaine\/sites\/45\/2021\/07\/img-61029e9599e94.jpg\",\"datePublished\":\"2021-07-29T13:21:13+00:00\",\"dateModified\":\"2021-07-30T17:59:48+00:00\",\"author\":{\"@id\":\"https:\/\/www.africa-press.net\/centrafricaine\/#\/schema\/person\/2b1cf3cd81a31e3cd26889ca66d677f1\"},\"description\":\"Bangui, R\u00e9publique centrafricaine, jeudi, 29 juillet 2021, 03:12:22 ( Corbeaunews-Centrafrique ). Depuis quelque ...\",\"breadcrumb\":{\"@id\":\"https:\/\/www.africa-press.net\/centrafricaine\/economie\/centrafrique-la-saison-des-chenilles-a-commence-a-bangui#breadcrumb\"},\"inLanguage\":\"fr-FR\",\"potentialAction\":[{\"@type\":\"ReadAction\",\"target\":[\"https:\/\/www.africa-press.net\/centrafricaine\/economie\/centrafrique-la-saison-des-chenilles-a-commence-a-bangui\"]}]},{\"@type\":\"ImageObject\",\"inLanguage\":\"fr-FR\",\"@id\":\"https:\/\/www.africa-press.net\/centrafricaine\/economie\/centrafrique-la-saison-des-chenilles-a-commence-a-bangui#primaryimage\",\"url\":\"https:\/\/static.africa-press.net\/centrafricaine\/sites\/45\/2021\/07\/img-61029e9599e94.jpg\",\"contentUrl\":\"https:\/\/static.africa-press.net\/centrafricaine\/sites\/45\/2021\/07\/img-61029e9599e94.jpg\",\"width\":720,\"height\":348,\"caption\":\"Centrafrique\u00a0: La saison des chenilles a commenc\u00e9 \u00e0 Bangui\"},{\"@type\":\"BreadcrumbList\",\"@id\":\"https:\/\/www.africa-press.net\/centrafricaine\/economie\/centrafrique-la-saison-des-chenilles-a-commence-a-bangui#breadcrumb\",\"itemListElement\":[{\"@type\":\"ListItem\",\"position\":1,\"name\":\"Accueil\",\"item\":\"https:\/\/www.africa-press.net\/centrafricaine\/\"},{\"@type\":\"ListItem\",\"position\":2,\"name\":\"La saison des chenilles a commenc\u00e9 \u00e0 Bangui\"}]},{\"@type\":\"WebSite\",\"@id\":\"https:\/\/www.africa-press.net\/centrafricaine\/#website\",\"url\":\"https:\/\/www.africa-press.net\/centrafricaine\/\",\"name\":\"centrafricaine\",\"description\":\"Just another Africa News Agency Sites site\",\"potentialAction\":[{\"@type\":\"SearchAction\",\"target\":{\"@type\":\"EntryPoint\",\"urlTemplate\":\"https:\/\/www.africa-press.net\/centrafricaine\/?s={search_term_string}\"},\"query-input\":{\"@type\":\"PropertyValueSpecification\",\"valueRequired\":true,\"valueName\":\"search_term_string\"}}],\"inLanguage\":\"fr-FR\"},{\"@type\":\"Person\",\"@id\":\"https:\/\/www.africa-press.net\/centrafricaine\/#\/schema\/person\/2b1cf3cd81a31e3cd26889ca66d677f1\",\"name\":\"cfeditorfr\"}]}<\/script>\n<!-- \/ Yoast SEO Premium plugin. -->","yoast_head_json":{"title":"La saison des chenilles a commenc\u00e9 \u00e0 Bangui - centrafricaine","description":"Bangui, R\u00e9publique centrafricaine, jeudi, 29 juillet 2021, 03:12:22 ( Corbeaunews-Centrafrique ). Depuis quelque ...","robots":{"index":"index","follow":"follow","max-snippet":"max-snippet:-1","max-image-preview":"max-image-preview:large","max-video-preview":"max-video-preview:-1"},"canonical":"https:\/\/www.africa-press.net\/centrafricaine\/economie\/centrafrique-la-saison-des-chenilles-a-commence-a-bangui","og_locale":"fr_FR","og_type":"article","og_title":"La saison des chenilles a commenc\u00e9 \u00e0 Bangui","og_description":"Bangui, R\u00e9publique centrafricaine, jeudi, 29 juillet 2021, 03:12:22 ( Corbeaunews-Centrafrique ). Depuis quelque ...","og_url":"https:\/\/www.africa-press.net\/centrafricaine\/economie\/centrafrique-la-saison-des-chenilles-a-commence-a-bangui","og_site_name":"centrafricaine","article_published_time":"2021-07-29T13:21:13+00:00","article_modified_time":"2021-07-30T17:59:48+00:00","og_image":[{"width":720,"height":348,"url":"https:\/\/static.africa-press.net\/centrafricaine\/sites\/45\/2021\/07\/img-61029e9599e94.jpg","type":"image\/jpeg"}],"author":"cfeditorfr","twitter_card":"summary_large_image","twitter_misc":{"\u00c9crit par":"cfeditorfr","Dur\u00e9e de lecture estim\u00e9e":"2 minutes"},"schema":{"@context":"https:\/\/schema.org","@graph":[{"@type":"Article","@id":"https:\/\/www.africa-press.net\/centrafricaine\/economie\/centrafrique-la-saison-des-chenilles-a-commence-a-bangui#article","isPartOf":{"@id":"https:\/\/www.africa-press.net\/centrafricaine\/economie\/centrafrique-la-saison-des-chenilles-a-commence-a-bangui"},"author":{"name":"cfeditorfr","@id":"https:\/\/www.africa-press.net\/centrafricaine\/#\/schema\/person\/2b1cf3cd81a31e3cd26889ca66d677f1"},"headline":"La saison des chenilles a commenc\u00e9 \u00e0 Bangui","datePublished":"2021-07-29T13:21:13+00:00","dateModified":"2021-07-30T17:59:48+00:00","mainEntityOfPage":{"@id":"https:\/\/www.africa-press.net\/centrafricaine\/economie\/centrafrique-la-saison-des-chenilles-a-commence-a-bangui"},"wordCount":337,"commentCount":0,"image":{"@id":"https:\/\/www.africa-press.net\/centrafricaine\/economie\/centrafrique-la-saison-des-chenilles-a-commence-a-bangui#primaryimage"},"thumbnailUrl":"https:\/\/static.africa-press.net\/centrafricaine\/sites\/45\/2021\/07\/img-61029e9599e94.jpg","keywords":["Africa Press","Africa Press-CentrAfricaine","CentrAfricaine"],"articleSection":["\u00c9conomie","homepage-french","Top Nouvelles","Toutes les actualit\u00e9s"],"inLanguage":"fr-FR","potentialAction":[{"@type":"CommentAction","name":"Comment","target":["https:\/\/www.africa-press.net\/centrafricaine\/economie\/centrafrique-la-saison-des-chenilles-a-commence-a-bangui#respond"]}]},{"@type":"WebPage","@id":"https:\/\/www.africa-press.net\/centrafricaine\/economie\/centrafrique-la-saison-des-chenilles-a-commence-a-bangui","url":"https:\/\/www.africa-press.net\/centrafricaine\/economie\/centrafrique-la-saison-des-chenilles-a-commence-a-bangui","name":"La saison des chenilles a commenc\u00e9 \u00e0 Bangui - centrafricaine","isPartOf":{"@id":"https:\/\/www.africa-press.net\/centrafricaine\/#website"},"primaryImageOfPage":{"@id":"https:\/\/www.africa-press.net\/centrafricaine\/economie\/centrafrique-la-saison-des-chenilles-a-commence-a-bangui#primaryimage"},"image":{"@id":"https:\/\/www.africa-press.net\/centrafricaine\/economie\/centrafrique-la-saison-des-chenilles-a-commence-a-bangui#primaryimage"},"thumbnailUrl":"https:\/\/static.africa-press.net\/centrafricaine\/sites\/45\/2021\/07\/img-61029e9599e94.jpg","datePublished":"2021-07-29T13:21:13+00:00","dateModified":"2021-07-30T17:59:48+00:00","author":{"@id":"https:\/\/www.africa-press.net\/centrafricaine\/#\/schema\/person\/2b1cf3cd81a31e3cd26889ca66d677f1"},"description":"Bangui, R\u00e9publique centrafricaine, jeudi, 29 juillet 2021, 03:12:22 ( Corbeaunews-Centrafrique ). Depuis quelque ...","breadcrumb":{"@id":"https:\/\/www.africa-press.net\/centrafricaine\/economie\/centrafrique-la-saison-des-chenilles-a-commence-a-bangui#breadcrumb"},"inLanguage":"fr-FR","potentialAction":[{"@type":"ReadAction","target":["https:\/\/www.africa-press.net\/centrafricaine\/economie\/centrafrique-la-saison-des-chenilles-a-commence-a-bangui"]}]},{"@type":"ImageObject","inLanguage":"fr-FR","@id":"https:\/\/www.africa-press.net\/centrafricaine\/economie\/centrafrique-la-saison-des-chenilles-a-commence-a-bangui#primaryimage","url":"https:\/\/static.africa-press.net\/centrafricaine\/sites\/45\/2021\/07\/img-61029e9599e94.jpg","contentUrl":"https:\/\/static.africa-press.net\/centrafricaine\/sites\/45\/2021\/07\/img-61029e9599e94.jpg","width":720,"height":348,"caption":"Centrafrique\u00a0: La saison des chenilles a commenc\u00e9 \u00e0 Bangui"},{"@type":"BreadcrumbList","@id":"https:\/\/www.africa-press.net\/centrafricaine\/economie\/centrafrique-la-saison-des-chenilles-a-commence-a-bangui#breadcrumb","itemListElement":[{"@type":"ListItem","position":1,"name":"Accueil","item":"https:\/\/www.africa-press.net\/centrafricaine\/"},{"@type":"ListItem","position":2,"name":"La saison des chenilles a commenc\u00e9 \u00e0 Bangui"}]},{"@type":"WebSite","@id":"https:\/\/www.africa-press.net\/centrafricaine\/#website","url":"https:\/\/www.africa-press.net\/centrafricaine\/","name":"centrafricaine","description":"Just another Africa News Agency Sites site","potentialAction":[{"@type":"SearchAction","target":{"@type":"EntryPoint","urlTemplate":"https:\/\/www.africa-press.net\/centrafricaine\/?s={search_term_string}"},"query-input":{"@type":"PropertyValueSpecification","valueRequired":true,"valueName":"search_term_string"}}],"inLanguage":"fr-FR"},{"@type":"Person","@id":"https:\/\/www.africa-press.net\/centrafricaine\/#\/schema\/person\/2b1cf3cd81a31e3cd26889ca66d677f1","name":"cfeditorfr"}]}},"_links":{"self":[{"href":"https:\/\/www.africa-press.net\/centrafricaine\/wp-json\/wp\/v2\/posts\/9441","targetHints":{"allow":["GET"]}}],"collection":[{"href":"https:\/\/www.africa-press.net\/centrafricaine\/wp-json\/wp\/v2\/posts"}],"about":[{"href":"https:\/\/www.africa-press.net\/centrafricaine\/wp-json\/wp\/v2\/types\/post"}],"author":[{"embeddable":true,"href":"https:\/\/www.africa-press.net\/centrafricaine\/wp-json\/wp\/v2\/users\/82"}],"replies":[{"embeddable":true,"href":"https:\/\/www.africa-press.net\/centrafricaine\/wp-json\/wp\/v2\/comments?post=9441"}],"version-history":[{"count":0,"href":"https:\/\/www.africa-press.net\/centrafricaine\/wp-json\/wp\/v2\/posts\/9441\/revisions"}],"wp:featuredmedia":[{"embeddable":true,"href":"https:\/\/www.africa-press.net\/centrafricaine\/wp-json\/wp\/v2\/media\/9440"}],"wp:attachment":[{"href":"https:\/\/www.africa-press.net\/centrafricaine\/wp-json\/wp\/v2\/media?parent=9441"}],"wp:term":[{"taxonomy":"category","embeddable":true,"href":"https:\/\/www.africa-press.net\/centrafricaine\/wp-json\/wp\/v2\/categories?post=9441"},{"taxonomy":"post_tag","embeddable":true,"href":"https:\/\/www.africa-press.net\/centrafricaine\/wp-json\/wp\/v2\/tags?post=9441"}],"curies":[{"name":"wp","href":"https:\/\/api.w.org\/{rel}","templated":true}]}}