{"id":10385,"date":"2024-07-14T18:25:23","date_gmt":"2024-07-14T18:25:23","guid":{"rendered":"https:\/\/www.africa-press.net\/comores\/?p=10385"},"modified":"2024-07-30T07:55:55","modified_gmt":"2024-07-30T07:55:55","slug":"mbae-trambwe-et-son-impact-sur-la-societe","status":"publish","type":"post","link":"https:\/\/www.africa-press.net\/comores\/culture-et-art\/mbae-trambwe-et-son-impact-sur-la-societe","title":{"rendered":"\u00ab Mbae Trambwe et son impact sur la soci\u00e9t\u00e9 \u00bb"},"content":{"rendered":"<p><span style=\"color: #ff6600\"><strong>Africa-Press &#8211; Comores. <\/strong><\/span><b>Comme chaque anne\u0301e, la Fondation Mbae Trabwe organise la journe\u0301e baptise\u0301e Mbae Trabwe, l\u2019un des ico\u0302nes de l\u2019histoire des Comores. \u00ab Mbae Trambwe et son impact sur la socie\u0301te\u0301 \u00bb, tel est le the\u0300me choisi cette anne\u0301e qui vise a\u0300 promouvoir la culture, l\u2019histoire, la paix, et a\u0300 valoriser le \u00ab Shikomori \u00bb et la pense\u0301e de Mbae Trabwe. <\/b><\/p>\n<p>La journe\u0301e Mbae Trabwe reste un e\u0301ve\u0301nement incontournable de par sa porte\u0301e me\u0301morielle, historique et culturelle. Elle inte\u0301resse l\u2019e\u0301ducation et le tourisme des Comores, et offre aux jeunes l\u2019opportunite\u0301 de savoir d\u2019ou\u0300 ils viennent, pour mieux savoir ou\u0300 ils vont. Ainsi, pour cette 22e e\u0301dition de la fe\u0302te nationale de ce grand poe\u0300te et philosophe, elle aura lieu du 15 au 17 juillet a\u0300 Koimbani-Oichili et aura pour the\u0300me \u00ab Mbae Trambwe et son impact sur la socie\u0301te\u0301 \u00bb. Ce the\u0300me vise a\u0300 promouvoir la culture, l\u2019histoire, la paix, et a\u0300 valoriser le \u00ab Shikomori \u00bb et la pense\u0301e de Mbae Trabwe. L\u2019esprit conciliant promu par ce roi philosophe et poe\u0300te, toute sa vie trouvera inde\u0301niablement son sens dans le contexte mondial actuel.<\/p>\n<p>\u00ab Nous allons de\u0301montrer a\u0300 travers ce the\u0300me qu\u2019a\u0300 partir de lui un nouvel ordre a eu lieu, qui a fac\u0327onne\u0301 l\u2019organisation sociale dans l\u2019i\u0302le jusqu\u2019a\u0300 nos jours. La langue et la poe\u0301sie sont ce\u0301le\u0301bre\u0301es a\u0300 travers sa parole qui inspire a\u0300 la poste\u0301rite\u0301, la cre\u0301ativite\u0301, puis la recherche scientifique. L\u2019islam est ce\u0301le\u0301bre\u0301 de par sa poe\u0301sie et ses nombreuses constructions et la paix est reconnue comme solution a\u0300 partir de son discours et elle est un ide\u0301al e\u0301voque\u0301 dans la socie\u0301te\u0301 qui s\u2019identifie a\u0300 lui \u00bb, montre Saifillah Ibrahim, pre\u0301sident de la fondation Mbae Trabwe<\/p>\n<p>Cette e\u0301dition vise a\u0300 promouvoir la culture, l\u2019histoire, la paix, et a\u0300 valoriser le \u00ab Shiokomori \u00bb et la pense\u0301e de Mbae Trabwe.. Selon lui la journe\u0301e commencera le samedi 15 juillet, par une confe\u0301rence qui aura lieu au CNDRS dont l\u2019objet est d\u2019inspirer l\u2019action de M.Trabwe (paix, pie\u0301te\u0301, cre\u0301ativite\u0301) comme mode\u0300le a\u0300 suivre aujourd\u2019hui. Il y\u2019aura tellement d\u2019activite\u0301s culturelles, atelier de\u0301couverte sur la pense\u0301e et la poe\u0301sie de M. Trabwe, entre autres. La fe\u0302te prendra fin le 17 juillet, en rendant hommage a\u0300 ce personnage, pour sa pre\u0301servation.<\/p>\n<p>Pour rappel, M. Trabwe est un roi philosophe et poe\u0300te comorien du 18e\u0300me sie\u0300cle. Encore adule\u0301 pour un ascendant acquis, non pe\u0301remptoirement par la violence, mais par son verbe poe\u0301tique persuasif. Il combattit la guerre par sa parole reste\u0301e proverbiale, franchissant ainsi temps et espace. Sa comme\u0301moration promeut la paix, mais surtout le Shikomori qu\u2019il repre\u0301sente. Elle valorise e\u0301galement sa pense\u0301e philosophique inspire\u0301e de l\u2019islam appris de sa me\u0300re M\u2019madjamou e\u0301pouse du Ntibe Mlanao, de Bambao, qui enseignait la religion au 18e\u0300me sie\u0300cle ou\u0300, ailleurs la femme, plus ostracise\u0301e, valait beaucoup moins.<\/p>\n<p><strong>Pour plus d&rsquo;informations et d&rsquo;analyses sur la <a href=\"https:\/\/www.africa-press.net\/comores\">Comores<\/a>, suivez <a href=\"https:\/\/www.africa-press.net\/\">Africa-Press<\/a><\/strong><\/p>\n","protected":false},"excerpt":{"rendered":"<p>Africa-Press &#8211; Comores. Comme chaque anne\u0301e, la Fondation Mbae Trabwe organise la journe\u0301e baptise\u0301e Mbae Trabwe, l\u2019un des ico\u0302nes de l\u2019histoire des Comores. \u00ab Mbae Trambwe et son impact sur la socie\u0301te\u0301 \u00bb, tel est le the\u0300me choisi cette anne\u0301e qui vise a\u0300 promouvoir la culture, l\u2019histoire, la paix, et a\u0300 valoriser le \u00ab Shikomori [&hellip;]<\/p>\n","protected":false},"author":82,"featured_media":10384,"comment_status":"open","ping_status":"closed","sticky":false,"template":"","format":"standard","meta":{"footnotes":""},"categories":[5,10],"tags":[36,53,45],"class_list":["post-10385","post","type-post","status-publish","format-standard","has-post-thumbnail","hentry","category-culture-et-art","category-toutes-les-actualites","tag-africa-press","tag-africa-press-comores","tag-comores"],"yoast_head":"<!-- This site is optimized with the Yoast SEO Premium plugin v26.1 (Yoast SEO v27.0) - https:\/\/yoast.com\/product\/yoast-seo-premium-wordpress\/ -->\n<title>\u00ab Mbae Trambwe et son impact sur la soci\u00e9t\u00e9 \u00bb - Comores<\/title>\n<meta name=\"description\" content=\"Comme chaque anne\u0301e, la Fondation Mbae Trabwe organise la journe\u0301e baptise\u0301e Mbae Trabwe, l\u2019un des ico\u0302nes de l\u2019histo ...\" \/>\n<meta name=\"robots\" content=\"index, follow, max-snippet:-1, max-image-preview:large, max-video-preview:-1\" \/>\n<link rel=\"canonical\" href=\"https:\/\/www.africa-press.net\/comores\/culture-et-art\/mbae-trambwe-et-son-impact-sur-la-societe\" \/>\n<meta property=\"og:locale\" content=\"fr_FR\" \/>\n<meta property=\"og:type\" content=\"article\" \/>\n<meta property=\"og:title\" content=\"\u00ab Mbae Trambwe et son impact sur la soci\u00e9t\u00e9 \u00bb\" \/>\n<meta property=\"og:description\" content=\"Comme chaque anne\u0301e, la Fondation Mbae Trabwe organise la journe\u0301e baptise\u0301e Mbae Trabwe, l\u2019un des ico\u0302nes de l\u2019histo ...\" \/>\n<meta property=\"og:url\" content=\"https:\/\/www.africa-press.net\/comores\/culture-et-art\/mbae-trambwe-et-son-impact-sur-la-societe\" \/>\n<meta property=\"og:site_name\" content=\"Comores\" \/>\n<meta property=\"article:published_time\" content=\"2024-07-14T18:25:23+00:00\" \/>\n<meta property=\"article:modified_time\" content=\"2024-07-30T07:55:55+00:00\" \/>\n<meta property=\"og:image\" content=\"https:\/\/static.africa-press.net\/centrafricaine\/sites\/48\/2023\/07\/sm_1689355774.201085.jpg\" \/>\n\t<meta property=\"og:image:width\" content=\"1280\" \/>\n\t<meta property=\"og:image:height\" content=\"720\" \/>\n\t<meta property=\"og:image:type\" content=\"image\/jpeg\" \/>\n<meta name=\"author\" content=\"cfeditorfr\" \/>\n<meta name=\"twitter:card\" content=\"summary_large_image\" \/>\n<meta name=\"twitter:label1\" content=\"\u00c9crit par\" \/>\n\t<meta name=\"twitter:data1\" content=\"cfeditorfr\" \/>\n\t<meta name=\"twitter:label2\" content=\"Dur\u00e9e de lecture estim\u00e9e\" \/>\n\t<meta name=\"twitter:data2\" content=\"3 minutes\" \/>\n<script type=\"application\/ld+json\" class=\"yoast-schema-graph\">{\"@context\":\"https:\/\/schema.org\",\"@graph\":[{\"@type\":\"Article\",\"@id\":\"https:\/\/www.africa-press.net\/comores\/culture-et-art\/mbae-trambwe-et-son-impact-sur-la-societe#article\",\"isPartOf\":{\"@id\":\"https:\/\/www.africa-press.net\/comores\/culture-et-art\/mbae-trambwe-et-son-impact-sur-la-societe\"},\"author\":{\"name\":\"cfeditorfr\",\"@id\":\"https:\/\/www.africa-press.net\/comores\/#\/schema\/person\/2b1cf3cd81a31e3cd26889ca66d677f1\"},\"headline\":\"\u00ab Mbae Trambwe et son impact sur la soci\u00e9t\u00e9 \u00bb\",\"datePublished\":\"2024-07-14T18:25:23+00:00\",\"dateModified\":\"2024-07-30T07:55:55+00:00\",\"mainEntityOfPage\":{\"@id\":\"https:\/\/www.africa-press.net\/comores\/culture-et-art\/mbae-trambwe-et-son-impact-sur-la-societe\"},\"wordCount\":562,\"commentCount\":0,\"image\":{\"@id\":\"https:\/\/www.africa-press.net\/comores\/culture-et-art\/mbae-trambwe-et-son-impact-sur-la-societe#primaryimage\"},\"thumbnailUrl\":\"https:\/\/static.africa-press.net\/centrafricaine\/sites\/48\/2023\/07\/sm_1689355774.201085.jpg\",\"keywords\":[\"Africa Press\",\"Africa Press-Comores\",\"Comores\"],\"articleSection\":[\"Culture et Art\",\"Toutes les actualit\u00e9s\"],\"inLanguage\":\"fr-FR\",\"potentialAction\":[{\"@type\":\"CommentAction\",\"name\":\"Comment\",\"target\":[\"https:\/\/www.africa-press.net\/comores\/culture-et-art\/mbae-trambwe-et-son-impact-sur-la-societe#respond\"]}]},{\"@type\":\"WebPage\",\"@id\":\"https:\/\/www.africa-press.net\/comores\/culture-et-art\/mbae-trambwe-et-son-impact-sur-la-societe\",\"url\":\"https:\/\/www.africa-press.net\/comores\/culture-et-art\/mbae-trambwe-et-son-impact-sur-la-societe\",\"name\":\"\u00ab Mbae Trambwe et son impact sur la soci\u00e9t\u00e9 \u00bb - Comores\",\"isPartOf\":{\"@id\":\"https:\/\/www.africa-press.net\/comores\/#website\"},\"primaryImageOfPage\":{\"@id\":\"https:\/\/www.africa-press.net\/comores\/culture-et-art\/mbae-trambwe-et-son-impact-sur-la-societe#primaryimage\"},\"image\":{\"@id\":\"https:\/\/www.africa-press.net\/comores\/culture-et-art\/mbae-trambwe-et-son-impact-sur-la-societe#primaryimage\"},\"thumbnailUrl\":\"https:\/\/static.africa-press.net\/centrafricaine\/sites\/48\/2023\/07\/sm_1689355774.201085.jpg\",\"datePublished\":\"2024-07-14T18:25:23+00:00\",\"dateModified\":\"2024-07-30T07:55:55+00:00\",\"author\":{\"@id\":\"https:\/\/www.africa-press.net\/comores\/#\/schema\/person\/2b1cf3cd81a31e3cd26889ca66d677f1\"},\"description\":\"Comme chaque anne\u0301e, la Fondation Mbae Trabwe organise la journe\u0301e baptise\u0301e Mbae Trabwe, l\u2019un des ico\u0302nes de l\u2019histo ...\",\"breadcrumb\":{\"@id\":\"https:\/\/www.africa-press.net\/comores\/culture-et-art\/mbae-trambwe-et-son-impact-sur-la-societe#breadcrumb\"},\"inLanguage\":\"fr-FR\",\"potentialAction\":[{\"@type\":\"ReadAction\",\"target\":[\"https:\/\/www.africa-press.net\/comores\/culture-et-art\/mbae-trambwe-et-son-impact-sur-la-societe\"]}]},{\"@type\":\"ImageObject\",\"inLanguage\":\"fr-FR\",\"@id\":\"https:\/\/www.africa-press.net\/comores\/culture-et-art\/mbae-trambwe-et-son-impact-sur-la-societe#primaryimage\",\"url\":\"https:\/\/static.africa-press.net\/centrafricaine\/sites\/48\/2023\/07\/sm_1689355774.201085.jpg\",\"contentUrl\":\"https:\/\/static.africa-press.net\/centrafricaine\/sites\/48\/2023\/07\/sm_1689355774.201085.jpg\",\"width\":1280,\"height\":720,\"caption\":\"\u00ab Mbae Trambwe et son impact sur la soci\u00e9t\u00e9 \u00bb\"},{\"@type\":\"BreadcrumbList\",\"@id\":\"https:\/\/www.africa-press.net\/comores\/culture-et-art\/mbae-trambwe-et-son-impact-sur-la-societe#breadcrumb\",\"itemListElement\":[{\"@type\":\"ListItem\",\"position\":1,\"name\":\"Accueil\",\"item\":\"https:\/\/www.africa-press.net\/comores\/\"},{\"@type\":\"ListItem\",\"position\":2,\"name\":\"\u00ab Mbae Trambwe et son impact sur la soci\u00e9t\u00e9 \u00bb\"}]},{\"@type\":\"WebSite\",\"@id\":\"https:\/\/www.africa-press.net\/comores\/#website\",\"url\":\"https:\/\/www.africa-press.net\/comores\/\",\"name\":\"Comores\",\"description\":\"Just another Africa News Agency Sites site\",\"potentialAction\":[{\"@type\":\"SearchAction\",\"target\":{\"@type\":\"EntryPoint\",\"urlTemplate\":\"https:\/\/www.africa-press.net\/comores\/?s={search_term_string}\"},\"query-input\":{\"@type\":\"PropertyValueSpecification\",\"valueRequired\":true,\"valueName\":\"search_term_string\"}}],\"inLanguage\":\"fr-FR\"},{\"@type\":\"Person\",\"@id\":\"https:\/\/www.africa-press.net\/comores\/#\/schema\/person\/2b1cf3cd81a31e3cd26889ca66d677f1\",\"name\":\"cfeditorfr\"}]}<\/script>\n<!-- \/ Yoast SEO Premium plugin. -->","yoast_head_json":{"title":"\u00ab Mbae Trambwe et son impact sur la soci\u00e9t\u00e9 \u00bb - Comores","description":"Comme chaque anne\u0301e, la Fondation Mbae Trabwe organise la journe\u0301e baptise\u0301e Mbae Trabwe, l\u2019un des ico\u0302nes de l\u2019histo ...","robots":{"index":"index","follow":"follow","max-snippet":"max-snippet:-1","max-image-preview":"max-image-preview:large","max-video-preview":"max-video-preview:-1"},"canonical":"https:\/\/www.africa-press.net\/comores\/culture-et-art\/mbae-trambwe-et-son-impact-sur-la-societe","og_locale":"fr_FR","og_type":"article","og_title":"\u00ab Mbae Trambwe et son impact sur la soci\u00e9t\u00e9 \u00bb","og_description":"Comme chaque anne\u0301e, la Fondation Mbae Trabwe organise la journe\u0301e baptise\u0301e Mbae Trabwe, l\u2019un des ico\u0302nes de l\u2019histo ...","og_url":"https:\/\/www.africa-press.net\/comores\/culture-et-art\/mbae-trambwe-et-son-impact-sur-la-societe","og_site_name":"Comores","article_published_time":"2024-07-14T18:25:23+00:00","article_modified_time":"2024-07-30T07:55:55+00:00","og_image":[{"width":1280,"height":720,"url":"https:\/\/static.africa-press.net\/centrafricaine\/sites\/48\/2023\/07\/sm_1689355774.201085.jpg","type":"image\/jpeg"}],"author":"cfeditorfr","twitter_card":"summary_large_image","twitter_misc":{"\u00c9crit par":"cfeditorfr","Dur\u00e9e de lecture estim\u00e9e":"3 minutes"},"schema":{"@context":"https:\/\/schema.org","@graph":[{"@type":"Article","@id":"https:\/\/www.africa-press.net\/comores\/culture-et-art\/mbae-trambwe-et-son-impact-sur-la-societe#article","isPartOf":{"@id":"https:\/\/www.africa-press.net\/comores\/culture-et-art\/mbae-trambwe-et-son-impact-sur-la-societe"},"author":{"name":"cfeditorfr","@id":"https:\/\/www.africa-press.net\/comores\/#\/schema\/person\/2b1cf3cd81a31e3cd26889ca66d677f1"},"headline":"\u00ab Mbae Trambwe et son impact sur la soci\u00e9t\u00e9 \u00bb","datePublished":"2024-07-14T18:25:23+00:00","dateModified":"2024-07-30T07:55:55+00:00","mainEntityOfPage":{"@id":"https:\/\/www.africa-press.net\/comores\/culture-et-art\/mbae-trambwe-et-son-impact-sur-la-societe"},"wordCount":562,"commentCount":0,"image":{"@id":"https:\/\/www.africa-press.net\/comores\/culture-et-art\/mbae-trambwe-et-son-impact-sur-la-societe#primaryimage"},"thumbnailUrl":"https:\/\/static.africa-press.net\/centrafricaine\/sites\/48\/2023\/07\/sm_1689355774.201085.jpg","keywords":["Africa Press","Africa Press-Comores","Comores"],"articleSection":["Culture et Art","Toutes les actualit\u00e9s"],"inLanguage":"fr-FR","potentialAction":[{"@type":"CommentAction","name":"Comment","target":["https:\/\/www.africa-press.net\/comores\/culture-et-art\/mbae-trambwe-et-son-impact-sur-la-societe#respond"]}]},{"@type":"WebPage","@id":"https:\/\/www.africa-press.net\/comores\/culture-et-art\/mbae-trambwe-et-son-impact-sur-la-societe","url":"https:\/\/www.africa-press.net\/comores\/culture-et-art\/mbae-trambwe-et-son-impact-sur-la-societe","name":"\u00ab Mbae Trambwe et son impact sur la soci\u00e9t\u00e9 \u00bb - Comores","isPartOf":{"@id":"https:\/\/www.africa-press.net\/comores\/#website"},"primaryImageOfPage":{"@id":"https:\/\/www.africa-press.net\/comores\/culture-et-art\/mbae-trambwe-et-son-impact-sur-la-societe#primaryimage"},"image":{"@id":"https:\/\/www.africa-press.net\/comores\/culture-et-art\/mbae-trambwe-et-son-impact-sur-la-societe#primaryimage"},"thumbnailUrl":"https:\/\/static.africa-press.net\/centrafricaine\/sites\/48\/2023\/07\/sm_1689355774.201085.jpg","datePublished":"2024-07-14T18:25:23+00:00","dateModified":"2024-07-30T07:55:55+00:00","author":{"@id":"https:\/\/www.africa-press.net\/comores\/#\/schema\/person\/2b1cf3cd81a31e3cd26889ca66d677f1"},"description":"Comme chaque anne\u0301e, la Fondation Mbae Trabwe organise la journe\u0301e baptise\u0301e Mbae Trabwe, l\u2019un des ico\u0302nes de l\u2019histo ...","breadcrumb":{"@id":"https:\/\/www.africa-press.net\/comores\/culture-et-art\/mbae-trambwe-et-son-impact-sur-la-societe#breadcrumb"},"inLanguage":"fr-FR","potentialAction":[{"@type":"ReadAction","target":["https:\/\/www.africa-press.net\/comores\/culture-et-art\/mbae-trambwe-et-son-impact-sur-la-societe"]}]},{"@type":"ImageObject","inLanguage":"fr-FR","@id":"https:\/\/www.africa-press.net\/comores\/culture-et-art\/mbae-trambwe-et-son-impact-sur-la-societe#primaryimage","url":"https:\/\/static.africa-press.net\/centrafricaine\/sites\/48\/2023\/07\/sm_1689355774.201085.jpg","contentUrl":"https:\/\/static.africa-press.net\/centrafricaine\/sites\/48\/2023\/07\/sm_1689355774.201085.jpg","width":1280,"height":720,"caption":"\u00ab Mbae Trambwe et son impact sur la soci\u00e9t\u00e9 \u00bb"},{"@type":"BreadcrumbList","@id":"https:\/\/www.africa-press.net\/comores\/culture-et-art\/mbae-trambwe-et-son-impact-sur-la-societe#breadcrumb","itemListElement":[{"@type":"ListItem","position":1,"name":"Accueil","item":"https:\/\/www.africa-press.net\/comores\/"},{"@type":"ListItem","position":2,"name":"\u00ab Mbae Trambwe et son impact sur la soci\u00e9t\u00e9 \u00bb"}]},{"@type":"WebSite","@id":"https:\/\/www.africa-press.net\/comores\/#website","url":"https:\/\/www.africa-press.net\/comores\/","name":"Comores","description":"Just another Africa News Agency Sites site","potentialAction":[{"@type":"SearchAction","target":{"@type":"EntryPoint","urlTemplate":"https:\/\/www.africa-press.net\/comores\/?s={search_term_string}"},"query-input":{"@type":"PropertyValueSpecification","valueRequired":true,"valueName":"search_term_string"}}],"inLanguage":"fr-FR"},{"@type":"Person","@id":"https:\/\/www.africa-press.net\/comores\/#\/schema\/person\/2b1cf3cd81a31e3cd26889ca66d677f1","name":"cfeditorfr"}]}},"_links":{"self":[{"href":"https:\/\/www.africa-press.net\/comores\/wp-json\/wp\/v2\/posts\/10385","targetHints":{"allow":["GET"]}}],"collection":[{"href":"https:\/\/www.africa-press.net\/comores\/wp-json\/wp\/v2\/posts"}],"about":[{"href":"https:\/\/www.africa-press.net\/comores\/wp-json\/wp\/v2\/types\/post"}],"author":[{"embeddable":true,"href":"https:\/\/www.africa-press.net\/comores\/wp-json\/wp\/v2\/users\/82"}],"replies":[{"embeddable":true,"href":"https:\/\/www.africa-press.net\/comores\/wp-json\/wp\/v2\/comments?post=10385"}],"version-history":[{"count":0,"href":"https:\/\/www.africa-press.net\/comores\/wp-json\/wp\/v2\/posts\/10385\/revisions"}],"wp:featuredmedia":[{"embeddable":true,"href":"https:\/\/www.africa-press.net\/comores\/wp-json\/wp\/v2\/media\/10384"}],"wp:attachment":[{"href":"https:\/\/www.africa-press.net\/comores\/wp-json\/wp\/v2\/media?parent=10385"}],"wp:term":[{"taxonomy":"category","embeddable":true,"href":"https:\/\/www.africa-press.net\/comores\/wp-json\/wp\/v2\/categories?post=10385"},{"taxonomy":"post_tag","embeddable":true,"href":"https:\/\/www.africa-press.net\/comores\/wp-json\/wp\/v2\/tags?post=10385"}],"curies":[{"name":"wp","href":"https:\/\/api.w.org\/{rel}","templated":true}]}}