{"id":12589,"date":"2023-10-05T18:14:55","date_gmt":"2023-10-05T18:14:55","guid":{"rendered":"https:\/\/www.africa-press.net\/comores\/politique\/azali-convoque-le-college-electoral"},"modified":"2023-10-05T19:24:06","modified_gmt":"2023-10-05T19:24:06","slug":"azali-convoque-le-college-electoral","status":"publish","type":"post","link":"https:\/\/www.africa-press.net\/comores\/politique\/azali-convoque-le-college-electoral","title":{"rendered":"Azali convoque le coll\u00e8ge \u00e9lectoral"},"content":{"rendered":"<p><span style=\"color: #ff6600\"><strong>Africa-Press &#8211; Comores. <\/strong><\/span><b>Le 14 janvier aura lieu le premier tour des e\u0301lections du Pre\u0301sident de l\u2019Union ainsi que des Gouverneurs des Iles Autonomes. Le calendrier a e\u0301te\u0301 officiellement ente\u0301rine\u0301 par le Pre\u0301sident Azali Assoumani a\u0300 travers le De\u0301cret n\u00b023-106\/PR. Ce dernier de\u0301taille en ces diffe\u0301rents articles, la tenue, \u00ab dans l\u2019e\u0301ventualite\u0301 \u00bb, du second tour du double scrutin ainsi que les dates des campagnes e\u0301lectorales, mais aussi les horaires et les conditions du de\u0301roulement du scrutin. <\/b><\/p>\n<p>C\u2019est de\u0301sormais officiel. Par le de\u0301cret n\u00b023-106\/PR du 04 octobre 2023, le Pre\u0301sident Azali Assoumani a annonce\u0301 la convocation du colle\u0300ge e\u0301lectoral pour les Elections du Pre\u0301sident de l\u2019Union et des Gouverneurs des Iles. Les prochains candidats au double scrutin ont trois moins pour pouvoir se pre\u0301parer. Selon ledit de\u0301cret en son article 2, l\u2019e\u0301lection du Pre\u0301sident de l\u2019Union des Comores et celles des Gouverneurs des Iles Autonomes [&#8230;] ont lieu le 14 janvier 2024. Selon toujours le me\u0302me article, et dans l\u2019e\u0301ventualite\u0301 d\u2019un second tour de l\u2019une ou de plusieurs de ces e\u0301lections, celle(s)-ci aura (auront) lieu le 25 fe\u0301vrier 2024.<\/p>\n<p>En l\u2019article 3 dudit de\u0301cret, il est mentionne\u0301 la tenue de la campagne e\u0301lectorale. Celle-ci, pour le premier tour, est pre\u0301vue du 17 de\u0301cembre 2023 au 12 janvier 2024 a\u0300 minuit, et \u00ab dans l\u2019e\u0301ventualite\u0301 d\u2019un second tour \u00bb, du 31 janvier 2024 au 23 fe\u0301vrier 2024, selon le me\u0302me article.<\/p>\n<p>Le de\u0301cret pre\u0301cise aussi les horaires et les conditions du de\u0301roulement du scrutin qui sont \u00ab celles fixe\u0301es par les articles 83 aline\u0301a 1er, 210, 211, 212, 213 de la loi n\u00b022-017\/AU du 27 de\u0301cembre 2022 relative au Code Electoral, en l\u2019article 4 et en son article 5, les de\u0301clarations de candidature auxdites e\u0301lections. Ces dernie\u0300res sont, \u00ab dans les conditions et formes requises par la loi, adresse\u0301es et de\u0301pose\u0301es a\u0300 la Cour Supre\u0302me pour le l\u2019e\u0301lection du Pre\u0301sident de l\u2019Union, et a\u0300 la Commission Electorale Insulaire Inde\u0301pendante (CEII) pour les Gouverneurs des Iles Autonomes, du 07 novembre 2023 au 17 novembre 2023 a\u0300 minuit.<\/p>\n<p><strong>Pour plus d&rsquo;informations et d&rsquo;analyses sur la <a href=\"https:\/\/www.africa-press.net\/comores\">Comores<\/a>, suivez <a href=\"https:\/\/www.africa-press.net\/\">Africa-Press<\/a><\/strong><\/p>\n","protected":false},"excerpt":{"rendered":"<p>Africa-Press &#8211; Comores. Le 14 janvier aura lieu le premier tour des e\u0301lections du Pre\u0301sident de l\u2019Union ainsi que des Gouverneurs des Iles Autonomes. Le calendrier a e\u0301te\u0301 officiellement ente\u0301rine\u0301 par le Pre\u0301sident Azali Assoumani a\u0300 travers le De\u0301cret n\u00b023-106\/PR. Ce dernier de\u0301taille en ces diffe\u0301rents articles, la tenue, \u00ab dans l\u2019e\u0301ventualite\u0301 \u00bb, du second [&hellip;]<\/p>\n","protected":false},"author":82,"featured_media":12588,"comment_status":"open","ping_status":"closed","sticky":false,"template":"","format":"standard","meta":{"footnotes":""},"categories":[2,20,10],"tags":[36,53,45],"class_list":["post-12589","post","type-post","status-publish","format-standard","has-post-thumbnail","hentry","category-politique","category-top-nouvelles","category-toutes-les-actualites","tag-africa-press","tag-africa-press-comores","tag-comores"],"yoast_head":"<!-- This site is optimized with the Yoast SEO Premium plugin v26.1 (Yoast SEO v27.0) - https:\/\/yoast.com\/product\/yoast-seo-premium-wordpress\/ -->\n<title>Azali convoque le coll\u00e8ge \u00e9lectoral - Comores<\/title>\n<meta name=\"description\" content=\"Le 14 janvier aura lieu le premier tour des e\u0301lections du Pre\u0301sident de l\u2019Union ainsi que des Gouverneurs des Iles Au ...\" \/>\n<meta name=\"robots\" content=\"index, follow, max-snippet:-1, max-image-preview:large, max-video-preview:-1\" \/>\n<link rel=\"canonical\" href=\"https:\/\/www.africa-press.net\/comores\/politique\/azali-convoque-le-college-electoral\" \/>\n<meta property=\"og:locale\" content=\"fr_FR\" \/>\n<meta property=\"og:type\" content=\"article\" \/>\n<meta property=\"og:title\" content=\"Azali convoque le coll\u00e8ge \u00e9lectoral\" \/>\n<meta property=\"og:description\" content=\"Le 14 janvier aura lieu le premier tour des e\u0301lections du Pre\u0301sident de l\u2019Union ainsi que des Gouverneurs des Iles Au ...\" \/>\n<meta property=\"og:url\" content=\"https:\/\/www.africa-press.net\/comores\/politique\/azali-convoque-le-college-electoral\" \/>\n<meta property=\"og:site_name\" content=\"Comores\" \/>\n<meta property=\"article:published_time\" content=\"2023-10-05T18:14:55+00:00\" \/>\n<meta property=\"article:modified_time\" content=\"2023-10-05T19:24:06+00:00\" \/>\n<meta property=\"og:image\" content=\"https:\/\/static.africa-press.net\/centrafricaine\/sites\/48\/2023\/10\/sm_1696517542.576778.jpg\" \/>\n\t<meta property=\"og:image:width\" content=\"749\" \/>\n\t<meta property=\"og:image:height\" content=\"421\" \/>\n\t<meta property=\"og:image:type\" content=\"image\/jpeg\" \/>\n<meta name=\"author\" content=\"cfeditorfr\" \/>\n<meta name=\"twitter:card\" content=\"summary_large_image\" \/>\n<meta name=\"twitter:label1\" content=\"\u00c9crit par\" \/>\n\t<meta name=\"twitter:data1\" content=\"cfeditorfr\" \/>\n\t<meta name=\"twitter:label2\" content=\"Dur\u00e9e de lecture estim\u00e9e\" \/>\n\t<meta name=\"twitter:data2\" content=\"2 minutes\" \/>\n<script type=\"application\/ld+json\" class=\"yoast-schema-graph\">{\"@context\":\"https:\/\/schema.org\",\"@graph\":[{\"@type\":\"Article\",\"@id\":\"https:\/\/www.africa-press.net\/comores\/politique\/azali-convoque-le-college-electoral#article\",\"isPartOf\":{\"@id\":\"https:\/\/www.africa-press.net\/comores\/politique\/azali-convoque-le-college-electoral\"},\"author\":{\"name\":\"cfeditorfr\",\"@id\":\"https:\/\/www.africa-press.net\/comores\/#\/schema\/person\/2b1cf3cd81a31e3cd26889ca66d677f1\"},\"headline\":\"Azali convoque le coll\u00e8ge \u00e9lectoral\",\"datePublished\":\"2023-10-05T18:14:55+00:00\",\"dateModified\":\"2023-10-05T19:24:06+00:00\",\"mainEntityOfPage\":{\"@id\":\"https:\/\/www.africa-press.net\/comores\/politique\/azali-convoque-le-college-electoral\"},\"wordCount\":387,\"commentCount\":0,\"image\":{\"@id\":\"https:\/\/www.africa-press.net\/comores\/politique\/azali-convoque-le-college-electoral#primaryimage\"},\"thumbnailUrl\":\"https:\/\/static.africa-press.net\/centrafricaine\/sites\/48\/2023\/10\/sm_1696517542.576778.jpg\",\"keywords\":[\"Africa Press\",\"Africa Press-Comores\",\"Comores\"],\"articleSection\":[\"Politique\",\"Top Nouvelles\",\"Toutes les actualit\u00e9s\"],\"inLanguage\":\"fr-FR\",\"potentialAction\":[{\"@type\":\"CommentAction\",\"name\":\"Comment\",\"target\":[\"https:\/\/www.africa-press.net\/comores\/politique\/azali-convoque-le-college-electoral#respond\"]}]},{\"@type\":\"WebPage\",\"@id\":\"https:\/\/www.africa-press.net\/comores\/politique\/azali-convoque-le-college-electoral\",\"url\":\"https:\/\/www.africa-press.net\/comores\/politique\/azali-convoque-le-college-electoral\",\"name\":\"Azali convoque le coll\u00e8ge \u00e9lectoral - Comores\",\"isPartOf\":{\"@id\":\"https:\/\/www.africa-press.net\/comores\/#website\"},\"primaryImageOfPage\":{\"@id\":\"https:\/\/www.africa-press.net\/comores\/politique\/azali-convoque-le-college-electoral#primaryimage\"},\"image\":{\"@id\":\"https:\/\/www.africa-press.net\/comores\/politique\/azali-convoque-le-college-electoral#primaryimage\"},\"thumbnailUrl\":\"https:\/\/static.africa-press.net\/centrafricaine\/sites\/48\/2023\/10\/sm_1696517542.576778.jpg\",\"datePublished\":\"2023-10-05T18:14:55+00:00\",\"dateModified\":\"2023-10-05T19:24:06+00:00\",\"author\":{\"@id\":\"https:\/\/www.africa-press.net\/comores\/#\/schema\/person\/2b1cf3cd81a31e3cd26889ca66d677f1\"},\"description\":\"Le 14 janvier aura lieu le premier tour des e\u0301lections du Pre\u0301sident de l\u2019Union ainsi que des Gouverneurs des Iles Au ...\",\"breadcrumb\":{\"@id\":\"https:\/\/www.africa-press.net\/comores\/politique\/azali-convoque-le-college-electoral#breadcrumb\"},\"inLanguage\":\"fr-FR\",\"potentialAction\":[{\"@type\":\"ReadAction\",\"target\":[\"https:\/\/www.africa-press.net\/comores\/politique\/azali-convoque-le-college-electoral\"]}]},{\"@type\":\"ImageObject\",\"inLanguage\":\"fr-FR\",\"@id\":\"https:\/\/www.africa-press.net\/comores\/politique\/azali-convoque-le-college-electoral#primaryimage\",\"url\":\"https:\/\/static.africa-press.net\/centrafricaine\/sites\/48\/2023\/10\/sm_1696517542.576778.jpg\",\"contentUrl\":\"https:\/\/static.africa-press.net\/centrafricaine\/sites\/48\/2023\/10\/sm_1696517542.576778.jpg\",\"width\":749,\"height\":421,\"caption\":\"Azali convoque le coll\u00e8ge \u00e9lectoral\"},{\"@type\":\"BreadcrumbList\",\"@id\":\"https:\/\/www.africa-press.net\/comores\/politique\/azali-convoque-le-college-electoral#breadcrumb\",\"itemListElement\":[{\"@type\":\"ListItem\",\"position\":1,\"name\":\"Accueil\",\"item\":\"https:\/\/www.africa-press.net\/comores\/\"},{\"@type\":\"ListItem\",\"position\":2,\"name\":\"Azali convoque le coll\u00e8ge \u00e9lectoral\"}]},{\"@type\":\"WebSite\",\"@id\":\"https:\/\/www.africa-press.net\/comores\/#website\",\"url\":\"https:\/\/www.africa-press.net\/comores\/\",\"name\":\"Comores\",\"description\":\"Just another Africa News Agency Sites site\",\"potentialAction\":[{\"@type\":\"SearchAction\",\"target\":{\"@type\":\"EntryPoint\",\"urlTemplate\":\"https:\/\/www.africa-press.net\/comores\/?s={search_term_string}\"},\"query-input\":{\"@type\":\"PropertyValueSpecification\",\"valueRequired\":true,\"valueName\":\"search_term_string\"}}],\"inLanguage\":\"fr-FR\"},{\"@type\":\"Person\",\"@id\":\"https:\/\/www.africa-press.net\/comores\/#\/schema\/person\/2b1cf3cd81a31e3cd26889ca66d677f1\",\"name\":\"cfeditorfr\"}]}<\/script>\n<!-- \/ Yoast SEO Premium plugin. -->","yoast_head_json":{"title":"Azali convoque le coll\u00e8ge \u00e9lectoral - Comores","description":"Le 14 janvier aura lieu le premier tour des e\u0301lections du Pre\u0301sident de l\u2019Union ainsi que des Gouverneurs des Iles Au ...","robots":{"index":"index","follow":"follow","max-snippet":"max-snippet:-1","max-image-preview":"max-image-preview:large","max-video-preview":"max-video-preview:-1"},"canonical":"https:\/\/www.africa-press.net\/comores\/politique\/azali-convoque-le-college-electoral","og_locale":"fr_FR","og_type":"article","og_title":"Azali convoque le coll\u00e8ge \u00e9lectoral","og_description":"Le 14 janvier aura lieu le premier tour des e\u0301lections du Pre\u0301sident de l\u2019Union ainsi que des Gouverneurs des Iles Au ...","og_url":"https:\/\/www.africa-press.net\/comores\/politique\/azali-convoque-le-college-electoral","og_site_name":"Comores","article_published_time":"2023-10-05T18:14:55+00:00","article_modified_time":"2023-10-05T19:24:06+00:00","og_image":[{"width":749,"height":421,"url":"https:\/\/static.africa-press.net\/centrafricaine\/sites\/48\/2023\/10\/sm_1696517542.576778.jpg","type":"image\/jpeg"}],"author":"cfeditorfr","twitter_card":"summary_large_image","twitter_misc":{"\u00c9crit par":"cfeditorfr","Dur\u00e9e de lecture estim\u00e9e":"2 minutes"},"schema":{"@context":"https:\/\/schema.org","@graph":[{"@type":"Article","@id":"https:\/\/www.africa-press.net\/comores\/politique\/azali-convoque-le-college-electoral#article","isPartOf":{"@id":"https:\/\/www.africa-press.net\/comores\/politique\/azali-convoque-le-college-electoral"},"author":{"name":"cfeditorfr","@id":"https:\/\/www.africa-press.net\/comores\/#\/schema\/person\/2b1cf3cd81a31e3cd26889ca66d677f1"},"headline":"Azali convoque le coll\u00e8ge \u00e9lectoral","datePublished":"2023-10-05T18:14:55+00:00","dateModified":"2023-10-05T19:24:06+00:00","mainEntityOfPage":{"@id":"https:\/\/www.africa-press.net\/comores\/politique\/azali-convoque-le-college-electoral"},"wordCount":387,"commentCount":0,"image":{"@id":"https:\/\/www.africa-press.net\/comores\/politique\/azali-convoque-le-college-electoral#primaryimage"},"thumbnailUrl":"https:\/\/static.africa-press.net\/centrafricaine\/sites\/48\/2023\/10\/sm_1696517542.576778.jpg","keywords":["Africa Press","Africa Press-Comores","Comores"],"articleSection":["Politique","Top Nouvelles","Toutes les actualit\u00e9s"],"inLanguage":"fr-FR","potentialAction":[{"@type":"CommentAction","name":"Comment","target":["https:\/\/www.africa-press.net\/comores\/politique\/azali-convoque-le-college-electoral#respond"]}]},{"@type":"WebPage","@id":"https:\/\/www.africa-press.net\/comores\/politique\/azali-convoque-le-college-electoral","url":"https:\/\/www.africa-press.net\/comores\/politique\/azali-convoque-le-college-electoral","name":"Azali convoque le coll\u00e8ge \u00e9lectoral - Comores","isPartOf":{"@id":"https:\/\/www.africa-press.net\/comores\/#website"},"primaryImageOfPage":{"@id":"https:\/\/www.africa-press.net\/comores\/politique\/azali-convoque-le-college-electoral#primaryimage"},"image":{"@id":"https:\/\/www.africa-press.net\/comores\/politique\/azali-convoque-le-college-electoral#primaryimage"},"thumbnailUrl":"https:\/\/static.africa-press.net\/centrafricaine\/sites\/48\/2023\/10\/sm_1696517542.576778.jpg","datePublished":"2023-10-05T18:14:55+00:00","dateModified":"2023-10-05T19:24:06+00:00","author":{"@id":"https:\/\/www.africa-press.net\/comores\/#\/schema\/person\/2b1cf3cd81a31e3cd26889ca66d677f1"},"description":"Le 14 janvier aura lieu le premier tour des e\u0301lections du Pre\u0301sident de l\u2019Union ainsi que des Gouverneurs des Iles Au ...","breadcrumb":{"@id":"https:\/\/www.africa-press.net\/comores\/politique\/azali-convoque-le-college-electoral#breadcrumb"},"inLanguage":"fr-FR","potentialAction":[{"@type":"ReadAction","target":["https:\/\/www.africa-press.net\/comores\/politique\/azali-convoque-le-college-electoral"]}]},{"@type":"ImageObject","inLanguage":"fr-FR","@id":"https:\/\/www.africa-press.net\/comores\/politique\/azali-convoque-le-college-electoral#primaryimage","url":"https:\/\/static.africa-press.net\/centrafricaine\/sites\/48\/2023\/10\/sm_1696517542.576778.jpg","contentUrl":"https:\/\/static.africa-press.net\/centrafricaine\/sites\/48\/2023\/10\/sm_1696517542.576778.jpg","width":749,"height":421,"caption":"Azali convoque le coll\u00e8ge \u00e9lectoral"},{"@type":"BreadcrumbList","@id":"https:\/\/www.africa-press.net\/comores\/politique\/azali-convoque-le-college-electoral#breadcrumb","itemListElement":[{"@type":"ListItem","position":1,"name":"Accueil","item":"https:\/\/www.africa-press.net\/comores\/"},{"@type":"ListItem","position":2,"name":"Azali convoque le coll\u00e8ge \u00e9lectoral"}]},{"@type":"WebSite","@id":"https:\/\/www.africa-press.net\/comores\/#website","url":"https:\/\/www.africa-press.net\/comores\/","name":"Comores","description":"Just another Africa News Agency Sites site","potentialAction":[{"@type":"SearchAction","target":{"@type":"EntryPoint","urlTemplate":"https:\/\/www.africa-press.net\/comores\/?s={search_term_string}"},"query-input":{"@type":"PropertyValueSpecification","valueRequired":true,"valueName":"search_term_string"}}],"inLanguage":"fr-FR"},{"@type":"Person","@id":"https:\/\/www.africa-press.net\/comores\/#\/schema\/person\/2b1cf3cd81a31e3cd26889ca66d677f1","name":"cfeditorfr"}]}},"_links":{"self":[{"href":"https:\/\/www.africa-press.net\/comores\/wp-json\/wp\/v2\/posts\/12589","targetHints":{"allow":["GET"]}}],"collection":[{"href":"https:\/\/www.africa-press.net\/comores\/wp-json\/wp\/v2\/posts"}],"about":[{"href":"https:\/\/www.africa-press.net\/comores\/wp-json\/wp\/v2\/types\/post"}],"author":[{"embeddable":true,"href":"https:\/\/www.africa-press.net\/comores\/wp-json\/wp\/v2\/users\/82"}],"replies":[{"embeddable":true,"href":"https:\/\/www.africa-press.net\/comores\/wp-json\/wp\/v2\/comments?post=12589"}],"version-history":[{"count":0,"href":"https:\/\/www.africa-press.net\/comores\/wp-json\/wp\/v2\/posts\/12589\/revisions"}],"wp:featuredmedia":[{"embeddable":true,"href":"https:\/\/www.africa-press.net\/comores\/wp-json\/wp\/v2\/media\/12588"}],"wp:attachment":[{"href":"https:\/\/www.africa-press.net\/comores\/wp-json\/wp\/v2\/media?parent=12589"}],"wp:term":[{"taxonomy":"category","embeddable":true,"href":"https:\/\/www.africa-press.net\/comores\/wp-json\/wp\/v2\/categories?post=12589"},{"taxonomy":"post_tag","embeddable":true,"href":"https:\/\/www.africa-press.net\/comores\/wp-json\/wp\/v2\/tags?post=12589"}],"curies":[{"name":"wp","href":"https:\/\/api.w.org\/{rel}","templated":true}]}}