{"id":12592,"date":"2023-10-05T18:16:00","date_gmt":"2023-10-05T18:16:00","guid":{"rendered":"https:\/\/www.africa-press.net\/comores\/politique\/inauguration-du-monitoring-des-medias-ce-jeudi"},"modified":"2023-10-05T19:24:32","modified_gmt":"2023-10-05T19:24:32","slug":"inauguration-du-monitoring-des-medias-ce-jeudi","status":"publish","type":"post","link":"https:\/\/www.africa-press.net\/comores\/toutes-les-actualites\/inauguration-du-monitoring-des-medias-ce-jeudi","title":{"rendered":"Inauguration du monitoring des m\u00e9dias ce jeudi"},"content":{"rendered":"<p><span style=\"color: #ff6600\"><strong>Africa-Press &#8211; Comores. <\/strong><\/span><b>Le pays va inaugurer ce jeudi 05 octobre le monitoring des medias. Il s\u2019agit d\u2019une solution informatique qui permettra d&rsquo;enregistrer 24h\/h24 et 7 jours sur 7, deux chaines de Te\u0301le\u0301vision, douze radios FM et deux radios distantes. <\/b><\/p>\n<p>Le Conseil National de la Presse et de l\u2019Audiovisuel (CNPA) et la Haute Autorite\u0301 de la Communication au Maroc (HACA) ont tenu hier mercredi 04 octobre une re\u0301union d\u2019e\u0301change a\u0300 Moroni en vue d\u2019annoncer l\u2019inauguration du monitoring des medias et la signature d\u2019un partenariat entre le CNPA et la HACA. Cet e\u0301change avec la presse avait but pour de permettre le changement en cours de la re\u0301gulation et son impact dans les me\u0301dias ou dans l&rsquo;information et la communication d&rsquo;une manie\u0300re ge\u0301ne\u0301rale. En effet, le Monitoring des Me\u0301dias HMS est une solution informatique qui permet d&rsquo;enregistrer 24\/24 et 7 jours sur 7, deux chaines de Te\u0301le\u0301vision, 12 radios FM et 2 radios distantes. Il consiste a\u0300 e\u0301couter toutes les conversations sur un sujet spe\u0301cifique sur diffe\u0301rents canaux me\u0301diatiques.<\/p>\n<p>Selon le pre\u0301sident du CNPA Aboubakari Boina, le pays dispose d\u2019une architecture re\u0301seau dans les trois iles via Internet ADSL. Les machines ont la capacite\u0301 de stockage en ligne de 3 ans de programmes en lignes avec possibilite\u0301 d&rsquo;e\u0301tendre la dure\u0301e en utilisant un serveur Nas et de 18 mois de programmes te\u0301le\u0301visuels en ligne avec possibilite\u0301 d&rsquo;e\u0301tendre la dure\u0301e en utilisant un serveur Nas. Egalement, l&rsquo;approche HMS me\u0301diatique qui a plusieurs fonctionnalite\u0301s d&rsquo;acce\u0301der aux programmes te\u0301le\u0301 et radio, de faire des recherches, de partager et de commenter les se\u0301quences, la possibilite\u0301 de te\u0301le\u0301chargement, etc.<\/p>\n<p>\u00ab Le CNPA sera en mesure de faire le suivi et la constatation d&rsquo;e\u0301ventuelles violations des programmes de services audiovisuels, d&rsquo;utiliser la me\u0301diathe\u0300que pour le suivi des programmes suite a\u0300 un de\u0301clencheur comme une plainte, de mesurer l&rsquo;e\u0301tat des me\u0301dias du pays et de faire des rapports circonstanciels ou pe\u0301riodiques \u00bb, avance-t-il, tout en annonc\u0327ant l\u2019inauguration du monitoring des me\u0301dias gra\u0302ce a\u0300 un financement de la coope\u0301ration franc\u0327aise et a\u0300 l&rsquo;expertise de la haute autorite\u0301 de la communication audiovisuelle du Maroc. Ce dernier espe\u0300re que cette re\u0301union pose le jalon d&rsquo;une connaissance mutuelle, voire d&rsquo;une reconnaissance mutuelle et favorise la coope\u0301ration et encore mieux la collaboration pour faire face ensemble aux enjeux lie\u0301s a\u0300 la re\u0301gulation, l&rsquo;information et la communication en Union des Comores.<\/p>\n<p>De son co\u0302te\u0301, la pre\u0301sidente de la HACA Latifa Arkhabach a explique\u0301 que cette visite est une rencontre entre deux instances de re\u0301gulation de deux pays africains dans le sens de voir ensemble ce que l\u2019on peut faire au be\u0301ne\u0301fice de nos socie\u0301te\u0301s et les manquements. Dans le cadre de la coope\u0301ration sud-sud, la coope\u0301ration Maroco-comorienne s\u2019enrichit d\u2019un nouveau segment, celui de la re\u0301gulation. \u00ab Pour moi, c\u2019est important d\u2019ouvrir ce champ, ce portefeuille de la re\u0301gulation. On de\u0301cre\u0300te qu\u2019on est important pour le lien entre les deux socie\u0301te\u0301s. La re\u0301gulation est une intervention publique autonome qui est destine\u0301e a\u0300 deux a\u0300 trois choses. Le re\u0301gulateur sert a\u0300 promouvoir et consolider la liberte\u0301 de la communication, favoriser et promouvoir un droit du citoyen d\u2019acce\u0301der a\u0300 une information de qualite\u0301 et information de confiance. Il garantit le droit d\u2019autres acteurs de l\u2019e\u0301cosyste\u0300me me\u0301diatique \u00bb, insiste-t-elle. Plusieurs questions ont fait l\u2019objet d\u2019un de\u0301bat, notamment sur comment re\u0301guler les medias sociaux, un phe\u0301nome\u0300ne nouveau et pre\u0301occupant dans le pays, le renforcement de capacite\u0301s des journalistes, la protection des journalistes et le ro\u0302le du re\u0301gulateur.<\/p>\n<p><strong>Pour plus d&rsquo;informations et d&rsquo;analyses sur la <a href=\"https:\/\/www.africa-press.net\/comores\">Comores<\/a>, suivez <a href=\"https:\/\/www.africa-press.net\/\">Africa-Press<\/a><\/strong><\/p>\n","protected":false},"excerpt":{"rendered":"<p>Africa-Press &#8211; Comores. Le pays va inaugurer ce jeudi 05 octobre le monitoring des medias. Il s\u2019agit d\u2019une solution informatique qui permettra d&rsquo;enregistrer 24h\/h24 et 7 jours sur 7, deux chaines de Te\u0301le\u0301vision, douze radios FM et deux radios distantes. Le Conseil National de la Presse et de l\u2019Audiovisuel (CNPA) et la Haute Autorite\u0301 de [&hellip;]<\/p>\n","protected":false},"author":82,"featured_media":12591,"comment_status":"open","ping_status":"closed","sticky":false,"template":"","format":"standard","meta":{"footnotes":""},"categories":[21,10],"tags":[36,53,45],"class_list":["post-12592","post","type-post","status-publish","format-standard","has-post-thumbnail","hentry","category-communaute","category-toutes-les-actualites","tag-africa-press","tag-africa-press-comores","tag-comores"],"yoast_head":"<!-- This site is optimized with the Yoast SEO Premium plugin v26.1 (Yoast SEO v27.0) - https:\/\/yoast.com\/product\/yoast-seo-premium-wordpress\/ -->\n<title>Inauguration du monitoring des m\u00e9dias ce jeudi - Comores<\/title>\n<meta name=\"description\" content=\"Le pays va inaugurer ce jeudi 05 octobre le monitoring des medias. Il s\u2019agit d\u2019une solution informatique qui permettr ...\" \/>\n<meta name=\"robots\" content=\"index, follow, max-snippet:-1, max-image-preview:large, max-video-preview:-1\" \/>\n<link rel=\"canonical\" href=\"https:\/\/www.africa-press.net\/comores\/toutes-les-actualites\/inauguration-du-monitoring-des-medias-ce-jeudi\" \/>\n<meta property=\"og:locale\" content=\"fr_FR\" \/>\n<meta property=\"og:type\" content=\"article\" \/>\n<meta property=\"og:title\" content=\"Inauguration du monitoring des m\u00e9dias ce jeudi\" \/>\n<meta property=\"og:description\" content=\"Le pays va inaugurer ce jeudi 05 octobre le monitoring des medias. Il s\u2019agit d\u2019une solution informatique qui permettr ...\" \/>\n<meta property=\"og:url\" content=\"https:\/\/www.africa-press.net\/comores\/toutes-les-actualites\/inauguration-du-monitoring-des-medias-ce-jeudi\" \/>\n<meta property=\"og:site_name\" content=\"Comores\" \/>\n<meta property=\"article:published_time\" content=\"2023-10-05T18:16:00+00:00\" \/>\n<meta property=\"article:modified_time\" content=\"2023-10-05T19:24:32+00:00\" \/>\n<meta property=\"og:image\" content=\"https:\/\/static.africa-press.net\/centrafricaine\/sites\/48\/2023\/10\/sm_1696517566.518704.jpg\" \/>\n\t<meta property=\"og:image:width\" content=\"1280\" \/>\n\t<meta property=\"og:image:height\" content=\"960\" \/>\n\t<meta property=\"og:image:type\" content=\"image\/jpeg\" \/>\n<meta name=\"author\" content=\"cfeditorfr\" \/>\n<meta name=\"twitter:card\" content=\"summary_large_image\" \/>\n<meta name=\"twitter:label1\" content=\"\u00c9crit par\" \/>\n\t<meta name=\"twitter:data1\" content=\"cfeditorfr\" \/>\n\t<meta name=\"twitter:label2\" content=\"Dur\u00e9e de lecture estim\u00e9e\" \/>\n\t<meta name=\"twitter:data2\" content=\"3 minutes\" \/>\n<script type=\"application\/ld+json\" class=\"yoast-schema-graph\">{\"@context\":\"https:\/\/schema.org\",\"@graph\":[{\"@type\":\"Article\",\"@id\":\"https:\/\/www.africa-press.net\/comores\/toutes-les-actualites\/inauguration-du-monitoring-des-medias-ce-jeudi#article\",\"isPartOf\":{\"@id\":\"https:\/\/www.africa-press.net\/comores\/toutes-les-actualites\/inauguration-du-monitoring-des-medias-ce-jeudi\"},\"author\":{\"name\":\"cfeditorfr\",\"@id\":\"https:\/\/www.africa-press.net\/comores\/#\/schema\/person\/2b1cf3cd81a31e3cd26889ca66d677f1\"},\"headline\":\"Inauguration du monitoring des m\u00e9dias ce jeudi\",\"datePublished\":\"2023-10-05T18:16:00+00:00\",\"dateModified\":\"2023-10-05T19:24:32+00:00\",\"mainEntityOfPage\":{\"@id\":\"https:\/\/www.africa-press.net\/comores\/toutes-les-actualites\/inauguration-du-monitoring-des-medias-ce-jeudi\"},\"wordCount\":688,\"commentCount\":0,\"image\":{\"@id\":\"https:\/\/www.africa-press.net\/comores\/toutes-les-actualites\/inauguration-du-monitoring-des-medias-ce-jeudi#primaryimage\"},\"thumbnailUrl\":\"https:\/\/static.africa-press.net\/centrafricaine\/sites\/48\/2023\/10\/sm_1696517566.518704.jpg\",\"keywords\":[\"Africa Press\",\"Africa Press-Comores\",\"Comores\"],\"articleSection\":[\"Communaut\u00e9\",\"Toutes les actualit\u00e9s\"],\"inLanguage\":\"fr-FR\",\"potentialAction\":[{\"@type\":\"CommentAction\",\"name\":\"Comment\",\"target\":[\"https:\/\/www.africa-press.net\/comores\/toutes-les-actualites\/inauguration-du-monitoring-des-medias-ce-jeudi#respond\"]}]},{\"@type\":\"WebPage\",\"@id\":\"https:\/\/www.africa-press.net\/comores\/toutes-les-actualites\/inauguration-du-monitoring-des-medias-ce-jeudi\",\"url\":\"https:\/\/www.africa-press.net\/comores\/toutes-les-actualites\/inauguration-du-monitoring-des-medias-ce-jeudi\",\"name\":\"Inauguration du monitoring des m\u00e9dias ce jeudi - Comores\",\"isPartOf\":{\"@id\":\"https:\/\/www.africa-press.net\/comores\/#website\"},\"primaryImageOfPage\":{\"@id\":\"https:\/\/www.africa-press.net\/comores\/toutes-les-actualites\/inauguration-du-monitoring-des-medias-ce-jeudi#primaryimage\"},\"image\":{\"@id\":\"https:\/\/www.africa-press.net\/comores\/toutes-les-actualites\/inauguration-du-monitoring-des-medias-ce-jeudi#primaryimage\"},\"thumbnailUrl\":\"https:\/\/static.africa-press.net\/centrafricaine\/sites\/48\/2023\/10\/sm_1696517566.518704.jpg\",\"datePublished\":\"2023-10-05T18:16:00+00:00\",\"dateModified\":\"2023-10-05T19:24:32+00:00\",\"author\":{\"@id\":\"https:\/\/www.africa-press.net\/comores\/#\/schema\/person\/2b1cf3cd81a31e3cd26889ca66d677f1\"},\"description\":\"Le pays va inaugurer ce jeudi 05 octobre le monitoring des medias. Il s\u2019agit d\u2019une solution informatique qui permettr ...\",\"breadcrumb\":{\"@id\":\"https:\/\/www.africa-press.net\/comores\/toutes-les-actualites\/inauguration-du-monitoring-des-medias-ce-jeudi#breadcrumb\"},\"inLanguage\":\"fr-FR\",\"potentialAction\":[{\"@type\":\"ReadAction\",\"target\":[\"https:\/\/www.africa-press.net\/comores\/toutes-les-actualites\/inauguration-du-monitoring-des-medias-ce-jeudi\"]}]},{\"@type\":\"ImageObject\",\"inLanguage\":\"fr-FR\",\"@id\":\"https:\/\/www.africa-press.net\/comores\/toutes-les-actualites\/inauguration-du-monitoring-des-medias-ce-jeudi#primaryimage\",\"url\":\"https:\/\/static.africa-press.net\/centrafricaine\/sites\/48\/2023\/10\/sm_1696517566.518704.jpg\",\"contentUrl\":\"https:\/\/static.africa-press.net\/centrafricaine\/sites\/48\/2023\/10\/sm_1696517566.518704.jpg\",\"width\":1280,\"height\":960,\"caption\":\"Inauguration du monitoring des m\u00e9dias ce jeudi\"},{\"@type\":\"BreadcrumbList\",\"@id\":\"https:\/\/www.africa-press.net\/comores\/toutes-les-actualites\/inauguration-du-monitoring-des-medias-ce-jeudi#breadcrumb\",\"itemListElement\":[{\"@type\":\"ListItem\",\"position\":1,\"name\":\"Accueil\",\"item\":\"https:\/\/www.africa-press.net\/comores\/\"},{\"@type\":\"ListItem\",\"position\":2,\"name\":\"Inauguration du monitoring des m\u00e9dias ce jeudi\"}]},{\"@type\":\"WebSite\",\"@id\":\"https:\/\/www.africa-press.net\/comores\/#website\",\"url\":\"https:\/\/www.africa-press.net\/comores\/\",\"name\":\"Comores\",\"description\":\"Just another Africa News Agency Sites site\",\"potentialAction\":[{\"@type\":\"SearchAction\",\"target\":{\"@type\":\"EntryPoint\",\"urlTemplate\":\"https:\/\/www.africa-press.net\/comores\/?s={search_term_string}\"},\"query-input\":{\"@type\":\"PropertyValueSpecification\",\"valueRequired\":true,\"valueName\":\"search_term_string\"}}],\"inLanguage\":\"fr-FR\"},{\"@type\":\"Person\",\"@id\":\"https:\/\/www.africa-press.net\/comores\/#\/schema\/person\/2b1cf3cd81a31e3cd26889ca66d677f1\",\"name\":\"cfeditorfr\"}]}<\/script>\n<!-- \/ Yoast SEO Premium plugin. -->","yoast_head_json":{"title":"Inauguration du monitoring des m\u00e9dias ce jeudi - Comores","description":"Le pays va inaugurer ce jeudi 05 octobre le monitoring des medias. Il s\u2019agit d\u2019une solution informatique qui permettr ...","robots":{"index":"index","follow":"follow","max-snippet":"max-snippet:-1","max-image-preview":"max-image-preview:large","max-video-preview":"max-video-preview:-1"},"canonical":"https:\/\/www.africa-press.net\/comores\/toutes-les-actualites\/inauguration-du-monitoring-des-medias-ce-jeudi","og_locale":"fr_FR","og_type":"article","og_title":"Inauguration du monitoring des m\u00e9dias ce jeudi","og_description":"Le pays va inaugurer ce jeudi 05 octobre le monitoring des medias. Il s\u2019agit d\u2019une solution informatique qui permettr ...","og_url":"https:\/\/www.africa-press.net\/comores\/toutes-les-actualites\/inauguration-du-monitoring-des-medias-ce-jeudi","og_site_name":"Comores","article_published_time":"2023-10-05T18:16:00+00:00","article_modified_time":"2023-10-05T19:24:32+00:00","og_image":[{"width":1280,"height":960,"url":"https:\/\/static.africa-press.net\/centrafricaine\/sites\/48\/2023\/10\/sm_1696517566.518704.jpg","type":"image\/jpeg"}],"author":"cfeditorfr","twitter_card":"summary_large_image","twitter_misc":{"\u00c9crit par":"cfeditorfr","Dur\u00e9e de lecture estim\u00e9e":"3 minutes"},"schema":{"@context":"https:\/\/schema.org","@graph":[{"@type":"Article","@id":"https:\/\/www.africa-press.net\/comores\/toutes-les-actualites\/inauguration-du-monitoring-des-medias-ce-jeudi#article","isPartOf":{"@id":"https:\/\/www.africa-press.net\/comores\/toutes-les-actualites\/inauguration-du-monitoring-des-medias-ce-jeudi"},"author":{"name":"cfeditorfr","@id":"https:\/\/www.africa-press.net\/comores\/#\/schema\/person\/2b1cf3cd81a31e3cd26889ca66d677f1"},"headline":"Inauguration du monitoring des m\u00e9dias ce jeudi","datePublished":"2023-10-05T18:16:00+00:00","dateModified":"2023-10-05T19:24:32+00:00","mainEntityOfPage":{"@id":"https:\/\/www.africa-press.net\/comores\/toutes-les-actualites\/inauguration-du-monitoring-des-medias-ce-jeudi"},"wordCount":688,"commentCount":0,"image":{"@id":"https:\/\/www.africa-press.net\/comores\/toutes-les-actualites\/inauguration-du-monitoring-des-medias-ce-jeudi#primaryimage"},"thumbnailUrl":"https:\/\/static.africa-press.net\/centrafricaine\/sites\/48\/2023\/10\/sm_1696517566.518704.jpg","keywords":["Africa Press","Africa Press-Comores","Comores"],"articleSection":["Communaut\u00e9","Toutes les actualit\u00e9s"],"inLanguage":"fr-FR","potentialAction":[{"@type":"CommentAction","name":"Comment","target":["https:\/\/www.africa-press.net\/comores\/toutes-les-actualites\/inauguration-du-monitoring-des-medias-ce-jeudi#respond"]}]},{"@type":"WebPage","@id":"https:\/\/www.africa-press.net\/comores\/toutes-les-actualites\/inauguration-du-monitoring-des-medias-ce-jeudi","url":"https:\/\/www.africa-press.net\/comores\/toutes-les-actualites\/inauguration-du-monitoring-des-medias-ce-jeudi","name":"Inauguration du monitoring des m\u00e9dias ce jeudi - Comores","isPartOf":{"@id":"https:\/\/www.africa-press.net\/comores\/#website"},"primaryImageOfPage":{"@id":"https:\/\/www.africa-press.net\/comores\/toutes-les-actualites\/inauguration-du-monitoring-des-medias-ce-jeudi#primaryimage"},"image":{"@id":"https:\/\/www.africa-press.net\/comores\/toutes-les-actualites\/inauguration-du-monitoring-des-medias-ce-jeudi#primaryimage"},"thumbnailUrl":"https:\/\/static.africa-press.net\/centrafricaine\/sites\/48\/2023\/10\/sm_1696517566.518704.jpg","datePublished":"2023-10-05T18:16:00+00:00","dateModified":"2023-10-05T19:24:32+00:00","author":{"@id":"https:\/\/www.africa-press.net\/comores\/#\/schema\/person\/2b1cf3cd81a31e3cd26889ca66d677f1"},"description":"Le pays va inaugurer ce jeudi 05 octobre le monitoring des medias. Il s\u2019agit d\u2019une solution informatique qui permettr ...","breadcrumb":{"@id":"https:\/\/www.africa-press.net\/comores\/toutes-les-actualites\/inauguration-du-monitoring-des-medias-ce-jeudi#breadcrumb"},"inLanguage":"fr-FR","potentialAction":[{"@type":"ReadAction","target":["https:\/\/www.africa-press.net\/comores\/toutes-les-actualites\/inauguration-du-monitoring-des-medias-ce-jeudi"]}]},{"@type":"ImageObject","inLanguage":"fr-FR","@id":"https:\/\/www.africa-press.net\/comores\/toutes-les-actualites\/inauguration-du-monitoring-des-medias-ce-jeudi#primaryimage","url":"https:\/\/static.africa-press.net\/centrafricaine\/sites\/48\/2023\/10\/sm_1696517566.518704.jpg","contentUrl":"https:\/\/static.africa-press.net\/centrafricaine\/sites\/48\/2023\/10\/sm_1696517566.518704.jpg","width":1280,"height":960,"caption":"Inauguration du monitoring des m\u00e9dias ce jeudi"},{"@type":"BreadcrumbList","@id":"https:\/\/www.africa-press.net\/comores\/toutes-les-actualites\/inauguration-du-monitoring-des-medias-ce-jeudi#breadcrumb","itemListElement":[{"@type":"ListItem","position":1,"name":"Accueil","item":"https:\/\/www.africa-press.net\/comores\/"},{"@type":"ListItem","position":2,"name":"Inauguration du monitoring des m\u00e9dias ce jeudi"}]},{"@type":"WebSite","@id":"https:\/\/www.africa-press.net\/comores\/#website","url":"https:\/\/www.africa-press.net\/comores\/","name":"Comores","description":"Just another Africa News Agency Sites site","potentialAction":[{"@type":"SearchAction","target":{"@type":"EntryPoint","urlTemplate":"https:\/\/www.africa-press.net\/comores\/?s={search_term_string}"},"query-input":{"@type":"PropertyValueSpecification","valueRequired":true,"valueName":"search_term_string"}}],"inLanguage":"fr-FR"},{"@type":"Person","@id":"https:\/\/www.africa-press.net\/comores\/#\/schema\/person\/2b1cf3cd81a31e3cd26889ca66d677f1","name":"cfeditorfr"}]}},"_links":{"self":[{"href":"https:\/\/www.africa-press.net\/comores\/wp-json\/wp\/v2\/posts\/12592","targetHints":{"allow":["GET"]}}],"collection":[{"href":"https:\/\/www.africa-press.net\/comores\/wp-json\/wp\/v2\/posts"}],"about":[{"href":"https:\/\/www.africa-press.net\/comores\/wp-json\/wp\/v2\/types\/post"}],"author":[{"embeddable":true,"href":"https:\/\/www.africa-press.net\/comores\/wp-json\/wp\/v2\/users\/82"}],"replies":[{"embeddable":true,"href":"https:\/\/www.africa-press.net\/comores\/wp-json\/wp\/v2\/comments?post=12592"}],"version-history":[{"count":0,"href":"https:\/\/www.africa-press.net\/comores\/wp-json\/wp\/v2\/posts\/12592\/revisions"}],"wp:featuredmedia":[{"embeddable":true,"href":"https:\/\/www.africa-press.net\/comores\/wp-json\/wp\/v2\/media\/12591"}],"wp:attachment":[{"href":"https:\/\/www.africa-press.net\/comores\/wp-json\/wp\/v2\/media?parent=12592"}],"wp:term":[{"taxonomy":"category","embeddable":true,"href":"https:\/\/www.africa-press.net\/comores\/wp-json\/wp\/v2\/categories?post=12592"},{"taxonomy":"post_tag","embeddable":true,"href":"https:\/\/www.africa-press.net\/comores\/wp-json\/wp\/v2\/tags?post=12592"}],"curies":[{"name":"wp","href":"https:\/\/api.w.org\/{rel}","templated":true}]}}