{"id":12609,"date":"2023-10-06T15:27:01","date_gmt":"2023-10-06T15:27:01","guid":{"rendered":"https:\/\/www.africa-press.net\/comores\/politique\/comores-la-presidentielle-fixee-a-janvier-2024"},"modified":"2023-10-06T16:49:53","modified_gmt":"2023-10-06T16:49:53","slug":"comores-la-presidentielle-fixee-a-janvier-2024","status":"publish","type":"post","link":"https:\/\/www.africa-press.net\/comores\/politique\/comores-la-presidentielle-fixee-a-janvier-2024","title":{"rendered":"Comores. La pr\u00e9sidentielle fix\u00e9e \u00e0 janvier 2024"},"content":{"rendered":"<p><span style=\"color: #ff6600\"><strong>Africa-Press &#8211; Comores. <\/strong><\/span>Aux Comores, la prochaine e\u0301lection pre\u0301sidentielle se tiendra le 14 janvier.<\/p>\n<p>Un second tour est pre\u0301vu le 25 fe\u0301vrier.<\/p>\n<p>Le chef d&rsquo;Etat sortant et pre\u0301sident en exercice de l&rsquo;Union africaine, Azali Assoumani, est candidat a\u0300 sa re\u0301e\u0301lection.<\/p>\n<p>E\u0301lu en 2002, en 2016 puis en 2019, le colonel et ancien chef d&rsquo;e\u0301tat-major de l&rsquo;arme\u0301e Azali Assoumani, 64 ans, a dissous la Cour constitutionnelle et modifie\u0301 la Constitution en 2018 pour e\u0301tendre a\u0300 deux mandats la dure\u0301e de la pre\u0301sidence.<\/p>\n<p><strong>Pour plus d&rsquo;informations et d&rsquo;analyses sur la <a href=\"https:\/\/www.africa-press.net\/comores\">Comores<\/a>, suivez <a href=\"https:\/\/www.africa-press.net\/\">Africa-Press<\/a><\/strong><\/p>\n","protected":false},"excerpt":{"rendered":"<p>Africa-Press &#8211; Comores. Aux Comores, la prochaine e\u0301lection pre\u0301sidentielle se tiendra le 14 janvier. Un second tour est pre\u0301vu le 25 fe\u0301vrier. Le chef d&rsquo;Etat sortant et pre\u0301sident en exercice de l&rsquo;Union africaine, Azali Assoumani, est candidat a\u0300 sa re\u0301e\u0301lection. E\u0301lu en 2002, en 2016 puis en 2019, le colonel et ancien chef d&rsquo;e\u0301tat-major de [&hellip;]<\/p>\n","protected":false},"author":82,"featured_media":12608,"comment_status":"open","ping_status":"closed","sticky":false,"template":"","format":"standard","meta":{"footnotes":""},"categories":[2,20,10],"tags":[36,53,45],"class_list":["post-12609","post","type-post","status-publish","format-standard","has-post-thumbnail","hentry","category-politique","category-top-nouvelles","category-toutes-les-actualites","tag-africa-press","tag-africa-press-comores","tag-comores"],"yoast_head":"<!-- This site is optimized with the Yoast SEO Premium plugin v26.1 (Yoast SEO v27.0) - https:\/\/yoast.com\/product\/yoast-seo-premium-wordpress\/ -->\n<title>Comores. La pr\u00e9sidentielle fix\u00e9e \u00e0 janvier 2024 - Comores<\/title>\n<meta name=\"description\" content=\"Aux Comores, la prochaine e\u0301lection pre\u0301sidentielle se tiendra le 14 janvier. Un second tour est pre\u0301vu le 25 fe\u0301vrier. ...\" \/>\n<meta name=\"robots\" content=\"index, follow, max-snippet:-1, max-image-preview:large, max-video-preview:-1\" \/>\n<link rel=\"canonical\" href=\"https:\/\/www.africa-press.net\/comores\/politique\/comores-la-presidentielle-fixee-a-janvier-2024\" \/>\n<meta property=\"og:locale\" content=\"fr_FR\" \/>\n<meta property=\"og:type\" content=\"article\" \/>\n<meta property=\"og:title\" content=\"Comores. La pr\u00e9sidentielle fix\u00e9e \u00e0 janvier 2024\" \/>\n<meta property=\"og:description\" content=\"Aux Comores, la prochaine e\u0301lection pre\u0301sidentielle se tiendra le 14 janvier. Un second tour est pre\u0301vu le 25 fe\u0301vrier. ...\" \/>\n<meta property=\"og:url\" content=\"https:\/\/www.africa-press.net\/comores\/politique\/comores-la-presidentielle-fixee-a-janvier-2024\" \/>\n<meta property=\"og:site_name\" content=\"Comores\" \/>\n<meta property=\"article:published_time\" content=\"2023-10-06T15:27:01+00:00\" \/>\n<meta property=\"article:modified_time\" content=\"2023-10-06T16:49:53+00:00\" \/>\n<meta property=\"og:image\" content=\"https:\/\/static.africa-press.net\/centrafricaine\/sites\/48\/2023\/10\/sm_1696594724.974258.jpg\" \/>\n\t<meta property=\"og:image:width\" content=\"800\" \/>\n\t<meta property=\"og:image:height\" content=\"448\" \/>\n\t<meta property=\"og:image:type\" content=\"image\/jpeg\" \/>\n<meta name=\"author\" content=\"cfeditorfr\" \/>\n<meta name=\"twitter:card\" content=\"summary_large_image\" \/>\n<meta name=\"twitter:label1\" content=\"\u00c9crit par\" \/>\n\t<meta name=\"twitter:data1\" content=\"cfeditorfr\" \/>\n\t<meta name=\"twitter:label2\" content=\"Dur\u00e9e de lecture estim\u00e9e\" \/>\n\t<meta name=\"twitter:data2\" content=\"1 minute\" \/>\n<script type=\"application\/ld+json\" class=\"yoast-schema-graph\">{\"@context\":\"https:\/\/schema.org\",\"@graph\":[{\"@type\":\"Article\",\"@id\":\"https:\/\/www.africa-press.net\/comores\/politique\/comores-la-presidentielle-fixee-a-janvier-2024#article\",\"isPartOf\":{\"@id\":\"https:\/\/www.africa-press.net\/comores\/politique\/comores-la-presidentielle-fixee-a-janvier-2024\"},\"author\":{\"name\":\"cfeditorfr\",\"@id\":\"https:\/\/www.africa-press.net\/comores\/#\/schema\/person\/2b1cf3cd81a31e3cd26889ca66d677f1\"},\"headline\":\"Comores. La pr\u00e9sidentielle fix\u00e9e \u00e0 janvier 2024\",\"datePublished\":\"2023-10-06T15:27:01+00:00\",\"dateModified\":\"2023-10-06T16:49:53+00:00\",\"mainEntityOfPage\":{\"@id\":\"https:\/\/www.africa-press.net\/comores\/politique\/comores-la-presidentielle-fixee-a-janvier-2024\"},\"wordCount\":110,\"commentCount\":0,\"image\":{\"@id\":\"https:\/\/www.africa-press.net\/comores\/politique\/comores-la-presidentielle-fixee-a-janvier-2024#primaryimage\"},\"thumbnailUrl\":\"https:\/\/static.africa-press.net\/centrafricaine\/sites\/48\/2023\/10\/sm_1696594724.974258.jpg\",\"keywords\":[\"Africa Press\",\"Africa Press-Comores\",\"Comores\"],\"articleSection\":[\"Politique\",\"Top Nouvelles\",\"Toutes les actualit\u00e9s\"],\"inLanguage\":\"fr-FR\",\"potentialAction\":[{\"@type\":\"CommentAction\",\"name\":\"Comment\",\"target\":[\"https:\/\/www.africa-press.net\/comores\/politique\/comores-la-presidentielle-fixee-a-janvier-2024#respond\"]}]},{\"@type\":\"WebPage\",\"@id\":\"https:\/\/www.africa-press.net\/comores\/politique\/comores-la-presidentielle-fixee-a-janvier-2024\",\"url\":\"https:\/\/www.africa-press.net\/comores\/politique\/comores-la-presidentielle-fixee-a-janvier-2024\",\"name\":\"Comores. La pr\u00e9sidentielle fix\u00e9e \u00e0 janvier 2024 - Comores\",\"isPartOf\":{\"@id\":\"https:\/\/www.africa-press.net\/comores\/#website\"},\"primaryImageOfPage\":{\"@id\":\"https:\/\/www.africa-press.net\/comores\/politique\/comores-la-presidentielle-fixee-a-janvier-2024#primaryimage\"},\"image\":{\"@id\":\"https:\/\/www.africa-press.net\/comores\/politique\/comores-la-presidentielle-fixee-a-janvier-2024#primaryimage\"},\"thumbnailUrl\":\"https:\/\/static.africa-press.net\/centrafricaine\/sites\/48\/2023\/10\/sm_1696594724.974258.jpg\",\"datePublished\":\"2023-10-06T15:27:01+00:00\",\"dateModified\":\"2023-10-06T16:49:53+00:00\",\"author\":{\"@id\":\"https:\/\/www.africa-press.net\/comores\/#\/schema\/person\/2b1cf3cd81a31e3cd26889ca66d677f1\"},\"description\":\"Aux Comores, la prochaine e\u0301lection pre\u0301sidentielle se tiendra le 14 janvier. Un second tour est pre\u0301vu le 25 fe\u0301vrier. ...\",\"breadcrumb\":{\"@id\":\"https:\/\/www.africa-press.net\/comores\/politique\/comores-la-presidentielle-fixee-a-janvier-2024#breadcrumb\"},\"inLanguage\":\"fr-FR\",\"potentialAction\":[{\"@type\":\"ReadAction\",\"target\":[\"https:\/\/www.africa-press.net\/comores\/politique\/comores-la-presidentielle-fixee-a-janvier-2024\"]}]},{\"@type\":\"ImageObject\",\"inLanguage\":\"fr-FR\",\"@id\":\"https:\/\/www.africa-press.net\/comores\/politique\/comores-la-presidentielle-fixee-a-janvier-2024#primaryimage\",\"url\":\"https:\/\/static.africa-press.net\/centrafricaine\/sites\/48\/2023\/10\/sm_1696594724.974258.jpg\",\"contentUrl\":\"https:\/\/static.africa-press.net\/centrafricaine\/sites\/48\/2023\/10\/sm_1696594724.974258.jpg\",\"width\":800,\"height\":448,\"caption\":\"Comores. La pr\u00e9sidentielle fix\u00e9e \u00e0 janvier 2024\"},{\"@type\":\"BreadcrumbList\",\"@id\":\"https:\/\/www.africa-press.net\/comores\/politique\/comores-la-presidentielle-fixee-a-janvier-2024#breadcrumb\",\"itemListElement\":[{\"@type\":\"ListItem\",\"position\":1,\"name\":\"Accueil\",\"item\":\"https:\/\/www.africa-press.net\/comores\/\"},{\"@type\":\"ListItem\",\"position\":2,\"name\":\"Comores. La pr\u00e9sidentielle fix\u00e9e \u00e0 janvier 2024\"}]},{\"@type\":\"WebSite\",\"@id\":\"https:\/\/www.africa-press.net\/comores\/#website\",\"url\":\"https:\/\/www.africa-press.net\/comores\/\",\"name\":\"Comores\",\"description\":\"Just another Africa News Agency Sites site\",\"potentialAction\":[{\"@type\":\"SearchAction\",\"target\":{\"@type\":\"EntryPoint\",\"urlTemplate\":\"https:\/\/www.africa-press.net\/comores\/?s={search_term_string}\"},\"query-input\":{\"@type\":\"PropertyValueSpecification\",\"valueRequired\":true,\"valueName\":\"search_term_string\"}}],\"inLanguage\":\"fr-FR\"},{\"@type\":\"Person\",\"@id\":\"https:\/\/www.africa-press.net\/comores\/#\/schema\/person\/2b1cf3cd81a31e3cd26889ca66d677f1\",\"name\":\"cfeditorfr\"}]}<\/script>\n<!-- \/ Yoast SEO Premium plugin. -->","yoast_head_json":{"title":"Comores. La pr\u00e9sidentielle fix\u00e9e \u00e0 janvier 2024 - Comores","description":"Aux Comores, la prochaine e\u0301lection pre\u0301sidentielle se tiendra le 14 janvier. Un second tour est pre\u0301vu le 25 fe\u0301vrier. ...","robots":{"index":"index","follow":"follow","max-snippet":"max-snippet:-1","max-image-preview":"max-image-preview:large","max-video-preview":"max-video-preview:-1"},"canonical":"https:\/\/www.africa-press.net\/comores\/politique\/comores-la-presidentielle-fixee-a-janvier-2024","og_locale":"fr_FR","og_type":"article","og_title":"Comores. La pr\u00e9sidentielle fix\u00e9e \u00e0 janvier 2024","og_description":"Aux Comores, la prochaine e\u0301lection pre\u0301sidentielle se tiendra le 14 janvier. Un second tour est pre\u0301vu le 25 fe\u0301vrier. ...","og_url":"https:\/\/www.africa-press.net\/comores\/politique\/comores-la-presidentielle-fixee-a-janvier-2024","og_site_name":"Comores","article_published_time":"2023-10-06T15:27:01+00:00","article_modified_time":"2023-10-06T16:49:53+00:00","og_image":[{"width":800,"height":448,"url":"https:\/\/static.africa-press.net\/centrafricaine\/sites\/48\/2023\/10\/sm_1696594724.974258.jpg","type":"image\/jpeg"}],"author":"cfeditorfr","twitter_card":"summary_large_image","twitter_misc":{"\u00c9crit par":"cfeditorfr","Dur\u00e9e de lecture estim\u00e9e":"1 minute"},"schema":{"@context":"https:\/\/schema.org","@graph":[{"@type":"Article","@id":"https:\/\/www.africa-press.net\/comores\/politique\/comores-la-presidentielle-fixee-a-janvier-2024#article","isPartOf":{"@id":"https:\/\/www.africa-press.net\/comores\/politique\/comores-la-presidentielle-fixee-a-janvier-2024"},"author":{"name":"cfeditorfr","@id":"https:\/\/www.africa-press.net\/comores\/#\/schema\/person\/2b1cf3cd81a31e3cd26889ca66d677f1"},"headline":"Comores. La pr\u00e9sidentielle fix\u00e9e \u00e0 janvier 2024","datePublished":"2023-10-06T15:27:01+00:00","dateModified":"2023-10-06T16:49:53+00:00","mainEntityOfPage":{"@id":"https:\/\/www.africa-press.net\/comores\/politique\/comores-la-presidentielle-fixee-a-janvier-2024"},"wordCount":110,"commentCount":0,"image":{"@id":"https:\/\/www.africa-press.net\/comores\/politique\/comores-la-presidentielle-fixee-a-janvier-2024#primaryimage"},"thumbnailUrl":"https:\/\/static.africa-press.net\/centrafricaine\/sites\/48\/2023\/10\/sm_1696594724.974258.jpg","keywords":["Africa Press","Africa Press-Comores","Comores"],"articleSection":["Politique","Top Nouvelles","Toutes les actualit\u00e9s"],"inLanguage":"fr-FR","potentialAction":[{"@type":"CommentAction","name":"Comment","target":["https:\/\/www.africa-press.net\/comores\/politique\/comores-la-presidentielle-fixee-a-janvier-2024#respond"]}]},{"@type":"WebPage","@id":"https:\/\/www.africa-press.net\/comores\/politique\/comores-la-presidentielle-fixee-a-janvier-2024","url":"https:\/\/www.africa-press.net\/comores\/politique\/comores-la-presidentielle-fixee-a-janvier-2024","name":"Comores. La pr\u00e9sidentielle fix\u00e9e \u00e0 janvier 2024 - Comores","isPartOf":{"@id":"https:\/\/www.africa-press.net\/comores\/#website"},"primaryImageOfPage":{"@id":"https:\/\/www.africa-press.net\/comores\/politique\/comores-la-presidentielle-fixee-a-janvier-2024#primaryimage"},"image":{"@id":"https:\/\/www.africa-press.net\/comores\/politique\/comores-la-presidentielle-fixee-a-janvier-2024#primaryimage"},"thumbnailUrl":"https:\/\/static.africa-press.net\/centrafricaine\/sites\/48\/2023\/10\/sm_1696594724.974258.jpg","datePublished":"2023-10-06T15:27:01+00:00","dateModified":"2023-10-06T16:49:53+00:00","author":{"@id":"https:\/\/www.africa-press.net\/comores\/#\/schema\/person\/2b1cf3cd81a31e3cd26889ca66d677f1"},"description":"Aux Comores, la prochaine e\u0301lection pre\u0301sidentielle se tiendra le 14 janvier. Un second tour est pre\u0301vu le 25 fe\u0301vrier. ...","breadcrumb":{"@id":"https:\/\/www.africa-press.net\/comores\/politique\/comores-la-presidentielle-fixee-a-janvier-2024#breadcrumb"},"inLanguage":"fr-FR","potentialAction":[{"@type":"ReadAction","target":["https:\/\/www.africa-press.net\/comores\/politique\/comores-la-presidentielle-fixee-a-janvier-2024"]}]},{"@type":"ImageObject","inLanguage":"fr-FR","@id":"https:\/\/www.africa-press.net\/comores\/politique\/comores-la-presidentielle-fixee-a-janvier-2024#primaryimage","url":"https:\/\/static.africa-press.net\/centrafricaine\/sites\/48\/2023\/10\/sm_1696594724.974258.jpg","contentUrl":"https:\/\/static.africa-press.net\/centrafricaine\/sites\/48\/2023\/10\/sm_1696594724.974258.jpg","width":800,"height":448,"caption":"Comores. La pr\u00e9sidentielle fix\u00e9e \u00e0 janvier 2024"},{"@type":"BreadcrumbList","@id":"https:\/\/www.africa-press.net\/comores\/politique\/comores-la-presidentielle-fixee-a-janvier-2024#breadcrumb","itemListElement":[{"@type":"ListItem","position":1,"name":"Accueil","item":"https:\/\/www.africa-press.net\/comores\/"},{"@type":"ListItem","position":2,"name":"Comores. La pr\u00e9sidentielle fix\u00e9e \u00e0 janvier 2024"}]},{"@type":"WebSite","@id":"https:\/\/www.africa-press.net\/comores\/#website","url":"https:\/\/www.africa-press.net\/comores\/","name":"Comores","description":"Just another Africa News Agency Sites site","potentialAction":[{"@type":"SearchAction","target":{"@type":"EntryPoint","urlTemplate":"https:\/\/www.africa-press.net\/comores\/?s={search_term_string}"},"query-input":{"@type":"PropertyValueSpecification","valueRequired":true,"valueName":"search_term_string"}}],"inLanguage":"fr-FR"},{"@type":"Person","@id":"https:\/\/www.africa-press.net\/comores\/#\/schema\/person\/2b1cf3cd81a31e3cd26889ca66d677f1","name":"cfeditorfr"}]}},"_links":{"self":[{"href":"https:\/\/www.africa-press.net\/comores\/wp-json\/wp\/v2\/posts\/12609","targetHints":{"allow":["GET"]}}],"collection":[{"href":"https:\/\/www.africa-press.net\/comores\/wp-json\/wp\/v2\/posts"}],"about":[{"href":"https:\/\/www.africa-press.net\/comores\/wp-json\/wp\/v2\/types\/post"}],"author":[{"embeddable":true,"href":"https:\/\/www.africa-press.net\/comores\/wp-json\/wp\/v2\/users\/82"}],"replies":[{"embeddable":true,"href":"https:\/\/www.africa-press.net\/comores\/wp-json\/wp\/v2\/comments?post=12609"}],"version-history":[{"count":0,"href":"https:\/\/www.africa-press.net\/comores\/wp-json\/wp\/v2\/posts\/12609\/revisions"}],"wp:featuredmedia":[{"embeddable":true,"href":"https:\/\/www.africa-press.net\/comores\/wp-json\/wp\/v2\/media\/12608"}],"wp:attachment":[{"href":"https:\/\/www.africa-press.net\/comores\/wp-json\/wp\/v2\/media?parent=12609"}],"wp:term":[{"taxonomy":"category","embeddable":true,"href":"https:\/\/www.africa-press.net\/comores\/wp-json\/wp\/v2\/categories?post=12609"},{"taxonomy":"post_tag","embeddable":true,"href":"https:\/\/www.africa-press.net\/comores\/wp-json\/wp\/v2\/tags?post=12609"}],"curies":[{"name":"wp","href":"https:\/\/api.w.org\/{rel}","templated":true}]}}