{"id":12615,"date":"2023-10-06T15:45:40","date_gmt":"2023-10-06T15:45:40","guid":{"rendered":"https:\/\/www.africa-press.net\/comores\/politique\/avec-le-soutien-du-maroc-lunion-des-comores-accede-a-lomc"},"modified":"2023-10-06T16:55:36","modified_gmt":"2023-10-06T16:55:36","slug":"avec-le-soutien-du-maroc-lunion-des-comores-accede-a-lomc","status":"publish","type":"post","link":"https:\/\/www.africa-press.net\/comores\/economie\/avec-le-soutien-du-maroc-lunion-des-comores-accede-a-lomc","title":{"rendered":"Avec le soutien du Maroc, l&rsquo;Union des Comores acc\u00e8de \u00e0 l&rsquo;OMC"},"content":{"rendered":"<p><span style=\"color: #ff6600\"><strong>Africa-Press &#8211; Comores. <\/strong><\/span>L\u2019objectif de l\u2019accession de l\u2019Union des Comores a\u0300 l\u2019Organisation Mondiale du Commerce (OMC) a franchi, jeudi, une e\u0301tape de\u0301cisive lors de la 9e\u0300me re\u0301union du Groupe de travail de\u0301die\u0301 a\u0300 cette fin, sous la pre\u0301sidence de l\u2019ambassadeur repre\u0301sentant permanent du Maroc a\u0300 Gene\u0300ve, M. Omar Zniber.<\/p>\n<p>Cette re\u0301union, a\u0300 laquelle ont pris part le ministre comorien de l\u2019E\u0301conomie, des Investissements, charge\u0301 de l\u2019Inte\u0301gration e\u0301conomique, Ahmed Ali Bazi, et le directeur ge\u0301ne\u0301ral adjoint de l\u2019OMC, l\u2019ambassadeur Zhang Xiangchen, a e\u0301te\u0301 l\u2019occasion de remarquer les avance\u0301es tangibles au niveau de la conformite\u0301 de la le\u0301gislation comorienne aux re\u0300gles et normes de l\u2019OMC.<\/p>\n<p>A\u0300 l\u2019entame de cette re\u0301union, M. Zniber en sa qualite\u0301 de pre\u0301sident du Groupe de travail, s\u2019est fe\u0301licite\u0301 des efforts de\u0301ploye\u0301s, des avance\u0301es et des re\u0301alisations des Comores, tout en pre\u0301cisant que ce processus se situe dans un stade avance\u0301, qui devrait s\u2019acheminer vers sa concre\u0301tisation dans les semaines a\u0300 venir, pour permettre a\u0300 l\u2019Union des Comores d\u2019adhe\u0301rer pleinement au syste\u0300me commercial multilate\u0301ral incarne\u0301 par l\u2019OMC.<\/p>\n<p>Le diplomate marocain n\u2019a pas manque\u0301 de souligner l\u2019engagement constructif de l\u2019Union des Comores, qui s\u2019est traduit par de multiples re\u0301formes sur les plans le\u0301gislatif et institutionnel, commercial et e\u0301conomique, et ce, malgre\u0301 une conjoncture internationale difficile.<\/p>\n<p>Le Pre\u0301sident des travaux a e\u0301galement appele\u0301 les de\u0301le\u0301gations a\u0300 soutenir l\u2019adhe\u0301sion qui devrait se formaliser lors de la 13e\u0300me confe\u0301rence ministe\u0301rielle, qui se tiendra, du 26 au 29 fe\u0301vrier a\u0300 Abu Dhabi, aux E\u0301mirats Arabes Unis.<\/p>\n<p>Pour sa part, le ministre comorien a salue\u0301 le soutien politique et diplomatique du Maroc dans le cadre de ce dossier d\u2019accession, ainsi que les efforts de la pre\u0301sidence du Groupe de travail. En outre, il a donne\u0301 une vue d\u2019ensemble sur les progre\u0300s re\u0301alise\u0301s par son pays sur les plans le\u0301gislatif et administratif depuis la 8e\u0300me re\u0301union du Groupe de travail, tenue le 19 janvier 2023.<\/p>\n<p>Apre\u0300s la pre\u0301sentation du rapport du Groupe de travail, une vingtaine de de\u0301le\u0301gations ont pris la parole pour souligner l\u2019e\u0301volution \u00bbtre\u0300s positive \u00bb de ce dossier, re\u0301affirmant l\u2019engagement de parachever ce processus.<\/p>\n<p>De son co\u0302te\u0301, M. Xiangchen a mis exergue le travail accompli par les Comores depuis la 8e\u0300me session, tout en qualifiant le dossier dudit pays de \u00bbmature \u00bb qui devrait e\u0302tre couronne\u0301 par son accession a\u0300 l\u2019OMC, mettant terme a\u0300 un travail qui a dure\u0301 plus de 17 ans.<\/p>\n<p>La de\u0301le\u0301gation marocaine a prononce\u0301 une de\u0301claration, par laquelle elle a re\u0301ite\u0301re\u0301 le soutien ferme a\u0300 ce pays fre\u0300re, e\u0301tant persuade\u0301 que l\u2019adhe\u0301sion des Comores a\u0300 l\u2019OMC aurait des retombe\u0301es positives sur son de\u0301veloppement socio-e\u0301conomique, consoliderait la pre\u0301sence africaine et arabe dans cette enceinte internationale et donnerait une nouvelle impulsion au syste\u0300me commercial multilate\u0301ral, pro\u0302ne\u0301 par l\u2019OMC.<\/p>\n<p><strong>Pour plus d&rsquo;informations et d&rsquo;analyses sur la <a href=\"https:\/\/www.africa-press.net\/comores\">Comores<\/a>, suivez <a href=\"https:\/\/www.africa-press.net\/\">Africa-Press<\/a><\/strong><\/p>\n","protected":false},"excerpt":{"rendered":"<p>Africa-Press &#8211; Comores. L\u2019objectif de l\u2019accession de l\u2019Union des Comores a\u0300 l\u2019Organisation Mondiale du Commerce (OMC) a franchi, jeudi, une e\u0301tape de\u0301cisive lors de la 9e\u0300me re\u0301union du Groupe de travail de\u0301die\u0301 a\u0300 cette fin, sous la pre\u0301sidence de l\u2019ambassadeur repre\u0301sentant permanent du Maroc a\u0300 Gene\u0300ve, M. Omar Zniber. Cette re\u0301union, a\u0300 laquelle ont pris [&hellip;]<\/p>\n","protected":false},"author":82,"featured_media":12614,"comment_status":"open","ping_status":"closed","sticky":false,"template":"","format":"standard","meta":{"footnotes":""},"categories":[3,20,10],"tags":[36,53,45],"class_list":["post-12615","post","type-post","status-publish","format-standard","has-post-thumbnail","hentry","category-economie","category-top-nouvelles","category-toutes-les-actualites","tag-africa-press","tag-africa-press-comores","tag-comores"],"yoast_head":"<!-- This site is optimized with the Yoast SEO Premium plugin v26.1 (Yoast SEO v27.0) - https:\/\/yoast.com\/product\/yoast-seo-premium-wordpress\/ -->\n<title>Avec le soutien du Maroc, l&#039;Union des Comores acc\u00e8de \u00e0 l&#039;OMC - Comores<\/title>\n<meta name=\"description\" content=\"L\u2019objectif de l\u2019accession de l\u2019Union des Comores a\u0300 l\u2019Organisation Mondiale du Commerce (OMC) a franchi, jeudi, une e\u0301ta ...\" \/>\n<meta name=\"robots\" content=\"index, follow, max-snippet:-1, max-image-preview:large, max-video-preview:-1\" \/>\n<link rel=\"canonical\" href=\"https:\/\/www.africa-press.net\/comores\/economie\/avec-le-soutien-du-maroc-lunion-des-comores-accede-a-lomc\" \/>\n<meta property=\"og:locale\" content=\"fr_FR\" \/>\n<meta property=\"og:type\" content=\"article\" \/>\n<meta property=\"og:title\" content=\"Avec le soutien du Maroc, l&#039;Union des Comores acc\u00e8de \u00e0 l&#039;OMC\" \/>\n<meta property=\"og:description\" content=\"L\u2019objectif de l\u2019accession de l\u2019Union des Comores a\u0300 l\u2019Organisation Mondiale du Commerce (OMC) a franchi, jeudi, une e\u0301ta ...\" \/>\n<meta property=\"og:url\" content=\"https:\/\/www.africa-press.net\/comores\/economie\/avec-le-soutien-du-maroc-lunion-des-comores-accede-a-lomc\" \/>\n<meta property=\"og:site_name\" content=\"Comores\" \/>\n<meta property=\"article:published_time\" content=\"2023-10-06T15:45:40+00:00\" \/>\n<meta property=\"article:modified_time\" content=\"2023-10-06T16:55:36+00:00\" \/>\n<meta property=\"og:image\" content=\"https:\/\/static.africa-press.net\/centrafricaine\/sites\/48\/2023\/10\/sm_1696595021.058395.jpg\" \/>\n\t<meta property=\"og:image:width\" content=\"800\" \/>\n\t<meta property=\"og:image:height\" content=\"534\" \/>\n\t<meta property=\"og:image:type\" content=\"image\/jpeg\" \/>\n<meta name=\"author\" content=\"cfeditorfr\" \/>\n<meta name=\"twitter:card\" content=\"summary_large_image\" \/>\n<meta name=\"twitter:label1\" content=\"\u00c9crit par\" \/>\n\t<meta name=\"twitter:data1\" content=\"cfeditorfr\" \/>\n\t<meta name=\"twitter:label2\" content=\"Dur\u00e9e de lecture estim\u00e9e\" \/>\n\t<meta name=\"twitter:data2\" content=\"3 minutes\" \/>\n<script type=\"application\/ld+json\" class=\"yoast-schema-graph\">{\"@context\":\"https:\/\/schema.org\",\"@graph\":[{\"@type\":\"Article\",\"@id\":\"https:\/\/www.africa-press.net\/comores\/economie\/avec-le-soutien-du-maroc-lunion-des-comores-accede-a-lomc#article\",\"isPartOf\":{\"@id\":\"https:\/\/www.africa-press.net\/comores\/economie\/avec-le-soutien-du-maroc-lunion-des-comores-accede-a-lomc\"},\"author\":{\"name\":\"cfeditorfr\",\"@id\":\"https:\/\/www.africa-press.net\/comores\/#\/schema\/person\/2b1cf3cd81a31e3cd26889ca66d677f1\"},\"headline\":\"Avec le soutien du Maroc, l&rsquo;Union des Comores acc\u00e8de \u00e0 l&rsquo;OMC\",\"datePublished\":\"2023-10-06T15:45:40+00:00\",\"dateModified\":\"2023-10-06T16:55:36+00:00\",\"mainEntityOfPage\":{\"@id\":\"https:\/\/www.africa-press.net\/comores\/economie\/avec-le-soutien-du-maroc-lunion-des-comores-accede-a-lomc\"},\"wordCount\":571,\"commentCount\":0,\"image\":{\"@id\":\"https:\/\/www.africa-press.net\/comores\/economie\/avec-le-soutien-du-maroc-lunion-des-comores-accede-a-lomc#primaryimage\"},\"thumbnailUrl\":\"https:\/\/static.africa-press.net\/centrafricaine\/sites\/48\/2023\/10\/sm_1696595021.058395.jpg\",\"keywords\":[\"Africa Press\",\"Africa Press-Comores\",\"Comores\"],\"articleSection\":[\"\u00c9conomie\",\"Top Nouvelles\",\"Toutes les actualit\u00e9s\"],\"inLanguage\":\"fr-FR\",\"potentialAction\":[{\"@type\":\"CommentAction\",\"name\":\"Comment\",\"target\":[\"https:\/\/www.africa-press.net\/comores\/economie\/avec-le-soutien-du-maroc-lunion-des-comores-accede-a-lomc#respond\"]}]},{\"@type\":\"WebPage\",\"@id\":\"https:\/\/www.africa-press.net\/comores\/economie\/avec-le-soutien-du-maroc-lunion-des-comores-accede-a-lomc\",\"url\":\"https:\/\/www.africa-press.net\/comores\/economie\/avec-le-soutien-du-maroc-lunion-des-comores-accede-a-lomc\",\"name\":\"Avec le soutien du Maroc, l'Union des Comores acc\u00e8de \u00e0 l'OMC - Comores\",\"isPartOf\":{\"@id\":\"https:\/\/www.africa-press.net\/comores\/#website\"},\"primaryImageOfPage\":{\"@id\":\"https:\/\/www.africa-press.net\/comores\/economie\/avec-le-soutien-du-maroc-lunion-des-comores-accede-a-lomc#primaryimage\"},\"image\":{\"@id\":\"https:\/\/www.africa-press.net\/comores\/economie\/avec-le-soutien-du-maroc-lunion-des-comores-accede-a-lomc#primaryimage\"},\"thumbnailUrl\":\"https:\/\/static.africa-press.net\/centrafricaine\/sites\/48\/2023\/10\/sm_1696595021.058395.jpg\",\"datePublished\":\"2023-10-06T15:45:40+00:00\",\"dateModified\":\"2023-10-06T16:55:36+00:00\",\"author\":{\"@id\":\"https:\/\/www.africa-press.net\/comores\/#\/schema\/person\/2b1cf3cd81a31e3cd26889ca66d677f1\"},\"description\":\"L\u2019objectif de l\u2019accession de l\u2019Union des Comores a\u0300 l\u2019Organisation Mondiale du Commerce (OMC) a franchi, jeudi, une e\u0301ta ...\",\"breadcrumb\":{\"@id\":\"https:\/\/www.africa-press.net\/comores\/economie\/avec-le-soutien-du-maroc-lunion-des-comores-accede-a-lomc#breadcrumb\"},\"inLanguage\":\"fr-FR\",\"potentialAction\":[{\"@type\":\"ReadAction\",\"target\":[\"https:\/\/www.africa-press.net\/comores\/economie\/avec-le-soutien-du-maroc-lunion-des-comores-accede-a-lomc\"]}]},{\"@type\":\"ImageObject\",\"inLanguage\":\"fr-FR\",\"@id\":\"https:\/\/www.africa-press.net\/comores\/economie\/avec-le-soutien-du-maroc-lunion-des-comores-accede-a-lomc#primaryimage\",\"url\":\"https:\/\/static.africa-press.net\/centrafricaine\/sites\/48\/2023\/10\/sm_1696595021.058395.jpg\",\"contentUrl\":\"https:\/\/static.africa-press.net\/centrafricaine\/sites\/48\/2023\/10\/sm_1696595021.058395.jpg\",\"width\":800,\"height\":534,\"caption\":\"Avec le soutien du Maroc, l'Union des Comores acc\u00e8de \u00e0 l'OMC\"},{\"@type\":\"BreadcrumbList\",\"@id\":\"https:\/\/www.africa-press.net\/comores\/economie\/avec-le-soutien-du-maroc-lunion-des-comores-accede-a-lomc#breadcrumb\",\"itemListElement\":[{\"@type\":\"ListItem\",\"position\":1,\"name\":\"Accueil\",\"item\":\"https:\/\/www.africa-press.net\/comores\/\"},{\"@type\":\"ListItem\",\"position\":2,\"name\":\"Avec le soutien du Maroc, l&#8217;Union des Comores acc\u00e8de \u00e0 l&#8217;OMC\"}]},{\"@type\":\"WebSite\",\"@id\":\"https:\/\/www.africa-press.net\/comores\/#website\",\"url\":\"https:\/\/www.africa-press.net\/comores\/\",\"name\":\"Comores\",\"description\":\"Just another Africa News Agency Sites site\",\"potentialAction\":[{\"@type\":\"SearchAction\",\"target\":{\"@type\":\"EntryPoint\",\"urlTemplate\":\"https:\/\/www.africa-press.net\/comores\/?s={search_term_string}\"},\"query-input\":{\"@type\":\"PropertyValueSpecification\",\"valueRequired\":true,\"valueName\":\"search_term_string\"}}],\"inLanguage\":\"fr-FR\"},{\"@type\":\"Person\",\"@id\":\"https:\/\/www.africa-press.net\/comores\/#\/schema\/person\/2b1cf3cd81a31e3cd26889ca66d677f1\",\"name\":\"cfeditorfr\"}]}<\/script>\n<!-- \/ Yoast SEO Premium plugin. -->","yoast_head_json":{"title":"Avec le soutien du Maroc, l'Union des Comores acc\u00e8de \u00e0 l'OMC - Comores","description":"L\u2019objectif de l\u2019accession de l\u2019Union des Comores a\u0300 l\u2019Organisation Mondiale du Commerce (OMC) a franchi, jeudi, une e\u0301ta ...","robots":{"index":"index","follow":"follow","max-snippet":"max-snippet:-1","max-image-preview":"max-image-preview:large","max-video-preview":"max-video-preview:-1"},"canonical":"https:\/\/www.africa-press.net\/comores\/economie\/avec-le-soutien-du-maroc-lunion-des-comores-accede-a-lomc","og_locale":"fr_FR","og_type":"article","og_title":"Avec le soutien du Maroc, l'Union des Comores acc\u00e8de \u00e0 l'OMC","og_description":"L\u2019objectif de l\u2019accession de l\u2019Union des Comores a\u0300 l\u2019Organisation Mondiale du Commerce (OMC) a franchi, jeudi, une e\u0301ta ...","og_url":"https:\/\/www.africa-press.net\/comores\/economie\/avec-le-soutien-du-maroc-lunion-des-comores-accede-a-lomc","og_site_name":"Comores","article_published_time":"2023-10-06T15:45:40+00:00","article_modified_time":"2023-10-06T16:55:36+00:00","og_image":[{"width":800,"height":534,"url":"https:\/\/static.africa-press.net\/centrafricaine\/sites\/48\/2023\/10\/sm_1696595021.058395.jpg","type":"image\/jpeg"}],"author":"cfeditorfr","twitter_card":"summary_large_image","twitter_misc":{"\u00c9crit par":"cfeditorfr","Dur\u00e9e de lecture estim\u00e9e":"3 minutes"},"schema":{"@context":"https:\/\/schema.org","@graph":[{"@type":"Article","@id":"https:\/\/www.africa-press.net\/comores\/economie\/avec-le-soutien-du-maroc-lunion-des-comores-accede-a-lomc#article","isPartOf":{"@id":"https:\/\/www.africa-press.net\/comores\/economie\/avec-le-soutien-du-maroc-lunion-des-comores-accede-a-lomc"},"author":{"name":"cfeditorfr","@id":"https:\/\/www.africa-press.net\/comores\/#\/schema\/person\/2b1cf3cd81a31e3cd26889ca66d677f1"},"headline":"Avec le soutien du Maroc, l&rsquo;Union des Comores acc\u00e8de \u00e0 l&rsquo;OMC","datePublished":"2023-10-06T15:45:40+00:00","dateModified":"2023-10-06T16:55:36+00:00","mainEntityOfPage":{"@id":"https:\/\/www.africa-press.net\/comores\/economie\/avec-le-soutien-du-maroc-lunion-des-comores-accede-a-lomc"},"wordCount":571,"commentCount":0,"image":{"@id":"https:\/\/www.africa-press.net\/comores\/economie\/avec-le-soutien-du-maroc-lunion-des-comores-accede-a-lomc#primaryimage"},"thumbnailUrl":"https:\/\/static.africa-press.net\/centrafricaine\/sites\/48\/2023\/10\/sm_1696595021.058395.jpg","keywords":["Africa Press","Africa Press-Comores","Comores"],"articleSection":["\u00c9conomie","Top Nouvelles","Toutes les actualit\u00e9s"],"inLanguage":"fr-FR","potentialAction":[{"@type":"CommentAction","name":"Comment","target":["https:\/\/www.africa-press.net\/comores\/economie\/avec-le-soutien-du-maroc-lunion-des-comores-accede-a-lomc#respond"]}]},{"@type":"WebPage","@id":"https:\/\/www.africa-press.net\/comores\/economie\/avec-le-soutien-du-maroc-lunion-des-comores-accede-a-lomc","url":"https:\/\/www.africa-press.net\/comores\/economie\/avec-le-soutien-du-maroc-lunion-des-comores-accede-a-lomc","name":"Avec le soutien du Maroc, l'Union des Comores acc\u00e8de \u00e0 l'OMC - Comores","isPartOf":{"@id":"https:\/\/www.africa-press.net\/comores\/#website"},"primaryImageOfPage":{"@id":"https:\/\/www.africa-press.net\/comores\/economie\/avec-le-soutien-du-maroc-lunion-des-comores-accede-a-lomc#primaryimage"},"image":{"@id":"https:\/\/www.africa-press.net\/comores\/economie\/avec-le-soutien-du-maroc-lunion-des-comores-accede-a-lomc#primaryimage"},"thumbnailUrl":"https:\/\/static.africa-press.net\/centrafricaine\/sites\/48\/2023\/10\/sm_1696595021.058395.jpg","datePublished":"2023-10-06T15:45:40+00:00","dateModified":"2023-10-06T16:55:36+00:00","author":{"@id":"https:\/\/www.africa-press.net\/comores\/#\/schema\/person\/2b1cf3cd81a31e3cd26889ca66d677f1"},"description":"L\u2019objectif de l\u2019accession de l\u2019Union des Comores a\u0300 l\u2019Organisation Mondiale du Commerce (OMC) a franchi, jeudi, une e\u0301ta ...","breadcrumb":{"@id":"https:\/\/www.africa-press.net\/comores\/economie\/avec-le-soutien-du-maroc-lunion-des-comores-accede-a-lomc#breadcrumb"},"inLanguage":"fr-FR","potentialAction":[{"@type":"ReadAction","target":["https:\/\/www.africa-press.net\/comores\/economie\/avec-le-soutien-du-maroc-lunion-des-comores-accede-a-lomc"]}]},{"@type":"ImageObject","inLanguage":"fr-FR","@id":"https:\/\/www.africa-press.net\/comores\/economie\/avec-le-soutien-du-maroc-lunion-des-comores-accede-a-lomc#primaryimage","url":"https:\/\/static.africa-press.net\/centrafricaine\/sites\/48\/2023\/10\/sm_1696595021.058395.jpg","contentUrl":"https:\/\/static.africa-press.net\/centrafricaine\/sites\/48\/2023\/10\/sm_1696595021.058395.jpg","width":800,"height":534,"caption":"Avec le soutien du Maroc, l'Union des Comores acc\u00e8de \u00e0 l'OMC"},{"@type":"BreadcrumbList","@id":"https:\/\/www.africa-press.net\/comores\/economie\/avec-le-soutien-du-maroc-lunion-des-comores-accede-a-lomc#breadcrumb","itemListElement":[{"@type":"ListItem","position":1,"name":"Accueil","item":"https:\/\/www.africa-press.net\/comores\/"},{"@type":"ListItem","position":2,"name":"Avec le soutien du Maroc, l&#8217;Union des Comores acc\u00e8de \u00e0 l&#8217;OMC"}]},{"@type":"WebSite","@id":"https:\/\/www.africa-press.net\/comores\/#website","url":"https:\/\/www.africa-press.net\/comores\/","name":"Comores","description":"Just another Africa News Agency Sites site","potentialAction":[{"@type":"SearchAction","target":{"@type":"EntryPoint","urlTemplate":"https:\/\/www.africa-press.net\/comores\/?s={search_term_string}"},"query-input":{"@type":"PropertyValueSpecification","valueRequired":true,"valueName":"search_term_string"}}],"inLanguage":"fr-FR"},{"@type":"Person","@id":"https:\/\/www.africa-press.net\/comores\/#\/schema\/person\/2b1cf3cd81a31e3cd26889ca66d677f1","name":"cfeditorfr"}]}},"_links":{"self":[{"href":"https:\/\/www.africa-press.net\/comores\/wp-json\/wp\/v2\/posts\/12615","targetHints":{"allow":["GET"]}}],"collection":[{"href":"https:\/\/www.africa-press.net\/comores\/wp-json\/wp\/v2\/posts"}],"about":[{"href":"https:\/\/www.africa-press.net\/comores\/wp-json\/wp\/v2\/types\/post"}],"author":[{"embeddable":true,"href":"https:\/\/www.africa-press.net\/comores\/wp-json\/wp\/v2\/users\/82"}],"replies":[{"embeddable":true,"href":"https:\/\/www.africa-press.net\/comores\/wp-json\/wp\/v2\/comments?post=12615"}],"version-history":[{"count":0,"href":"https:\/\/www.africa-press.net\/comores\/wp-json\/wp\/v2\/posts\/12615\/revisions"}],"wp:featuredmedia":[{"embeddable":true,"href":"https:\/\/www.africa-press.net\/comores\/wp-json\/wp\/v2\/media\/12614"}],"wp:attachment":[{"href":"https:\/\/www.africa-press.net\/comores\/wp-json\/wp\/v2\/media?parent=12615"}],"wp:term":[{"taxonomy":"category","embeddable":true,"href":"https:\/\/www.africa-press.net\/comores\/wp-json\/wp\/v2\/categories?post=12615"},{"taxonomy":"post_tag","embeddable":true,"href":"https:\/\/www.africa-press.net\/comores\/wp-json\/wp\/v2\/tags?post=12615"}],"curies":[{"name":"wp","href":"https:\/\/api.w.org\/{rel}","templated":true}]}}