{"id":12686,"date":"2023-10-09T16:17:40","date_gmt":"2023-10-09T16:17:40","guid":{"rendered":"https:\/\/www.africa-press.net\/comores\/politique\/les-comores-et-lunion-europeenne-ont-tenu-leur-7eme-dialogue-politique"},"modified":"2023-10-09T18:30:59","modified_gmt":"2023-10-09T18:30:59","slug":"les-comores-et-lunion-europeenne-ont-tenu-leur-7eme-dialogue-politique","status":"publish","type":"post","link":"https:\/\/www.africa-press.net\/comores\/politique\/les-comores-et-lunion-europeenne-ont-tenu-leur-7eme-dialogue-politique","title":{"rendered":"Les Comores et l\u2019Union europ\u00e9enne ont tenu leur 7\u00e8me dialogue politique"},"content":{"rendered":"<p><span style=\"color: #ff6600\"><strong>Africa-Press &#8211; Comores. <\/strong><\/span><b>Dans un contexte particulier marque\u0301 par la prochaine e\u0301lection du Pre\u0301sident de l\u2019Union et des Gouverneurs des Iles, Moroni et Bruxelles ont tenu leur septie\u0300me re\u0301union du dialogue politique. Un point qui ne pouvait pas e\u0301chapper a\u0300 l\u2019ordre du jour compte tenu de la conjoncture politique du pays. Les deux parties appellent a\u0300 des e\u0301lections transparentes, fiables, inclusives et apaise\u0301es. <\/b><\/p>\n<p>La septie\u0300me re\u0301union du dialogue politique entre l\u2019Union des Comores et l\u2019Union europe\u0301enne (UE) a eu lieu vendredi dernier dans la salle de confe\u0301rence du ministe\u0300re des affaires e\u0301trange\u0300res. Un rendez-vous habituel qui permet aux deux parties de discuter autour de sujets d\u2019inte\u0301re\u0302t commun et de partenariat. Cette rencontre bipartite, qui s\u2019inscrit dans un esprit de partenariat, conforme\u0301ment a\u0300 l\u2019article 8 de l\u2019Accord de Cotonou sur la coope\u0301ration entre l\u2019UE et l\u2019organisation des Etats d\u2019Afrique Carai\u0308bes et Pacifique (ACP), a e\u0301te\u0301 l\u2019occasion d\u2019approfondir la compre\u0301hension mutuelle. Elle s\u2019est concre\u0301tise\u0301e par la signature prochaine d\u2019engagements financiers favorisant l\u2019e\u0301mergence des Comores et la mise en \u0153uvre du Plan Comores Emergent (PCE) 2030.<\/p>\n<p>Dans son allocution d\u2019ouverture, le ministre Dhoihir Dhoulkamal a rappele\u0301 que ces travaux \u00ab te\u0301moignent de la densite\u0301 et de la qualite\u0301 de la coope\u0301ration qui unit l\u2019Union des Comores et l\u2019Union Europe\u0301enne \u00bb. ainsi, poursuit-il, cette coope\u0301ration \u00ab puise sa force dans l\u2019engagement politique, maintes fois renouvele\u0301, d\u2019assurer une bonne gouvernance politique et e\u0301conomique dans les diffe\u0301rents domaines de de\u0301veloppement, plac\u0327ant ainsi, le peuple comorien au c\u0153ur de nos pre\u0301occupations \u00bb.<\/p>\n<p>Si les e\u0301changes entre les deux de\u0301le\u0301gations semblaient e\u0302tre fraternelles et conviviales, le chef de la diplomatie comorienne a pre\u0301cise\u0301, dans son discours que \u00ab cette rencontre annuelle [&#8230;] est l\u2019occasion pour nous, d\u2019appre\u0301cier les diffe\u0301rentes re\u0301alisations, enregistre\u0301es au cours des derniers mois, mais surtout, de mettre en perspective les actions prioritaires de notre coope\u0301ration \u00bb. Une remarque reprise par l\u2019ambassadrice et cheffe de la de\u0301le\u0301gation de l\u2019UE aupre\u0300s de la Re\u0301publique de Madagascar et de l\u2019Union des Comores, Mme Isabelle Delattre Burger. Selon elle, \u00ab Ce dialogue est un moment important de notre relation et illustre la qualite\u0301 et la solidite\u0301 de notre partenariat \u00bb.<\/p>\n<p>Si bien que les e\u0301changes portaient sur les actions de coope\u0301ration et de partenariat entre les deux parties, la question des prochaines e\u0301che\u0301ances e\u0301lectorales ne pouvait pas manquer a\u0300 l\u2019ordre du jour. \u00ab Les deux parties rappellent la plus grande importance qu\u2019elles attachent a\u0300 la tenue d\u2019e\u0301lections conformes aux normes internationales, c\u2019est-a\u0300-dire transparentes, fiables, inclusives et apaise\u0301es, en tant que base de la de\u0301mocratie et ciment de la paix et de la stabilite\u0301. Il s\u2019agit d\u2019un pre\u0301alable a\u0300 l\u2019atteinte des objectifs d\u2019e\u0301mergence du pays. L\u2019UE se tient pre\u0302te a\u0300 de\u0301ployer une mission d\u2019experts \u00bb, peut-on lire sur le communique\u0301 de presse conjoint.<\/p>\n<p>On rappelle qu\u2019en matie\u0300re de coope\u0301ration, c\u2019est au total 41 millions d\u2019euros qui sont engage\u0301s en seulement deux dans le cadre des programmes ambitieux dans les domaines de l\u2019agriculture et de l\u2019environnement, de la protection des femmes et des enfants, de la formation professionnelle et de la gestion des finances publiques, mais aussi pour encourager les investissements productifs de la diaspora ou encore faciliter le commerce.<\/p>\n<p><strong>Pour plus d&rsquo;informations et d&rsquo;analyses sur la <a href=\"https:\/\/www.africa-press.net\/comores\">Comores<\/a>, suivez <a href=\"https:\/\/www.africa-press.net\/\">Africa-Press<\/a><\/strong><\/p>\n","protected":false},"excerpt":{"rendered":"<p>Africa-Press &#8211; Comores. Dans un contexte particulier marque\u0301 par la prochaine e\u0301lection du Pre\u0301sident de l\u2019Union et des Gouverneurs des Iles, Moroni et Bruxelles ont tenu leur septie\u0300me re\u0301union du dialogue politique. Un point qui ne pouvait pas e\u0301chapper a\u0300 l\u2019ordre du jour compte tenu de la conjoncture politique du pays. Les deux parties appellent [&hellip;]<\/p>\n","protected":false},"author":82,"featured_media":12685,"comment_status":"open","ping_status":"closed","sticky":false,"template":"","format":"standard","meta":{"footnotes":""},"categories":[2,20,10],"tags":[36,53,45],"class_list":["post-12686","post","type-post","status-publish","format-standard","has-post-thumbnail","hentry","category-politique","category-top-nouvelles","category-toutes-les-actualites","tag-africa-press","tag-africa-press-comores","tag-comores"],"yoast_head":"<!-- This site is optimized with the Yoast SEO Premium plugin v26.1 (Yoast SEO v27.0) - https:\/\/yoast.com\/product\/yoast-seo-premium-wordpress\/ -->\n<title>Les Comores et l\u2019Union europ\u00e9enne ont tenu leur 7\u00e8me dialogue politique - Comores<\/title>\n<meta name=\"description\" content=\"Dans un contexte particulier marque\u0301 par la prochaine e\u0301lection du Pre\u0301sident de l\u2019Union et des Gouverneurs des Iles, ...\" \/>\n<meta name=\"robots\" content=\"index, follow, max-snippet:-1, max-image-preview:large, max-video-preview:-1\" \/>\n<link rel=\"canonical\" href=\"https:\/\/www.africa-press.net\/comores\/politique\/les-comores-et-lunion-europeenne-ont-tenu-leur-7eme-dialogue-politique\" \/>\n<meta property=\"og:locale\" content=\"fr_FR\" \/>\n<meta property=\"og:type\" content=\"article\" \/>\n<meta property=\"og:title\" content=\"Les Comores et l\u2019Union europ\u00e9enne ont tenu leur 7\u00e8me dialogue politique\" \/>\n<meta property=\"og:description\" content=\"Dans un contexte particulier marque\u0301 par la prochaine e\u0301lection du Pre\u0301sident de l\u2019Union et des Gouverneurs des Iles, ...\" \/>\n<meta property=\"og:url\" content=\"https:\/\/www.africa-press.net\/comores\/politique\/les-comores-et-lunion-europeenne-ont-tenu-leur-7eme-dialogue-politique\" \/>\n<meta property=\"og:site_name\" content=\"Comores\" \/>\n<meta property=\"article:published_time\" content=\"2023-10-09T16:17:40+00:00\" \/>\n<meta property=\"article:modified_time\" content=\"2023-10-09T18:30:59+00:00\" \/>\n<meta property=\"og:image\" content=\"https:\/\/static.africa-press.net\/centrafricaine\/sites\/48\/2023\/10\/sm_1696859839.978583.jpg\" \/>\n\t<meta property=\"og:image:width\" content=\"1280\" \/>\n\t<meta property=\"og:image:height\" content=\"960\" \/>\n\t<meta property=\"og:image:type\" content=\"image\/jpeg\" \/>\n<meta name=\"author\" content=\"cfeditorfr\" \/>\n<meta name=\"twitter:card\" content=\"summary_large_image\" \/>\n<meta name=\"twitter:label1\" content=\"\u00c9crit par\" \/>\n\t<meta name=\"twitter:data1\" content=\"cfeditorfr\" \/>\n\t<meta name=\"twitter:label2\" content=\"Dur\u00e9e de lecture estim\u00e9e\" \/>\n\t<meta name=\"twitter:data2\" content=\"3 minutes\" \/>\n<script type=\"application\/ld+json\" class=\"yoast-schema-graph\">{\"@context\":\"https:\/\/schema.org\",\"@graph\":[{\"@type\":\"Article\",\"@id\":\"https:\/\/www.africa-press.net\/comores\/politique\/les-comores-et-lunion-europeenne-ont-tenu-leur-7eme-dialogue-politique#article\",\"isPartOf\":{\"@id\":\"https:\/\/www.africa-press.net\/comores\/politique\/les-comores-et-lunion-europeenne-ont-tenu-leur-7eme-dialogue-politique\"},\"author\":{\"name\":\"cfeditorfr\",\"@id\":\"https:\/\/www.africa-press.net\/comores\/#\/schema\/person\/2b1cf3cd81a31e3cd26889ca66d677f1\"},\"headline\":\"Les Comores et l\u2019Union europ\u00e9enne ont tenu leur 7\u00e8me dialogue politique\",\"datePublished\":\"2023-10-09T16:17:40+00:00\",\"dateModified\":\"2023-10-09T18:30:59+00:00\",\"mainEntityOfPage\":{\"@id\":\"https:\/\/www.africa-press.net\/comores\/politique\/les-comores-et-lunion-europeenne-ont-tenu-leur-7eme-dialogue-politique\"},\"wordCount\":635,\"commentCount\":0,\"image\":{\"@id\":\"https:\/\/www.africa-press.net\/comores\/politique\/les-comores-et-lunion-europeenne-ont-tenu-leur-7eme-dialogue-politique#primaryimage\"},\"thumbnailUrl\":\"https:\/\/static.africa-press.net\/centrafricaine\/sites\/48\/2023\/10\/sm_1696859839.978583.jpg\",\"keywords\":[\"Africa Press\",\"Africa Press-Comores\",\"Comores\"],\"articleSection\":[\"Politique\",\"Top Nouvelles\",\"Toutes les actualit\u00e9s\"],\"inLanguage\":\"fr-FR\",\"potentialAction\":[{\"@type\":\"CommentAction\",\"name\":\"Comment\",\"target\":[\"https:\/\/www.africa-press.net\/comores\/politique\/les-comores-et-lunion-europeenne-ont-tenu-leur-7eme-dialogue-politique#respond\"]}]},{\"@type\":\"WebPage\",\"@id\":\"https:\/\/www.africa-press.net\/comores\/politique\/les-comores-et-lunion-europeenne-ont-tenu-leur-7eme-dialogue-politique\",\"url\":\"https:\/\/www.africa-press.net\/comores\/politique\/les-comores-et-lunion-europeenne-ont-tenu-leur-7eme-dialogue-politique\",\"name\":\"Les Comores et l\u2019Union europ\u00e9enne ont tenu leur 7\u00e8me dialogue politique - Comores\",\"isPartOf\":{\"@id\":\"https:\/\/www.africa-press.net\/comores\/#website\"},\"primaryImageOfPage\":{\"@id\":\"https:\/\/www.africa-press.net\/comores\/politique\/les-comores-et-lunion-europeenne-ont-tenu-leur-7eme-dialogue-politique#primaryimage\"},\"image\":{\"@id\":\"https:\/\/www.africa-press.net\/comores\/politique\/les-comores-et-lunion-europeenne-ont-tenu-leur-7eme-dialogue-politique#primaryimage\"},\"thumbnailUrl\":\"https:\/\/static.africa-press.net\/centrafricaine\/sites\/48\/2023\/10\/sm_1696859839.978583.jpg\",\"datePublished\":\"2023-10-09T16:17:40+00:00\",\"dateModified\":\"2023-10-09T18:30:59+00:00\",\"author\":{\"@id\":\"https:\/\/www.africa-press.net\/comores\/#\/schema\/person\/2b1cf3cd81a31e3cd26889ca66d677f1\"},\"description\":\"Dans un contexte particulier marque\u0301 par la prochaine e\u0301lection du Pre\u0301sident de l\u2019Union et des Gouverneurs des Iles, ...\",\"breadcrumb\":{\"@id\":\"https:\/\/www.africa-press.net\/comores\/politique\/les-comores-et-lunion-europeenne-ont-tenu-leur-7eme-dialogue-politique#breadcrumb\"},\"inLanguage\":\"fr-FR\",\"potentialAction\":[{\"@type\":\"ReadAction\",\"target\":[\"https:\/\/www.africa-press.net\/comores\/politique\/les-comores-et-lunion-europeenne-ont-tenu-leur-7eme-dialogue-politique\"]}]},{\"@type\":\"ImageObject\",\"inLanguage\":\"fr-FR\",\"@id\":\"https:\/\/www.africa-press.net\/comores\/politique\/les-comores-et-lunion-europeenne-ont-tenu-leur-7eme-dialogue-politique#primaryimage\",\"url\":\"https:\/\/static.africa-press.net\/centrafricaine\/sites\/48\/2023\/10\/sm_1696859839.978583.jpg\",\"contentUrl\":\"https:\/\/static.africa-press.net\/centrafricaine\/sites\/48\/2023\/10\/sm_1696859839.978583.jpg\",\"width\":1280,\"height\":960,\"caption\":\"Les Comores et l\u2019Union europ\u00e9enne ont tenu leur 7\u00e8me dialogue politique\"},{\"@type\":\"BreadcrumbList\",\"@id\":\"https:\/\/www.africa-press.net\/comores\/politique\/les-comores-et-lunion-europeenne-ont-tenu-leur-7eme-dialogue-politique#breadcrumb\",\"itemListElement\":[{\"@type\":\"ListItem\",\"position\":1,\"name\":\"Accueil\",\"item\":\"https:\/\/www.africa-press.net\/comores\/\"},{\"@type\":\"ListItem\",\"position\":2,\"name\":\"Les Comores et l\u2019Union europ\u00e9enne ont tenu leur 7\u00e8me dialogue politique\"}]},{\"@type\":\"WebSite\",\"@id\":\"https:\/\/www.africa-press.net\/comores\/#website\",\"url\":\"https:\/\/www.africa-press.net\/comores\/\",\"name\":\"Comores\",\"description\":\"Just another Africa News Agency Sites site\",\"potentialAction\":[{\"@type\":\"SearchAction\",\"target\":{\"@type\":\"EntryPoint\",\"urlTemplate\":\"https:\/\/www.africa-press.net\/comores\/?s={search_term_string}\"},\"query-input\":{\"@type\":\"PropertyValueSpecification\",\"valueRequired\":true,\"valueName\":\"search_term_string\"}}],\"inLanguage\":\"fr-FR\"},{\"@type\":\"Person\",\"@id\":\"https:\/\/www.africa-press.net\/comores\/#\/schema\/person\/2b1cf3cd81a31e3cd26889ca66d677f1\",\"name\":\"cfeditorfr\"}]}<\/script>\n<!-- \/ Yoast SEO Premium plugin. -->","yoast_head_json":{"title":"Les Comores et l\u2019Union europ\u00e9enne ont tenu leur 7\u00e8me dialogue politique - Comores","description":"Dans un contexte particulier marque\u0301 par la prochaine e\u0301lection du Pre\u0301sident de l\u2019Union et des Gouverneurs des Iles, ...","robots":{"index":"index","follow":"follow","max-snippet":"max-snippet:-1","max-image-preview":"max-image-preview:large","max-video-preview":"max-video-preview:-1"},"canonical":"https:\/\/www.africa-press.net\/comores\/politique\/les-comores-et-lunion-europeenne-ont-tenu-leur-7eme-dialogue-politique","og_locale":"fr_FR","og_type":"article","og_title":"Les Comores et l\u2019Union europ\u00e9enne ont tenu leur 7\u00e8me dialogue politique","og_description":"Dans un contexte particulier marque\u0301 par la prochaine e\u0301lection du Pre\u0301sident de l\u2019Union et des Gouverneurs des Iles, ...","og_url":"https:\/\/www.africa-press.net\/comores\/politique\/les-comores-et-lunion-europeenne-ont-tenu-leur-7eme-dialogue-politique","og_site_name":"Comores","article_published_time":"2023-10-09T16:17:40+00:00","article_modified_time":"2023-10-09T18:30:59+00:00","og_image":[{"width":1280,"height":960,"url":"https:\/\/static.africa-press.net\/centrafricaine\/sites\/48\/2023\/10\/sm_1696859839.978583.jpg","type":"image\/jpeg"}],"author":"cfeditorfr","twitter_card":"summary_large_image","twitter_misc":{"\u00c9crit par":"cfeditorfr","Dur\u00e9e de lecture estim\u00e9e":"3 minutes"},"schema":{"@context":"https:\/\/schema.org","@graph":[{"@type":"Article","@id":"https:\/\/www.africa-press.net\/comores\/politique\/les-comores-et-lunion-europeenne-ont-tenu-leur-7eme-dialogue-politique#article","isPartOf":{"@id":"https:\/\/www.africa-press.net\/comores\/politique\/les-comores-et-lunion-europeenne-ont-tenu-leur-7eme-dialogue-politique"},"author":{"name":"cfeditorfr","@id":"https:\/\/www.africa-press.net\/comores\/#\/schema\/person\/2b1cf3cd81a31e3cd26889ca66d677f1"},"headline":"Les Comores et l\u2019Union europ\u00e9enne ont tenu leur 7\u00e8me dialogue politique","datePublished":"2023-10-09T16:17:40+00:00","dateModified":"2023-10-09T18:30:59+00:00","mainEntityOfPage":{"@id":"https:\/\/www.africa-press.net\/comores\/politique\/les-comores-et-lunion-europeenne-ont-tenu-leur-7eme-dialogue-politique"},"wordCount":635,"commentCount":0,"image":{"@id":"https:\/\/www.africa-press.net\/comores\/politique\/les-comores-et-lunion-europeenne-ont-tenu-leur-7eme-dialogue-politique#primaryimage"},"thumbnailUrl":"https:\/\/static.africa-press.net\/centrafricaine\/sites\/48\/2023\/10\/sm_1696859839.978583.jpg","keywords":["Africa Press","Africa Press-Comores","Comores"],"articleSection":["Politique","Top Nouvelles","Toutes les actualit\u00e9s"],"inLanguage":"fr-FR","potentialAction":[{"@type":"CommentAction","name":"Comment","target":["https:\/\/www.africa-press.net\/comores\/politique\/les-comores-et-lunion-europeenne-ont-tenu-leur-7eme-dialogue-politique#respond"]}]},{"@type":"WebPage","@id":"https:\/\/www.africa-press.net\/comores\/politique\/les-comores-et-lunion-europeenne-ont-tenu-leur-7eme-dialogue-politique","url":"https:\/\/www.africa-press.net\/comores\/politique\/les-comores-et-lunion-europeenne-ont-tenu-leur-7eme-dialogue-politique","name":"Les Comores et l\u2019Union europ\u00e9enne ont tenu leur 7\u00e8me dialogue politique - Comores","isPartOf":{"@id":"https:\/\/www.africa-press.net\/comores\/#website"},"primaryImageOfPage":{"@id":"https:\/\/www.africa-press.net\/comores\/politique\/les-comores-et-lunion-europeenne-ont-tenu-leur-7eme-dialogue-politique#primaryimage"},"image":{"@id":"https:\/\/www.africa-press.net\/comores\/politique\/les-comores-et-lunion-europeenne-ont-tenu-leur-7eme-dialogue-politique#primaryimage"},"thumbnailUrl":"https:\/\/static.africa-press.net\/centrafricaine\/sites\/48\/2023\/10\/sm_1696859839.978583.jpg","datePublished":"2023-10-09T16:17:40+00:00","dateModified":"2023-10-09T18:30:59+00:00","author":{"@id":"https:\/\/www.africa-press.net\/comores\/#\/schema\/person\/2b1cf3cd81a31e3cd26889ca66d677f1"},"description":"Dans un contexte particulier marque\u0301 par la prochaine e\u0301lection du Pre\u0301sident de l\u2019Union et des Gouverneurs des Iles, ...","breadcrumb":{"@id":"https:\/\/www.africa-press.net\/comores\/politique\/les-comores-et-lunion-europeenne-ont-tenu-leur-7eme-dialogue-politique#breadcrumb"},"inLanguage":"fr-FR","potentialAction":[{"@type":"ReadAction","target":["https:\/\/www.africa-press.net\/comores\/politique\/les-comores-et-lunion-europeenne-ont-tenu-leur-7eme-dialogue-politique"]}]},{"@type":"ImageObject","inLanguage":"fr-FR","@id":"https:\/\/www.africa-press.net\/comores\/politique\/les-comores-et-lunion-europeenne-ont-tenu-leur-7eme-dialogue-politique#primaryimage","url":"https:\/\/static.africa-press.net\/centrafricaine\/sites\/48\/2023\/10\/sm_1696859839.978583.jpg","contentUrl":"https:\/\/static.africa-press.net\/centrafricaine\/sites\/48\/2023\/10\/sm_1696859839.978583.jpg","width":1280,"height":960,"caption":"Les Comores et l\u2019Union europ\u00e9enne ont tenu leur 7\u00e8me dialogue politique"},{"@type":"BreadcrumbList","@id":"https:\/\/www.africa-press.net\/comores\/politique\/les-comores-et-lunion-europeenne-ont-tenu-leur-7eme-dialogue-politique#breadcrumb","itemListElement":[{"@type":"ListItem","position":1,"name":"Accueil","item":"https:\/\/www.africa-press.net\/comores\/"},{"@type":"ListItem","position":2,"name":"Les Comores et l\u2019Union europ\u00e9enne ont tenu leur 7\u00e8me dialogue politique"}]},{"@type":"WebSite","@id":"https:\/\/www.africa-press.net\/comores\/#website","url":"https:\/\/www.africa-press.net\/comores\/","name":"Comores","description":"Just another Africa News Agency Sites site","potentialAction":[{"@type":"SearchAction","target":{"@type":"EntryPoint","urlTemplate":"https:\/\/www.africa-press.net\/comores\/?s={search_term_string}"},"query-input":{"@type":"PropertyValueSpecification","valueRequired":true,"valueName":"search_term_string"}}],"inLanguage":"fr-FR"},{"@type":"Person","@id":"https:\/\/www.africa-press.net\/comores\/#\/schema\/person\/2b1cf3cd81a31e3cd26889ca66d677f1","name":"cfeditorfr"}]}},"_links":{"self":[{"href":"https:\/\/www.africa-press.net\/comores\/wp-json\/wp\/v2\/posts\/12686","targetHints":{"allow":["GET"]}}],"collection":[{"href":"https:\/\/www.africa-press.net\/comores\/wp-json\/wp\/v2\/posts"}],"about":[{"href":"https:\/\/www.africa-press.net\/comores\/wp-json\/wp\/v2\/types\/post"}],"author":[{"embeddable":true,"href":"https:\/\/www.africa-press.net\/comores\/wp-json\/wp\/v2\/users\/82"}],"replies":[{"embeddable":true,"href":"https:\/\/www.africa-press.net\/comores\/wp-json\/wp\/v2\/comments?post=12686"}],"version-history":[{"count":0,"href":"https:\/\/www.africa-press.net\/comores\/wp-json\/wp\/v2\/posts\/12686\/revisions"}],"wp:featuredmedia":[{"embeddable":true,"href":"https:\/\/www.africa-press.net\/comores\/wp-json\/wp\/v2\/media\/12685"}],"wp:attachment":[{"href":"https:\/\/www.africa-press.net\/comores\/wp-json\/wp\/v2\/media?parent=12686"}],"wp:term":[{"taxonomy":"category","embeddable":true,"href":"https:\/\/www.africa-press.net\/comores\/wp-json\/wp\/v2\/categories?post=12686"},{"taxonomy":"post_tag","embeddable":true,"href":"https:\/\/www.africa-press.net\/comores\/wp-json\/wp\/v2\/tags?post=12686"}],"curies":[{"name":"wp","href":"https:\/\/api.w.org\/{rel}","templated":true}]}}