{"id":12688,"date":"2023-10-09T16:19:59","date_gmt":"2023-10-09T16:19:59","guid":{"rendered":"https:\/\/www.africa-press.net\/comores\/politique\/le-secteur-prive-en-seminaire"},"modified":"2023-10-09T18:31:53","modified_gmt":"2023-10-09T18:31:53","slug":"le-secteur-prive-en-seminaire","status":"publish","type":"post","link":"https:\/\/www.africa-press.net\/comores\/politique\/le-secteur-prive-en-seminaire","title":{"rendered":"Le secteur priv\u00e9 en s\u00e9minaire"},"content":{"rendered":"<p><span style=\"color: #ff6600\"><strong>Africa-Press &#8211; Comores. <\/strong><\/span><b>L\u2019Uccia a re\u0301uni le secteur prive\u0301 en se\u0301minaire sur le dialogue public-prive\u0301. Cet e\u0301ve\u0300nement avait pour but de partager les perspectives d\u2019avenir, de discuter des enjeux et de proposer des the\u0300mes qui sont d&rsquo;une importance cruciale pour le secteur prive\u0301 et les ope\u0301rateurs e\u0301conomiques. <\/b><\/p>\n<p>L\u2019Uccia a organise\u0301 samedi 7 octobre dernier a\u0300 Moroni le se\u0301minaire des acteurs du secteur prive\u0301 sur le dialogue public-prive\u0301. Cet e\u0301ve\u0300nement qui a rassemble\u0301 toutes les parties prenantes avait pour but de partager les perspectives d\u2019avenir, de discuter des enjeux et de proposer des the\u0300mes qui sont d&rsquo;une importance cruciale pour le secteur prive\u0301 et les ope\u0301rateurs e\u0301conomiques. Dans son allocution, le directeur re\u0301gional de la CCIA Ngazidja Hamidou Mhoma, a explique\u0301 que le dialogue public-prive\u0301 est un pilier fondamental de l\u2019e\u0301mergence de l\u2019Union des Comores. Il est conc\u0327u pour cre\u0301er un espace de collaboration essentiel entre les secteurs public et prive\u0301, permettant d&rsquo;identifier des opportunite\u0301s, de relever des de\u0301fis et de favoriser une croissance e\u0301conomique durable. \u00ab Votre pre\u0301sence ici aujourd&rsquo;hui est un te\u0301moignage de votre engagement envers le de\u0301veloppement de notre nation, et je tiens a\u0300 vous exprimer toute ma gratitude pour votre participation a\u0300 cet e\u0301ve\u0301nement crucial \u00bb, souligne-t-il.<\/p>\n<p>Interroge\u0301 par la presse, le secre\u0301taire ge\u0301ne\u0301ral de l\u2019UCCIA Djamil Boinali a pre\u0301cise\u0301 que ce se\u0301minaire est une suite logique de l\u2019accord du dialogue public-prive\u0301 signe\u0301 en aout 2020. Le re\u0301sultat attendu est de faire en sorte que le secteur prive\u0301 travaille en symbiose pour leurs inte\u0301re\u0302ts communs. \u00ab Nous voulons faire en sorte que le secteur prive\u0301 soit dans la me\u0302me vision, avoir une seule personne qui le repre\u0301sente, et de le pousser a\u0300 participer dans le forum du dialogue Public-Prive\u0301 pour l\u2019environnement des affaires, qui se tiendra en ce mois d\u2019octobre \u00bb, pre\u0301cise-t-il. C\u2019est aussi l\u2019occasion d\u2019entendre leur voix, comprendre leurs attentes et recueillir leurs propositions de the\u0300mes a\u0300 aborder au forum inaugural.<\/p>\n<p><strong>Pour plus d&rsquo;informations et d&rsquo;analyses sur la <a href=\"https:\/\/www.africa-press.net\/comores\">Comores<\/a>, suivez <a href=\"https:\/\/www.africa-press.net\/\">Africa-Press<\/a><\/strong><\/p>\n","protected":false},"excerpt":{"rendered":"<p>Africa-Press &#8211; Comores. L\u2019Uccia a re\u0301uni le secteur prive\u0301 en se\u0301minaire sur le dialogue public-prive\u0301. Cet e\u0301ve\u0300nement avait pour but de partager les perspectives d\u2019avenir, de discuter des enjeux et de proposer des the\u0300mes qui sont d&rsquo;une importance cruciale pour le secteur prive\u0301 et les ope\u0301rateurs e\u0301conomiques. L\u2019Uccia a organise\u0301 samedi 7 octobre dernier a\u0300 [&hellip;]<\/p>\n","protected":false},"author":82,"featured_media":12687,"comment_status":"open","ping_status":"closed","sticky":false,"template":"","format":"standard","meta":{"footnotes":""},"categories":[2,10],"tags":[36,53,45],"class_list":["post-12688","post","type-post","status-publish","format-standard","has-post-thumbnail","hentry","category-politique","category-toutes-les-actualites","tag-africa-press","tag-africa-press-comores","tag-comores"],"yoast_head":"<!-- This site is optimized with the Yoast SEO Premium plugin v26.1 (Yoast SEO v27.0) - https:\/\/yoast.com\/product\/yoast-seo-premium-wordpress\/ -->\n<title>Le secteur priv\u00e9 en s\u00e9minaire - Comores<\/title>\n<meta name=\"description\" content=\"L\u2019Uccia a re\u0301uni le secteur prive\u0301 en se\u0301minaire sur le dialogue public-prive\u0301. Cet e\u0301ve\u0300nement avait pour but de par ...\" \/>\n<meta name=\"robots\" content=\"index, follow, max-snippet:-1, max-image-preview:large, max-video-preview:-1\" \/>\n<link rel=\"canonical\" href=\"https:\/\/www.africa-press.net\/comores\/politique\/le-secteur-prive-en-seminaire\" \/>\n<meta property=\"og:locale\" content=\"fr_FR\" \/>\n<meta property=\"og:type\" content=\"article\" \/>\n<meta property=\"og:title\" content=\"Le secteur priv\u00e9 en s\u00e9minaire\" \/>\n<meta property=\"og:description\" content=\"L\u2019Uccia a re\u0301uni le secteur prive\u0301 en se\u0301minaire sur le dialogue public-prive\u0301. Cet e\u0301ve\u0300nement avait pour but de par ...\" \/>\n<meta property=\"og:url\" content=\"https:\/\/www.africa-press.net\/comores\/politique\/le-secteur-prive-en-seminaire\" \/>\n<meta property=\"og:site_name\" content=\"Comores\" \/>\n<meta property=\"article:published_time\" content=\"2023-10-09T16:19:59+00:00\" \/>\n<meta property=\"article:modified_time\" content=\"2023-10-09T18:31:53+00:00\" \/>\n<meta property=\"og:image\" content=\"https:\/\/static.africa-press.net\/centrafricaine\/sites\/48\/2023\/10\/sm_1696859913.715964.jpg\" \/>\n\t<meta property=\"og:image:width\" content=\"960\" \/>\n\t<meta property=\"og:image:height\" content=\"640\" \/>\n\t<meta property=\"og:image:type\" content=\"image\/jpeg\" \/>\n<meta name=\"author\" content=\"cfeditorfr\" \/>\n<meta name=\"twitter:card\" content=\"summary_large_image\" \/>\n<meta name=\"twitter:label1\" content=\"\u00c9crit par\" \/>\n\t<meta name=\"twitter:data1\" content=\"cfeditorfr\" \/>\n\t<meta name=\"twitter:label2\" content=\"Dur\u00e9e de lecture estim\u00e9e\" \/>\n\t<meta name=\"twitter:data2\" content=\"2 minutes\" \/>\n<script type=\"application\/ld+json\" class=\"yoast-schema-graph\">{\"@context\":\"https:\/\/schema.org\",\"@graph\":[{\"@type\":\"Article\",\"@id\":\"https:\/\/www.africa-press.net\/comores\/politique\/le-secteur-prive-en-seminaire#article\",\"isPartOf\":{\"@id\":\"https:\/\/www.africa-press.net\/comores\/politique\/le-secteur-prive-en-seminaire\"},\"author\":{\"name\":\"cfeditorfr\",\"@id\":\"https:\/\/www.africa-press.net\/comores\/#\/schema\/person\/2b1cf3cd81a31e3cd26889ca66d677f1\"},\"headline\":\"Le secteur priv\u00e9 en s\u00e9minaire\",\"datePublished\":\"2023-10-09T16:19:59+00:00\",\"dateModified\":\"2023-10-09T18:31:53+00:00\",\"mainEntityOfPage\":{\"@id\":\"https:\/\/www.africa-press.net\/comores\/politique\/le-secteur-prive-en-seminaire\"},\"wordCount\":381,\"commentCount\":0,\"image\":{\"@id\":\"https:\/\/www.africa-press.net\/comores\/politique\/le-secteur-prive-en-seminaire#primaryimage\"},\"thumbnailUrl\":\"https:\/\/static.africa-press.net\/centrafricaine\/sites\/48\/2023\/10\/sm_1696859913.715964.jpg\",\"keywords\":[\"Africa Press\",\"Africa Press-Comores\",\"Comores\"],\"articleSection\":[\"Politique\",\"Toutes les actualit\u00e9s\"],\"inLanguage\":\"fr-FR\",\"potentialAction\":[{\"@type\":\"CommentAction\",\"name\":\"Comment\",\"target\":[\"https:\/\/www.africa-press.net\/comores\/politique\/le-secteur-prive-en-seminaire#respond\"]}]},{\"@type\":\"WebPage\",\"@id\":\"https:\/\/www.africa-press.net\/comores\/politique\/le-secteur-prive-en-seminaire\",\"url\":\"https:\/\/www.africa-press.net\/comores\/politique\/le-secteur-prive-en-seminaire\",\"name\":\"Le secteur priv\u00e9 en s\u00e9minaire - Comores\",\"isPartOf\":{\"@id\":\"https:\/\/www.africa-press.net\/comores\/#website\"},\"primaryImageOfPage\":{\"@id\":\"https:\/\/www.africa-press.net\/comores\/politique\/le-secteur-prive-en-seminaire#primaryimage\"},\"image\":{\"@id\":\"https:\/\/www.africa-press.net\/comores\/politique\/le-secteur-prive-en-seminaire#primaryimage\"},\"thumbnailUrl\":\"https:\/\/static.africa-press.net\/centrafricaine\/sites\/48\/2023\/10\/sm_1696859913.715964.jpg\",\"datePublished\":\"2023-10-09T16:19:59+00:00\",\"dateModified\":\"2023-10-09T18:31:53+00:00\",\"author\":{\"@id\":\"https:\/\/www.africa-press.net\/comores\/#\/schema\/person\/2b1cf3cd81a31e3cd26889ca66d677f1\"},\"description\":\"L\u2019Uccia a re\u0301uni le secteur prive\u0301 en se\u0301minaire sur le dialogue public-prive\u0301. Cet e\u0301ve\u0300nement avait pour but de par ...\",\"breadcrumb\":{\"@id\":\"https:\/\/www.africa-press.net\/comores\/politique\/le-secteur-prive-en-seminaire#breadcrumb\"},\"inLanguage\":\"fr-FR\",\"potentialAction\":[{\"@type\":\"ReadAction\",\"target\":[\"https:\/\/www.africa-press.net\/comores\/politique\/le-secteur-prive-en-seminaire\"]}]},{\"@type\":\"ImageObject\",\"inLanguage\":\"fr-FR\",\"@id\":\"https:\/\/www.africa-press.net\/comores\/politique\/le-secteur-prive-en-seminaire#primaryimage\",\"url\":\"https:\/\/static.africa-press.net\/centrafricaine\/sites\/48\/2023\/10\/sm_1696859913.715964.jpg\",\"contentUrl\":\"https:\/\/static.africa-press.net\/centrafricaine\/sites\/48\/2023\/10\/sm_1696859913.715964.jpg\",\"width\":960,\"height\":640,\"caption\":\"Le secteur priv\u00e9 en s\u00e9minaire\"},{\"@type\":\"BreadcrumbList\",\"@id\":\"https:\/\/www.africa-press.net\/comores\/politique\/le-secteur-prive-en-seminaire#breadcrumb\",\"itemListElement\":[{\"@type\":\"ListItem\",\"position\":1,\"name\":\"Accueil\",\"item\":\"https:\/\/www.africa-press.net\/comores\/\"},{\"@type\":\"ListItem\",\"position\":2,\"name\":\"Le secteur priv\u00e9 en s\u00e9minaire\"}]},{\"@type\":\"WebSite\",\"@id\":\"https:\/\/www.africa-press.net\/comores\/#website\",\"url\":\"https:\/\/www.africa-press.net\/comores\/\",\"name\":\"Comores\",\"description\":\"Just another Africa News Agency Sites site\",\"potentialAction\":[{\"@type\":\"SearchAction\",\"target\":{\"@type\":\"EntryPoint\",\"urlTemplate\":\"https:\/\/www.africa-press.net\/comores\/?s={search_term_string}\"},\"query-input\":{\"@type\":\"PropertyValueSpecification\",\"valueRequired\":true,\"valueName\":\"search_term_string\"}}],\"inLanguage\":\"fr-FR\"},{\"@type\":\"Person\",\"@id\":\"https:\/\/www.africa-press.net\/comores\/#\/schema\/person\/2b1cf3cd81a31e3cd26889ca66d677f1\",\"name\":\"cfeditorfr\"}]}<\/script>\n<!-- \/ Yoast SEO Premium plugin. -->","yoast_head_json":{"title":"Le secteur priv\u00e9 en s\u00e9minaire - Comores","description":"L\u2019Uccia a re\u0301uni le secteur prive\u0301 en se\u0301minaire sur le dialogue public-prive\u0301. Cet e\u0301ve\u0300nement avait pour but de par ...","robots":{"index":"index","follow":"follow","max-snippet":"max-snippet:-1","max-image-preview":"max-image-preview:large","max-video-preview":"max-video-preview:-1"},"canonical":"https:\/\/www.africa-press.net\/comores\/politique\/le-secteur-prive-en-seminaire","og_locale":"fr_FR","og_type":"article","og_title":"Le secteur priv\u00e9 en s\u00e9minaire","og_description":"L\u2019Uccia a re\u0301uni le secteur prive\u0301 en se\u0301minaire sur le dialogue public-prive\u0301. Cet e\u0301ve\u0300nement avait pour but de par ...","og_url":"https:\/\/www.africa-press.net\/comores\/politique\/le-secteur-prive-en-seminaire","og_site_name":"Comores","article_published_time":"2023-10-09T16:19:59+00:00","article_modified_time":"2023-10-09T18:31:53+00:00","og_image":[{"width":960,"height":640,"url":"https:\/\/static.africa-press.net\/centrafricaine\/sites\/48\/2023\/10\/sm_1696859913.715964.jpg","type":"image\/jpeg"}],"author":"cfeditorfr","twitter_card":"summary_large_image","twitter_misc":{"\u00c9crit par":"cfeditorfr","Dur\u00e9e de lecture estim\u00e9e":"2 minutes"},"schema":{"@context":"https:\/\/schema.org","@graph":[{"@type":"Article","@id":"https:\/\/www.africa-press.net\/comores\/politique\/le-secteur-prive-en-seminaire#article","isPartOf":{"@id":"https:\/\/www.africa-press.net\/comores\/politique\/le-secteur-prive-en-seminaire"},"author":{"name":"cfeditorfr","@id":"https:\/\/www.africa-press.net\/comores\/#\/schema\/person\/2b1cf3cd81a31e3cd26889ca66d677f1"},"headline":"Le secteur priv\u00e9 en s\u00e9minaire","datePublished":"2023-10-09T16:19:59+00:00","dateModified":"2023-10-09T18:31:53+00:00","mainEntityOfPage":{"@id":"https:\/\/www.africa-press.net\/comores\/politique\/le-secteur-prive-en-seminaire"},"wordCount":381,"commentCount":0,"image":{"@id":"https:\/\/www.africa-press.net\/comores\/politique\/le-secteur-prive-en-seminaire#primaryimage"},"thumbnailUrl":"https:\/\/static.africa-press.net\/centrafricaine\/sites\/48\/2023\/10\/sm_1696859913.715964.jpg","keywords":["Africa Press","Africa Press-Comores","Comores"],"articleSection":["Politique","Toutes les actualit\u00e9s"],"inLanguage":"fr-FR","potentialAction":[{"@type":"CommentAction","name":"Comment","target":["https:\/\/www.africa-press.net\/comores\/politique\/le-secteur-prive-en-seminaire#respond"]}]},{"@type":"WebPage","@id":"https:\/\/www.africa-press.net\/comores\/politique\/le-secteur-prive-en-seminaire","url":"https:\/\/www.africa-press.net\/comores\/politique\/le-secteur-prive-en-seminaire","name":"Le secteur priv\u00e9 en s\u00e9minaire - Comores","isPartOf":{"@id":"https:\/\/www.africa-press.net\/comores\/#website"},"primaryImageOfPage":{"@id":"https:\/\/www.africa-press.net\/comores\/politique\/le-secteur-prive-en-seminaire#primaryimage"},"image":{"@id":"https:\/\/www.africa-press.net\/comores\/politique\/le-secteur-prive-en-seminaire#primaryimage"},"thumbnailUrl":"https:\/\/static.africa-press.net\/centrafricaine\/sites\/48\/2023\/10\/sm_1696859913.715964.jpg","datePublished":"2023-10-09T16:19:59+00:00","dateModified":"2023-10-09T18:31:53+00:00","author":{"@id":"https:\/\/www.africa-press.net\/comores\/#\/schema\/person\/2b1cf3cd81a31e3cd26889ca66d677f1"},"description":"L\u2019Uccia a re\u0301uni le secteur prive\u0301 en se\u0301minaire sur le dialogue public-prive\u0301. Cet e\u0301ve\u0300nement avait pour but de par ...","breadcrumb":{"@id":"https:\/\/www.africa-press.net\/comores\/politique\/le-secteur-prive-en-seminaire#breadcrumb"},"inLanguage":"fr-FR","potentialAction":[{"@type":"ReadAction","target":["https:\/\/www.africa-press.net\/comores\/politique\/le-secteur-prive-en-seminaire"]}]},{"@type":"ImageObject","inLanguage":"fr-FR","@id":"https:\/\/www.africa-press.net\/comores\/politique\/le-secteur-prive-en-seminaire#primaryimage","url":"https:\/\/static.africa-press.net\/centrafricaine\/sites\/48\/2023\/10\/sm_1696859913.715964.jpg","contentUrl":"https:\/\/static.africa-press.net\/centrafricaine\/sites\/48\/2023\/10\/sm_1696859913.715964.jpg","width":960,"height":640,"caption":"Le secteur priv\u00e9 en s\u00e9minaire"},{"@type":"BreadcrumbList","@id":"https:\/\/www.africa-press.net\/comores\/politique\/le-secteur-prive-en-seminaire#breadcrumb","itemListElement":[{"@type":"ListItem","position":1,"name":"Accueil","item":"https:\/\/www.africa-press.net\/comores\/"},{"@type":"ListItem","position":2,"name":"Le secteur priv\u00e9 en s\u00e9minaire"}]},{"@type":"WebSite","@id":"https:\/\/www.africa-press.net\/comores\/#website","url":"https:\/\/www.africa-press.net\/comores\/","name":"Comores","description":"Just another Africa News Agency Sites site","potentialAction":[{"@type":"SearchAction","target":{"@type":"EntryPoint","urlTemplate":"https:\/\/www.africa-press.net\/comores\/?s={search_term_string}"},"query-input":{"@type":"PropertyValueSpecification","valueRequired":true,"valueName":"search_term_string"}}],"inLanguage":"fr-FR"},{"@type":"Person","@id":"https:\/\/www.africa-press.net\/comores\/#\/schema\/person\/2b1cf3cd81a31e3cd26889ca66d677f1","name":"cfeditorfr"}]}},"_links":{"self":[{"href":"https:\/\/www.africa-press.net\/comores\/wp-json\/wp\/v2\/posts\/12688","targetHints":{"allow":["GET"]}}],"collection":[{"href":"https:\/\/www.africa-press.net\/comores\/wp-json\/wp\/v2\/posts"}],"about":[{"href":"https:\/\/www.africa-press.net\/comores\/wp-json\/wp\/v2\/types\/post"}],"author":[{"embeddable":true,"href":"https:\/\/www.africa-press.net\/comores\/wp-json\/wp\/v2\/users\/82"}],"replies":[{"embeddable":true,"href":"https:\/\/www.africa-press.net\/comores\/wp-json\/wp\/v2\/comments?post=12688"}],"version-history":[{"count":0,"href":"https:\/\/www.africa-press.net\/comores\/wp-json\/wp\/v2\/posts\/12688\/revisions"}],"wp:featuredmedia":[{"embeddable":true,"href":"https:\/\/www.africa-press.net\/comores\/wp-json\/wp\/v2\/media\/12687"}],"wp:attachment":[{"href":"https:\/\/www.africa-press.net\/comores\/wp-json\/wp\/v2\/media?parent=12688"}],"wp:term":[{"taxonomy":"category","embeddable":true,"href":"https:\/\/www.africa-press.net\/comores\/wp-json\/wp\/v2\/categories?post=12688"},{"taxonomy":"post_tag","embeddable":true,"href":"https:\/\/www.africa-press.net\/comores\/wp-json\/wp\/v2\/tags?post=12688"}],"curies":[{"name":"wp","href":"https:\/\/api.w.org\/{rel}","templated":true}]}}