{"id":12690,"date":"2023-10-09T16:00:31","date_gmt":"2023-10-09T16:00:31","guid":{"rendered":"https:\/\/www.africa-press.net\/comores\/politique\/revue-des-depenses-publiques-malgre-ces-chocs-notre-pays-fait-preuve-dune-resilience-continue"},"modified":"2023-10-09T18:32:41","modified_gmt":"2023-10-09T18:32:41","slug":"revue-des-depenses-publiques-malgre-ces-chocs-notre-pays-fait-preuve-dune-resilience-continue","status":"publish","type":"post","link":"https:\/\/www.africa-press.net\/comores\/economie\/revue-des-depenses-publiques-malgre-ces-chocs-notre-pays-fait-preuve-dune-resilience-continue","title":{"rendered":"Revue des d\u00e9penses publiques : \u00ab Malgr\u00e9 ces chocs, notre pays fait preuve d\u2019une r\u00e9silience continue \u00bb"},"content":{"rendered":"<p><span style=\"color: #ff6600\"><strong>Africa-Press &#8211; Comores. <\/strong><\/span><b>Le gouvernement comorien avec la Banque Mondiale ainsi que d\u2019autres partenaires, a tenu vendredi 6 octobre a\u0300 Moroni, un atelier de restitution des travaux de la premie\u0300re revue des de\u0301penses publiques de l\u2019Union des Comores de 2022, sous le the\u0300me \u00ab relever les de\u0301ficits budge\u0301taires pour re\u0301aliser une croissance inclusive \u00bb. C\u2019e\u0301tait l\u2019occasion de lancer la pre\u0301paration du deuxie\u0300me financement du programme d\u2019appui budge\u0301taire et de maintenir la dynamique de mise en \u0153uvre des re\u0301formes.<\/b><\/p>\n<p>\u00ab Ce the\u0300me est une the\u0301matique d\u2019actualite\u0301 a\u0300 un moment ou\u0300 le pays doit relever d\u2019importants de\u0301fis post Covid, les impacts lie\u0301s aux changements climatiques, les effets de la guerre en Ukraine. Malgre\u0301 ces chocs, notre pays fait preuve d\u2019une re\u0301silience continue, avec une dynamique du taux de croissance du Pib qui devrait atteindre plus 3% cette anne\u0301e, 3 ,5% en 2024 et plus de 4% en 2025. Le pays poursuit le processus de mise en \u0153uvre du PCE imprime\u0301 par le pre\u0301sident Azali Assoumani en 2019, renforce\u0301 par l\u2019approbation en juin 2023 d\u2019un programme de quatre ans avec le FMI et par la mise en place d\u2019un programme triennal de re\u0301formes avec la Banque mondiale pour soutenir les reformes structurantes axe\u0301es sur la gestion des financie\u0300re, la re\u0301silience aux chocs exoge\u0300nes et la gouvernement des entreprises publiques \u00bb, rappelle le ministre des finances Mze\u0301 Abdou Mohamed Chanfion.<\/p>\n<p>Selon l\u2019argentier de l\u2019Etat, la revue des de\u0301penses publiques s\u2019attache a\u0300 analyser les e\u0301le\u0301ments fondamentaux de la politique budge\u0301taire et de sa mise en \u0153uvre, en vue d\u2019ame\u0301liorer l\u2019efficacite\u0301 des de\u0301penses publiques et de cre\u0301er un espace budge\u0301taire, avec pour objectifs a\u0300 long terme d\u2019appuyer la prestation des services publics, d\u2019assurer la viabilite\u0301 budge\u0301taire et de parvenir a\u0300 une croissance inclusive. \u00ab Cela permet d\u2019e\u0301valuer les de\u0301penses publiques existantes afin d\u2019identifier les possibilite\u0301s de re\u0301duire ou de re\u0301orienter les de\u0301penses a\u0300 partir des de\u0301penses peu prioritaires, inefficaces \u00bb, explique-t-il.<\/p>\n<p>Et d\u2019enchai\u0302ner : \u00ab les de\u0301fis budge\u0301taires a\u0300 relever pour garantir son efficacite\u0301 repose sur : la mobilisation des recettes inte\u0301rieures, en vue de re\u0301duire la forte de\u0301pendance exte\u0301rieure ; l\u2019optimisation de la de\u0301pense publique, en vue d\u2019ame\u0301liorer la prestation des services publics ; la maitrise des risques budge\u0301taires des entreprises publiques par l\u2019ame\u0301lioration de leur performance, et enfin une meilleure gestion de la dette, en vue de contenir le risque de surendettement \u00bb.<\/p>\n<p>Le repre\u0301sentant de la Banque Mondiale montre a\u0300 son tour que le choix du the\u0300me a e\u0301te\u0301 oriente\u0301 par l\u2019ampleur des de\u0301fis auxquels font face l\u2019Union des Comores a\u0300 savoir une croissance e\u0301conomique mode\u0301re\u0301e de l\u2019ordre de 2,7% (2017-2020) et une e\u0301valuation limite\u0301e du produit inte\u0301rieur brut par te\u0302te (0,4% en 2017-2020) ; un espace budge\u0301taire limite\u0301 par le bas niveau des recettes budge\u0301taires de l\u2019Etat ; des de\u0301penses basses et inefficientes qui posent le de\u0301fi de la fourniture ade\u0301quate de service public, et des risques budge\u0301taires accrus du fait de la faiblesse des performances des entreprises publiques et le potentiel impact des changements climatiques, y compris des catastrophes naturelles. \u00ab Cette revue des de\u0301penses a donc pour objectif d\u2019accompagner dans ces efforts pour augmenter l\u2019espace budge\u0301taire, ame\u0301liorer l\u2019efficience des de\u0301penses publiques et limiter les risques budge\u0301taires. Ces objectifs sont atteints a\u0300 travers des analyses portant sur la mobilisation des recettes, de l\u2019efficience des de\u0301penses publiques pour atteindre les objectifs de de\u0301veloppement avec des focus sur les investissements publics et la sante\u0301, la gestion des entreprises publiques et la gestion des catastrophes naturelles \u00bb, indique Boubacar Walbani.<\/p>\n<p><strong>Pour plus d&rsquo;informations et d&rsquo;analyses sur la <a href=\"https:\/\/www.africa-press.net\/comores\">Comores<\/a>, suivez <a href=\"https:\/\/www.africa-press.net\/\">Africa-Press<\/a><\/strong><\/p>\n","protected":false},"excerpt":{"rendered":"<p>Africa-Press &#8211; Comores. Le gouvernement comorien avec la Banque Mondiale ainsi que d\u2019autres partenaires, a tenu vendredi 6 octobre a\u0300 Moroni, un atelier de restitution des travaux de la premie\u0300re revue des de\u0301penses publiques de l\u2019Union des Comores de 2022, sous le the\u0300me \u00ab relever les de\u0301ficits budge\u0301taires pour re\u0301aliser une croissance inclusive \u00bb. C\u2019e\u0301tait [&hellip;]<\/p>\n","protected":false},"author":82,"featured_media":12689,"comment_status":"open","ping_status":"closed","sticky":false,"template":"","format":"standard","meta":{"footnotes":""},"categories":[3,20,10],"tags":[36,53,45],"class_list":["post-12690","post","type-post","status-publish","format-standard","has-post-thumbnail","hentry","category-economie","category-top-nouvelles","category-toutes-les-actualites","tag-africa-press","tag-africa-press-comores","tag-comores"],"yoast_head":"<!-- This site is optimized with the Yoast SEO Premium plugin v26.1 (Yoast SEO v27.0) - https:\/\/yoast.com\/product\/yoast-seo-premium-wordpress\/ -->\n<title>Revue des d\u00e9penses publiques : \u00ab Malgr\u00e9 ces chocs, notre pays fait preuve d\u2019une r\u00e9silience continue \u00bb - Comores<\/title>\n<meta name=\"description\" content=\"Le gouvernement comorien avec la Banque Mondiale ainsi que d\u2019autres partenaires, a tenu vendredi 6 octobre a\u0300 Moroni, ...\" \/>\n<meta name=\"robots\" content=\"index, follow, max-snippet:-1, max-image-preview:large, max-video-preview:-1\" \/>\n<link rel=\"canonical\" href=\"https:\/\/www.africa-press.net\/comores\/economie\/revue-des-depenses-publiques-malgre-ces-chocs-notre-pays-fait-preuve-dune-resilience-continue\" \/>\n<meta property=\"og:locale\" content=\"fr_FR\" \/>\n<meta property=\"og:type\" content=\"article\" \/>\n<meta property=\"og:title\" content=\"Revue des d\u00e9penses publiques : \u00ab Malgr\u00e9 ces chocs, notre pays fait preuve d\u2019une r\u00e9silience continue \u00bb\" \/>\n<meta property=\"og:description\" content=\"Le gouvernement comorien avec la Banque Mondiale ainsi que d\u2019autres partenaires, a tenu vendredi 6 octobre a\u0300 Moroni, ...\" \/>\n<meta property=\"og:url\" content=\"https:\/\/www.africa-press.net\/comores\/economie\/revue-des-depenses-publiques-malgre-ces-chocs-notre-pays-fait-preuve-dune-resilience-continue\" \/>\n<meta property=\"og:site_name\" content=\"Comores\" \/>\n<meta property=\"article:published_time\" content=\"2023-10-09T16:00:31+00:00\" \/>\n<meta property=\"article:modified_time\" content=\"2023-10-09T18:32:41+00:00\" \/>\n<meta property=\"og:image\" content=\"https:\/\/static.africa-press.net\/centrafricaine\/sites\/48\/2023\/10\/sm_1696859971.018292.jpg\" \/>\n\t<meta property=\"og:image:width\" content=\"750\" \/>\n\t<meta property=\"og:image:height\" content=\"500\" \/>\n\t<meta property=\"og:image:type\" content=\"image\/jpeg\" \/>\n<meta name=\"author\" content=\"cfeditorfr\" \/>\n<meta name=\"twitter:card\" content=\"summary_large_image\" \/>\n<meta name=\"twitter:label1\" content=\"\u00c9crit par\" \/>\n\t<meta name=\"twitter:data1\" content=\"cfeditorfr\" \/>\n\t<meta name=\"twitter:label2\" content=\"Dur\u00e9e de lecture estim\u00e9e\" \/>\n\t<meta name=\"twitter:data2\" content=\"3 minutes\" \/>\n<script type=\"application\/ld+json\" class=\"yoast-schema-graph\">{\"@context\":\"https:\/\/schema.org\",\"@graph\":[{\"@type\":\"Article\",\"@id\":\"https:\/\/www.africa-press.net\/comores\/economie\/revue-des-depenses-publiques-malgre-ces-chocs-notre-pays-fait-preuve-dune-resilience-continue#article\",\"isPartOf\":{\"@id\":\"https:\/\/www.africa-press.net\/comores\/economie\/revue-des-depenses-publiques-malgre-ces-chocs-notre-pays-fait-preuve-dune-resilience-continue\"},\"author\":{\"name\":\"cfeditorfr\",\"@id\":\"https:\/\/www.africa-press.net\/comores\/#\/schema\/person\/2b1cf3cd81a31e3cd26889ca66d677f1\"},\"headline\":\"Revue des d\u00e9penses publiques : \u00ab Malgr\u00e9 ces chocs, notre pays fait preuve d\u2019une r\u00e9silience continue \u00bb\",\"datePublished\":\"2023-10-09T16:00:31+00:00\",\"dateModified\":\"2023-10-09T18:32:41+00:00\",\"mainEntityOfPage\":{\"@id\":\"https:\/\/www.africa-press.net\/comores\/economie\/revue-des-depenses-publiques-malgre-ces-chocs-notre-pays-fait-preuve-dune-resilience-continue\"},\"wordCount\":683,\"commentCount\":0,\"image\":{\"@id\":\"https:\/\/www.africa-press.net\/comores\/economie\/revue-des-depenses-publiques-malgre-ces-chocs-notre-pays-fait-preuve-dune-resilience-continue#primaryimage\"},\"thumbnailUrl\":\"https:\/\/static.africa-press.net\/centrafricaine\/sites\/48\/2023\/10\/sm_1696859971.018292.jpg\",\"keywords\":[\"Africa Press\",\"Africa Press-Comores\",\"Comores\"],\"articleSection\":[\"\u00c9conomie\",\"Top Nouvelles\",\"Toutes les actualit\u00e9s\"],\"inLanguage\":\"fr-FR\",\"potentialAction\":[{\"@type\":\"CommentAction\",\"name\":\"Comment\",\"target\":[\"https:\/\/www.africa-press.net\/comores\/economie\/revue-des-depenses-publiques-malgre-ces-chocs-notre-pays-fait-preuve-dune-resilience-continue#respond\"]}]},{\"@type\":\"WebPage\",\"@id\":\"https:\/\/www.africa-press.net\/comores\/economie\/revue-des-depenses-publiques-malgre-ces-chocs-notre-pays-fait-preuve-dune-resilience-continue\",\"url\":\"https:\/\/www.africa-press.net\/comores\/economie\/revue-des-depenses-publiques-malgre-ces-chocs-notre-pays-fait-preuve-dune-resilience-continue\",\"name\":\"Revue des d\u00e9penses publiques : \u00ab Malgr\u00e9 ces chocs, notre pays fait preuve d\u2019une r\u00e9silience continue \u00bb - Comores\",\"isPartOf\":{\"@id\":\"https:\/\/www.africa-press.net\/comores\/#website\"},\"primaryImageOfPage\":{\"@id\":\"https:\/\/www.africa-press.net\/comores\/economie\/revue-des-depenses-publiques-malgre-ces-chocs-notre-pays-fait-preuve-dune-resilience-continue#primaryimage\"},\"image\":{\"@id\":\"https:\/\/www.africa-press.net\/comores\/economie\/revue-des-depenses-publiques-malgre-ces-chocs-notre-pays-fait-preuve-dune-resilience-continue#primaryimage\"},\"thumbnailUrl\":\"https:\/\/static.africa-press.net\/centrafricaine\/sites\/48\/2023\/10\/sm_1696859971.018292.jpg\",\"datePublished\":\"2023-10-09T16:00:31+00:00\",\"dateModified\":\"2023-10-09T18:32:41+00:00\",\"author\":{\"@id\":\"https:\/\/www.africa-press.net\/comores\/#\/schema\/person\/2b1cf3cd81a31e3cd26889ca66d677f1\"},\"description\":\"Le gouvernement comorien avec la Banque Mondiale ainsi que d\u2019autres partenaires, a tenu vendredi 6 octobre a\u0300 Moroni, ...\",\"breadcrumb\":{\"@id\":\"https:\/\/www.africa-press.net\/comores\/economie\/revue-des-depenses-publiques-malgre-ces-chocs-notre-pays-fait-preuve-dune-resilience-continue#breadcrumb\"},\"inLanguage\":\"fr-FR\",\"potentialAction\":[{\"@type\":\"ReadAction\",\"target\":[\"https:\/\/www.africa-press.net\/comores\/economie\/revue-des-depenses-publiques-malgre-ces-chocs-notre-pays-fait-preuve-dune-resilience-continue\"]}]},{\"@type\":\"ImageObject\",\"inLanguage\":\"fr-FR\",\"@id\":\"https:\/\/www.africa-press.net\/comores\/economie\/revue-des-depenses-publiques-malgre-ces-chocs-notre-pays-fait-preuve-dune-resilience-continue#primaryimage\",\"url\":\"https:\/\/static.africa-press.net\/centrafricaine\/sites\/48\/2023\/10\/sm_1696859971.018292.jpg\",\"contentUrl\":\"https:\/\/static.africa-press.net\/centrafricaine\/sites\/48\/2023\/10\/sm_1696859971.018292.jpg\",\"width\":750,\"height\":500,\"caption\":\"Revue des d\u00e9penses publiques : \u00ab Malgr\u00e9 ces chocs, notre pays fait preuve d\u2019une r\u00e9silience continue \u00bb\"},{\"@type\":\"BreadcrumbList\",\"@id\":\"https:\/\/www.africa-press.net\/comores\/economie\/revue-des-depenses-publiques-malgre-ces-chocs-notre-pays-fait-preuve-dune-resilience-continue#breadcrumb\",\"itemListElement\":[{\"@type\":\"ListItem\",\"position\":1,\"name\":\"Accueil\",\"item\":\"https:\/\/www.africa-press.net\/comores\/\"},{\"@type\":\"ListItem\",\"position\":2,\"name\":\"Revue des d\u00e9penses publiques : \u00ab Malgr\u00e9 ces chocs, notre pays fait preuve d\u2019une r\u00e9silience continue \u00bb\"}]},{\"@type\":\"WebSite\",\"@id\":\"https:\/\/www.africa-press.net\/comores\/#website\",\"url\":\"https:\/\/www.africa-press.net\/comores\/\",\"name\":\"Comores\",\"description\":\"Just another Africa News Agency Sites site\",\"potentialAction\":[{\"@type\":\"SearchAction\",\"target\":{\"@type\":\"EntryPoint\",\"urlTemplate\":\"https:\/\/www.africa-press.net\/comores\/?s={search_term_string}\"},\"query-input\":{\"@type\":\"PropertyValueSpecification\",\"valueRequired\":true,\"valueName\":\"search_term_string\"}}],\"inLanguage\":\"fr-FR\"},{\"@type\":\"Person\",\"@id\":\"https:\/\/www.africa-press.net\/comores\/#\/schema\/person\/2b1cf3cd81a31e3cd26889ca66d677f1\",\"name\":\"cfeditorfr\"}]}<\/script>\n<!-- \/ Yoast SEO Premium plugin. -->","yoast_head_json":{"title":"Revue des d\u00e9penses publiques : \u00ab Malgr\u00e9 ces chocs, notre pays fait preuve d\u2019une r\u00e9silience continue \u00bb - Comores","description":"Le gouvernement comorien avec la Banque Mondiale ainsi que d\u2019autres partenaires, a tenu vendredi 6 octobre a\u0300 Moroni, ...","robots":{"index":"index","follow":"follow","max-snippet":"max-snippet:-1","max-image-preview":"max-image-preview:large","max-video-preview":"max-video-preview:-1"},"canonical":"https:\/\/www.africa-press.net\/comores\/economie\/revue-des-depenses-publiques-malgre-ces-chocs-notre-pays-fait-preuve-dune-resilience-continue","og_locale":"fr_FR","og_type":"article","og_title":"Revue des d\u00e9penses publiques : \u00ab Malgr\u00e9 ces chocs, notre pays fait preuve d\u2019une r\u00e9silience continue \u00bb","og_description":"Le gouvernement comorien avec la Banque Mondiale ainsi que d\u2019autres partenaires, a tenu vendredi 6 octobre a\u0300 Moroni, ...","og_url":"https:\/\/www.africa-press.net\/comores\/economie\/revue-des-depenses-publiques-malgre-ces-chocs-notre-pays-fait-preuve-dune-resilience-continue","og_site_name":"Comores","article_published_time":"2023-10-09T16:00:31+00:00","article_modified_time":"2023-10-09T18:32:41+00:00","og_image":[{"width":750,"height":500,"url":"https:\/\/static.africa-press.net\/centrafricaine\/sites\/48\/2023\/10\/sm_1696859971.018292.jpg","type":"image\/jpeg"}],"author":"cfeditorfr","twitter_card":"summary_large_image","twitter_misc":{"\u00c9crit par":"cfeditorfr","Dur\u00e9e de lecture estim\u00e9e":"3 minutes"},"schema":{"@context":"https:\/\/schema.org","@graph":[{"@type":"Article","@id":"https:\/\/www.africa-press.net\/comores\/economie\/revue-des-depenses-publiques-malgre-ces-chocs-notre-pays-fait-preuve-dune-resilience-continue#article","isPartOf":{"@id":"https:\/\/www.africa-press.net\/comores\/economie\/revue-des-depenses-publiques-malgre-ces-chocs-notre-pays-fait-preuve-dune-resilience-continue"},"author":{"name":"cfeditorfr","@id":"https:\/\/www.africa-press.net\/comores\/#\/schema\/person\/2b1cf3cd81a31e3cd26889ca66d677f1"},"headline":"Revue des d\u00e9penses publiques : \u00ab Malgr\u00e9 ces chocs, notre pays fait preuve d\u2019une r\u00e9silience continue \u00bb","datePublished":"2023-10-09T16:00:31+00:00","dateModified":"2023-10-09T18:32:41+00:00","mainEntityOfPage":{"@id":"https:\/\/www.africa-press.net\/comores\/economie\/revue-des-depenses-publiques-malgre-ces-chocs-notre-pays-fait-preuve-dune-resilience-continue"},"wordCount":683,"commentCount":0,"image":{"@id":"https:\/\/www.africa-press.net\/comores\/economie\/revue-des-depenses-publiques-malgre-ces-chocs-notre-pays-fait-preuve-dune-resilience-continue#primaryimage"},"thumbnailUrl":"https:\/\/static.africa-press.net\/centrafricaine\/sites\/48\/2023\/10\/sm_1696859971.018292.jpg","keywords":["Africa Press","Africa Press-Comores","Comores"],"articleSection":["\u00c9conomie","Top Nouvelles","Toutes les actualit\u00e9s"],"inLanguage":"fr-FR","potentialAction":[{"@type":"CommentAction","name":"Comment","target":["https:\/\/www.africa-press.net\/comores\/economie\/revue-des-depenses-publiques-malgre-ces-chocs-notre-pays-fait-preuve-dune-resilience-continue#respond"]}]},{"@type":"WebPage","@id":"https:\/\/www.africa-press.net\/comores\/economie\/revue-des-depenses-publiques-malgre-ces-chocs-notre-pays-fait-preuve-dune-resilience-continue","url":"https:\/\/www.africa-press.net\/comores\/economie\/revue-des-depenses-publiques-malgre-ces-chocs-notre-pays-fait-preuve-dune-resilience-continue","name":"Revue des d\u00e9penses publiques : \u00ab Malgr\u00e9 ces chocs, notre pays fait preuve d\u2019une r\u00e9silience continue \u00bb - Comores","isPartOf":{"@id":"https:\/\/www.africa-press.net\/comores\/#website"},"primaryImageOfPage":{"@id":"https:\/\/www.africa-press.net\/comores\/economie\/revue-des-depenses-publiques-malgre-ces-chocs-notre-pays-fait-preuve-dune-resilience-continue#primaryimage"},"image":{"@id":"https:\/\/www.africa-press.net\/comores\/economie\/revue-des-depenses-publiques-malgre-ces-chocs-notre-pays-fait-preuve-dune-resilience-continue#primaryimage"},"thumbnailUrl":"https:\/\/static.africa-press.net\/centrafricaine\/sites\/48\/2023\/10\/sm_1696859971.018292.jpg","datePublished":"2023-10-09T16:00:31+00:00","dateModified":"2023-10-09T18:32:41+00:00","author":{"@id":"https:\/\/www.africa-press.net\/comores\/#\/schema\/person\/2b1cf3cd81a31e3cd26889ca66d677f1"},"description":"Le gouvernement comorien avec la Banque Mondiale ainsi que d\u2019autres partenaires, a tenu vendredi 6 octobre a\u0300 Moroni, ...","breadcrumb":{"@id":"https:\/\/www.africa-press.net\/comores\/economie\/revue-des-depenses-publiques-malgre-ces-chocs-notre-pays-fait-preuve-dune-resilience-continue#breadcrumb"},"inLanguage":"fr-FR","potentialAction":[{"@type":"ReadAction","target":["https:\/\/www.africa-press.net\/comores\/economie\/revue-des-depenses-publiques-malgre-ces-chocs-notre-pays-fait-preuve-dune-resilience-continue"]}]},{"@type":"ImageObject","inLanguage":"fr-FR","@id":"https:\/\/www.africa-press.net\/comores\/economie\/revue-des-depenses-publiques-malgre-ces-chocs-notre-pays-fait-preuve-dune-resilience-continue#primaryimage","url":"https:\/\/static.africa-press.net\/centrafricaine\/sites\/48\/2023\/10\/sm_1696859971.018292.jpg","contentUrl":"https:\/\/static.africa-press.net\/centrafricaine\/sites\/48\/2023\/10\/sm_1696859971.018292.jpg","width":750,"height":500,"caption":"Revue des d\u00e9penses publiques : \u00ab Malgr\u00e9 ces chocs, notre pays fait preuve d\u2019une r\u00e9silience continue \u00bb"},{"@type":"BreadcrumbList","@id":"https:\/\/www.africa-press.net\/comores\/economie\/revue-des-depenses-publiques-malgre-ces-chocs-notre-pays-fait-preuve-dune-resilience-continue#breadcrumb","itemListElement":[{"@type":"ListItem","position":1,"name":"Accueil","item":"https:\/\/www.africa-press.net\/comores\/"},{"@type":"ListItem","position":2,"name":"Revue des d\u00e9penses publiques : \u00ab Malgr\u00e9 ces chocs, notre pays fait preuve d\u2019une r\u00e9silience continue \u00bb"}]},{"@type":"WebSite","@id":"https:\/\/www.africa-press.net\/comores\/#website","url":"https:\/\/www.africa-press.net\/comores\/","name":"Comores","description":"Just another Africa News Agency Sites site","potentialAction":[{"@type":"SearchAction","target":{"@type":"EntryPoint","urlTemplate":"https:\/\/www.africa-press.net\/comores\/?s={search_term_string}"},"query-input":{"@type":"PropertyValueSpecification","valueRequired":true,"valueName":"search_term_string"}}],"inLanguage":"fr-FR"},{"@type":"Person","@id":"https:\/\/www.africa-press.net\/comores\/#\/schema\/person\/2b1cf3cd81a31e3cd26889ca66d677f1","name":"cfeditorfr"}]}},"_links":{"self":[{"href":"https:\/\/www.africa-press.net\/comores\/wp-json\/wp\/v2\/posts\/12690","targetHints":{"allow":["GET"]}}],"collection":[{"href":"https:\/\/www.africa-press.net\/comores\/wp-json\/wp\/v2\/posts"}],"about":[{"href":"https:\/\/www.africa-press.net\/comores\/wp-json\/wp\/v2\/types\/post"}],"author":[{"embeddable":true,"href":"https:\/\/www.africa-press.net\/comores\/wp-json\/wp\/v2\/users\/82"}],"replies":[{"embeddable":true,"href":"https:\/\/www.africa-press.net\/comores\/wp-json\/wp\/v2\/comments?post=12690"}],"version-history":[{"count":0,"href":"https:\/\/www.africa-press.net\/comores\/wp-json\/wp\/v2\/posts\/12690\/revisions"}],"wp:featuredmedia":[{"embeddable":true,"href":"https:\/\/www.africa-press.net\/comores\/wp-json\/wp\/v2\/media\/12689"}],"wp:attachment":[{"href":"https:\/\/www.africa-press.net\/comores\/wp-json\/wp\/v2\/media?parent=12690"}],"wp:term":[{"taxonomy":"category","embeddable":true,"href":"https:\/\/www.africa-press.net\/comores\/wp-json\/wp\/v2\/categories?post=12690"},{"taxonomy":"post_tag","embeddable":true,"href":"https:\/\/www.africa-press.net\/comores\/wp-json\/wp\/v2\/tags?post=12690"}],"curies":[{"name":"wp","href":"https:\/\/api.w.org\/{rel}","templated":true}]}}