{"id":12696,"date":"2023-10-09T16:37:40","date_gmt":"2023-10-09T16:37:40","guid":{"rendered":"https:\/\/www.africa-press.net\/comores\/politique\/le-ministere-suspend-certaines-lecons-de-cm1-et-cm2"},"modified":"2023-10-09T18:34:41","modified_gmt":"2023-10-09T18:34:41","slug":"le-ministere-suspend-certaines-lecons-de-cm1-et-cm2","status":"publish","type":"post","link":"https:\/\/www.africa-press.net\/comores\/toutes-les-actualites\/le-ministere-suspend-certaines-lecons-de-cm1-et-cm2","title":{"rendered":"Le minist\u00e8re suspend certaines le\u00e7ons de CM1 et CM2"},"content":{"rendered":"<p><span style=\"color: #ff6600\"><strong>Africa-Press &#8211; Comores. <\/strong><\/span><b>Une note de service signe\u0301e par le secre\u0301taire ge\u0301ne\u0301ral adjoint du ministe\u0300re de l\u2019e\u0301ducation nationale, suspend certaines lec\u0327ons de sciences naturelles dans les d&rsquo;e\u0301tablissements scolaires publics et prive\u0301s. Cette initiative fait suite au lever de bouclier des oule\u0301mas qui fustigeaient des images choquantes contenues dans des manuels scolaires. <\/b><\/p>\n<p>Au final, les oule\u0301mas ont eu gain de cause. Le ministre de l&rsquo;e\u0301ducation nationale a tenu sa promesse faite aupre\u0300s d&rsquo;une de\u0301le\u0301gation d\u2019ule\u0301mas le 27 septembre dernier. Une note de service du secre\u0301tariat ge\u0301ne\u0301ral de ce ministe\u0300re portant suspension de certaines lec\u0327ons de sciences naturelles dans les e\u0301tablissements publics et prive\u0301s vient d\u2019e\u0302tre sortie vendredi dernier. Elle suspend certaines lec\u0327ons des classes de CM1 et CM2. \u00ab Apre\u0300s plusieurs e\u0301changes avec les repre\u0301sentants des Ule\u0301mas et ceux de la socie\u0301te\u0301 civile, le ministe\u0300re de l\u2019e\u0301ducation nationale a de\u0301cide\u0301 de suspendre certaines lec\u0327ons des deux manuels officiels de sciences naturelles et environnementales de CM1 et CM2, e\u0301dite\u0301s par le ministre de l&rsquo;e\u0301ducation nationale de l&rsquo;Union des Comores (2016), en attendant les conclusions des assises nationales pour la transformation de l\u2019e\u0301ducation qui seront tenues fin novembre de cette anne\u0301e \u00bb, peut-on on lire dans l&rsquo;article 1er.<\/p>\n<p>La note signe\u0301e le 6 octobre s\u2019adresse directement aux encadreurs pe\u0301dagogiques, au personnel administratif du MEN, aux chefs d&rsquo;e\u0301tablissements publics et prive\u0301s, aux enseignants, aux responsables pre\u0301fectoraux et municipaux et enfin aux parents et e\u0301le\u0300ves. Pour la classe de CM1, c\u2019est la lec\u0327on nume\u0301ro 20 \u00ab\u00a0de l&rsquo;enfance a\u0300 l&rsquo;adolescence\u00a0\u00bb pages 60 et 61 qui est concerne\u0301e. Pour la classe de CM2, c\u2019est la lec\u0327on nume\u0301ro 6 sur \u00ab les infections sexuellement transmissibles \u00bb page 28 et 29, la lec\u0327on nume\u0301ro 7 sur \u00ab les organes ge\u0301nitaux \u00bb page 30, 31 et 32; la lec\u0327on nume\u0301ro 9 sur \u00ab la fe\u0301condation \u00bb page 36 et 37 et enfin la lec\u0327on nume\u0301ro 11 sur \u00ab le SIDA\/VIH \u00bb page 44 et 45.<\/p>\n<p>Interroge\u0301 sur cette question, l\u2019intersyndicale des agents de l\u2019e\u0301ducation s\u2019aligne sur la position des Ule\u0301mas. \u00ab Dans u premier temps, nous ne savions pas le contenu de ces lec\u0327ons. Mais quand, on a vu le contenu et les photos, on s\u2019est dit qu\u2019on ne peut pas accepter que des enfants de 8 a\u0300 9 ans apprennent ce genre de choses \u00bb, avance Moussa Mfoungouliye, le secre\u0301taire ge\u0301ne\u0301ral de l\u2019intersyndicale. Et d\u2019ajouter : \u00ab A notre e\u0301poque, ces lec\u0327ons, on les apprenait en classe de 4e et 3e mais pas a\u0300 des gamins de CM1 \u00bb.<\/p>\n<p><strong>Pour plus d&rsquo;informations et d&rsquo;analyses sur la <a href=\"https:\/\/www.africa-press.net\/comores\">Comores<\/a>, suivez <a href=\"https:\/\/www.africa-press.net\/\">Africa-Press<\/a><\/strong><\/p>\n","protected":false},"excerpt":{"rendered":"<p>Africa-Press &#8211; Comores. Une note de service signe\u0301e par le secre\u0301taire ge\u0301ne\u0301ral adjoint du ministe\u0300re de l\u2019e\u0301ducation nationale, suspend certaines lec\u0327ons de sciences naturelles dans les d&rsquo;e\u0301tablissements scolaires publics et prive\u0301s. Cette initiative fait suite au lever de bouclier des oule\u0301mas qui fustigeaient des images choquantes contenues dans des manuels scolaires. Au final, les oule\u0301mas [&hellip;]<\/p>\n","protected":false},"author":82,"featured_media":12695,"comment_status":"open","ping_status":"closed","sticky":false,"template":"","format":"standard","meta":{"footnotes":""},"categories":[21,10],"tags":[36,53,45],"class_list":["post-12696","post","type-post","status-publish","format-standard","has-post-thumbnail","hentry","category-communaute","category-toutes-les-actualites","tag-africa-press","tag-africa-press-comores","tag-comores"],"yoast_head":"<!-- This site is optimized with the Yoast SEO Premium plugin v26.1 (Yoast SEO v27.0) - https:\/\/yoast.com\/product\/yoast-seo-premium-wordpress\/ -->\n<title>Le minist\u00e8re suspend certaines le\u00e7ons de CM1 et CM2 - Comores<\/title>\n<meta name=\"description\" content=\"Une note de service signe\u0301e par le secre\u0301taire ge\u0301ne\u0301ral adjoint du ministe\u0300re de l\u2019e\u0301ducation nationale, suspend cer ...\" \/>\n<meta name=\"robots\" content=\"index, follow, max-snippet:-1, max-image-preview:large, max-video-preview:-1\" \/>\n<link rel=\"canonical\" href=\"https:\/\/www.africa-press.net\/comores\/toutes-les-actualites\/le-ministere-suspend-certaines-lecons-de-cm1-et-cm2\" \/>\n<meta property=\"og:locale\" content=\"fr_FR\" \/>\n<meta property=\"og:type\" content=\"article\" \/>\n<meta property=\"og:title\" content=\"Le minist\u00e8re suspend certaines le\u00e7ons de CM1 et CM2\" \/>\n<meta property=\"og:description\" content=\"Une note de service signe\u0301e par le secre\u0301taire ge\u0301ne\u0301ral adjoint du ministe\u0300re de l\u2019e\u0301ducation nationale, suspend cer ...\" \/>\n<meta property=\"og:url\" content=\"https:\/\/www.africa-press.net\/comores\/toutes-les-actualites\/le-ministere-suspend-certaines-lecons-de-cm1-et-cm2\" \/>\n<meta property=\"og:site_name\" content=\"Comores\" \/>\n<meta property=\"article:published_time\" content=\"2023-10-09T16:37:40+00:00\" \/>\n<meta property=\"article:modified_time\" content=\"2023-10-09T18:34:41+00:00\" \/>\n<meta property=\"og:image\" content=\"https:\/\/static.africa-press.net\/centrafricaine\/sites\/48\/2023\/10\/sm_1696860117.026585.jpg\" \/>\n\t<meta property=\"og:image:width\" content=\"1280\" \/>\n\t<meta property=\"og:image:height\" content=\"720\" \/>\n\t<meta property=\"og:image:type\" content=\"image\/jpeg\" \/>\n<meta name=\"author\" content=\"cfeditorfr\" \/>\n<meta name=\"twitter:card\" content=\"summary_large_image\" \/>\n<meta name=\"twitter:label1\" content=\"\u00c9crit par\" \/>\n\t<meta name=\"twitter:data1\" content=\"cfeditorfr\" \/>\n\t<meta name=\"twitter:label2\" content=\"Dur\u00e9e de lecture estim\u00e9e\" \/>\n\t<meta name=\"twitter:data2\" content=\"2 minutes\" \/>\n<script type=\"application\/ld+json\" class=\"yoast-schema-graph\">{\"@context\":\"https:\/\/schema.org\",\"@graph\":[{\"@type\":\"Article\",\"@id\":\"https:\/\/www.africa-press.net\/comores\/toutes-les-actualites\/le-ministere-suspend-certaines-lecons-de-cm1-et-cm2#article\",\"isPartOf\":{\"@id\":\"https:\/\/www.africa-press.net\/comores\/toutes-les-actualites\/le-ministere-suspend-certaines-lecons-de-cm1-et-cm2\"},\"author\":{\"name\":\"cfeditorfr\",\"@id\":\"https:\/\/www.africa-press.net\/comores\/#\/schema\/person\/2b1cf3cd81a31e3cd26889ca66d677f1\"},\"headline\":\"Le minist\u00e8re suspend certaines le\u00e7ons de CM1 et CM2\",\"datePublished\":\"2023-10-09T16:37:40+00:00\",\"dateModified\":\"2023-10-09T18:34:41+00:00\",\"mainEntityOfPage\":{\"@id\":\"https:\/\/www.africa-press.net\/comores\/toutes-les-actualites\/le-ministere-suspend-certaines-lecons-de-cm1-et-cm2\"},\"wordCount\":489,\"commentCount\":0,\"image\":{\"@id\":\"https:\/\/www.africa-press.net\/comores\/toutes-les-actualites\/le-ministere-suspend-certaines-lecons-de-cm1-et-cm2#primaryimage\"},\"thumbnailUrl\":\"https:\/\/static.africa-press.net\/centrafricaine\/sites\/48\/2023\/10\/sm_1696860117.026585.jpg\",\"keywords\":[\"Africa Press\",\"Africa Press-Comores\",\"Comores\"],\"articleSection\":[\"Communaut\u00e9\",\"Toutes les actualit\u00e9s\"],\"inLanguage\":\"fr-FR\",\"potentialAction\":[{\"@type\":\"CommentAction\",\"name\":\"Comment\",\"target\":[\"https:\/\/www.africa-press.net\/comores\/toutes-les-actualites\/le-ministere-suspend-certaines-lecons-de-cm1-et-cm2#respond\"]}]},{\"@type\":\"WebPage\",\"@id\":\"https:\/\/www.africa-press.net\/comores\/toutes-les-actualites\/le-ministere-suspend-certaines-lecons-de-cm1-et-cm2\",\"url\":\"https:\/\/www.africa-press.net\/comores\/toutes-les-actualites\/le-ministere-suspend-certaines-lecons-de-cm1-et-cm2\",\"name\":\"Le minist\u00e8re suspend certaines le\u00e7ons de CM1 et CM2 - Comores\",\"isPartOf\":{\"@id\":\"https:\/\/www.africa-press.net\/comores\/#website\"},\"primaryImageOfPage\":{\"@id\":\"https:\/\/www.africa-press.net\/comores\/toutes-les-actualites\/le-ministere-suspend-certaines-lecons-de-cm1-et-cm2#primaryimage\"},\"image\":{\"@id\":\"https:\/\/www.africa-press.net\/comores\/toutes-les-actualites\/le-ministere-suspend-certaines-lecons-de-cm1-et-cm2#primaryimage\"},\"thumbnailUrl\":\"https:\/\/static.africa-press.net\/centrafricaine\/sites\/48\/2023\/10\/sm_1696860117.026585.jpg\",\"datePublished\":\"2023-10-09T16:37:40+00:00\",\"dateModified\":\"2023-10-09T18:34:41+00:00\",\"author\":{\"@id\":\"https:\/\/www.africa-press.net\/comores\/#\/schema\/person\/2b1cf3cd81a31e3cd26889ca66d677f1\"},\"description\":\"Une note de service signe\u0301e par le secre\u0301taire ge\u0301ne\u0301ral adjoint du ministe\u0300re de l\u2019e\u0301ducation nationale, suspend cer ...\",\"breadcrumb\":{\"@id\":\"https:\/\/www.africa-press.net\/comores\/toutes-les-actualites\/le-ministere-suspend-certaines-lecons-de-cm1-et-cm2#breadcrumb\"},\"inLanguage\":\"fr-FR\",\"potentialAction\":[{\"@type\":\"ReadAction\",\"target\":[\"https:\/\/www.africa-press.net\/comores\/toutes-les-actualites\/le-ministere-suspend-certaines-lecons-de-cm1-et-cm2\"]}]},{\"@type\":\"ImageObject\",\"inLanguage\":\"fr-FR\",\"@id\":\"https:\/\/www.africa-press.net\/comores\/toutes-les-actualites\/le-ministere-suspend-certaines-lecons-de-cm1-et-cm2#primaryimage\",\"url\":\"https:\/\/static.africa-press.net\/centrafricaine\/sites\/48\/2023\/10\/sm_1696860117.026585.jpg\",\"contentUrl\":\"https:\/\/static.africa-press.net\/centrafricaine\/sites\/48\/2023\/10\/sm_1696860117.026585.jpg\",\"width\":1280,\"height\":720,\"caption\":\"Le minist\u00e8re suspend certaines le\u00e7ons de CM1 et CM2\"},{\"@type\":\"BreadcrumbList\",\"@id\":\"https:\/\/www.africa-press.net\/comores\/toutes-les-actualites\/le-ministere-suspend-certaines-lecons-de-cm1-et-cm2#breadcrumb\",\"itemListElement\":[{\"@type\":\"ListItem\",\"position\":1,\"name\":\"Accueil\",\"item\":\"https:\/\/www.africa-press.net\/comores\/\"},{\"@type\":\"ListItem\",\"position\":2,\"name\":\"Le minist\u00e8re suspend certaines le\u00e7ons de CM1 et CM2\"}]},{\"@type\":\"WebSite\",\"@id\":\"https:\/\/www.africa-press.net\/comores\/#website\",\"url\":\"https:\/\/www.africa-press.net\/comores\/\",\"name\":\"Comores\",\"description\":\"Just another Africa News Agency Sites site\",\"potentialAction\":[{\"@type\":\"SearchAction\",\"target\":{\"@type\":\"EntryPoint\",\"urlTemplate\":\"https:\/\/www.africa-press.net\/comores\/?s={search_term_string}\"},\"query-input\":{\"@type\":\"PropertyValueSpecification\",\"valueRequired\":true,\"valueName\":\"search_term_string\"}}],\"inLanguage\":\"fr-FR\"},{\"@type\":\"Person\",\"@id\":\"https:\/\/www.africa-press.net\/comores\/#\/schema\/person\/2b1cf3cd81a31e3cd26889ca66d677f1\",\"name\":\"cfeditorfr\"}]}<\/script>\n<!-- \/ Yoast SEO Premium plugin. -->","yoast_head_json":{"title":"Le minist\u00e8re suspend certaines le\u00e7ons de CM1 et CM2 - Comores","description":"Une note de service signe\u0301e par le secre\u0301taire ge\u0301ne\u0301ral adjoint du ministe\u0300re de l\u2019e\u0301ducation nationale, suspend cer ...","robots":{"index":"index","follow":"follow","max-snippet":"max-snippet:-1","max-image-preview":"max-image-preview:large","max-video-preview":"max-video-preview:-1"},"canonical":"https:\/\/www.africa-press.net\/comores\/toutes-les-actualites\/le-ministere-suspend-certaines-lecons-de-cm1-et-cm2","og_locale":"fr_FR","og_type":"article","og_title":"Le minist\u00e8re suspend certaines le\u00e7ons de CM1 et CM2","og_description":"Une note de service signe\u0301e par le secre\u0301taire ge\u0301ne\u0301ral adjoint du ministe\u0300re de l\u2019e\u0301ducation nationale, suspend cer ...","og_url":"https:\/\/www.africa-press.net\/comores\/toutes-les-actualites\/le-ministere-suspend-certaines-lecons-de-cm1-et-cm2","og_site_name":"Comores","article_published_time":"2023-10-09T16:37:40+00:00","article_modified_time":"2023-10-09T18:34:41+00:00","og_image":[{"width":1280,"height":720,"url":"https:\/\/static.africa-press.net\/centrafricaine\/sites\/48\/2023\/10\/sm_1696860117.026585.jpg","type":"image\/jpeg"}],"author":"cfeditorfr","twitter_card":"summary_large_image","twitter_misc":{"\u00c9crit par":"cfeditorfr","Dur\u00e9e de lecture estim\u00e9e":"2 minutes"},"schema":{"@context":"https:\/\/schema.org","@graph":[{"@type":"Article","@id":"https:\/\/www.africa-press.net\/comores\/toutes-les-actualites\/le-ministere-suspend-certaines-lecons-de-cm1-et-cm2#article","isPartOf":{"@id":"https:\/\/www.africa-press.net\/comores\/toutes-les-actualites\/le-ministere-suspend-certaines-lecons-de-cm1-et-cm2"},"author":{"name":"cfeditorfr","@id":"https:\/\/www.africa-press.net\/comores\/#\/schema\/person\/2b1cf3cd81a31e3cd26889ca66d677f1"},"headline":"Le minist\u00e8re suspend certaines le\u00e7ons de CM1 et CM2","datePublished":"2023-10-09T16:37:40+00:00","dateModified":"2023-10-09T18:34:41+00:00","mainEntityOfPage":{"@id":"https:\/\/www.africa-press.net\/comores\/toutes-les-actualites\/le-ministere-suspend-certaines-lecons-de-cm1-et-cm2"},"wordCount":489,"commentCount":0,"image":{"@id":"https:\/\/www.africa-press.net\/comores\/toutes-les-actualites\/le-ministere-suspend-certaines-lecons-de-cm1-et-cm2#primaryimage"},"thumbnailUrl":"https:\/\/static.africa-press.net\/centrafricaine\/sites\/48\/2023\/10\/sm_1696860117.026585.jpg","keywords":["Africa Press","Africa Press-Comores","Comores"],"articleSection":["Communaut\u00e9","Toutes les actualit\u00e9s"],"inLanguage":"fr-FR","potentialAction":[{"@type":"CommentAction","name":"Comment","target":["https:\/\/www.africa-press.net\/comores\/toutes-les-actualites\/le-ministere-suspend-certaines-lecons-de-cm1-et-cm2#respond"]}]},{"@type":"WebPage","@id":"https:\/\/www.africa-press.net\/comores\/toutes-les-actualites\/le-ministere-suspend-certaines-lecons-de-cm1-et-cm2","url":"https:\/\/www.africa-press.net\/comores\/toutes-les-actualites\/le-ministere-suspend-certaines-lecons-de-cm1-et-cm2","name":"Le minist\u00e8re suspend certaines le\u00e7ons de CM1 et CM2 - Comores","isPartOf":{"@id":"https:\/\/www.africa-press.net\/comores\/#website"},"primaryImageOfPage":{"@id":"https:\/\/www.africa-press.net\/comores\/toutes-les-actualites\/le-ministere-suspend-certaines-lecons-de-cm1-et-cm2#primaryimage"},"image":{"@id":"https:\/\/www.africa-press.net\/comores\/toutes-les-actualites\/le-ministere-suspend-certaines-lecons-de-cm1-et-cm2#primaryimage"},"thumbnailUrl":"https:\/\/static.africa-press.net\/centrafricaine\/sites\/48\/2023\/10\/sm_1696860117.026585.jpg","datePublished":"2023-10-09T16:37:40+00:00","dateModified":"2023-10-09T18:34:41+00:00","author":{"@id":"https:\/\/www.africa-press.net\/comores\/#\/schema\/person\/2b1cf3cd81a31e3cd26889ca66d677f1"},"description":"Une note de service signe\u0301e par le secre\u0301taire ge\u0301ne\u0301ral adjoint du ministe\u0300re de l\u2019e\u0301ducation nationale, suspend cer ...","breadcrumb":{"@id":"https:\/\/www.africa-press.net\/comores\/toutes-les-actualites\/le-ministere-suspend-certaines-lecons-de-cm1-et-cm2#breadcrumb"},"inLanguage":"fr-FR","potentialAction":[{"@type":"ReadAction","target":["https:\/\/www.africa-press.net\/comores\/toutes-les-actualites\/le-ministere-suspend-certaines-lecons-de-cm1-et-cm2"]}]},{"@type":"ImageObject","inLanguage":"fr-FR","@id":"https:\/\/www.africa-press.net\/comores\/toutes-les-actualites\/le-ministere-suspend-certaines-lecons-de-cm1-et-cm2#primaryimage","url":"https:\/\/static.africa-press.net\/centrafricaine\/sites\/48\/2023\/10\/sm_1696860117.026585.jpg","contentUrl":"https:\/\/static.africa-press.net\/centrafricaine\/sites\/48\/2023\/10\/sm_1696860117.026585.jpg","width":1280,"height":720,"caption":"Le minist\u00e8re suspend certaines le\u00e7ons de CM1 et CM2"},{"@type":"BreadcrumbList","@id":"https:\/\/www.africa-press.net\/comores\/toutes-les-actualites\/le-ministere-suspend-certaines-lecons-de-cm1-et-cm2#breadcrumb","itemListElement":[{"@type":"ListItem","position":1,"name":"Accueil","item":"https:\/\/www.africa-press.net\/comores\/"},{"@type":"ListItem","position":2,"name":"Le minist\u00e8re suspend certaines le\u00e7ons de CM1 et CM2"}]},{"@type":"WebSite","@id":"https:\/\/www.africa-press.net\/comores\/#website","url":"https:\/\/www.africa-press.net\/comores\/","name":"Comores","description":"Just another Africa News Agency Sites site","potentialAction":[{"@type":"SearchAction","target":{"@type":"EntryPoint","urlTemplate":"https:\/\/www.africa-press.net\/comores\/?s={search_term_string}"},"query-input":{"@type":"PropertyValueSpecification","valueRequired":true,"valueName":"search_term_string"}}],"inLanguage":"fr-FR"},{"@type":"Person","@id":"https:\/\/www.africa-press.net\/comores\/#\/schema\/person\/2b1cf3cd81a31e3cd26889ca66d677f1","name":"cfeditorfr"}]}},"_links":{"self":[{"href":"https:\/\/www.africa-press.net\/comores\/wp-json\/wp\/v2\/posts\/12696","targetHints":{"allow":["GET"]}}],"collection":[{"href":"https:\/\/www.africa-press.net\/comores\/wp-json\/wp\/v2\/posts"}],"about":[{"href":"https:\/\/www.africa-press.net\/comores\/wp-json\/wp\/v2\/types\/post"}],"author":[{"embeddable":true,"href":"https:\/\/www.africa-press.net\/comores\/wp-json\/wp\/v2\/users\/82"}],"replies":[{"embeddable":true,"href":"https:\/\/www.africa-press.net\/comores\/wp-json\/wp\/v2\/comments?post=12696"}],"version-history":[{"count":0,"href":"https:\/\/www.africa-press.net\/comores\/wp-json\/wp\/v2\/posts\/12696\/revisions"}],"wp:featuredmedia":[{"embeddable":true,"href":"https:\/\/www.africa-press.net\/comores\/wp-json\/wp\/v2\/media\/12695"}],"wp:attachment":[{"href":"https:\/\/www.africa-press.net\/comores\/wp-json\/wp\/v2\/media?parent=12696"}],"wp:term":[{"taxonomy":"category","embeddable":true,"href":"https:\/\/www.africa-press.net\/comores\/wp-json\/wp\/v2\/categories?post=12696"},{"taxonomy":"post_tag","embeddable":true,"href":"https:\/\/www.africa-press.net\/comores\/wp-json\/wp\/v2\/tags?post=12696"}],"curies":[{"name":"wp","href":"https:\/\/api.w.org\/{rel}","templated":true}]}}