{"id":12745,"date":"2023-10-10T16:18:05","date_gmt":"2023-10-10T16:18:05","guid":{"rendered":"https:\/\/www.africa-press.net\/comores\/politique\/a-mayotte-nouvelles-restrictions-deau-a-partir-de-mercredi"},"modified":"2023-10-10T17:41:47","modified_gmt":"2023-10-10T17:41:47","slug":"a-mayotte-nouvelles-restrictions-deau-a-partir-de-mercredi","status":"publish","type":"post","link":"https:\/\/www.africa-press.net\/comores\/toutes-les-actualites\/a-mayotte-nouvelles-restrictions-deau-a-partir-de-mercredi","title":{"rendered":"A Mayotte, nouvelles restrictions d\u2019eau \u00e0 partir de mercredi"},"content":{"rendered":"<p><span style=\"color: #ff6600\"><strong>Africa-Press &#8211; Comores. <\/strong><\/span>Les rotations deux jours sur trois sont maintenues mais a\u0300 partir de mercredi, l\u2019acce\u0300s a\u0300 l\u2019eau durera 18 heures et plus 24 heures comme jusqu\u2019a\u0300 maintenant. Les autorite\u0301s espe\u0300rent que cela permettra de tenir jusqu\u2019a\u0300 d\u2019hypothe\u0301tiques pluies en novembre.<\/p>\n<p>Mayotte, en proie a\u0300 une se\u0301ve\u0300re se\u0301cheresse, va encore connai\u0302tre un tour de vis sur la distribution d\u2019eau a\u0300 partir de mercredi dans l\u2019espoir de faire durer les maigres re\u0301serves jusqu\u2019a\u0300 la saison des pluies.<\/p>\n<p>\u00abA compter du mercredi 11 octobre, les tours d\u2019eau de deux jours sur trois sont maintenus mais la pe\u0301riode d\u2019acce\u0300s a\u0300 l\u2019eau est re\u0301duite a\u0300 18 heures au lieu de 24 heures\u00bb, e\u0301crit la pre\u0301fecture dans un communique\u0301 publie\u0301 dans la nuit de lundi a\u0300 mardi. Il s\u2019agit de \u00abpre\u0301server les retenues jusqu\u2019a\u0300 mi-novembre\u00bb.<\/p>\n<p>Le de\u0301partement le plus pauvre de France, situe\u0301 dans l\u2019oce\u0301an Indien, subit sa plus importante se\u0301cheresse depuis 1997, alors que son approvisionnement de\u0301pend largement des eaux pluviales, conserve\u0301es dans deux retenues collinaires. \u00abMalgre\u0301 l\u2019e\u0301largissement progressif des pe\u0301riodes de coupures, le niveau des retenues collinaires continue de diminuer a\u0300 une vitesse alarmante\u00bb, pre\u0301vient la pre\u0301fecture.<\/p>\n<p>La retenue de Combani, au centre de l\u2019i\u0302le, est remplie a\u0300 13,6 %, celle de Dzoumogne\u0301, au nord, a\u0300 7 %. \u00abAu rythme des pre\u0301le\u0300vements actuels, la vidange comple\u0300te des retenues collinaires interviendra a\u0300 la fin du mois d\u2019octobre. A compter de cette date, le de\u0301partement disposera de moins de la moitie\u0301 de ses besoins en eau\u00bb, comple\u0300te la pre\u0301fecture.<\/p>\n<p>La se\u0301cheresse est aggrave\u0301e a\u0300 Mayotte par un manque d\u2019infrastructures et d\u2019investissements dans un territoire qui connai\u0302t une croissance de\u0301mographique de 4 % par an, notamment en raison de l\u2019immigration clandestine venue de l\u2019archipel voisin des Comores.<\/p>\n<p>Dans ce contexte, les habitants subissent des coupures d\u2019eau re\u0301gulie\u0300res depuis la fin de l\u2019anne\u0301e dernie\u0300re. Et les restrictions pourraient encore se durcir dans les semaines a\u0300 venir.<\/p>\n<p>Selon Floriane Ben Hassen, responsable Me\u0301te\u0301o France a\u0300 Mayotte, \u00ables averses que nous connaissons actuellement ne permettent pas encore un cumul significatif\u00bb. Selon ses pre\u0301visions, la saison des pluies de\u0301marrerait mi-novembre, avec une intensite\u0301 normale. \u00abMais les tempe\u0301ratures, plus e\u0301leve\u0301es que la moyenne, pourraient favoriser un stress hydrique\u00bb, comple\u0300te-t-elle.<\/p>\n<p><strong>Pour plus d&rsquo;informations et d&rsquo;analyses sur la <a href=\"https:\/\/www.africa-press.net\/comores\">Comores<\/a>, suivez <a href=\"https:\/\/www.africa-press.net\/\">Africa-Press<\/a><\/strong><\/p>\n","protected":false},"excerpt":{"rendered":"<p>Africa-Press &#8211; Comores. Les rotations deux jours sur trois sont maintenues mais a\u0300 partir de mercredi, l\u2019acce\u0300s a\u0300 l\u2019eau durera 18 heures et plus 24 heures comme jusqu\u2019a\u0300 maintenant. Les autorite\u0301s espe\u0300rent que cela permettra de tenir jusqu\u2019a\u0300 d\u2019hypothe\u0301tiques pluies en novembre. Mayotte, en proie a\u0300 une se\u0301ve\u0300re se\u0301cheresse, va encore connai\u0302tre un tour de [&hellip;]<\/p>\n","protected":false},"author":82,"featured_media":12743,"comment_status":"open","ping_status":"closed","sticky":false,"template":"","format":"standard","meta":{"footnotes":""},"categories":[21,20,10],"tags":[36,53,45],"class_list":["post-12745","post","type-post","status-publish","format-standard","has-post-thumbnail","hentry","category-communaute","category-top-nouvelles","category-toutes-les-actualites","tag-africa-press","tag-africa-press-comores","tag-comores"],"yoast_head":"<!-- This site is optimized with the Yoast SEO Premium plugin v26.1 (Yoast SEO v27.0) - https:\/\/yoast.com\/product\/yoast-seo-premium-wordpress\/ -->\n<title>A Mayotte, nouvelles restrictions d\u2019eau \u00e0 partir de mercredi - Comores<\/title>\n<meta name=\"description\" content=\"Les rotations deux jours sur trois sont maintenues mais a\u0300 partir de mercredi, l\u2019acce\u0300s a\u0300 l\u2019eau durera 18 heures et plu ...\" \/>\n<meta name=\"robots\" content=\"index, follow, max-snippet:-1, max-image-preview:large, max-video-preview:-1\" \/>\n<link rel=\"canonical\" href=\"https:\/\/www.africa-press.net\/comores\/toutes-les-actualites\/a-mayotte-nouvelles-restrictions-deau-a-partir-de-mercredi\" \/>\n<meta property=\"og:locale\" content=\"fr_FR\" \/>\n<meta property=\"og:type\" content=\"article\" \/>\n<meta property=\"og:title\" content=\"A Mayotte, nouvelles restrictions d\u2019eau \u00e0 partir de mercredi\" \/>\n<meta property=\"og:description\" content=\"Les rotations deux jours sur trois sont maintenues mais a\u0300 partir de mercredi, l\u2019acce\u0300s a\u0300 l\u2019eau durera 18 heures et plu ...\" \/>\n<meta property=\"og:url\" content=\"https:\/\/www.africa-press.net\/comores\/toutes-les-actualites\/a-mayotte-nouvelles-restrictions-deau-a-partir-de-mercredi\" \/>\n<meta property=\"og:site_name\" content=\"Comores\" \/>\n<meta property=\"article:published_time\" content=\"2023-10-10T16:18:05+00:00\" \/>\n<meta property=\"article:modified_time\" content=\"2023-10-10T17:41:47+00:00\" \/>\n<meta property=\"og:image\" content=\"https:\/\/static.africa-press.net\/centrafricaine\/sites\/48\/2023\/10\/sm_1696943239.978191.jpg\" \/>\n\t<meta property=\"og:image:width\" content=\"768\" \/>\n\t<meta property=\"og:image:height\" content=\"512\" \/>\n\t<meta property=\"og:image:type\" content=\"image\/jpeg\" \/>\n<meta name=\"author\" content=\"cfeditorfr\" \/>\n<meta name=\"twitter:card\" content=\"summary_large_image\" \/>\n<meta name=\"twitter:label1\" content=\"\u00c9crit par\" \/>\n\t<meta name=\"twitter:data1\" content=\"cfeditorfr\" \/>\n\t<meta name=\"twitter:label2\" content=\"Dur\u00e9e de lecture estim\u00e9e\" \/>\n\t<meta name=\"twitter:data2\" content=\"2 minutes\" \/>\n<script type=\"application\/ld+json\" class=\"yoast-schema-graph\">{\"@context\":\"https:\/\/schema.org\",\"@graph\":[{\"@type\":\"Article\",\"@id\":\"https:\/\/www.africa-press.net\/comores\/toutes-les-actualites\/a-mayotte-nouvelles-restrictions-deau-a-partir-de-mercredi#article\",\"isPartOf\":{\"@id\":\"https:\/\/www.africa-press.net\/comores\/toutes-les-actualites\/a-mayotte-nouvelles-restrictions-deau-a-partir-de-mercredi\"},\"author\":{\"name\":\"cfeditorfr\",\"@id\":\"https:\/\/www.africa-press.net\/comores\/#\/schema\/person\/2b1cf3cd81a31e3cd26889ca66d677f1\"},\"headline\":\"A Mayotte, nouvelles restrictions d\u2019eau \u00e0 partir de mercredi\",\"datePublished\":\"2023-10-10T16:18:05+00:00\",\"dateModified\":\"2023-10-10T17:41:47+00:00\",\"mainEntityOfPage\":{\"@id\":\"https:\/\/www.africa-press.net\/comores\/toutes-les-actualites\/a-mayotte-nouvelles-restrictions-deau-a-partir-de-mercredi\"},\"wordCount\":438,\"commentCount\":0,\"image\":{\"@id\":\"https:\/\/www.africa-press.net\/comores\/toutes-les-actualites\/a-mayotte-nouvelles-restrictions-deau-a-partir-de-mercredi#primaryimage\"},\"thumbnailUrl\":\"https:\/\/static.africa-press.net\/centrafricaine\/sites\/48\/2023\/10\/sm_1696943239.978191.jpg\",\"keywords\":[\"Africa Press\",\"Africa Press-Comores\",\"Comores\"],\"articleSection\":[\"Communaut\u00e9\",\"Top Nouvelles\",\"Toutes les actualit\u00e9s\"],\"inLanguage\":\"fr-FR\",\"potentialAction\":[{\"@type\":\"CommentAction\",\"name\":\"Comment\",\"target\":[\"https:\/\/www.africa-press.net\/comores\/toutes-les-actualites\/a-mayotte-nouvelles-restrictions-deau-a-partir-de-mercredi#respond\"]}]},{\"@type\":\"WebPage\",\"@id\":\"https:\/\/www.africa-press.net\/comores\/toutes-les-actualites\/a-mayotte-nouvelles-restrictions-deau-a-partir-de-mercredi\",\"url\":\"https:\/\/www.africa-press.net\/comores\/toutes-les-actualites\/a-mayotte-nouvelles-restrictions-deau-a-partir-de-mercredi\",\"name\":\"A Mayotte, nouvelles restrictions d\u2019eau \u00e0 partir de mercredi - Comores\",\"isPartOf\":{\"@id\":\"https:\/\/www.africa-press.net\/comores\/#website\"},\"primaryImageOfPage\":{\"@id\":\"https:\/\/www.africa-press.net\/comores\/toutes-les-actualites\/a-mayotte-nouvelles-restrictions-deau-a-partir-de-mercredi#primaryimage\"},\"image\":{\"@id\":\"https:\/\/www.africa-press.net\/comores\/toutes-les-actualites\/a-mayotte-nouvelles-restrictions-deau-a-partir-de-mercredi#primaryimage\"},\"thumbnailUrl\":\"https:\/\/static.africa-press.net\/centrafricaine\/sites\/48\/2023\/10\/sm_1696943239.978191.jpg\",\"datePublished\":\"2023-10-10T16:18:05+00:00\",\"dateModified\":\"2023-10-10T17:41:47+00:00\",\"author\":{\"@id\":\"https:\/\/www.africa-press.net\/comores\/#\/schema\/person\/2b1cf3cd81a31e3cd26889ca66d677f1\"},\"description\":\"Les rotations deux jours sur trois sont maintenues mais a\u0300 partir de mercredi, l\u2019acce\u0300s a\u0300 l\u2019eau durera 18 heures et plu ...\",\"breadcrumb\":{\"@id\":\"https:\/\/www.africa-press.net\/comores\/toutes-les-actualites\/a-mayotte-nouvelles-restrictions-deau-a-partir-de-mercredi#breadcrumb\"},\"inLanguage\":\"fr-FR\",\"potentialAction\":[{\"@type\":\"ReadAction\",\"target\":[\"https:\/\/www.africa-press.net\/comores\/toutes-les-actualites\/a-mayotte-nouvelles-restrictions-deau-a-partir-de-mercredi\"]}]},{\"@type\":\"ImageObject\",\"inLanguage\":\"fr-FR\",\"@id\":\"https:\/\/www.africa-press.net\/comores\/toutes-les-actualites\/a-mayotte-nouvelles-restrictions-deau-a-partir-de-mercredi#primaryimage\",\"url\":\"https:\/\/static.africa-press.net\/centrafricaine\/sites\/48\/2023\/10\/sm_1696943239.978191.jpg\",\"contentUrl\":\"https:\/\/static.africa-press.net\/centrafricaine\/sites\/48\/2023\/10\/sm_1696943239.978191.jpg\",\"width\":768,\"height\":512,\"caption\":\"A Mayotte, nouvelles restrictions d\u2019eau \u00e0 partir de mercredi\"},{\"@type\":\"BreadcrumbList\",\"@id\":\"https:\/\/www.africa-press.net\/comores\/toutes-les-actualites\/a-mayotte-nouvelles-restrictions-deau-a-partir-de-mercredi#breadcrumb\",\"itemListElement\":[{\"@type\":\"ListItem\",\"position\":1,\"name\":\"Accueil\",\"item\":\"https:\/\/www.africa-press.net\/comores\/\"},{\"@type\":\"ListItem\",\"position\":2,\"name\":\"A Mayotte, nouvelles restrictions d\u2019eau \u00e0 partir de mercredi\"}]},{\"@type\":\"WebSite\",\"@id\":\"https:\/\/www.africa-press.net\/comores\/#website\",\"url\":\"https:\/\/www.africa-press.net\/comores\/\",\"name\":\"Comores\",\"description\":\"Just another Africa News Agency Sites site\",\"potentialAction\":[{\"@type\":\"SearchAction\",\"target\":{\"@type\":\"EntryPoint\",\"urlTemplate\":\"https:\/\/www.africa-press.net\/comores\/?s={search_term_string}\"},\"query-input\":{\"@type\":\"PropertyValueSpecification\",\"valueRequired\":true,\"valueName\":\"search_term_string\"}}],\"inLanguage\":\"fr-FR\"},{\"@type\":\"Person\",\"@id\":\"https:\/\/www.africa-press.net\/comores\/#\/schema\/person\/2b1cf3cd81a31e3cd26889ca66d677f1\",\"name\":\"cfeditorfr\"}]}<\/script>\n<!-- \/ Yoast SEO Premium plugin. -->","yoast_head_json":{"title":"A Mayotte, nouvelles restrictions d\u2019eau \u00e0 partir de mercredi - Comores","description":"Les rotations deux jours sur trois sont maintenues mais a\u0300 partir de mercredi, l\u2019acce\u0300s a\u0300 l\u2019eau durera 18 heures et plu ...","robots":{"index":"index","follow":"follow","max-snippet":"max-snippet:-1","max-image-preview":"max-image-preview:large","max-video-preview":"max-video-preview:-1"},"canonical":"https:\/\/www.africa-press.net\/comores\/toutes-les-actualites\/a-mayotte-nouvelles-restrictions-deau-a-partir-de-mercredi","og_locale":"fr_FR","og_type":"article","og_title":"A Mayotte, nouvelles restrictions d\u2019eau \u00e0 partir de mercredi","og_description":"Les rotations deux jours sur trois sont maintenues mais a\u0300 partir de mercredi, l\u2019acce\u0300s a\u0300 l\u2019eau durera 18 heures et plu ...","og_url":"https:\/\/www.africa-press.net\/comores\/toutes-les-actualites\/a-mayotte-nouvelles-restrictions-deau-a-partir-de-mercredi","og_site_name":"Comores","article_published_time":"2023-10-10T16:18:05+00:00","article_modified_time":"2023-10-10T17:41:47+00:00","og_image":[{"width":768,"height":512,"url":"https:\/\/static.africa-press.net\/centrafricaine\/sites\/48\/2023\/10\/sm_1696943239.978191.jpg","type":"image\/jpeg"}],"author":"cfeditorfr","twitter_card":"summary_large_image","twitter_misc":{"\u00c9crit par":"cfeditorfr","Dur\u00e9e de lecture estim\u00e9e":"2 minutes"},"schema":{"@context":"https:\/\/schema.org","@graph":[{"@type":"Article","@id":"https:\/\/www.africa-press.net\/comores\/toutes-les-actualites\/a-mayotte-nouvelles-restrictions-deau-a-partir-de-mercredi#article","isPartOf":{"@id":"https:\/\/www.africa-press.net\/comores\/toutes-les-actualites\/a-mayotte-nouvelles-restrictions-deau-a-partir-de-mercredi"},"author":{"name":"cfeditorfr","@id":"https:\/\/www.africa-press.net\/comores\/#\/schema\/person\/2b1cf3cd81a31e3cd26889ca66d677f1"},"headline":"A Mayotte, nouvelles restrictions d\u2019eau \u00e0 partir de mercredi","datePublished":"2023-10-10T16:18:05+00:00","dateModified":"2023-10-10T17:41:47+00:00","mainEntityOfPage":{"@id":"https:\/\/www.africa-press.net\/comores\/toutes-les-actualites\/a-mayotte-nouvelles-restrictions-deau-a-partir-de-mercredi"},"wordCount":438,"commentCount":0,"image":{"@id":"https:\/\/www.africa-press.net\/comores\/toutes-les-actualites\/a-mayotte-nouvelles-restrictions-deau-a-partir-de-mercredi#primaryimage"},"thumbnailUrl":"https:\/\/static.africa-press.net\/centrafricaine\/sites\/48\/2023\/10\/sm_1696943239.978191.jpg","keywords":["Africa Press","Africa Press-Comores","Comores"],"articleSection":["Communaut\u00e9","Top Nouvelles","Toutes les actualit\u00e9s"],"inLanguage":"fr-FR","potentialAction":[{"@type":"CommentAction","name":"Comment","target":["https:\/\/www.africa-press.net\/comores\/toutes-les-actualites\/a-mayotte-nouvelles-restrictions-deau-a-partir-de-mercredi#respond"]}]},{"@type":"WebPage","@id":"https:\/\/www.africa-press.net\/comores\/toutes-les-actualites\/a-mayotte-nouvelles-restrictions-deau-a-partir-de-mercredi","url":"https:\/\/www.africa-press.net\/comores\/toutes-les-actualites\/a-mayotte-nouvelles-restrictions-deau-a-partir-de-mercredi","name":"A Mayotte, nouvelles restrictions d\u2019eau \u00e0 partir de mercredi - Comores","isPartOf":{"@id":"https:\/\/www.africa-press.net\/comores\/#website"},"primaryImageOfPage":{"@id":"https:\/\/www.africa-press.net\/comores\/toutes-les-actualites\/a-mayotte-nouvelles-restrictions-deau-a-partir-de-mercredi#primaryimage"},"image":{"@id":"https:\/\/www.africa-press.net\/comores\/toutes-les-actualites\/a-mayotte-nouvelles-restrictions-deau-a-partir-de-mercredi#primaryimage"},"thumbnailUrl":"https:\/\/static.africa-press.net\/centrafricaine\/sites\/48\/2023\/10\/sm_1696943239.978191.jpg","datePublished":"2023-10-10T16:18:05+00:00","dateModified":"2023-10-10T17:41:47+00:00","author":{"@id":"https:\/\/www.africa-press.net\/comores\/#\/schema\/person\/2b1cf3cd81a31e3cd26889ca66d677f1"},"description":"Les rotations deux jours sur trois sont maintenues mais a\u0300 partir de mercredi, l\u2019acce\u0300s a\u0300 l\u2019eau durera 18 heures et plu ...","breadcrumb":{"@id":"https:\/\/www.africa-press.net\/comores\/toutes-les-actualites\/a-mayotte-nouvelles-restrictions-deau-a-partir-de-mercredi#breadcrumb"},"inLanguage":"fr-FR","potentialAction":[{"@type":"ReadAction","target":["https:\/\/www.africa-press.net\/comores\/toutes-les-actualites\/a-mayotte-nouvelles-restrictions-deau-a-partir-de-mercredi"]}]},{"@type":"ImageObject","inLanguage":"fr-FR","@id":"https:\/\/www.africa-press.net\/comores\/toutes-les-actualites\/a-mayotte-nouvelles-restrictions-deau-a-partir-de-mercredi#primaryimage","url":"https:\/\/static.africa-press.net\/centrafricaine\/sites\/48\/2023\/10\/sm_1696943239.978191.jpg","contentUrl":"https:\/\/static.africa-press.net\/centrafricaine\/sites\/48\/2023\/10\/sm_1696943239.978191.jpg","width":768,"height":512,"caption":"A Mayotte, nouvelles restrictions d\u2019eau \u00e0 partir de mercredi"},{"@type":"BreadcrumbList","@id":"https:\/\/www.africa-press.net\/comores\/toutes-les-actualites\/a-mayotte-nouvelles-restrictions-deau-a-partir-de-mercredi#breadcrumb","itemListElement":[{"@type":"ListItem","position":1,"name":"Accueil","item":"https:\/\/www.africa-press.net\/comores\/"},{"@type":"ListItem","position":2,"name":"A Mayotte, nouvelles restrictions d\u2019eau \u00e0 partir de mercredi"}]},{"@type":"WebSite","@id":"https:\/\/www.africa-press.net\/comores\/#website","url":"https:\/\/www.africa-press.net\/comores\/","name":"Comores","description":"Just another Africa News Agency Sites site","potentialAction":[{"@type":"SearchAction","target":{"@type":"EntryPoint","urlTemplate":"https:\/\/www.africa-press.net\/comores\/?s={search_term_string}"},"query-input":{"@type":"PropertyValueSpecification","valueRequired":true,"valueName":"search_term_string"}}],"inLanguage":"fr-FR"},{"@type":"Person","@id":"https:\/\/www.africa-press.net\/comores\/#\/schema\/person\/2b1cf3cd81a31e3cd26889ca66d677f1","name":"cfeditorfr"}]}},"_links":{"self":[{"href":"https:\/\/www.africa-press.net\/comores\/wp-json\/wp\/v2\/posts\/12745","targetHints":{"allow":["GET"]}}],"collection":[{"href":"https:\/\/www.africa-press.net\/comores\/wp-json\/wp\/v2\/posts"}],"about":[{"href":"https:\/\/www.africa-press.net\/comores\/wp-json\/wp\/v2\/types\/post"}],"author":[{"embeddable":true,"href":"https:\/\/www.africa-press.net\/comores\/wp-json\/wp\/v2\/users\/82"}],"replies":[{"embeddable":true,"href":"https:\/\/www.africa-press.net\/comores\/wp-json\/wp\/v2\/comments?post=12745"}],"version-history":[{"count":0,"href":"https:\/\/www.africa-press.net\/comores\/wp-json\/wp\/v2\/posts\/12745\/revisions"}],"wp:featuredmedia":[{"embeddable":true,"href":"https:\/\/www.africa-press.net\/comores\/wp-json\/wp\/v2\/media\/12743"}],"wp:attachment":[{"href":"https:\/\/www.africa-press.net\/comores\/wp-json\/wp\/v2\/media?parent=12745"}],"wp:term":[{"taxonomy":"category","embeddable":true,"href":"https:\/\/www.africa-press.net\/comores\/wp-json\/wp\/v2\/categories?post=12745"},{"taxonomy":"post_tag","embeddable":true,"href":"https:\/\/www.africa-press.net\/comores\/wp-json\/wp\/v2\/tags?post=12745"}],"curies":[{"name":"wp","href":"https:\/\/api.w.org\/{rel}","templated":true}]}}