{"id":12810,"date":"2023-10-11T16:00:23","date_gmt":"2023-10-11T16:00:23","guid":{"rendered":"https:\/\/www.africa-press.net\/comores\/politique\/une-nuit-de-jazz-a-moroni-en-mode-afro-americain"},"modified":"2023-10-11T17:37:38","modified_gmt":"2023-10-11T17:37:38","slug":"une-nuit-de-jazz-a-moroni-en-mode-afro-americain","status":"publish","type":"post","link":"https:\/\/www.africa-press.net\/comores\/culture-et-art\/une-nuit-de-jazz-a-moroni-en-mode-afro-americain","title":{"rendered":"Une nuit de Jazz \u00e0 Moroni en mode afro-am\u00e9ricain"},"content":{"rendered":"<p><span style=\"color: #ff6600\"><strong>Africa-Press &#8211; Comores. <\/strong><\/span><b>Un di\u0302ner de Jazz anime\u0301 par le groupe comorien Jazzylang a e\u0301te\u0301 organise\u0301 le vendredi 5 octobre dernier. Une premie\u0300re dans le pays. Et surtout une occasion d\u2019apprendre encore plus sur la riche tradition musicale comorienne. <\/b><\/p>\n<p>Ce jour-la\u0300, c\u2019e\u0301tait une musique qu\u2019on n\u2019avait pas l\u2019habitude d\u2019entendre. C\u2019est le Jazz du groupe comorien Jazzylang. Un vrai spectacle qui a transforme\u0301 cette nuit en mode afro-ame\u0301ricain, qui est le style de la musique. On avait l\u2019impression d\u2019e\u0302tre emporte\u0301 dans une soire\u0301e aux Etats-Unis. C\u2019e\u0301tait purement du jazz classique et surtout en infusant des e\u0301le\u0301ments de la riche tradition musicale comorienne. \u00ab Depuis tout petit, 6 ans pre\u0301cise\u0301ment, j\u2019ai commence\u0301 a\u0300 e\u0301couter la musique, surtout le jazz. Je jouais aussi la guitare. C\u2019est mon oncle Daroueche Kassim qui m\u2019a mis sur les rails. J\u2019ai appris toute sorte de la musique : le tango, le tchatcha, le jazz et autres. Apre\u0300s je me suis installe\u0301 en France ou\u0300 j\u2019ai inte\u0301gre\u0301 le conservatoire et poursuivi des e\u0301tudes a\u0300 l\u2019e\u0301cole de jazz de Lyon \u00bb, avance Mlanao Gilbert Alphonse, professeur de musique et fondateur du groupe. Et de poursuivre : \u00ab Je suis aujourd\u2019hui professeur employe\u0301 au service culturel de la ville de Valence. J\u2019ai participe\u0301 dans pas mal d\u2019e\u0301missions te\u0301le\u0301vise\u0301es en tant que membre du jury et j\u2019ai cre\u0301e\u0301 des me\u0301thodes d\u2019apprentissage de la guitare et de la basse pour les amateurs et les musiciens confirme\u0301s \u00bb.<\/p>\n<p>Jazzylang est un groupe de musiciens comoriens passionne\u0301s de musique depuis de nombreuses anne\u0301es. Leur spe\u0301cialite\u0301 re\u0301side dans l\u2019offre d\u2019une expe\u0301rience musicale unique en fusionnant les rythmes classiques du jazz avec des influences comoriennes. Ce groupe explore les sonorite\u0301s jazzy sur classiques reconnus du Jazz mais, e\u0301galement en infusant des e\u0301le\u0301ments de la riche tradition musicale comorienne. Il cre\u0301e un me\u0301lange captivant et novateur qui charme leur public tant local qu\u2019international. Avec une maitrise de divers instruments tels que la guitare, la basse, le piano, les percussions et le chant, Jazzylang offre des performances musicales captivantes. Le groupe se tente de stimuler les frontie\u0300res musicales en cre\u0301ant des compositions originales tout en rendant hommage au jazz traditionnel.<\/p>\n<p>\u00ab Je venais souvent aux Comores pour donner des cours de musique a\u0300 des grands musiciens. Donc, je voulais transformer un peu la musique comorienne. Qu\u2019on mette un peu de l\u2019harmonie jazz me\u0302me si ce n\u2019est pas facile. Disons qu\u2019aux Comores, certains ne savent pas lire et e\u0301couter la musique. Moi j\u2019ai emmene\u0301 des partitions de la musique. J\u2019e\u0301tais oblige\u0301 de les remontrer de A a\u0300 Z la fac\u0327on de lire tout c\u0327a. Apre\u0300s on a re\u0301pe\u0301te\u0301 pendant juste un mois nous y voila\u0300 en sce\u0300ne. Le groupe vient de naitre, mais, quand me\u0302me je m\u2019estime tre\u0300s heureux. C\u2019est notre deuxie\u0300me spectacle et je vois que tout le monde savoure notre musique. Il n\u2019y a pas assez de public comme celui de l\u2019Alliance franc\u0327aise, car c\u2019e\u0301tait plein avec des grands artistes qui sont venus nous voir \u00bb, dit-il, tout en soulignant qu\u2019il faut a\u0300 tout prix avoir une grande e\u0301cole de musique dans le pays, car beaucoup de jeunes e\u0301mergent dans la musique.<\/p>\n<p><strong>Pour plus d&rsquo;informations et d&rsquo;analyses sur la <a href=\"https:\/\/www.africa-press.net\/comores\">Comores<\/a>, suivez <a href=\"https:\/\/www.africa-press.net\/\">Africa-Press<\/a><\/strong><\/p>\n","protected":false},"excerpt":{"rendered":"<p>Africa-Press &#8211; Comores. Un di\u0302ner de Jazz anime\u0301 par le groupe comorien Jazzylang a e\u0301te\u0301 organise\u0301 le vendredi 5 octobre dernier. Une premie\u0300re dans le pays. Et surtout une occasion d\u2019apprendre encore plus sur la riche tradition musicale comorienne. Ce jour-la\u0300, c\u2019e\u0301tait une musique qu\u2019on n\u2019avait pas l\u2019habitude d\u2019entendre. C\u2019est le Jazz du groupe comorien [&hellip;]<\/p>\n","protected":false},"author":82,"featured_media":12809,"comment_status":"open","ping_status":"closed","sticky":false,"template":"","format":"standard","meta":{"footnotes":""},"categories":[5,10],"tags":[36,53,45],"class_list":["post-12810","post","type-post","status-publish","format-standard","has-post-thumbnail","hentry","category-culture-et-art","category-toutes-les-actualites","tag-africa-press","tag-africa-press-comores","tag-comores"],"yoast_head":"<!-- This site is optimized with the Yoast SEO Premium plugin v26.1 (Yoast SEO v27.0) - https:\/\/yoast.com\/product\/yoast-seo-premium-wordpress\/ -->\n<title>Une nuit de Jazz \u00e0 Moroni en mode afro-am\u00e9ricain - Comores<\/title>\n<meta name=\"description\" content=\"Un di\u0302ner de Jazz anime\u0301 par le groupe comorien Jazzylang a e\u0301te\u0301 organise\u0301 le vendredi 5 octobre dernier. Une premie ...\" \/>\n<meta name=\"robots\" content=\"index, follow, max-snippet:-1, max-image-preview:large, max-video-preview:-1\" \/>\n<link rel=\"canonical\" href=\"https:\/\/www.africa-press.net\/comores\/culture-et-art\/une-nuit-de-jazz-a-moroni-en-mode-afro-americain\" \/>\n<meta property=\"og:locale\" content=\"fr_FR\" \/>\n<meta property=\"og:type\" content=\"article\" \/>\n<meta property=\"og:title\" content=\"Une nuit de Jazz \u00e0 Moroni en mode afro-am\u00e9ricain\" \/>\n<meta property=\"og:description\" content=\"Un di\u0302ner de Jazz anime\u0301 par le groupe comorien Jazzylang a e\u0301te\u0301 organise\u0301 le vendredi 5 octobre dernier. Une premie ...\" \/>\n<meta property=\"og:url\" content=\"https:\/\/www.africa-press.net\/comores\/culture-et-art\/une-nuit-de-jazz-a-moroni-en-mode-afro-americain\" \/>\n<meta property=\"og:site_name\" content=\"Comores\" \/>\n<meta property=\"article:published_time\" content=\"2023-10-11T16:00:23+00:00\" \/>\n<meta property=\"article:modified_time\" content=\"2023-10-11T17:37:38+00:00\" \/>\n<meta property=\"og:image\" content=\"https:\/\/static.africa-press.net\/centrafricaine\/sites\/48\/2023\/10\/sm_1697029440.628334.jpg\" \/>\n\t<meta property=\"og:image:width\" content=\"750\" \/>\n\t<meta property=\"og:image:height\" content=\"500\" \/>\n\t<meta property=\"og:image:type\" content=\"image\/jpeg\" \/>\n<meta name=\"author\" content=\"cfeditorfr\" \/>\n<meta name=\"twitter:card\" content=\"summary_large_image\" \/>\n<meta name=\"twitter:label1\" content=\"\u00c9crit par\" \/>\n\t<meta name=\"twitter:data1\" content=\"cfeditorfr\" \/>\n\t<meta name=\"twitter:label2\" content=\"Dur\u00e9e de lecture estim\u00e9e\" \/>\n\t<meta name=\"twitter:data2\" content=\"3 minutes\" \/>\n<script type=\"application\/ld+json\" class=\"yoast-schema-graph\">{\"@context\":\"https:\/\/schema.org\",\"@graph\":[{\"@type\":\"Article\",\"@id\":\"https:\/\/www.africa-press.net\/comores\/culture-et-art\/une-nuit-de-jazz-a-moroni-en-mode-afro-americain#article\",\"isPartOf\":{\"@id\":\"https:\/\/www.africa-press.net\/comores\/culture-et-art\/une-nuit-de-jazz-a-moroni-en-mode-afro-americain\"},\"author\":{\"name\":\"cfeditorfr\",\"@id\":\"https:\/\/www.africa-press.net\/comores\/#\/schema\/person\/2b1cf3cd81a31e3cd26889ca66d677f1\"},\"headline\":\"Une nuit de Jazz \u00e0 Moroni en mode afro-am\u00e9ricain\",\"datePublished\":\"2023-10-11T16:00:23+00:00\",\"dateModified\":\"2023-10-11T17:37:38+00:00\",\"mainEntityOfPage\":{\"@id\":\"https:\/\/www.africa-press.net\/comores\/culture-et-art\/une-nuit-de-jazz-a-moroni-en-mode-afro-americain\"},\"wordCount\":615,\"commentCount\":0,\"image\":{\"@id\":\"https:\/\/www.africa-press.net\/comores\/culture-et-art\/une-nuit-de-jazz-a-moroni-en-mode-afro-americain#primaryimage\"},\"thumbnailUrl\":\"https:\/\/static.africa-press.net\/centrafricaine\/sites\/48\/2023\/10\/sm_1697029440.628334.jpg\",\"keywords\":[\"Africa Press\",\"Africa Press-Comores\",\"Comores\"],\"articleSection\":[\"Culture et Art\",\"Toutes les actualit\u00e9s\"],\"inLanguage\":\"fr-FR\",\"potentialAction\":[{\"@type\":\"CommentAction\",\"name\":\"Comment\",\"target\":[\"https:\/\/www.africa-press.net\/comores\/culture-et-art\/une-nuit-de-jazz-a-moroni-en-mode-afro-americain#respond\"]}]},{\"@type\":\"WebPage\",\"@id\":\"https:\/\/www.africa-press.net\/comores\/culture-et-art\/une-nuit-de-jazz-a-moroni-en-mode-afro-americain\",\"url\":\"https:\/\/www.africa-press.net\/comores\/culture-et-art\/une-nuit-de-jazz-a-moroni-en-mode-afro-americain\",\"name\":\"Une nuit de Jazz \u00e0 Moroni en mode afro-am\u00e9ricain - Comores\",\"isPartOf\":{\"@id\":\"https:\/\/www.africa-press.net\/comores\/#website\"},\"primaryImageOfPage\":{\"@id\":\"https:\/\/www.africa-press.net\/comores\/culture-et-art\/une-nuit-de-jazz-a-moroni-en-mode-afro-americain#primaryimage\"},\"image\":{\"@id\":\"https:\/\/www.africa-press.net\/comores\/culture-et-art\/une-nuit-de-jazz-a-moroni-en-mode-afro-americain#primaryimage\"},\"thumbnailUrl\":\"https:\/\/static.africa-press.net\/centrafricaine\/sites\/48\/2023\/10\/sm_1697029440.628334.jpg\",\"datePublished\":\"2023-10-11T16:00:23+00:00\",\"dateModified\":\"2023-10-11T17:37:38+00:00\",\"author\":{\"@id\":\"https:\/\/www.africa-press.net\/comores\/#\/schema\/person\/2b1cf3cd81a31e3cd26889ca66d677f1\"},\"description\":\"Un di\u0302ner de Jazz anime\u0301 par le groupe comorien Jazzylang a e\u0301te\u0301 organise\u0301 le vendredi 5 octobre dernier. Une premie ...\",\"breadcrumb\":{\"@id\":\"https:\/\/www.africa-press.net\/comores\/culture-et-art\/une-nuit-de-jazz-a-moroni-en-mode-afro-americain#breadcrumb\"},\"inLanguage\":\"fr-FR\",\"potentialAction\":[{\"@type\":\"ReadAction\",\"target\":[\"https:\/\/www.africa-press.net\/comores\/culture-et-art\/une-nuit-de-jazz-a-moroni-en-mode-afro-americain\"]}]},{\"@type\":\"ImageObject\",\"inLanguage\":\"fr-FR\",\"@id\":\"https:\/\/www.africa-press.net\/comores\/culture-et-art\/une-nuit-de-jazz-a-moroni-en-mode-afro-americain#primaryimage\",\"url\":\"https:\/\/static.africa-press.net\/centrafricaine\/sites\/48\/2023\/10\/sm_1697029440.628334.jpg\",\"contentUrl\":\"https:\/\/static.africa-press.net\/centrafricaine\/sites\/48\/2023\/10\/sm_1697029440.628334.jpg\",\"width\":750,\"height\":500,\"caption\":\"Une nuit de Jazz \u00e0 Moroni en mode afro-am\u00e9ricain\"},{\"@type\":\"BreadcrumbList\",\"@id\":\"https:\/\/www.africa-press.net\/comores\/culture-et-art\/une-nuit-de-jazz-a-moroni-en-mode-afro-americain#breadcrumb\",\"itemListElement\":[{\"@type\":\"ListItem\",\"position\":1,\"name\":\"Accueil\",\"item\":\"https:\/\/www.africa-press.net\/comores\/\"},{\"@type\":\"ListItem\",\"position\":2,\"name\":\"Une nuit de Jazz \u00e0 Moroni en mode afro-am\u00e9ricain\"}]},{\"@type\":\"WebSite\",\"@id\":\"https:\/\/www.africa-press.net\/comores\/#website\",\"url\":\"https:\/\/www.africa-press.net\/comores\/\",\"name\":\"Comores\",\"description\":\"Just another Africa News Agency Sites site\",\"potentialAction\":[{\"@type\":\"SearchAction\",\"target\":{\"@type\":\"EntryPoint\",\"urlTemplate\":\"https:\/\/www.africa-press.net\/comores\/?s={search_term_string}\"},\"query-input\":{\"@type\":\"PropertyValueSpecification\",\"valueRequired\":true,\"valueName\":\"search_term_string\"}}],\"inLanguage\":\"fr-FR\"},{\"@type\":\"Person\",\"@id\":\"https:\/\/www.africa-press.net\/comores\/#\/schema\/person\/2b1cf3cd81a31e3cd26889ca66d677f1\",\"name\":\"cfeditorfr\"}]}<\/script>\n<!-- \/ Yoast SEO Premium plugin. -->","yoast_head_json":{"title":"Une nuit de Jazz \u00e0 Moroni en mode afro-am\u00e9ricain - Comores","description":"Un di\u0302ner de Jazz anime\u0301 par le groupe comorien Jazzylang a e\u0301te\u0301 organise\u0301 le vendredi 5 octobre dernier. Une premie ...","robots":{"index":"index","follow":"follow","max-snippet":"max-snippet:-1","max-image-preview":"max-image-preview:large","max-video-preview":"max-video-preview:-1"},"canonical":"https:\/\/www.africa-press.net\/comores\/culture-et-art\/une-nuit-de-jazz-a-moroni-en-mode-afro-americain","og_locale":"fr_FR","og_type":"article","og_title":"Une nuit de Jazz \u00e0 Moroni en mode afro-am\u00e9ricain","og_description":"Un di\u0302ner de Jazz anime\u0301 par le groupe comorien Jazzylang a e\u0301te\u0301 organise\u0301 le vendredi 5 octobre dernier. Une premie ...","og_url":"https:\/\/www.africa-press.net\/comores\/culture-et-art\/une-nuit-de-jazz-a-moroni-en-mode-afro-americain","og_site_name":"Comores","article_published_time":"2023-10-11T16:00:23+00:00","article_modified_time":"2023-10-11T17:37:38+00:00","og_image":[{"width":750,"height":500,"url":"https:\/\/static.africa-press.net\/centrafricaine\/sites\/48\/2023\/10\/sm_1697029440.628334.jpg","type":"image\/jpeg"}],"author":"cfeditorfr","twitter_card":"summary_large_image","twitter_misc":{"\u00c9crit par":"cfeditorfr","Dur\u00e9e de lecture estim\u00e9e":"3 minutes"},"schema":{"@context":"https:\/\/schema.org","@graph":[{"@type":"Article","@id":"https:\/\/www.africa-press.net\/comores\/culture-et-art\/une-nuit-de-jazz-a-moroni-en-mode-afro-americain#article","isPartOf":{"@id":"https:\/\/www.africa-press.net\/comores\/culture-et-art\/une-nuit-de-jazz-a-moroni-en-mode-afro-americain"},"author":{"name":"cfeditorfr","@id":"https:\/\/www.africa-press.net\/comores\/#\/schema\/person\/2b1cf3cd81a31e3cd26889ca66d677f1"},"headline":"Une nuit de Jazz \u00e0 Moroni en mode afro-am\u00e9ricain","datePublished":"2023-10-11T16:00:23+00:00","dateModified":"2023-10-11T17:37:38+00:00","mainEntityOfPage":{"@id":"https:\/\/www.africa-press.net\/comores\/culture-et-art\/une-nuit-de-jazz-a-moroni-en-mode-afro-americain"},"wordCount":615,"commentCount":0,"image":{"@id":"https:\/\/www.africa-press.net\/comores\/culture-et-art\/une-nuit-de-jazz-a-moroni-en-mode-afro-americain#primaryimage"},"thumbnailUrl":"https:\/\/static.africa-press.net\/centrafricaine\/sites\/48\/2023\/10\/sm_1697029440.628334.jpg","keywords":["Africa Press","Africa Press-Comores","Comores"],"articleSection":["Culture et Art","Toutes les actualit\u00e9s"],"inLanguage":"fr-FR","potentialAction":[{"@type":"CommentAction","name":"Comment","target":["https:\/\/www.africa-press.net\/comores\/culture-et-art\/une-nuit-de-jazz-a-moroni-en-mode-afro-americain#respond"]}]},{"@type":"WebPage","@id":"https:\/\/www.africa-press.net\/comores\/culture-et-art\/une-nuit-de-jazz-a-moroni-en-mode-afro-americain","url":"https:\/\/www.africa-press.net\/comores\/culture-et-art\/une-nuit-de-jazz-a-moroni-en-mode-afro-americain","name":"Une nuit de Jazz \u00e0 Moroni en mode afro-am\u00e9ricain - Comores","isPartOf":{"@id":"https:\/\/www.africa-press.net\/comores\/#website"},"primaryImageOfPage":{"@id":"https:\/\/www.africa-press.net\/comores\/culture-et-art\/une-nuit-de-jazz-a-moroni-en-mode-afro-americain#primaryimage"},"image":{"@id":"https:\/\/www.africa-press.net\/comores\/culture-et-art\/une-nuit-de-jazz-a-moroni-en-mode-afro-americain#primaryimage"},"thumbnailUrl":"https:\/\/static.africa-press.net\/centrafricaine\/sites\/48\/2023\/10\/sm_1697029440.628334.jpg","datePublished":"2023-10-11T16:00:23+00:00","dateModified":"2023-10-11T17:37:38+00:00","author":{"@id":"https:\/\/www.africa-press.net\/comores\/#\/schema\/person\/2b1cf3cd81a31e3cd26889ca66d677f1"},"description":"Un di\u0302ner de Jazz anime\u0301 par le groupe comorien Jazzylang a e\u0301te\u0301 organise\u0301 le vendredi 5 octobre dernier. Une premie ...","breadcrumb":{"@id":"https:\/\/www.africa-press.net\/comores\/culture-et-art\/une-nuit-de-jazz-a-moroni-en-mode-afro-americain#breadcrumb"},"inLanguage":"fr-FR","potentialAction":[{"@type":"ReadAction","target":["https:\/\/www.africa-press.net\/comores\/culture-et-art\/une-nuit-de-jazz-a-moroni-en-mode-afro-americain"]}]},{"@type":"ImageObject","inLanguage":"fr-FR","@id":"https:\/\/www.africa-press.net\/comores\/culture-et-art\/une-nuit-de-jazz-a-moroni-en-mode-afro-americain#primaryimage","url":"https:\/\/static.africa-press.net\/centrafricaine\/sites\/48\/2023\/10\/sm_1697029440.628334.jpg","contentUrl":"https:\/\/static.africa-press.net\/centrafricaine\/sites\/48\/2023\/10\/sm_1697029440.628334.jpg","width":750,"height":500,"caption":"Une nuit de Jazz \u00e0 Moroni en mode afro-am\u00e9ricain"},{"@type":"BreadcrumbList","@id":"https:\/\/www.africa-press.net\/comores\/culture-et-art\/une-nuit-de-jazz-a-moroni-en-mode-afro-americain#breadcrumb","itemListElement":[{"@type":"ListItem","position":1,"name":"Accueil","item":"https:\/\/www.africa-press.net\/comores\/"},{"@type":"ListItem","position":2,"name":"Une nuit de Jazz \u00e0 Moroni en mode afro-am\u00e9ricain"}]},{"@type":"WebSite","@id":"https:\/\/www.africa-press.net\/comores\/#website","url":"https:\/\/www.africa-press.net\/comores\/","name":"Comores","description":"Just another Africa News Agency Sites site","potentialAction":[{"@type":"SearchAction","target":{"@type":"EntryPoint","urlTemplate":"https:\/\/www.africa-press.net\/comores\/?s={search_term_string}"},"query-input":{"@type":"PropertyValueSpecification","valueRequired":true,"valueName":"search_term_string"}}],"inLanguage":"fr-FR"},{"@type":"Person","@id":"https:\/\/www.africa-press.net\/comores\/#\/schema\/person\/2b1cf3cd81a31e3cd26889ca66d677f1","name":"cfeditorfr"}]}},"_links":{"self":[{"href":"https:\/\/www.africa-press.net\/comores\/wp-json\/wp\/v2\/posts\/12810","targetHints":{"allow":["GET"]}}],"collection":[{"href":"https:\/\/www.africa-press.net\/comores\/wp-json\/wp\/v2\/posts"}],"about":[{"href":"https:\/\/www.africa-press.net\/comores\/wp-json\/wp\/v2\/types\/post"}],"author":[{"embeddable":true,"href":"https:\/\/www.africa-press.net\/comores\/wp-json\/wp\/v2\/users\/82"}],"replies":[{"embeddable":true,"href":"https:\/\/www.africa-press.net\/comores\/wp-json\/wp\/v2\/comments?post=12810"}],"version-history":[{"count":0,"href":"https:\/\/www.africa-press.net\/comores\/wp-json\/wp\/v2\/posts\/12810\/revisions"}],"wp:featuredmedia":[{"embeddable":true,"href":"https:\/\/www.africa-press.net\/comores\/wp-json\/wp\/v2\/media\/12809"}],"wp:attachment":[{"href":"https:\/\/www.africa-press.net\/comores\/wp-json\/wp\/v2\/media?parent=12810"}],"wp:term":[{"taxonomy":"category","embeddable":true,"href":"https:\/\/www.africa-press.net\/comores\/wp-json\/wp\/v2\/categories?post=12810"},{"taxonomy":"post_tag","embeddable":true,"href":"https:\/\/www.africa-press.net\/comores\/wp-json\/wp\/v2\/tags?post=12810"}],"curies":[{"name":"wp","href":"https:\/\/api.w.org\/{rel}","templated":true}]}}