{"id":12836,"date":"2023-10-12T15:28:57","date_gmt":"2023-10-12T15:28:57","guid":{"rendered":"https:\/\/www.africa-press.net\/comores\/politique\/meck-moheli-a-tenu-son-assemblee-generale-avec-succes"},"modified":"2023-10-12T16:55:47","modified_gmt":"2023-10-12T16:55:47","slug":"meck-moheli-a-tenu-son-assemblee-generale-avec-succes","status":"publish","type":"post","link":"https:\/\/www.africa-press.net\/comores\/toutes-les-actualites\/meck-moheli-a-tenu-son-assemblee-generale-avec-succes","title":{"rendered":"Meck Moh\u00e9li a tenu son assembl\u00e9e g\u00e9n\u00e9rale avec succ\u00e8s"},"content":{"rendered":"<p><span style=\"color: #ff6600\"><strong>Africa-Press &#8211; Comores. <\/strong><\/span><b>Samedi 7 octobre dernier a\u0300 la salle multifonctionnelle de Fomboni, la mutuelle d\u2019e\u0301pargne et de cre\u0301dit MECK Mohe\u0301li a tenu son assemble\u0301e ge\u0301ne\u0301rale ordinaire. C\u2019e\u0301tait l\u2019occasion de faire le bilan financier de l\u2019anne\u0301e e\u0301coule\u0301e et renouveler son conseil d\u2019administration et son comite\u0301 de surveillance. <\/b><\/p>\n<p>La salle multifonctionnelle de Fomboni e\u0301tait pleine a\u0300 craquer ce samedi 7 octobre pour l\u2019assemble\u0301e ge\u0301ne\u0301rale ordinaire consacre\u0301e a\u0300 l\u2019exercice 2022. C\u2019e\u0301tait l\u2019occasion pour les dirigeants de cette institution financie\u0300re de\u0301centralise\u0301e de faire le bilan de l\u2019exercice de l\u2019anne\u0301e pre\u0301ce\u0301dente, analyser les difficulte\u0301s rencontre\u0301es mais aussi pre\u0301senter les perspectives pour l\u2019anne\u0301e 2023. \u00ab Je me fe\u0301licite mon e\u0301quipe et moi de pouvoir re\u0301unir tous ces gens. C\u2019est une fierte\u0301 \u00bb, se re\u0301jouit Ibrahim Yssouf Madi le ge\u0301rant de la MECK Mohe\u0301li. Cette mutuelle de cre\u0301dit et d\u2019e\u0301pargne a pre\u0301sente\u0301 a\u0300 l\u2019assemble\u0301e ge\u0301ne\u0301rale un total du passif et des capitaux propres de 2 milliards 108 millions 627 mille francs comoriens au 31 de\u0301cembre 2022.<\/p>\n<p>Au cours de cette assemble\u0301e, trois membres du conseil d\u2019administration et un membre du comite\u0301 de surveillance ont e\u0301te\u0301 re\u0301e\u0301lus par acclamation pour un nouveau mandat. Ce sont des membres pourtant e\u0301lus l\u2019anne\u0301e dernie\u0300re pour un mandat de 3 ans mais le re\u0300glement exige un renouvellement des membres, donc ils e\u0301taient oblige\u0301s de de\u0301missionner et se porter candidats. Comme aucune autre candidature n&rsquo;a e\u0301te\u0301 de\u0301pose\u0301e, malgre\u0301 l\u2019appel lance\u0301, Harthidine Daroumi a e\u0301te\u0301 acclame\u0301 membre du comite\u0301 de surveillance, Soudjay Attoumane, membre du comite\u0301 de cre\u0301dit et Checkdine Said du conseil d\u2019administration.<\/p>\n<p>Lors de la se\u0301ance des questions et re\u0301ponses, certains membres pre\u0301sents a\u0300 l&rsquo;AG ont e\u0301mis le souhait de la de\u0301centralisation de la MECK dans les re\u0301gions, comme Mle\u0301dje\u0301le\u0301 pour limiter les va et vient des clients vivant dans ces re\u0301gions. Une dole\u0301ance qui est de\u0301ja\u0300 en cours de satisfaction, selon les responsables. La question des taux d\u2019inte\u0301re\u0302t e\u0301leve\u0301s a e\u0301te\u0301 aussi souleve\u0301e et le ge\u0301rant a fait savoir que la MECK a fait des efforts pour partir de 12% a\u0300 un taux compe\u0301titif de 10%.<\/p>\n<p><strong>Pour plus d&rsquo;informations et d&rsquo;analyses sur la <a href=\"https:\/\/www.africa-press.net\/comores\">Comores<\/a>, suivez <a href=\"https:\/\/www.africa-press.net\/\">Africa-Press<\/a><\/strong><\/p>\n","protected":false},"excerpt":{"rendered":"<p>Africa-Press &#8211; Comores. Samedi 7 octobre dernier a\u0300 la salle multifonctionnelle de Fomboni, la mutuelle d\u2019e\u0301pargne et de cre\u0301dit MECK Mohe\u0301li a tenu son assemble\u0301e ge\u0301ne\u0301rale ordinaire. C\u2019e\u0301tait l\u2019occasion de faire le bilan financier de l\u2019anne\u0301e e\u0301coule\u0301e et renouveler son conseil d\u2019administration et son comite\u0301 de surveillance. La salle multifonctionnelle de Fomboni e\u0301tait pleine a\u0300 [&hellip;]<\/p>\n","protected":false},"author":82,"featured_media":12835,"comment_status":"open","ping_status":"closed","sticky":false,"template":"","format":"standard","meta":{"footnotes":""},"categories":[21,10],"tags":[36,53,45],"class_list":["post-12836","post","type-post","status-publish","format-standard","has-post-thumbnail","hentry","category-communaute","category-toutes-les-actualites","tag-africa-press","tag-africa-press-comores","tag-comores"],"yoast_head":"<!-- This site is optimized with the Yoast SEO Premium plugin v26.1 (Yoast SEO v27.0) - https:\/\/yoast.com\/product\/yoast-seo-premium-wordpress\/ -->\n<title>Meck Moh\u00e9li a tenu son assembl\u00e9e g\u00e9n\u00e9rale avec succ\u00e8s - Comores<\/title>\n<meta name=\"description\" content=\"Samedi 7 octobre dernier a\u0300 la salle multifonctionnelle de Fomboni, la mutuelle d\u2019e\u0301pargne et de cre\u0301dit MECK Mohe\u0301li ...\" \/>\n<meta name=\"robots\" content=\"index, follow, max-snippet:-1, max-image-preview:large, max-video-preview:-1\" \/>\n<link rel=\"canonical\" href=\"https:\/\/www.africa-press.net\/comores\/toutes-les-actualites\/meck-moheli-a-tenu-son-assemblee-generale-avec-succes\" \/>\n<meta property=\"og:locale\" content=\"fr_FR\" \/>\n<meta property=\"og:type\" content=\"article\" \/>\n<meta property=\"og:title\" content=\"Meck Moh\u00e9li a tenu son assembl\u00e9e g\u00e9n\u00e9rale avec succ\u00e8s\" \/>\n<meta property=\"og:description\" content=\"Samedi 7 octobre dernier a\u0300 la salle multifonctionnelle de Fomboni, la mutuelle d\u2019e\u0301pargne et de cre\u0301dit MECK Mohe\u0301li ...\" \/>\n<meta property=\"og:url\" content=\"https:\/\/www.africa-press.net\/comores\/toutes-les-actualites\/meck-moheli-a-tenu-son-assemblee-generale-avec-succes\" \/>\n<meta property=\"og:site_name\" content=\"Comores\" \/>\n<meta property=\"article:published_time\" content=\"2023-10-12T15:28:57+00:00\" \/>\n<meta property=\"article:modified_time\" content=\"2023-10-12T16:55:47+00:00\" \/>\n<meta property=\"og:image\" content=\"https:\/\/static.africa-press.net\/centrafricaine\/sites\/48\/2023\/10\/sm_1697113424.828071.jpg\" \/>\n\t<meta property=\"og:image:width\" content=\"750\" \/>\n\t<meta property=\"og:image:height\" content=\"364\" \/>\n\t<meta property=\"og:image:type\" content=\"image\/jpeg\" \/>\n<meta name=\"author\" content=\"cfeditorfr\" \/>\n<meta name=\"twitter:card\" content=\"summary_large_image\" \/>\n<meta name=\"twitter:label1\" content=\"\u00c9crit par\" \/>\n\t<meta name=\"twitter:data1\" content=\"cfeditorfr\" \/>\n\t<meta name=\"twitter:label2\" content=\"Dur\u00e9e de lecture estim\u00e9e\" \/>\n\t<meta name=\"twitter:data2\" content=\"2 minutes\" \/>\n<script type=\"application\/ld+json\" class=\"yoast-schema-graph\">{\"@context\":\"https:\/\/schema.org\",\"@graph\":[{\"@type\":\"Article\",\"@id\":\"https:\/\/www.africa-press.net\/comores\/toutes-les-actualites\/meck-moheli-a-tenu-son-assemblee-generale-avec-succes#article\",\"isPartOf\":{\"@id\":\"https:\/\/www.africa-press.net\/comores\/toutes-les-actualites\/meck-moheli-a-tenu-son-assemblee-generale-avec-succes\"},\"author\":{\"name\":\"cfeditorfr\",\"@id\":\"https:\/\/www.africa-press.net\/comores\/#\/schema\/person\/2b1cf3cd81a31e3cd26889ca66d677f1\"},\"headline\":\"Meck Moh\u00e9li a tenu son assembl\u00e9e g\u00e9n\u00e9rale avec succ\u00e8s\",\"datePublished\":\"2023-10-12T15:28:57+00:00\",\"dateModified\":\"2023-10-12T16:55:47+00:00\",\"mainEntityOfPage\":{\"@id\":\"https:\/\/www.africa-press.net\/comores\/toutes-les-actualites\/meck-moheli-a-tenu-son-assemblee-generale-avec-succes\"},\"wordCount\":444,\"commentCount\":0,\"image\":{\"@id\":\"https:\/\/www.africa-press.net\/comores\/toutes-les-actualites\/meck-moheli-a-tenu-son-assemblee-generale-avec-succes#primaryimage\"},\"thumbnailUrl\":\"https:\/\/static.africa-press.net\/centrafricaine\/sites\/48\/2023\/10\/sm_1697113424.828071.jpg\",\"keywords\":[\"Africa Press\",\"Africa Press-Comores\",\"Comores\"],\"articleSection\":[\"Communaut\u00e9\",\"Toutes les actualit\u00e9s\"],\"inLanguage\":\"fr-FR\",\"potentialAction\":[{\"@type\":\"CommentAction\",\"name\":\"Comment\",\"target\":[\"https:\/\/www.africa-press.net\/comores\/toutes-les-actualites\/meck-moheli-a-tenu-son-assemblee-generale-avec-succes#respond\"]}]},{\"@type\":\"WebPage\",\"@id\":\"https:\/\/www.africa-press.net\/comores\/toutes-les-actualites\/meck-moheli-a-tenu-son-assemblee-generale-avec-succes\",\"url\":\"https:\/\/www.africa-press.net\/comores\/toutes-les-actualites\/meck-moheli-a-tenu-son-assemblee-generale-avec-succes\",\"name\":\"Meck Moh\u00e9li a tenu son assembl\u00e9e g\u00e9n\u00e9rale avec succ\u00e8s - Comores\",\"isPartOf\":{\"@id\":\"https:\/\/www.africa-press.net\/comores\/#website\"},\"primaryImageOfPage\":{\"@id\":\"https:\/\/www.africa-press.net\/comores\/toutes-les-actualites\/meck-moheli-a-tenu-son-assemblee-generale-avec-succes#primaryimage\"},\"image\":{\"@id\":\"https:\/\/www.africa-press.net\/comores\/toutes-les-actualites\/meck-moheli-a-tenu-son-assemblee-generale-avec-succes#primaryimage\"},\"thumbnailUrl\":\"https:\/\/static.africa-press.net\/centrafricaine\/sites\/48\/2023\/10\/sm_1697113424.828071.jpg\",\"datePublished\":\"2023-10-12T15:28:57+00:00\",\"dateModified\":\"2023-10-12T16:55:47+00:00\",\"author\":{\"@id\":\"https:\/\/www.africa-press.net\/comores\/#\/schema\/person\/2b1cf3cd81a31e3cd26889ca66d677f1\"},\"description\":\"Samedi 7 octobre dernier a\u0300 la salle multifonctionnelle de Fomboni, la mutuelle d\u2019e\u0301pargne et de cre\u0301dit MECK Mohe\u0301li ...\",\"breadcrumb\":{\"@id\":\"https:\/\/www.africa-press.net\/comores\/toutes-les-actualites\/meck-moheli-a-tenu-son-assemblee-generale-avec-succes#breadcrumb\"},\"inLanguage\":\"fr-FR\",\"potentialAction\":[{\"@type\":\"ReadAction\",\"target\":[\"https:\/\/www.africa-press.net\/comores\/toutes-les-actualites\/meck-moheli-a-tenu-son-assemblee-generale-avec-succes\"]}]},{\"@type\":\"ImageObject\",\"inLanguage\":\"fr-FR\",\"@id\":\"https:\/\/www.africa-press.net\/comores\/toutes-les-actualites\/meck-moheli-a-tenu-son-assemblee-generale-avec-succes#primaryimage\",\"url\":\"https:\/\/static.africa-press.net\/centrafricaine\/sites\/48\/2023\/10\/sm_1697113424.828071.jpg\",\"contentUrl\":\"https:\/\/static.africa-press.net\/centrafricaine\/sites\/48\/2023\/10\/sm_1697113424.828071.jpg\",\"width\":750,\"height\":364,\"caption\":\"Meck Moh\u00e9li a tenu son assembl\u00e9e g\u00e9n\u00e9rale avec succ\u00e8s\"},{\"@type\":\"BreadcrumbList\",\"@id\":\"https:\/\/www.africa-press.net\/comores\/toutes-les-actualites\/meck-moheli-a-tenu-son-assemblee-generale-avec-succes#breadcrumb\",\"itemListElement\":[{\"@type\":\"ListItem\",\"position\":1,\"name\":\"Accueil\",\"item\":\"https:\/\/www.africa-press.net\/comores\/\"},{\"@type\":\"ListItem\",\"position\":2,\"name\":\"Meck Moh\u00e9li a tenu son assembl\u00e9e g\u00e9n\u00e9rale avec succ\u00e8s\"}]},{\"@type\":\"WebSite\",\"@id\":\"https:\/\/www.africa-press.net\/comores\/#website\",\"url\":\"https:\/\/www.africa-press.net\/comores\/\",\"name\":\"Comores\",\"description\":\"Just another Africa News Agency Sites site\",\"potentialAction\":[{\"@type\":\"SearchAction\",\"target\":{\"@type\":\"EntryPoint\",\"urlTemplate\":\"https:\/\/www.africa-press.net\/comores\/?s={search_term_string}\"},\"query-input\":{\"@type\":\"PropertyValueSpecification\",\"valueRequired\":true,\"valueName\":\"search_term_string\"}}],\"inLanguage\":\"fr-FR\"},{\"@type\":\"Person\",\"@id\":\"https:\/\/www.africa-press.net\/comores\/#\/schema\/person\/2b1cf3cd81a31e3cd26889ca66d677f1\",\"name\":\"cfeditorfr\"}]}<\/script>\n<!-- \/ Yoast SEO Premium plugin. -->","yoast_head_json":{"title":"Meck Moh\u00e9li a tenu son assembl\u00e9e g\u00e9n\u00e9rale avec succ\u00e8s - Comores","description":"Samedi 7 octobre dernier a\u0300 la salle multifonctionnelle de Fomboni, la mutuelle d\u2019e\u0301pargne et de cre\u0301dit MECK Mohe\u0301li ...","robots":{"index":"index","follow":"follow","max-snippet":"max-snippet:-1","max-image-preview":"max-image-preview:large","max-video-preview":"max-video-preview:-1"},"canonical":"https:\/\/www.africa-press.net\/comores\/toutes-les-actualites\/meck-moheli-a-tenu-son-assemblee-generale-avec-succes","og_locale":"fr_FR","og_type":"article","og_title":"Meck Moh\u00e9li a tenu son assembl\u00e9e g\u00e9n\u00e9rale avec succ\u00e8s","og_description":"Samedi 7 octobre dernier a\u0300 la salle multifonctionnelle de Fomboni, la mutuelle d\u2019e\u0301pargne et de cre\u0301dit MECK Mohe\u0301li ...","og_url":"https:\/\/www.africa-press.net\/comores\/toutes-les-actualites\/meck-moheli-a-tenu-son-assemblee-generale-avec-succes","og_site_name":"Comores","article_published_time":"2023-10-12T15:28:57+00:00","article_modified_time":"2023-10-12T16:55:47+00:00","og_image":[{"width":750,"height":364,"url":"https:\/\/static.africa-press.net\/centrafricaine\/sites\/48\/2023\/10\/sm_1697113424.828071.jpg","type":"image\/jpeg"}],"author":"cfeditorfr","twitter_card":"summary_large_image","twitter_misc":{"\u00c9crit par":"cfeditorfr","Dur\u00e9e de lecture estim\u00e9e":"2 minutes"},"schema":{"@context":"https:\/\/schema.org","@graph":[{"@type":"Article","@id":"https:\/\/www.africa-press.net\/comores\/toutes-les-actualites\/meck-moheli-a-tenu-son-assemblee-generale-avec-succes#article","isPartOf":{"@id":"https:\/\/www.africa-press.net\/comores\/toutes-les-actualites\/meck-moheli-a-tenu-son-assemblee-generale-avec-succes"},"author":{"name":"cfeditorfr","@id":"https:\/\/www.africa-press.net\/comores\/#\/schema\/person\/2b1cf3cd81a31e3cd26889ca66d677f1"},"headline":"Meck Moh\u00e9li a tenu son assembl\u00e9e g\u00e9n\u00e9rale avec succ\u00e8s","datePublished":"2023-10-12T15:28:57+00:00","dateModified":"2023-10-12T16:55:47+00:00","mainEntityOfPage":{"@id":"https:\/\/www.africa-press.net\/comores\/toutes-les-actualites\/meck-moheli-a-tenu-son-assemblee-generale-avec-succes"},"wordCount":444,"commentCount":0,"image":{"@id":"https:\/\/www.africa-press.net\/comores\/toutes-les-actualites\/meck-moheli-a-tenu-son-assemblee-generale-avec-succes#primaryimage"},"thumbnailUrl":"https:\/\/static.africa-press.net\/centrafricaine\/sites\/48\/2023\/10\/sm_1697113424.828071.jpg","keywords":["Africa Press","Africa Press-Comores","Comores"],"articleSection":["Communaut\u00e9","Toutes les actualit\u00e9s"],"inLanguage":"fr-FR","potentialAction":[{"@type":"CommentAction","name":"Comment","target":["https:\/\/www.africa-press.net\/comores\/toutes-les-actualites\/meck-moheli-a-tenu-son-assemblee-generale-avec-succes#respond"]}]},{"@type":"WebPage","@id":"https:\/\/www.africa-press.net\/comores\/toutes-les-actualites\/meck-moheli-a-tenu-son-assemblee-generale-avec-succes","url":"https:\/\/www.africa-press.net\/comores\/toutes-les-actualites\/meck-moheli-a-tenu-son-assemblee-generale-avec-succes","name":"Meck Moh\u00e9li a tenu son assembl\u00e9e g\u00e9n\u00e9rale avec succ\u00e8s - Comores","isPartOf":{"@id":"https:\/\/www.africa-press.net\/comores\/#website"},"primaryImageOfPage":{"@id":"https:\/\/www.africa-press.net\/comores\/toutes-les-actualites\/meck-moheli-a-tenu-son-assemblee-generale-avec-succes#primaryimage"},"image":{"@id":"https:\/\/www.africa-press.net\/comores\/toutes-les-actualites\/meck-moheli-a-tenu-son-assemblee-generale-avec-succes#primaryimage"},"thumbnailUrl":"https:\/\/static.africa-press.net\/centrafricaine\/sites\/48\/2023\/10\/sm_1697113424.828071.jpg","datePublished":"2023-10-12T15:28:57+00:00","dateModified":"2023-10-12T16:55:47+00:00","author":{"@id":"https:\/\/www.africa-press.net\/comores\/#\/schema\/person\/2b1cf3cd81a31e3cd26889ca66d677f1"},"description":"Samedi 7 octobre dernier a\u0300 la salle multifonctionnelle de Fomboni, la mutuelle d\u2019e\u0301pargne et de cre\u0301dit MECK Mohe\u0301li ...","breadcrumb":{"@id":"https:\/\/www.africa-press.net\/comores\/toutes-les-actualites\/meck-moheli-a-tenu-son-assemblee-generale-avec-succes#breadcrumb"},"inLanguage":"fr-FR","potentialAction":[{"@type":"ReadAction","target":["https:\/\/www.africa-press.net\/comores\/toutes-les-actualites\/meck-moheli-a-tenu-son-assemblee-generale-avec-succes"]}]},{"@type":"ImageObject","inLanguage":"fr-FR","@id":"https:\/\/www.africa-press.net\/comores\/toutes-les-actualites\/meck-moheli-a-tenu-son-assemblee-generale-avec-succes#primaryimage","url":"https:\/\/static.africa-press.net\/centrafricaine\/sites\/48\/2023\/10\/sm_1697113424.828071.jpg","contentUrl":"https:\/\/static.africa-press.net\/centrafricaine\/sites\/48\/2023\/10\/sm_1697113424.828071.jpg","width":750,"height":364,"caption":"Meck Moh\u00e9li a tenu son assembl\u00e9e g\u00e9n\u00e9rale avec succ\u00e8s"},{"@type":"BreadcrumbList","@id":"https:\/\/www.africa-press.net\/comores\/toutes-les-actualites\/meck-moheli-a-tenu-son-assemblee-generale-avec-succes#breadcrumb","itemListElement":[{"@type":"ListItem","position":1,"name":"Accueil","item":"https:\/\/www.africa-press.net\/comores\/"},{"@type":"ListItem","position":2,"name":"Meck Moh\u00e9li a tenu son assembl\u00e9e g\u00e9n\u00e9rale avec succ\u00e8s"}]},{"@type":"WebSite","@id":"https:\/\/www.africa-press.net\/comores\/#website","url":"https:\/\/www.africa-press.net\/comores\/","name":"Comores","description":"Just another Africa News Agency Sites site","potentialAction":[{"@type":"SearchAction","target":{"@type":"EntryPoint","urlTemplate":"https:\/\/www.africa-press.net\/comores\/?s={search_term_string}"},"query-input":{"@type":"PropertyValueSpecification","valueRequired":true,"valueName":"search_term_string"}}],"inLanguage":"fr-FR"},{"@type":"Person","@id":"https:\/\/www.africa-press.net\/comores\/#\/schema\/person\/2b1cf3cd81a31e3cd26889ca66d677f1","name":"cfeditorfr"}]}},"_links":{"self":[{"href":"https:\/\/www.africa-press.net\/comores\/wp-json\/wp\/v2\/posts\/12836","targetHints":{"allow":["GET"]}}],"collection":[{"href":"https:\/\/www.africa-press.net\/comores\/wp-json\/wp\/v2\/posts"}],"about":[{"href":"https:\/\/www.africa-press.net\/comores\/wp-json\/wp\/v2\/types\/post"}],"author":[{"embeddable":true,"href":"https:\/\/www.africa-press.net\/comores\/wp-json\/wp\/v2\/users\/82"}],"replies":[{"embeddable":true,"href":"https:\/\/www.africa-press.net\/comores\/wp-json\/wp\/v2\/comments?post=12836"}],"version-history":[{"count":0,"href":"https:\/\/www.africa-press.net\/comores\/wp-json\/wp\/v2\/posts\/12836\/revisions"}],"wp:featuredmedia":[{"embeddable":true,"href":"https:\/\/www.africa-press.net\/comores\/wp-json\/wp\/v2\/media\/12835"}],"wp:attachment":[{"href":"https:\/\/www.africa-press.net\/comores\/wp-json\/wp\/v2\/media?parent=12836"}],"wp:term":[{"taxonomy":"category","embeddable":true,"href":"https:\/\/www.africa-press.net\/comores\/wp-json\/wp\/v2\/categories?post=12836"},{"taxonomy":"post_tag","embeddable":true,"href":"https:\/\/www.africa-press.net\/comores\/wp-json\/wp\/v2\/tags?post=12836"}],"curies":[{"name":"wp","href":"https:\/\/api.w.org\/{rel}","templated":true}]}}