{"id":12840,"date":"2023-10-12T15:30:31","date_gmt":"2023-10-12T15:30:31","guid":{"rendered":"https:\/\/www.africa-press.net\/comores\/politique\/election-2024-la-jeunesse-de-daniel-bandar-et-nour-el-fath-se-mobilise"},"modified":"2023-10-12T16:56:59","modified_gmt":"2023-10-12T16:56:59","slug":"election-2024-la-jeunesse-de-daniel-bandar-et-nour-el-fath-se-mobilise","status":"publish","type":"post","link":"https:\/\/www.africa-press.net\/comores\/politique\/election-2024-la-jeunesse-de-daniel-bandar-et-nour-el-fath-se-mobilise","title":{"rendered":"Election 2024 : La jeunesse de Daniel Bandar et Nour El Fath se mobilise"},"content":{"rendered":"<p><span style=\"color: #ff6600\"><strong>Africa-Press &#8211; Comores. <\/strong><\/span><b>A l\u2019approche des e\u0301lections pre\u0301sidentielles et des gouverneurs, le mouvement des jeunes qui soutient le secre\u0301taire ge\u0301ne\u0301ral du gouvernement Daniel Bandar et le conseiller prive\u0301 (CP) du chef de l\u2019Etat Nour El Fath, re\u0301affirme son soutien inde\u0301fectible au gouvernement. <\/b><\/p>\n<p>Apre\u0300s la convocation du corps e\u0301lectoral par de\u0301cret du 4 octobre 2023, les mouvements et partis politiques commencent a\u0300 se mobiliser. C\u2019est le cas du mouvement de la jeunesse de Daniel Bandar et Nour El Fath. Dans un point de presse tenu le lundi 09 octobre dernier, ces jeunes se disent pre\u0302ts a\u0300 accompagner et de travailler sur le terrain pour apporter leur soutien a\u0300 la mouvance pre\u0301sidentielle dans cette e\u0301che\u0301ance e\u0301lectorale. \u00ab Comme vous l\u2019avez vu, le pre\u0301sident de la Re\u0301publique a convoque\u0301 le colle\u0300ge e\u0301lectoral par de\u0301cret du 4 octobre dernier. Cela veut dire qu\u2019il faut re\u0301activer le travail de sensibilisation au sein de ses partisans. On peut dire qu\u2019il y a eu pas mal de sensibilisation ces derniers mois et des reformes au sein du parti. Ce qui fait que le parti au pouvoir a enregistre\u0301 beaucoup de nouveaux jeunes adhe\u0301rant \u00bb, avance Gaffour Andjibou, charge\u0301 de la politique du mouvement. Et de poursuivre : \u00ab Nous pre\u0301cisons que le mouvement de la jeunesse de Daniel Bandar et Nour El Fath est pre\u0302t a\u0300 accompagner le bureau national et fe\u0301de\u0301ral du parti CRC. En tant que mouvement de la jeunesse, nous sommes confiants en la vision du chef de l\u2019Etat \u00bb.<\/p>\n<p>De son co\u0302te\u0301, le secre\u0301taire ge\u0301ne\u0301ral du mouvement Mohamed Athoumani a montre\u0301 que c\u2019est une nouvelle e\u0300re de la jeunesse. Les jeunes doivent prendre leur responsabilite\u0301. \u00ab Nous constatons que beaucoup de jeunes ont des responsabilite\u0301s au sein du gouvernement. Le SGG et CP nous re\u0301pe\u0300tent chaque fois que c\u2019est a\u0300 nous les jeunes de prendre part au de\u0301veloppement du pays. Il faut avoir une confiance en nous me\u0302me, se fixer un objectif et surtout une vision pour le pays. Et cette vision est de\u0301ja\u0300 mise en \u0153uvre, il ne reste que la jeunesse pour se mobilise pour accompagner le gouvernement. Je pense que l\u2019heure est arrive\u0301e \u00bb dit-il.<\/p>\n<p><strong>Pour plus d&rsquo;informations et d&rsquo;analyses sur la <a href=\"https:\/\/www.africa-press.net\/comores\">Comores<\/a>, suivez <a href=\"https:\/\/www.africa-press.net\/\">Africa-Press<\/a><\/strong><\/p>\n","protected":false},"excerpt":{"rendered":"<p>Africa-Press &#8211; Comores. A l\u2019approche des e\u0301lections pre\u0301sidentielles et des gouverneurs, le mouvement des jeunes qui soutient le secre\u0301taire ge\u0301ne\u0301ral du gouvernement Daniel Bandar et le conseiller prive\u0301 (CP) du chef de l\u2019Etat Nour El Fath, re\u0301affirme son soutien inde\u0301fectible au gouvernement. Apre\u0300s la convocation du corps e\u0301lectoral par de\u0301cret du 4 octobre 2023, les [&hellip;]<\/p>\n","protected":false},"author":82,"featured_media":12839,"comment_status":"open","ping_status":"closed","sticky":false,"template":"","format":"standard","meta":{"footnotes":""},"categories":[4,2,10],"tags":[36,53,45],"class_list":["post-12840","post","type-post","status-publish","format-standard","has-post-thumbnail","hentry","category-parties","category-politique","category-toutes-les-actualites","tag-africa-press","tag-africa-press-comores","tag-comores"],"yoast_head":"<!-- This site is optimized with the Yoast SEO Premium plugin v26.1 (Yoast SEO v27.0) - https:\/\/yoast.com\/product\/yoast-seo-premium-wordpress\/ -->\n<title>Election 2024 : La jeunesse de Daniel Bandar et Nour El Fath se mobilise - Comores<\/title>\n<meta name=\"description\" content=\"A l\u2019approche des e\u0301lections pre\u0301sidentielles et des gouverneurs, le mouvement des jeunes qui soutient le secre\u0301taire ...\" \/>\n<meta name=\"robots\" content=\"index, follow, max-snippet:-1, max-image-preview:large, max-video-preview:-1\" \/>\n<link rel=\"canonical\" href=\"https:\/\/www.africa-press.net\/comores\/politique\/election-2024-la-jeunesse-de-daniel-bandar-et-nour-el-fath-se-mobilise\" \/>\n<meta property=\"og:locale\" content=\"fr_FR\" \/>\n<meta property=\"og:type\" content=\"article\" \/>\n<meta property=\"og:title\" content=\"Election 2024 : La jeunesse de Daniel Bandar et Nour El Fath se mobilise\" \/>\n<meta property=\"og:description\" content=\"A l\u2019approche des e\u0301lections pre\u0301sidentielles et des gouverneurs, le mouvement des jeunes qui soutient le secre\u0301taire ...\" \/>\n<meta property=\"og:url\" content=\"https:\/\/www.africa-press.net\/comores\/politique\/election-2024-la-jeunesse-de-daniel-bandar-et-nour-el-fath-se-mobilise\" \/>\n<meta property=\"og:site_name\" content=\"Comores\" \/>\n<meta property=\"article:published_time\" content=\"2023-10-12T15:30:31+00:00\" \/>\n<meta property=\"article:modified_time\" content=\"2023-10-12T16:56:59+00:00\" \/>\n<meta property=\"og:image\" content=\"https:\/\/static.africa-press.net\/centrafricaine\/sites\/48\/2023\/10\/sm_1697113480.285987.jpg\" \/>\n\t<meta property=\"og:image:width\" content=\"750\" \/>\n\t<meta property=\"og:image:height\" content=\"562\" \/>\n\t<meta property=\"og:image:type\" content=\"image\/jpeg\" \/>\n<meta name=\"author\" content=\"cfeditorfr\" \/>\n<meta name=\"twitter:card\" content=\"summary_large_image\" \/>\n<meta name=\"twitter:label1\" content=\"\u00c9crit par\" \/>\n\t<meta name=\"twitter:data1\" content=\"cfeditorfr\" \/>\n\t<meta name=\"twitter:label2\" content=\"Dur\u00e9e de lecture estim\u00e9e\" \/>\n\t<meta name=\"twitter:data2\" content=\"2 minutes\" \/>\n<script type=\"application\/ld+json\" class=\"yoast-schema-graph\">{\"@context\":\"https:\/\/schema.org\",\"@graph\":[{\"@type\":\"Article\",\"@id\":\"https:\/\/www.africa-press.net\/comores\/politique\/election-2024-la-jeunesse-de-daniel-bandar-et-nour-el-fath-se-mobilise#article\",\"isPartOf\":{\"@id\":\"https:\/\/www.africa-press.net\/comores\/politique\/election-2024-la-jeunesse-de-daniel-bandar-et-nour-el-fath-se-mobilise\"},\"author\":{\"name\":\"cfeditorfr\",\"@id\":\"https:\/\/www.africa-press.net\/comores\/#\/schema\/person\/2b1cf3cd81a31e3cd26889ca66d677f1\"},\"headline\":\"Election 2024 : La jeunesse de Daniel Bandar et Nour El Fath se mobilise\",\"datePublished\":\"2023-10-12T15:30:31+00:00\",\"dateModified\":\"2023-10-12T16:56:59+00:00\",\"mainEntityOfPage\":{\"@id\":\"https:\/\/www.africa-press.net\/comores\/politique\/election-2024-la-jeunesse-de-daniel-bandar-et-nour-el-fath-se-mobilise\"},\"wordCount\":416,\"commentCount\":0,\"image\":{\"@id\":\"https:\/\/www.africa-press.net\/comores\/politique\/election-2024-la-jeunesse-de-daniel-bandar-et-nour-el-fath-se-mobilise#primaryimage\"},\"thumbnailUrl\":\"https:\/\/static.africa-press.net\/centrafricaine\/sites\/48\/2023\/10\/sm_1697113480.285987.jpg\",\"keywords\":[\"Africa Press\",\"Africa Press-Comores\",\"Comores\"],\"articleSection\":[\"Parties\",\"Politique\",\"Toutes les actualit\u00e9s\"],\"inLanguage\":\"fr-FR\",\"potentialAction\":[{\"@type\":\"CommentAction\",\"name\":\"Comment\",\"target\":[\"https:\/\/www.africa-press.net\/comores\/politique\/election-2024-la-jeunesse-de-daniel-bandar-et-nour-el-fath-se-mobilise#respond\"]}]},{\"@type\":\"WebPage\",\"@id\":\"https:\/\/www.africa-press.net\/comores\/politique\/election-2024-la-jeunesse-de-daniel-bandar-et-nour-el-fath-se-mobilise\",\"url\":\"https:\/\/www.africa-press.net\/comores\/politique\/election-2024-la-jeunesse-de-daniel-bandar-et-nour-el-fath-se-mobilise\",\"name\":\"Election 2024 : La jeunesse de Daniel Bandar et Nour El Fath se mobilise - Comores\",\"isPartOf\":{\"@id\":\"https:\/\/www.africa-press.net\/comores\/#website\"},\"primaryImageOfPage\":{\"@id\":\"https:\/\/www.africa-press.net\/comores\/politique\/election-2024-la-jeunesse-de-daniel-bandar-et-nour-el-fath-se-mobilise#primaryimage\"},\"image\":{\"@id\":\"https:\/\/www.africa-press.net\/comores\/politique\/election-2024-la-jeunesse-de-daniel-bandar-et-nour-el-fath-se-mobilise#primaryimage\"},\"thumbnailUrl\":\"https:\/\/static.africa-press.net\/centrafricaine\/sites\/48\/2023\/10\/sm_1697113480.285987.jpg\",\"datePublished\":\"2023-10-12T15:30:31+00:00\",\"dateModified\":\"2023-10-12T16:56:59+00:00\",\"author\":{\"@id\":\"https:\/\/www.africa-press.net\/comores\/#\/schema\/person\/2b1cf3cd81a31e3cd26889ca66d677f1\"},\"description\":\"A l\u2019approche des e\u0301lections pre\u0301sidentielles et des gouverneurs, le mouvement des jeunes qui soutient le secre\u0301taire ...\",\"breadcrumb\":{\"@id\":\"https:\/\/www.africa-press.net\/comores\/politique\/election-2024-la-jeunesse-de-daniel-bandar-et-nour-el-fath-se-mobilise#breadcrumb\"},\"inLanguage\":\"fr-FR\",\"potentialAction\":[{\"@type\":\"ReadAction\",\"target\":[\"https:\/\/www.africa-press.net\/comores\/politique\/election-2024-la-jeunesse-de-daniel-bandar-et-nour-el-fath-se-mobilise\"]}]},{\"@type\":\"ImageObject\",\"inLanguage\":\"fr-FR\",\"@id\":\"https:\/\/www.africa-press.net\/comores\/politique\/election-2024-la-jeunesse-de-daniel-bandar-et-nour-el-fath-se-mobilise#primaryimage\",\"url\":\"https:\/\/static.africa-press.net\/centrafricaine\/sites\/48\/2023\/10\/sm_1697113480.285987.jpg\",\"contentUrl\":\"https:\/\/static.africa-press.net\/centrafricaine\/sites\/48\/2023\/10\/sm_1697113480.285987.jpg\",\"width\":750,\"height\":562,\"caption\":\"Election 2024 : La jeunesse de Daniel Bandar et Nour El Fath se mobilise\"},{\"@type\":\"BreadcrumbList\",\"@id\":\"https:\/\/www.africa-press.net\/comores\/politique\/election-2024-la-jeunesse-de-daniel-bandar-et-nour-el-fath-se-mobilise#breadcrumb\",\"itemListElement\":[{\"@type\":\"ListItem\",\"position\":1,\"name\":\"Accueil\",\"item\":\"https:\/\/www.africa-press.net\/comores\/\"},{\"@type\":\"ListItem\",\"position\":2,\"name\":\"Election 2024 : La jeunesse de Daniel Bandar et Nour El Fath se mobilise\"}]},{\"@type\":\"WebSite\",\"@id\":\"https:\/\/www.africa-press.net\/comores\/#website\",\"url\":\"https:\/\/www.africa-press.net\/comores\/\",\"name\":\"Comores\",\"description\":\"Just another Africa News Agency Sites site\",\"potentialAction\":[{\"@type\":\"SearchAction\",\"target\":{\"@type\":\"EntryPoint\",\"urlTemplate\":\"https:\/\/www.africa-press.net\/comores\/?s={search_term_string}\"},\"query-input\":{\"@type\":\"PropertyValueSpecification\",\"valueRequired\":true,\"valueName\":\"search_term_string\"}}],\"inLanguage\":\"fr-FR\"},{\"@type\":\"Person\",\"@id\":\"https:\/\/www.africa-press.net\/comores\/#\/schema\/person\/2b1cf3cd81a31e3cd26889ca66d677f1\",\"name\":\"cfeditorfr\"}]}<\/script>\n<!-- \/ Yoast SEO Premium plugin. -->","yoast_head_json":{"title":"Election 2024 : La jeunesse de Daniel Bandar et Nour El Fath se mobilise - Comores","description":"A l\u2019approche des e\u0301lections pre\u0301sidentielles et des gouverneurs, le mouvement des jeunes qui soutient le secre\u0301taire ...","robots":{"index":"index","follow":"follow","max-snippet":"max-snippet:-1","max-image-preview":"max-image-preview:large","max-video-preview":"max-video-preview:-1"},"canonical":"https:\/\/www.africa-press.net\/comores\/politique\/election-2024-la-jeunesse-de-daniel-bandar-et-nour-el-fath-se-mobilise","og_locale":"fr_FR","og_type":"article","og_title":"Election 2024 : La jeunesse de Daniel Bandar et Nour El Fath se mobilise","og_description":"A l\u2019approche des e\u0301lections pre\u0301sidentielles et des gouverneurs, le mouvement des jeunes qui soutient le secre\u0301taire ...","og_url":"https:\/\/www.africa-press.net\/comores\/politique\/election-2024-la-jeunesse-de-daniel-bandar-et-nour-el-fath-se-mobilise","og_site_name":"Comores","article_published_time":"2023-10-12T15:30:31+00:00","article_modified_time":"2023-10-12T16:56:59+00:00","og_image":[{"width":750,"height":562,"url":"https:\/\/static.africa-press.net\/centrafricaine\/sites\/48\/2023\/10\/sm_1697113480.285987.jpg","type":"image\/jpeg"}],"author":"cfeditorfr","twitter_card":"summary_large_image","twitter_misc":{"\u00c9crit par":"cfeditorfr","Dur\u00e9e de lecture estim\u00e9e":"2 minutes"},"schema":{"@context":"https:\/\/schema.org","@graph":[{"@type":"Article","@id":"https:\/\/www.africa-press.net\/comores\/politique\/election-2024-la-jeunesse-de-daniel-bandar-et-nour-el-fath-se-mobilise#article","isPartOf":{"@id":"https:\/\/www.africa-press.net\/comores\/politique\/election-2024-la-jeunesse-de-daniel-bandar-et-nour-el-fath-se-mobilise"},"author":{"name":"cfeditorfr","@id":"https:\/\/www.africa-press.net\/comores\/#\/schema\/person\/2b1cf3cd81a31e3cd26889ca66d677f1"},"headline":"Election 2024 : La jeunesse de Daniel Bandar et Nour El Fath se mobilise","datePublished":"2023-10-12T15:30:31+00:00","dateModified":"2023-10-12T16:56:59+00:00","mainEntityOfPage":{"@id":"https:\/\/www.africa-press.net\/comores\/politique\/election-2024-la-jeunesse-de-daniel-bandar-et-nour-el-fath-se-mobilise"},"wordCount":416,"commentCount":0,"image":{"@id":"https:\/\/www.africa-press.net\/comores\/politique\/election-2024-la-jeunesse-de-daniel-bandar-et-nour-el-fath-se-mobilise#primaryimage"},"thumbnailUrl":"https:\/\/static.africa-press.net\/centrafricaine\/sites\/48\/2023\/10\/sm_1697113480.285987.jpg","keywords":["Africa Press","Africa Press-Comores","Comores"],"articleSection":["Parties","Politique","Toutes les actualit\u00e9s"],"inLanguage":"fr-FR","potentialAction":[{"@type":"CommentAction","name":"Comment","target":["https:\/\/www.africa-press.net\/comores\/politique\/election-2024-la-jeunesse-de-daniel-bandar-et-nour-el-fath-se-mobilise#respond"]}]},{"@type":"WebPage","@id":"https:\/\/www.africa-press.net\/comores\/politique\/election-2024-la-jeunesse-de-daniel-bandar-et-nour-el-fath-se-mobilise","url":"https:\/\/www.africa-press.net\/comores\/politique\/election-2024-la-jeunesse-de-daniel-bandar-et-nour-el-fath-se-mobilise","name":"Election 2024 : La jeunesse de Daniel Bandar et Nour El Fath se mobilise - Comores","isPartOf":{"@id":"https:\/\/www.africa-press.net\/comores\/#website"},"primaryImageOfPage":{"@id":"https:\/\/www.africa-press.net\/comores\/politique\/election-2024-la-jeunesse-de-daniel-bandar-et-nour-el-fath-se-mobilise#primaryimage"},"image":{"@id":"https:\/\/www.africa-press.net\/comores\/politique\/election-2024-la-jeunesse-de-daniel-bandar-et-nour-el-fath-se-mobilise#primaryimage"},"thumbnailUrl":"https:\/\/static.africa-press.net\/centrafricaine\/sites\/48\/2023\/10\/sm_1697113480.285987.jpg","datePublished":"2023-10-12T15:30:31+00:00","dateModified":"2023-10-12T16:56:59+00:00","author":{"@id":"https:\/\/www.africa-press.net\/comores\/#\/schema\/person\/2b1cf3cd81a31e3cd26889ca66d677f1"},"description":"A l\u2019approche des e\u0301lections pre\u0301sidentielles et des gouverneurs, le mouvement des jeunes qui soutient le secre\u0301taire ...","breadcrumb":{"@id":"https:\/\/www.africa-press.net\/comores\/politique\/election-2024-la-jeunesse-de-daniel-bandar-et-nour-el-fath-se-mobilise#breadcrumb"},"inLanguage":"fr-FR","potentialAction":[{"@type":"ReadAction","target":["https:\/\/www.africa-press.net\/comores\/politique\/election-2024-la-jeunesse-de-daniel-bandar-et-nour-el-fath-se-mobilise"]}]},{"@type":"ImageObject","inLanguage":"fr-FR","@id":"https:\/\/www.africa-press.net\/comores\/politique\/election-2024-la-jeunesse-de-daniel-bandar-et-nour-el-fath-se-mobilise#primaryimage","url":"https:\/\/static.africa-press.net\/centrafricaine\/sites\/48\/2023\/10\/sm_1697113480.285987.jpg","contentUrl":"https:\/\/static.africa-press.net\/centrafricaine\/sites\/48\/2023\/10\/sm_1697113480.285987.jpg","width":750,"height":562,"caption":"Election 2024 : La jeunesse de Daniel Bandar et Nour El Fath se mobilise"},{"@type":"BreadcrumbList","@id":"https:\/\/www.africa-press.net\/comores\/politique\/election-2024-la-jeunesse-de-daniel-bandar-et-nour-el-fath-se-mobilise#breadcrumb","itemListElement":[{"@type":"ListItem","position":1,"name":"Accueil","item":"https:\/\/www.africa-press.net\/comores\/"},{"@type":"ListItem","position":2,"name":"Election 2024 : La jeunesse de Daniel Bandar et Nour El Fath se mobilise"}]},{"@type":"WebSite","@id":"https:\/\/www.africa-press.net\/comores\/#website","url":"https:\/\/www.africa-press.net\/comores\/","name":"Comores","description":"Just another Africa News Agency Sites site","potentialAction":[{"@type":"SearchAction","target":{"@type":"EntryPoint","urlTemplate":"https:\/\/www.africa-press.net\/comores\/?s={search_term_string}"},"query-input":{"@type":"PropertyValueSpecification","valueRequired":true,"valueName":"search_term_string"}}],"inLanguage":"fr-FR"},{"@type":"Person","@id":"https:\/\/www.africa-press.net\/comores\/#\/schema\/person\/2b1cf3cd81a31e3cd26889ca66d677f1","name":"cfeditorfr"}]}},"_links":{"self":[{"href":"https:\/\/www.africa-press.net\/comores\/wp-json\/wp\/v2\/posts\/12840","targetHints":{"allow":["GET"]}}],"collection":[{"href":"https:\/\/www.africa-press.net\/comores\/wp-json\/wp\/v2\/posts"}],"about":[{"href":"https:\/\/www.africa-press.net\/comores\/wp-json\/wp\/v2\/types\/post"}],"author":[{"embeddable":true,"href":"https:\/\/www.africa-press.net\/comores\/wp-json\/wp\/v2\/users\/82"}],"replies":[{"embeddable":true,"href":"https:\/\/www.africa-press.net\/comores\/wp-json\/wp\/v2\/comments?post=12840"}],"version-history":[{"count":0,"href":"https:\/\/www.africa-press.net\/comores\/wp-json\/wp\/v2\/posts\/12840\/revisions"}],"wp:featuredmedia":[{"embeddable":true,"href":"https:\/\/www.africa-press.net\/comores\/wp-json\/wp\/v2\/media\/12839"}],"wp:attachment":[{"href":"https:\/\/www.africa-press.net\/comores\/wp-json\/wp\/v2\/media?parent=12840"}],"wp:term":[{"taxonomy":"category","embeddable":true,"href":"https:\/\/www.africa-press.net\/comores\/wp-json\/wp\/v2\/categories?post=12840"},{"taxonomy":"post_tag","embeddable":true,"href":"https:\/\/www.africa-press.net\/comores\/wp-json\/wp\/v2\/tags?post=12840"}],"curies":[{"name":"wp","href":"https:\/\/api.w.org\/{rel}","templated":true}]}}