{"id":12883,"date":"2023-10-14T19:09:04","date_gmt":"2023-10-14T19:09:04","guid":{"rendered":"https:\/\/www.africa-press.net\/comores\/politique\/elections-des-gouverneurs-des-iles-anissi-ne-briguera-pas-un-nouveau-mandat-a-anjouan"},"modified":"2023-10-14T20:44:02","modified_gmt":"2023-10-14T20:44:02","slug":"elections-des-gouverneurs-des-iles-anissi-ne-briguera-pas-un-nouveau-mandat-a-anjouan","status":"publish","type":"post","link":"https:\/\/www.africa-press.net\/comores\/politique\/elections-des-gouverneurs-des-iles-anissi-ne-briguera-pas-un-nouveau-mandat-a-anjouan","title":{"rendered":"Elections des gouverneurs des iles : Anissi ne briguera pas un nouveau mandat \u00e0 Anjouan"},"content":{"rendered":"<p><span style=\"color: #ff6600\"><strong>Africa-Press &#8211; Comores. <\/strong><\/span><b>Le Gouverneur de l\u2019ile d\u2019Anjouan a de\u0301clare\u0301 qu\u2019il ne sera pas candidat aux prochaines e\u0301lections des gouverneurs, hier jeudi a\u0300 Dar Nadja. Une de\u0301cision qui a surpris plusieurs sympathisants, dont certains n\u2019ont pas pu retenir leur e\u0301motion.<\/b><\/p>\n<p>Cette de\u0301cision peut sembler surprenante pour certains, mais elle de\u0301montre la volonte\u0301 du gouverneur de maintenir l&rsquo;unite\u0301 du pays, pluto\u0302t que de chercher a\u0300 obtenir un nouveau mandat. Il pre\u0301fe\u0300re travailler en collaboration avec le pre\u0301sident de la Re\u0301publique pour le bien-e\u0302tre de la population. Il est conscient de l&rsquo;importance de la continuite\u0301 et de la stabilite\u0301 politique dans l\u2019archipel. Sa de\u0301cision de ne pas se repre\u0301senter aux e\u0301lections te\u0301moigne sa responsabilite\u0301 et son engagement envers la population comorienne.<\/p>\n<p>Sa de\u0301cision a choque\u0301 ses sympathisants et a suscite\u0301 de nombreuses re\u0301actions. Certaines personnes expriment leur frustration, d\u2019autres leur e\u0301tonnement. \u00ab Mes amis politiques ne respectent pas les re\u0300gles e\u0301tablies \u00bb, tente-t-il de s\u2019expliquer. Depuis 4 ans et 5 mois, a\u0300 la te\u0302te de l\u2019exe\u0301cutif d\u2019Anjouan, la constitution n&rsquo;a toujours pas e\u0301te\u0301 mise application, ce qui constitue un dysfonctionnement majeur. Malgre\u0301 cela, Anissi a de\u0301cide\u0301 de prendre une autre voie, sans que son parti politique (SOMA) n&rsquo;ait encore pris position sur le choix d&rsquo;un autre candidat. Trop de me\u0301taphores, discours riches en gymnastiques se\u0301mantiques aussi.<\/p>\n<p>Cette de\u0301cision fait e\u0301cho aux ve\u0301rite\u0301s qui de\u0301rangent et a\u0300 la posture d&rsquo;Anissi en faveur de la lutte contre la corruption. Il semble que cette position ge\u0302ne certains et impacte leur soutien. Cependant, il est important de souligner qu&rsquo;Anissi reste attache\u0301 a\u0300 ses convictions et qu&rsquo;il souhaite offrir une opportunite\u0301 a\u0300 un autre candidat. Cette de\u0301cision de\u0301montre la force de caracte\u0300re d&rsquo;Anissi et son de\u0301sir de voir un renouveau politique a\u0300 Anjouan. Il est certain que son choix ne manquera pas de susciter de nombreuses discussions sur la sce\u0300ne politique insulaire.<\/p>\n<p><strong>Pour plus d&rsquo;informations et d&rsquo;analyses sur la <a href=\"https:\/\/www.africa-press.net\/comores\">Comores<\/a>, suivez <a href=\"https:\/\/www.africa-press.net\/\">Africa-Press<\/a><\/strong><\/p>\n","protected":false},"excerpt":{"rendered":"<p>Africa-Press &#8211; Comores. Le Gouverneur de l\u2019ile d\u2019Anjouan a de\u0301clare\u0301 qu\u2019il ne sera pas candidat aux prochaines e\u0301lections des gouverneurs, hier jeudi a\u0300 Dar Nadja. Une de\u0301cision qui a surpris plusieurs sympathisants, dont certains n\u2019ont pas pu retenir leur e\u0301motion. Cette de\u0301cision peut sembler surprenante pour certains, mais elle de\u0301montre la volonte\u0301 du gouverneur de [&hellip;]<\/p>\n","protected":false},"author":82,"featured_media":12882,"comment_status":"open","ping_status":"closed","sticky":false,"template":"","format":"standard","meta":{"footnotes":""},"categories":[2,10],"tags":[36,53,45],"class_list":["post-12883","post","type-post","status-publish","format-standard","has-post-thumbnail","hentry","category-politique","category-toutes-les-actualites","tag-africa-press","tag-africa-press-comores","tag-comores"],"yoast_head":"<!-- This site is optimized with the Yoast SEO Premium plugin v26.1 (Yoast SEO v27.0) - https:\/\/yoast.com\/product\/yoast-seo-premium-wordpress\/ -->\n<title>Elections des gouverneurs des iles : Anissi ne briguera pas un nouveau mandat \u00e0 Anjouan - Comores<\/title>\n<meta name=\"description\" content=\"Le Gouverneur de l\u2019ile d\u2019Anjouan a de\u0301clare\u0301 qu\u2019il ne sera pas candidat aux prochaines e\u0301lections des gouverneurs, hi ...\" \/>\n<meta name=\"robots\" content=\"index, follow, max-snippet:-1, max-image-preview:large, max-video-preview:-1\" \/>\n<link rel=\"canonical\" href=\"https:\/\/www.africa-press.net\/comores\/politique\/elections-des-gouverneurs-des-iles-anissi-ne-briguera-pas-un-nouveau-mandat-a-anjouan\" \/>\n<meta property=\"og:locale\" content=\"fr_FR\" \/>\n<meta property=\"og:type\" content=\"article\" \/>\n<meta property=\"og:title\" content=\"Elections des gouverneurs des iles : Anissi ne briguera pas un nouveau mandat \u00e0 Anjouan\" \/>\n<meta property=\"og:description\" content=\"Le Gouverneur de l\u2019ile d\u2019Anjouan a de\u0301clare\u0301 qu\u2019il ne sera pas candidat aux prochaines e\u0301lections des gouverneurs, hi ...\" \/>\n<meta property=\"og:url\" content=\"https:\/\/www.africa-press.net\/comores\/politique\/elections-des-gouverneurs-des-iles-anissi-ne-briguera-pas-un-nouveau-mandat-a-anjouan\" \/>\n<meta property=\"og:site_name\" content=\"Comores\" \/>\n<meta property=\"article:published_time\" content=\"2023-10-14T19:09:04+00:00\" \/>\n<meta property=\"article:modified_time\" content=\"2023-10-14T20:44:02+00:00\" \/>\n<meta property=\"og:image\" content=\"https:\/\/static.africa-press.net\/centrafricaine\/sites\/48\/2023\/10\/sm_1697299855.054943.jpg\" \/>\n\t<meta property=\"og:image:width\" content=\"1000\" \/>\n\t<meta property=\"og:image:height\" content=\"750\" \/>\n\t<meta property=\"og:image:type\" content=\"image\/jpeg\" \/>\n<meta name=\"author\" content=\"cfeditorfr\" \/>\n<meta name=\"twitter:card\" content=\"summary_large_image\" \/>\n<meta name=\"twitter:label1\" content=\"\u00c9crit par\" \/>\n\t<meta name=\"twitter:data1\" content=\"cfeditorfr\" \/>\n\t<meta name=\"twitter:label2\" content=\"Dur\u00e9e de lecture estim\u00e9e\" \/>\n\t<meta name=\"twitter:data2\" content=\"2 minutes\" \/>\n<script type=\"application\/ld+json\" class=\"yoast-schema-graph\">{\"@context\":\"https:\/\/schema.org\",\"@graph\":[{\"@type\":\"Article\",\"@id\":\"https:\/\/www.africa-press.net\/comores\/politique\/elections-des-gouverneurs-des-iles-anissi-ne-briguera-pas-un-nouveau-mandat-a-anjouan#article\",\"isPartOf\":{\"@id\":\"https:\/\/www.africa-press.net\/comores\/politique\/elections-des-gouverneurs-des-iles-anissi-ne-briguera-pas-un-nouveau-mandat-a-anjouan\"},\"author\":{\"name\":\"cfeditorfr\",\"@id\":\"https:\/\/www.africa-press.net\/comores\/#\/schema\/person\/2b1cf3cd81a31e3cd26889ca66d677f1\"},\"headline\":\"Elections des gouverneurs des iles : Anissi ne briguera pas un nouveau mandat \u00e0 Anjouan\",\"datePublished\":\"2023-10-14T19:09:04+00:00\",\"dateModified\":\"2023-10-14T20:44:02+00:00\",\"mainEntityOfPage\":{\"@id\":\"https:\/\/www.africa-press.net\/comores\/politique\/elections-des-gouverneurs-des-iles-anissi-ne-briguera-pas-un-nouveau-mandat-a-anjouan\"},\"wordCount\":382,\"commentCount\":0,\"image\":{\"@id\":\"https:\/\/www.africa-press.net\/comores\/politique\/elections-des-gouverneurs-des-iles-anissi-ne-briguera-pas-un-nouveau-mandat-a-anjouan#primaryimage\"},\"thumbnailUrl\":\"https:\/\/static.africa-press.net\/centrafricaine\/sites\/48\/2023\/10\/sm_1697299855.054943.jpg\",\"keywords\":[\"Africa Press\",\"Africa Press-Comores\",\"Comores\"],\"articleSection\":[\"Politique\",\"Toutes les actualit\u00e9s\"],\"inLanguage\":\"fr-FR\",\"potentialAction\":[{\"@type\":\"CommentAction\",\"name\":\"Comment\",\"target\":[\"https:\/\/www.africa-press.net\/comores\/politique\/elections-des-gouverneurs-des-iles-anissi-ne-briguera-pas-un-nouveau-mandat-a-anjouan#respond\"]}]},{\"@type\":\"WebPage\",\"@id\":\"https:\/\/www.africa-press.net\/comores\/politique\/elections-des-gouverneurs-des-iles-anissi-ne-briguera-pas-un-nouveau-mandat-a-anjouan\",\"url\":\"https:\/\/www.africa-press.net\/comores\/politique\/elections-des-gouverneurs-des-iles-anissi-ne-briguera-pas-un-nouveau-mandat-a-anjouan\",\"name\":\"Elections des gouverneurs des iles : Anissi ne briguera pas un nouveau mandat \u00e0 Anjouan - Comores\",\"isPartOf\":{\"@id\":\"https:\/\/www.africa-press.net\/comores\/#website\"},\"primaryImageOfPage\":{\"@id\":\"https:\/\/www.africa-press.net\/comores\/politique\/elections-des-gouverneurs-des-iles-anissi-ne-briguera-pas-un-nouveau-mandat-a-anjouan#primaryimage\"},\"image\":{\"@id\":\"https:\/\/www.africa-press.net\/comores\/politique\/elections-des-gouverneurs-des-iles-anissi-ne-briguera-pas-un-nouveau-mandat-a-anjouan#primaryimage\"},\"thumbnailUrl\":\"https:\/\/static.africa-press.net\/centrafricaine\/sites\/48\/2023\/10\/sm_1697299855.054943.jpg\",\"datePublished\":\"2023-10-14T19:09:04+00:00\",\"dateModified\":\"2023-10-14T20:44:02+00:00\",\"author\":{\"@id\":\"https:\/\/www.africa-press.net\/comores\/#\/schema\/person\/2b1cf3cd81a31e3cd26889ca66d677f1\"},\"description\":\"Le Gouverneur de l\u2019ile d\u2019Anjouan a de\u0301clare\u0301 qu\u2019il ne sera pas candidat aux prochaines e\u0301lections des gouverneurs, hi ...\",\"breadcrumb\":{\"@id\":\"https:\/\/www.africa-press.net\/comores\/politique\/elections-des-gouverneurs-des-iles-anissi-ne-briguera-pas-un-nouveau-mandat-a-anjouan#breadcrumb\"},\"inLanguage\":\"fr-FR\",\"potentialAction\":[{\"@type\":\"ReadAction\",\"target\":[\"https:\/\/www.africa-press.net\/comores\/politique\/elections-des-gouverneurs-des-iles-anissi-ne-briguera-pas-un-nouveau-mandat-a-anjouan\"]}]},{\"@type\":\"ImageObject\",\"inLanguage\":\"fr-FR\",\"@id\":\"https:\/\/www.africa-press.net\/comores\/politique\/elections-des-gouverneurs-des-iles-anissi-ne-briguera-pas-un-nouveau-mandat-a-anjouan#primaryimage\",\"url\":\"https:\/\/static.africa-press.net\/centrafricaine\/sites\/48\/2023\/10\/sm_1697299855.054943.jpg\",\"contentUrl\":\"https:\/\/static.africa-press.net\/centrafricaine\/sites\/48\/2023\/10\/sm_1697299855.054943.jpg\",\"width\":1000,\"height\":750,\"caption\":\"Elections des gouverneurs des iles : Anissi ne briguera pas un nouveau mandat \u00e0 Anjouan\"},{\"@type\":\"BreadcrumbList\",\"@id\":\"https:\/\/www.africa-press.net\/comores\/politique\/elections-des-gouverneurs-des-iles-anissi-ne-briguera-pas-un-nouveau-mandat-a-anjouan#breadcrumb\",\"itemListElement\":[{\"@type\":\"ListItem\",\"position\":1,\"name\":\"Accueil\",\"item\":\"https:\/\/www.africa-press.net\/comores\/\"},{\"@type\":\"ListItem\",\"position\":2,\"name\":\"Elections des gouverneurs des iles : Anissi ne briguera pas un nouveau mandat \u00e0 Anjouan\"}]},{\"@type\":\"WebSite\",\"@id\":\"https:\/\/www.africa-press.net\/comores\/#website\",\"url\":\"https:\/\/www.africa-press.net\/comores\/\",\"name\":\"Comores\",\"description\":\"Just another Africa News Agency Sites site\",\"potentialAction\":[{\"@type\":\"SearchAction\",\"target\":{\"@type\":\"EntryPoint\",\"urlTemplate\":\"https:\/\/www.africa-press.net\/comores\/?s={search_term_string}\"},\"query-input\":{\"@type\":\"PropertyValueSpecification\",\"valueRequired\":true,\"valueName\":\"search_term_string\"}}],\"inLanguage\":\"fr-FR\"},{\"@type\":\"Person\",\"@id\":\"https:\/\/www.africa-press.net\/comores\/#\/schema\/person\/2b1cf3cd81a31e3cd26889ca66d677f1\",\"name\":\"cfeditorfr\"}]}<\/script>\n<!-- \/ Yoast SEO Premium plugin. -->","yoast_head_json":{"title":"Elections des gouverneurs des iles : Anissi ne briguera pas un nouveau mandat \u00e0 Anjouan - Comores","description":"Le Gouverneur de l\u2019ile d\u2019Anjouan a de\u0301clare\u0301 qu\u2019il ne sera pas candidat aux prochaines e\u0301lections des gouverneurs, hi ...","robots":{"index":"index","follow":"follow","max-snippet":"max-snippet:-1","max-image-preview":"max-image-preview:large","max-video-preview":"max-video-preview:-1"},"canonical":"https:\/\/www.africa-press.net\/comores\/politique\/elections-des-gouverneurs-des-iles-anissi-ne-briguera-pas-un-nouveau-mandat-a-anjouan","og_locale":"fr_FR","og_type":"article","og_title":"Elections des gouverneurs des iles : Anissi ne briguera pas un nouveau mandat \u00e0 Anjouan","og_description":"Le Gouverneur de l\u2019ile d\u2019Anjouan a de\u0301clare\u0301 qu\u2019il ne sera pas candidat aux prochaines e\u0301lections des gouverneurs, hi ...","og_url":"https:\/\/www.africa-press.net\/comores\/politique\/elections-des-gouverneurs-des-iles-anissi-ne-briguera-pas-un-nouveau-mandat-a-anjouan","og_site_name":"Comores","article_published_time":"2023-10-14T19:09:04+00:00","article_modified_time":"2023-10-14T20:44:02+00:00","og_image":[{"width":1000,"height":750,"url":"https:\/\/static.africa-press.net\/centrafricaine\/sites\/48\/2023\/10\/sm_1697299855.054943.jpg","type":"image\/jpeg"}],"author":"cfeditorfr","twitter_card":"summary_large_image","twitter_misc":{"\u00c9crit par":"cfeditorfr","Dur\u00e9e de lecture estim\u00e9e":"2 minutes"},"schema":{"@context":"https:\/\/schema.org","@graph":[{"@type":"Article","@id":"https:\/\/www.africa-press.net\/comores\/politique\/elections-des-gouverneurs-des-iles-anissi-ne-briguera-pas-un-nouveau-mandat-a-anjouan#article","isPartOf":{"@id":"https:\/\/www.africa-press.net\/comores\/politique\/elections-des-gouverneurs-des-iles-anissi-ne-briguera-pas-un-nouveau-mandat-a-anjouan"},"author":{"name":"cfeditorfr","@id":"https:\/\/www.africa-press.net\/comores\/#\/schema\/person\/2b1cf3cd81a31e3cd26889ca66d677f1"},"headline":"Elections des gouverneurs des iles : Anissi ne briguera pas un nouveau mandat \u00e0 Anjouan","datePublished":"2023-10-14T19:09:04+00:00","dateModified":"2023-10-14T20:44:02+00:00","mainEntityOfPage":{"@id":"https:\/\/www.africa-press.net\/comores\/politique\/elections-des-gouverneurs-des-iles-anissi-ne-briguera-pas-un-nouveau-mandat-a-anjouan"},"wordCount":382,"commentCount":0,"image":{"@id":"https:\/\/www.africa-press.net\/comores\/politique\/elections-des-gouverneurs-des-iles-anissi-ne-briguera-pas-un-nouveau-mandat-a-anjouan#primaryimage"},"thumbnailUrl":"https:\/\/static.africa-press.net\/centrafricaine\/sites\/48\/2023\/10\/sm_1697299855.054943.jpg","keywords":["Africa Press","Africa Press-Comores","Comores"],"articleSection":["Politique","Toutes les actualit\u00e9s"],"inLanguage":"fr-FR","potentialAction":[{"@type":"CommentAction","name":"Comment","target":["https:\/\/www.africa-press.net\/comores\/politique\/elections-des-gouverneurs-des-iles-anissi-ne-briguera-pas-un-nouveau-mandat-a-anjouan#respond"]}]},{"@type":"WebPage","@id":"https:\/\/www.africa-press.net\/comores\/politique\/elections-des-gouverneurs-des-iles-anissi-ne-briguera-pas-un-nouveau-mandat-a-anjouan","url":"https:\/\/www.africa-press.net\/comores\/politique\/elections-des-gouverneurs-des-iles-anissi-ne-briguera-pas-un-nouveau-mandat-a-anjouan","name":"Elections des gouverneurs des iles : Anissi ne briguera pas un nouveau mandat \u00e0 Anjouan - Comores","isPartOf":{"@id":"https:\/\/www.africa-press.net\/comores\/#website"},"primaryImageOfPage":{"@id":"https:\/\/www.africa-press.net\/comores\/politique\/elections-des-gouverneurs-des-iles-anissi-ne-briguera-pas-un-nouveau-mandat-a-anjouan#primaryimage"},"image":{"@id":"https:\/\/www.africa-press.net\/comores\/politique\/elections-des-gouverneurs-des-iles-anissi-ne-briguera-pas-un-nouveau-mandat-a-anjouan#primaryimage"},"thumbnailUrl":"https:\/\/static.africa-press.net\/centrafricaine\/sites\/48\/2023\/10\/sm_1697299855.054943.jpg","datePublished":"2023-10-14T19:09:04+00:00","dateModified":"2023-10-14T20:44:02+00:00","author":{"@id":"https:\/\/www.africa-press.net\/comores\/#\/schema\/person\/2b1cf3cd81a31e3cd26889ca66d677f1"},"description":"Le Gouverneur de l\u2019ile d\u2019Anjouan a de\u0301clare\u0301 qu\u2019il ne sera pas candidat aux prochaines e\u0301lections des gouverneurs, hi ...","breadcrumb":{"@id":"https:\/\/www.africa-press.net\/comores\/politique\/elections-des-gouverneurs-des-iles-anissi-ne-briguera-pas-un-nouveau-mandat-a-anjouan#breadcrumb"},"inLanguage":"fr-FR","potentialAction":[{"@type":"ReadAction","target":["https:\/\/www.africa-press.net\/comores\/politique\/elections-des-gouverneurs-des-iles-anissi-ne-briguera-pas-un-nouveau-mandat-a-anjouan"]}]},{"@type":"ImageObject","inLanguage":"fr-FR","@id":"https:\/\/www.africa-press.net\/comores\/politique\/elections-des-gouverneurs-des-iles-anissi-ne-briguera-pas-un-nouveau-mandat-a-anjouan#primaryimage","url":"https:\/\/static.africa-press.net\/centrafricaine\/sites\/48\/2023\/10\/sm_1697299855.054943.jpg","contentUrl":"https:\/\/static.africa-press.net\/centrafricaine\/sites\/48\/2023\/10\/sm_1697299855.054943.jpg","width":1000,"height":750,"caption":"Elections des gouverneurs des iles : Anissi ne briguera pas un nouveau mandat \u00e0 Anjouan"},{"@type":"BreadcrumbList","@id":"https:\/\/www.africa-press.net\/comores\/politique\/elections-des-gouverneurs-des-iles-anissi-ne-briguera-pas-un-nouveau-mandat-a-anjouan#breadcrumb","itemListElement":[{"@type":"ListItem","position":1,"name":"Accueil","item":"https:\/\/www.africa-press.net\/comores\/"},{"@type":"ListItem","position":2,"name":"Elections des gouverneurs des iles : Anissi ne briguera pas un nouveau mandat \u00e0 Anjouan"}]},{"@type":"WebSite","@id":"https:\/\/www.africa-press.net\/comores\/#website","url":"https:\/\/www.africa-press.net\/comores\/","name":"Comores","description":"Just another Africa News Agency Sites site","potentialAction":[{"@type":"SearchAction","target":{"@type":"EntryPoint","urlTemplate":"https:\/\/www.africa-press.net\/comores\/?s={search_term_string}"},"query-input":{"@type":"PropertyValueSpecification","valueRequired":true,"valueName":"search_term_string"}}],"inLanguage":"fr-FR"},{"@type":"Person","@id":"https:\/\/www.africa-press.net\/comores\/#\/schema\/person\/2b1cf3cd81a31e3cd26889ca66d677f1","name":"cfeditorfr"}]}},"_links":{"self":[{"href":"https:\/\/www.africa-press.net\/comores\/wp-json\/wp\/v2\/posts\/12883","targetHints":{"allow":["GET"]}}],"collection":[{"href":"https:\/\/www.africa-press.net\/comores\/wp-json\/wp\/v2\/posts"}],"about":[{"href":"https:\/\/www.africa-press.net\/comores\/wp-json\/wp\/v2\/types\/post"}],"author":[{"embeddable":true,"href":"https:\/\/www.africa-press.net\/comores\/wp-json\/wp\/v2\/users\/82"}],"replies":[{"embeddable":true,"href":"https:\/\/www.africa-press.net\/comores\/wp-json\/wp\/v2\/comments?post=12883"}],"version-history":[{"count":0,"href":"https:\/\/www.africa-press.net\/comores\/wp-json\/wp\/v2\/posts\/12883\/revisions"}],"wp:featuredmedia":[{"embeddable":true,"href":"https:\/\/www.africa-press.net\/comores\/wp-json\/wp\/v2\/media\/12882"}],"wp:attachment":[{"href":"https:\/\/www.africa-press.net\/comores\/wp-json\/wp\/v2\/media?parent=12883"}],"wp:term":[{"taxonomy":"category","embeddable":true,"href":"https:\/\/www.africa-press.net\/comores\/wp-json\/wp\/v2\/categories?post=12883"},{"taxonomy":"post_tag","embeddable":true,"href":"https:\/\/www.africa-press.net\/comores\/wp-json\/wp\/v2\/tags?post=12883"}],"curies":[{"name":"wp","href":"https:\/\/api.w.org\/{rel}","templated":true}]}}