{"id":12885,"date":"2023-10-14T19:13:17","date_gmt":"2023-10-14T19:13:17","guid":{"rendered":"https:\/\/www.africa-press.net\/comores\/politique\/meck-moroni-et-le-gerant-de-vijay-import-assignes-en-refere"},"modified":"2023-10-14T20:45:06","modified_gmt":"2023-10-14T20:45:06","slug":"meck-moroni-et-le-gerant-de-vijay-import-assignes-en-refere","status":"publish","type":"post","link":"https:\/\/www.africa-press.net\/comores\/toutes-les-actualites\/meck-moroni-et-le-gerant-de-vijay-import-assignes-en-refere","title":{"rendered":"Meck-Moroni et le g\u00e9rant de Vijay import assign\u00e9s en r\u00e9f\u00e9r\u00e9"},"content":{"rendered":"<p><span style=\"color: #ff6600\"><strong>Africa-Press &#8211; Comores. <\/strong><\/span><b>L\u2019avocat de Nazra Said Hassani, jeune femme suspecte\u0301e d\u2019e\u0302tre le cerveau d\u2019une affaire d\u2019escroquerie de type Ponzi, assigne en re\u0301fe\u0301re\u0301 la Meck-Moroni, le ge\u0301rant de Vijay import, ainsi qu\u2019un notaire. Les trois personnalite\u0301s sont parties prenantes dans la saisie de la maison appartenant a\u0300 la famille de Mme Nazra. Une ope\u0301ration dont l\u2019avocat de cette dernie\u0300re de\u0301nonce l\u2019\u00ab ille\u0301galite\u0301 \u00bb.<\/b><\/p>\n<p>Devant la presse hier jeudi 12 octobre, Me Idriss Mze Moegne, avocat de Nazra Said Hassani, jeune femme suspecte\u0301e d\u2019e\u0302tre le cerveau d\u2019une affaire d\u2019escroquerie de type Ponzi dont les pre\u0301judices s\u2019e\u0301le\u0300veraient a\u0300 plusieurs centaines de millions de nos francs, a annonce\u0301 sa de\u0301termination a\u0300 de\u0301fendre les inte\u0301re\u0302ts de sa cliente, de\u0301tenue provisoirement par le juge d\u2019instruction. Sur cette affaire pre\u0301cise, l\u2019inculpe\u0301e est prive\u0301e de sa maison par le ge\u0301rant de Vijay import et ce dans une de\u0301marche que son avocat qualifie d\u2019 \u00ab ille\u0301gale \u00bb. Me Idriss Mze Moegne, puisqu\u2019il s\u2019agit de lui, a assigne\u0301 en re\u0301fe\u0301re\u0301 pour ce lundi 16 octobre, la Meck-Moroni, le ge\u0301rant de Vijay import, ainsi qu\u2019un notaire.<\/p>\n<p>\u00ab Ma cliente avait eu une discussion avec le ge\u0301rant de Vijay import. Un compromis de vente a e\u0301te\u0301 signe\u0301 le 31 de\u0301cembre 2022 devant un notaire concernant la maison. Sauf qu\u2019aucun transfert n\u2019a e\u0301te\u0301 effectue\u0301 a\u0300 l\u2019endroit de ma cliente. Aujourd\u2019hui le ge\u0301rant de Vijay import dit avoir achete\u0301 cette maison alors que ma cliente n\u2019a jamais vu la couleur de l\u2019argent. On nous a sorti une de\u0301charge stipulant que ma cliente a admis avoir rec\u0327u la somme de 450 millions de francs. Sauf que c\u2019est un faux. Plus surprenant encore, la maison en question est sous hypothe\u0300que de la Meck-Moroni. Et ladite institution, au lieu de prote\u0301ger la maison jusqu\u2019au re\u0300glement total du cre\u0301dit que ma cliente a contracte\u0301, a demande\u0301 au ge\u0301rant de Vijay import de rembourser la somme de 70 millions pour prendre la maison en possession \u00bb.<\/p>\n<p>Une ordonnance a e\u0301te\u0301 e\u0301tablie et la me\u0300re de Nazra force\u0301e de de\u0301guerpir les lieux, sans aucun me\u0301nagement. \u00ab Il faut que le ge\u0301rant de Vijay import de\u0301montre les preuves de l\u2019argent qu\u2019il pre\u0301tend avoir remis a\u0300 ma cliente \u00bb, insiste l\u2019avocat. \u00ab Il veut montrer qu\u2019il a les bras longs dans ce pays. Comment est-ce possible qu\u2019a\u0300 5 heures du matin, on chasse quelqu\u2019un de chez lui ? Pourquoi ce n\u2019e\u0301tait pas la gendarmerie qui a exe\u0301cute\u0301 cette de\u0301cision ? Le notaire aussi doit s\u2019expliquer \u00bb. Melon Me Idriss, sur l\u2019acte de vente brandi par la partie adverse, figure \u00ab e\u0301trangement \u00bb la signature de la s\u0153ur de Nazra \u00ab alors qu\u2019elle est a\u0300 l\u2019e\u0301tranger \u00bb.<\/p>\n<p>Rappelons que c\u2019est le 05 avril dernier quand Nazra Sai\u0308d Hassani est arrive\u0301 aux Comores apre\u0300s avoir e\u0301te\u0301 arre\u0302te\u0301 a\u0300 l\u2019ae\u0301roport de Madagascar ou elle avait tente\u0301 de fuir avec sa petite famille. Elle est suspecte\u0301e d\u2019e\u0302tre au c\u0153ur d\u2019une vaste ope\u0301ration d\u2019arnaque de type ponzi. Les pre\u0301judices sont pre\u0301sume\u0301s a\u0300 plusieurs millions de nos francs. La jeune femme, marie\u0301e, vient d\u2019accoucher il y juste trois jours selon son avocat qui reconnait que les droits de sa cliente ont e\u0301te\u0301 respecte\u0301s.<\/p>\n<p><strong>Pour plus d&rsquo;informations et d&rsquo;analyses sur la <a href=\"https:\/\/www.africa-press.net\/comores\">Comores<\/a>, suivez <a href=\"https:\/\/www.africa-press.net\/\">Africa-Press<\/a><\/strong><\/p>\n","protected":false},"excerpt":{"rendered":"<p>Africa-Press &#8211; Comores. L\u2019avocat de Nazra Said Hassani, jeune femme suspecte\u0301e d\u2019e\u0302tre le cerveau d\u2019une affaire d\u2019escroquerie de type Ponzi, assigne en re\u0301fe\u0301re\u0301 la Meck-Moroni, le ge\u0301rant de Vijay import, ainsi qu\u2019un notaire. Les trois personnalite\u0301s sont parties prenantes dans la saisie de la maison appartenant a\u0300 la famille de Mme Nazra. Une ope\u0301ration dont [&hellip;]<\/p>\n","protected":false},"author":82,"featured_media":12884,"comment_status":"open","ping_status":"closed","sticky":false,"template":"","format":"standard","meta":{"footnotes":""},"categories":[21,10],"tags":[36,53,45],"class_list":["post-12885","post","type-post","status-publish","format-standard","has-post-thumbnail","hentry","category-communaute","category-toutes-les-actualites","tag-africa-press","tag-africa-press-comores","tag-comores"],"yoast_head":"<!-- This site is optimized with the Yoast SEO Premium plugin v26.1 (Yoast SEO v27.0) - https:\/\/yoast.com\/product\/yoast-seo-premium-wordpress\/ -->\n<title>Meck-Moroni et le g\u00e9rant de Vijay import assign\u00e9s en r\u00e9f\u00e9r\u00e9 - Comores<\/title>\n<meta name=\"description\" content=\"L\u2019avocat de Nazra Said Hassani, jeune femme suspecte\u0301e d\u2019e\u0302tre le cerveau d\u2019une affaire d\u2019escroquerie de type Ponzi, ...\" \/>\n<meta name=\"robots\" content=\"index, follow, max-snippet:-1, max-image-preview:large, max-video-preview:-1\" \/>\n<link rel=\"canonical\" href=\"https:\/\/www.africa-press.net\/comores\/toutes-les-actualites\/meck-moroni-et-le-gerant-de-vijay-import-assignes-en-refere\" \/>\n<meta property=\"og:locale\" content=\"fr_FR\" \/>\n<meta property=\"og:type\" content=\"article\" \/>\n<meta property=\"og:title\" content=\"Meck-Moroni et le g\u00e9rant de Vijay import assign\u00e9s en r\u00e9f\u00e9r\u00e9\" \/>\n<meta property=\"og:description\" content=\"L\u2019avocat de Nazra Said Hassani, jeune femme suspecte\u0301e d\u2019e\u0302tre le cerveau d\u2019une affaire d\u2019escroquerie de type Ponzi, ...\" \/>\n<meta property=\"og:url\" content=\"https:\/\/www.africa-press.net\/comores\/toutes-les-actualites\/meck-moroni-et-le-gerant-de-vijay-import-assignes-en-refere\" \/>\n<meta property=\"og:site_name\" content=\"Comores\" \/>\n<meta property=\"article:published_time\" content=\"2023-10-14T19:13:17+00:00\" \/>\n<meta property=\"article:modified_time\" content=\"2023-10-14T20:45:06+00:00\" \/>\n<meta property=\"og:image\" content=\"https:\/\/static.africa-press.net\/centrafricaine\/sites\/48\/2023\/10\/sm_1697299912.294731.jpg\" \/>\n\t<meta property=\"og:image:width\" content=\"1280\" \/>\n\t<meta property=\"og:image:height\" content=\"720\" \/>\n\t<meta property=\"og:image:type\" content=\"image\/jpeg\" \/>\n<meta name=\"author\" content=\"cfeditorfr\" \/>\n<meta name=\"twitter:card\" content=\"summary_large_image\" \/>\n<meta name=\"twitter:label1\" content=\"\u00c9crit par\" \/>\n\t<meta name=\"twitter:data1\" content=\"cfeditorfr\" \/>\n\t<meta name=\"twitter:label2\" content=\"Dur\u00e9e de lecture estim\u00e9e\" \/>\n\t<meta name=\"twitter:data2\" content=\"3 minutes\" \/>\n<script type=\"application\/ld+json\" class=\"yoast-schema-graph\">{\"@context\":\"https:\/\/schema.org\",\"@graph\":[{\"@type\":\"Article\",\"@id\":\"https:\/\/www.africa-press.net\/comores\/toutes-les-actualites\/meck-moroni-et-le-gerant-de-vijay-import-assignes-en-refere#article\",\"isPartOf\":{\"@id\":\"https:\/\/www.africa-press.net\/comores\/toutes-les-actualites\/meck-moroni-et-le-gerant-de-vijay-import-assignes-en-refere\"},\"author\":{\"name\":\"cfeditorfr\",\"@id\":\"https:\/\/www.africa-press.net\/comores\/#\/schema\/person\/2b1cf3cd81a31e3cd26889ca66d677f1\"},\"headline\":\"Meck-Moroni et le g\u00e9rant de Vijay import assign\u00e9s en r\u00e9f\u00e9r\u00e9\",\"datePublished\":\"2023-10-14T19:13:17+00:00\",\"dateModified\":\"2023-10-14T20:45:06+00:00\",\"mainEntityOfPage\":{\"@id\":\"https:\/\/www.africa-press.net\/comores\/toutes-les-actualites\/meck-moroni-et-le-gerant-de-vijay-import-assignes-en-refere\"},\"wordCount\":630,\"commentCount\":0,\"image\":{\"@id\":\"https:\/\/www.africa-press.net\/comores\/toutes-les-actualites\/meck-moroni-et-le-gerant-de-vijay-import-assignes-en-refere#primaryimage\"},\"thumbnailUrl\":\"https:\/\/static.africa-press.net\/centrafricaine\/sites\/48\/2023\/10\/sm_1697299912.294731.jpg\",\"keywords\":[\"Africa Press\",\"Africa Press-Comores\",\"Comores\"],\"articleSection\":[\"Communaut\u00e9\",\"Toutes les actualit\u00e9s\"],\"inLanguage\":\"fr-FR\",\"potentialAction\":[{\"@type\":\"CommentAction\",\"name\":\"Comment\",\"target\":[\"https:\/\/www.africa-press.net\/comores\/toutes-les-actualites\/meck-moroni-et-le-gerant-de-vijay-import-assignes-en-refere#respond\"]}]},{\"@type\":\"WebPage\",\"@id\":\"https:\/\/www.africa-press.net\/comores\/toutes-les-actualites\/meck-moroni-et-le-gerant-de-vijay-import-assignes-en-refere\",\"url\":\"https:\/\/www.africa-press.net\/comores\/toutes-les-actualites\/meck-moroni-et-le-gerant-de-vijay-import-assignes-en-refere\",\"name\":\"Meck-Moroni et le g\u00e9rant de Vijay import assign\u00e9s en r\u00e9f\u00e9r\u00e9 - Comores\",\"isPartOf\":{\"@id\":\"https:\/\/www.africa-press.net\/comores\/#website\"},\"primaryImageOfPage\":{\"@id\":\"https:\/\/www.africa-press.net\/comores\/toutes-les-actualites\/meck-moroni-et-le-gerant-de-vijay-import-assignes-en-refere#primaryimage\"},\"image\":{\"@id\":\"https:\/\/www.africa-press.net\/comores\/toutes-les-actualites\/meck-moroni-et-le-gerant-de-vijay-import-assignes-en-refere#primaryimage\"},\"thumbnailUrl\":\"https:\/\/static.africa-press.net\/centrafricaine\/sites\/48\/2023\/10\/sm_1697299912.294731.jpg\",\"datePublished\":\"2023-10-14T19:13:17+00:00\",\"dateModified\":\"2023-10-14T20:45:06+00:00\",\"author\":{\"@id\":\"https:\/\/www.africa-press.net\/comores\/#\/schema\/person\/2b1cf3cd81a31e3cd26889ca66d677f1\"},\"description\":\"L\u2019avocat de Nazra Said Hassani, jeune femme suspecte\u0301e d\u2019e\u0302tre le cerveau d\u2019une affaire d\u2019escroquerie de type Ponzi, ...\",\"breadcrumb\":{\"@id\":\"https:\/\/www.africa-press.net\/comores\/toutes-les-actualites\/meck-moroni-et-le-gerant-de-vijay-import-assignes-en-refere#breadcrumb\"},\"inLanguage\":\"fr-FR\",\"potentialAction\":[{\"@type\":\"ReadAction\",\"target\":[\"https:\/\/www.africa-press.net\/comores\/toutes-les-actualites\/meck-moroni-et-le-gerant-de-vijay-import-assignes-en-refere\"]}]},{\"@type\":\"ImageObject\",\"inLanguage\":\"fr-FR\",\"@id\":\"https:\/\/www.africa-press.net\/comores\/toutes-les-actualites\/meck-moroni-et-le-gerant-de-vijay-import-assignes-en-refere#primaryimage\",\"url\":\"https:\/\/static.africa-press.net\/centrafricaine\/sites\/48\/2023\/10\/sm_1697299912.294731.jpg\",\"contentUrl\":\"https:\/\/static.africa-press.net\/centrafricaine\/sites\/48\/2023\/10\/sm_1697299912.294731.jpg\",\"width\":1280,\"height\":720,\"caption\":\"Meck-Moroni et le g\u00e9rant de Vijay import assign\u00e9s en r\u00e9f\u00e9r\u00e9\"},{\"@type\":\"BreadcrumbList\",\"@id\":\"https:\/\/www.africa-press.net\/comores\/toutes-les-actualites\/meck-moroni-et-le-gerant-de-vijay-import-assignes-en-refere#breadcrumb\",\"itemListElement\":[{\"@type\":\"ListItem\",\"position\":1,\"name\":\"Accueil\",\"item\":\"https:\/\/www.africa-press.net\/comores\/\"},{\"@type\":\"ListItem\",\"position\":2,\"name\":\"Meck-Moroni et le g\u00e9rant de Vijay import assign\u00e9s en r\u00e9f\u00e9r\u00e9\"}]},{\"@type\":\"WebSite\",\"@id\":\"https:\/\/www.africa-press.net\/comores\/#website\",\"url\":\"https:\/\/www.africa-press.net\/comores\/\",\"name\":\"Comores\",\"description\":\"Just another Africa News Agency Sites site\",\"potentialAction\":[{\"@type\":\"SearchAction\",\"target\":{\"@type\":\"EntryPoint\",\"urlTemplate\":\"https:\/\/www.africa-press.net\/comores\/?s={search_term_string}\"},\"query-input\":{\"@type\":\"PropertyValueSpecification\",\"valueRequired\":true,\"valueName\":\"search_term_string\"}}],\"inLanguage\":\"fr-FR\"},{\"@type\":\"Person\",\"@id\":\"https:\/\/www.africa-press.net\/comores\/#\/schema\/person\/2b1cf3cd81a31e3cd26889ca66d677f1\",\"name\":\"cfeditorfr\"}]}<\/script>\n<!-- \/ Yoast SEO Premium plugin. -->","yoast_head_json":{"title":"Meck-Moroni et le g\u00e9rant de Vijay import assign\u00e9s en r\u00e9f\u00e9r\u00e9 - Comores","description":"L\u2019avocat de Nazra Said Hassani, jeune femme suspecte\u0301e d\u2019e\u0302tre le cerveau d\u2019une affaire d\u2019escroquerie de type Ponzi, ...","robots":{"index":"index","follow":"follow","max-snippet":"max-snippet:-1","max-image-preview":"max-image-preview:large","max-video-preview":"max-video-preview:-1"},"canonical":"https:\/\/www.africa-press.net\/comores\/toutes-les-actualites\/meck-moroni-et-le-gerant-de-vijay-import-assignes-en-refere","og_locale":"fr_FR","og_type":"article","og_title":"Meck-Moroni et le g\u00e9rant de Vijay import assign\u00e9s en r\u00e9f\u00e9r\u00e9","og_description":"L\u2019avocat de Nazra Said Hassani, jeune femme suspecte\u0301e d\u2019e\u0302tre le cerveau d\u2019une affaire d\u2019escroquerie de type Ponzi, ...","og_url":"https:\/\/www.africa-press.net\/comores\/toutes-les-actualites\/meck-moroni-et-le-gerant-de-vijay-import-assignes-en-refere","og_site_name":"Comores","article_published_time":"2023-10-14T19:13:17+00:00","article_modified_time":"2023-10-14T20:45:06+00:00","og_image":[{"width":1280,"height":720,"url":"https:\/\/static.africa-press.net\/centrafricaine\/sites\/48\/2023\/10\/sm_1697299912.294731.jpg","type":"image\/jpeg"}],"author":"cfeditorfr","twitter_card":"summary_large_image","twitter_misc":{"\u00c9crit par":"cfeditorfr","Dur\u00e9e de lecture estim\u00e9e":"3 minutes"},"schema":{"@context":"https:\/\/schema.org","@graph":[{"@type":"Article","@id":"https:\/\/www.africa-press.net\/comores\/toutes-les-actualites\/meck-moroni-et-le-gerant-de-vijay-import-assignes-en-refere#article","isPartOf":{"@id":"https:\/\/www.africa-press.net\/comores\/toutes-les-actualites\/meck-moroni-et-le-gerant-de-vijay-import-assignes-en-refere"},"author":{"name":"cfeditorfr","@id":"https:\/\/www.africa-press.net\/comores\/#\/schema\/person\/2b1cf3cd81a31e3cd26889ca66d677f1"},"headline":"Meck-Moroni et le g\u00e9rant de Vijay import assign\u00e9s en r\u00e9f\u00e9r\u00e9","datePublished":"2023-10-14T19:13:17+00:00","dateModified":"2023-10-14T20:45:06+00:00","mainEntityOfPage":{"@id":"https:\/\/www.africa-press.net\/comores\/toutes-les-actualites\/meck-moroni-et-le-gerant-de-vijay-import-assignes-en-refere"},"wordCount":630,"commentCount":0,"image":{"@id":"https:\/\/www.africa-press.net\/comores\/toutes-les-actualites\/meck-moroni-et-le-gerant-de-vijay-import-assignes-en-refere#primaryimage"},"thumbnailUrl":"https:\/\/static.africa-press.net\/centrafricaine\/sites\/48\/2023\/10\/sm_1697299912.294731.jpg","keywords":["Africa Press","Africa Press-Comores","Comores"],"articleSection":["Communaut\u00e9","Toutes les actualit\u00e9s"],"inLanguage":"fr-FR","potentialAction":[{"@type":"CommentAction","name":"Comment","target":["https:\/\/www.africa-press.net\/comores\/toutes-les-actualites\/meck-moroni-et-le-gerant-de-vijay-import-assignes-en-refere#respond"]}]},{"@type":"WebPage","@id":"https:\/\/www.africa-press.net\/comores\/toutes-les-actualites\/meck-moroni-et-le-gerant-de-vijay-import-assignes-en-refere","url":"https:\/\/www.africa-press.net\/comores\/toutes-les-actualites\/meck-moroni-et-le-gerant-de-vijay-import-assignes-en-refere","name":"Meck-Moroni et le g\u00e9rant de Vijay import assign\u00e9s en r\u00e9f\u00e9r\u00e9 - Comores","isPartOf":{"@id":"https:\/\/www.africa-press.net\/comores\/#website"},"primaryImageOfPage":{"@id":"https:\/\/www.africa-press.net\/comores\/toutes-les-actualites\/meck-moroni-et-le-gerant-de-vijay-import-assignes-en-refere#primaryimage"},"image":{"@id":"https:\/\/www.africa-press.net\/comores\/toutes-les-actualites\/meck-moroni-et-le-gerant-de-vijay-import-assignes-en-refere#primaryimage"},"thumbnailUrl":"https:\/\/static.africa-press.net\/centrafricaine\/sites\/48\/2023\/10\/sm_1697299912.294731.jpg","datePublished":"2023-10-14T19:13:17+00:00","dateModified":"2023-10-14T20:45:06+00:00","author":{"@id":"https:\/\/www.africa-press.net\/comores\/#\/schema\/person\/2b1cf3cd81a31e3cd26889ca66d677f1"},"description":"L\u2019avocat de Nazra Said Hassani, jeune femme suspecte\u0301e d\u2019e\u0302tre le cerveau d\u2019une affaire d\u2019escroquerie de type Ponzi, ...","breadcrumb":{"@id":"https:\/\/www.africa-press.net\/comores\/toutes-les-actualites\/meck-moroni-et-le-gerant-de-vijay-import-assignes-en-refere#breadcrumb"},"inLanguage":"fr-FR","potentialAction":[{"@type":"ReadAction","target":["https:\/\/www.africa-press.net\/comores\/toutes-les-actualites\/meck-moroni-et-le-gerant-de-vijay-import-assignes-en-refere"]}]},{"@type":"ImageObject","inLanguage":"fr-FR","@id":"https:\/\/www.africa-press.net\/comores\/toutes-les-actualites\/meck-moroni-et-le-gerant-de-vijay-import-assignes-en-refere#primaryimage","url":"https:\/\/static.africa-press.net\/centrafricaine\/sites\/48\/2023\/10\/sm_1697299912.294731.jpg","contentUrl":"https:\/\/static.africa-press.net\/centrafricaine\/sites\/48\/2023\/10\/sm_1697299912.294731.jpg","width":1280,"height":720,"caption":"Meck-Moroni et le g\u00e9rant de Vijay import assign\u00e9s en r\u00e9f\u00e9r\u00e9"},{"@type":"BreadcrumbList","@id":"https:\/\/www.africa-press.net\/comores\/toutes-les-actualites\/meck-moroni-et-le-gerant-de-vijay-import-assignes-en-refere#breadcrumb","itemListElement":[{"@type":"ListItem","position":1,"name":"Accueil","item":"https:\/\/www.africa-press.net\/comores\/"},{"@type":"ListItem","position":2,"name":"Meck-Moroni et le g\u00e9rant de Vijay import assign\u00e9s en r\u00e9f\u00e9r\u00e9"}]},{"@type":"WebSite","@id":"https:\/\/www.africa-press.net\/comores\/#website","url":"https:\/\/www.africa-press.net\/comores\/","name":"Comores","description":"Just another Africa News Agency Sites site","potentialAction":[{"@type":"SearchAction","target":{"@type":"EntryPoint","urlTemplate":"https:\/\/www.africa-press.net\/comores\/?s={search_term_string}"},"query-input":{"@type":"PropertyValueSpecification","valueRequired":true,"valueName":"search_term_string"}}],"inLanguage":"fr-FR"},{"@type":"Person","@id":"https:\/\/www.africa-press.net\/comores\/#\/schema\/person\/2b1cf3cd81a31e3cd26889ca66d677f1","name":"cfeditorfr"}]}},"_links":{"self":[{"href":"https:\/\/www.africa-press.net\/comores\/wp-json\/wp\/v2\/posts\/12885","targetHints":{"allow":["GET"]}}],"collection":[{"href":"https:\/\/www.africa-press.net\/comores\/wp-json\/wp\/v2\/posts"}],"about":[{"href":"https:\/\/www.africa-press.net\/comores\/wp-json\/wp\/v2\/types\/post"}],"author":[{"embeddable":true,"href":"https:\/\/www.africa-press.net\/comores\/wp-json\/wp\/v2\/users\/82"}],"replies":[{"embeddable":true,"href":"https:\/\/www.africa-press.net\/comores\/wp-json\/wp\/v2\/comments?post=12885"}],"version-history":[{"count":0,"href":"https:\/\/www.africa-press.net\/comores\/wp-json\/wp\/v2\/posts\/12885\/revisions"}],"wp:featuredmedia":[{"embeddable":true,"href":"https:\/\/www.africa-press.net\/comores\/wp-json\/wp\/v2\/media\/12884"}],"wp:attachment":[{"href":"https:\/\/www.africa-press.net\/comores\/wp-json\/wp\/v2\/media?parent=12885"}],"wp:term":[{"taxonomy":"category","embeddable":true,"href":"https:\/\/www.africa-press.net\/comores\/wp-json\/wp\/v2\/categories?post=12885"},{"taxonomy":"post_tag","embeddable":true,"href":"https:\/\/www.africa-press.net\/comores\/wp-json\/wp\/v2\/tags?post=12885"}],"curies":[{"name":"wp","href":"https:\/\/api.w.org\/{rel}","templated":true}]}}