{"id":12887,"date":"2023-10-14T19:14:31","date_gmt":"2023-10-14T19:14:31","guid":{"rendered":"https:\/\/www.africa-press.net\/comores\/politique\/les-cours-reprennent-ce-lundi-16-octobre-a-luniversite"},"modified":"2023-10-14T20:45:56","modified_gmt":"2023-10-14T20:45:56","slug":"les-cours-reprennent-ce-lundi-16-octobre-a-luniversite","status":"publish","type":"post","link":"https:\/\/www.africa-press.net\/comores\/toutes-les-actualites\/les-cours-reprennent-ce-lundi-16-octobre-a-luniversite","title":{"rendered":"Les cours reprennent ce lundi 16 octobre \u00e0 l\u2019universit\u00e9"},"content":{"rendered":"<p><span style=\"color: #ff6600\"><strong>Africa-Press &#8211; Comores. <\/strong><\/span><b>Le syndicat des enseignants de l\u2019universite\u0301 des Comores (Sneuc) a tenu une assemble\u0301e extraordinaire hier jeudi 12 octobre a\u0300 l\u2019IFERE de Moroni. Apre\u0300s quelques heures de discussion, le secre\u0301taire ge\u0301ne\u0301ral du syndicat Abdou Said Mouignidaho a annonce\u0301 que leurs suggestions et recommandations sont inte\u0301gre\u0301es dans la nouvelle mouture de la loi transmise a\u0300 l\u2019assemble\u0301e nationale, et il ne reste que le vote des de\u0301pute\u0301s. Ainsi, le syndicat appelle les e\u0301tudiants et enseignants a\u0300 regagner les classes de\u0300s ce lundi 16 octobre. <\/b><\/p>\n<p>Depuis le 31 aout a\u0300 l\u2019issue de son assemble\u0301e ge\u0301ne\u0301rale, le Sneuc a entame\u0301 une gre\u0300ve illimite\u0301e. Il revendiquait trois mois de salaires, qui sont de\u0301ja\u0300 regele\u0301s et la modification de la loi portant orientation et organisation de l\u2019enseignement supe\u0301rieur qui permettra l\u2019e\u0301lection d\u2019un nouveau pre\u0301sident a\u0300 l\u2019Universite\u0301 des Comores et la mise en place du conseil d\u2019administration et des autres instances. Apre\u0300s un mois et demi de gre\u0300ve, le Sneuc va reprendre le chemin des amphithe\u0301a\u0302tres ce lundi 16 octobre. \u00ab Apre\u0300s quelques jours de gre\u0300ve, il fallait qu\u2019on se re\u0301unisse pour partager et rendre compte aux enseignants de ce qui a e\u0301te\u0301 fait. Nous avons eu les trois mois de salaire et la question de la loi portant orientation et organisation de l\u2019enseignement supe\u0301rieur, on peut dire que tout est sur la bonne voie. Nos suggestions et recommandations sont prises en compte et envoye\u0301es a\u0300 l\u2019assemble\u0301e nationale. Maintenant il ne reste que le vote des de\u0301pute\u0301s et la promulgation par le chef de l\u2019Etat \u00bb, annonce le secre\u0301taire ge\u0301ne\u0301ral du Sneuc.<\/p>\n<p>Ce dernier appelle les e\u0301tudiants et enseignants a\u0300 se pre\u0301senter dans les diffe\u0301rentes classes ce lundi 16 octobre. \u00ab Le reste, c\u2019est une autre e\u0301tape. Bien su\u0302r, les enseignants savent bien qu\u2019on ne peut pas voter une loi en une journe\u0301e, la promulguer et l\u2019appliquer ce me\u0302me jour. On doit attendre jusqu\u2019a\u0300 trois mois. C\u2019est la raison pour laquelle nous appelons les enseignants et les e\u0301tudiants a\u0300 regagner les classes de\u0300s lundi prochain \u00bb, poursuit-il. Et d\u2019ajouter : \u00ab Mais, si malheureusement les de\u0301pute\u0301s n\u2019ont pas pris en compte nos recommandations, nous serons oblige\u0301s d\u2019arre\u0302ter les cours et retourner a\u0300 la case de\u0301part. Car, cela fait des anne\u0301es qu\u2019on demande une vraie loi pour le bien de notre enseignement supe\u0301rieur. Donc, c\u2019est un moratoire de la gre\u0300ve jusqu\u2019a\u0300 que cette loi soit vote\u0301e avec nos recommandations. Ce qui nous permettra d\u2019avoir une vraie administration avec un pre\u0301sident e\u0301lu et la mise en place du conseil d\u2019administration et des autres instances. Nous espe\u0301rons obtenir gain de cause dans ce processus \u00bb.<\/p>\n<p><strong>Pour plus d&rsquo;informations et d&rsquo;analyses sur la <a href=\"https:\/\/www.africa-press.net\/comores\">Comores<\/a>, suivez <a href=\"https:\/\/www.africa-press.net\/\">Africa-Press<\/a><\/strong><\/p>\n","protected":false},"excerpt":{"rendered":"<p>Africa-Press &#8211; Comores. Le syndicat des enseignants de l\u2019universite\u0301 des Comores (Sneuc) a tenu une assemble\u0301e extraordinaire hier jeudi 12 octobre a\u0300 l\u2019IFERE de Moroni. Apre\u0300s quelques heures de discussion, le secre\u0301taire ge\u0301ne\u0301ral du syndicat Abdou Said Mouignidaho a annonce\u0301 que leurs suggestions et recommandations sont inte\u0301gre\u0301es dans la nouvelle mouture de la loi transmise [&hellip;]<\/p>\n","protected":false},"author":82,"featured_media":12886,"comment_status":"open","ping_status":"closed","sticky":false,"template":"","format":"standard","meta":{"footnotes":""},"categories":[21,20,10],"tags":[36,53,45],"class_list":["post-12887","post","type-post","status-publish","format-standard","has-post-thumbnail","hentry","category-communaute","category-top-nouvelles","category-toutes-les-actualites","tag-africa-press","tag-africa-press-comores","tag-comores"],"yoast_head":"<!-- This site is optimized with the Yoast SEO Premium plugin v26.1 (Yoast SEO v27.0) - https:\/\/yoast.com\/product\/yoast-seo-premium-wordpress\/ -->\n<title>Les cours reprennent ce lundi 16 octobre \u00e0 l\u2019universit\u00e9 - Comores<\/title>\n<meta name=\"description\" content=\"Le syndicat des enseignants de l\u2019universite\u0301 des Comores (Sneuc) a tenu une assemble\u0301e extraordinaire hier jeudi 12 o ...\" \/>\n<meta name=\"robots\" content=\"index, follow, max-snippet:-1, max-image-preview:large, max-video-preview:-1\" \/>\n<link rel=\"canonical\" href=\"https:\/\/www.africa-press.net\/comores\/toutes-les-actualites\/les-cours-reprennent-ce-lundi-16-octobre-a-luniversite\" \/>\n<meta property=\"og:locale\" content=\"fr_FR\" \/>\n<meta property=\"og:type\" content=\"article\" \/>\n<meta property=\"og:title\" content=\"Les cours reprennent ce lundi 16 octobre \u00e0 l\u2019universit\u00e9\" \/>\n<meta property=\"og:description\" content=\"Le syndicat des enseignants de l\u2019universite\u0301 des Comores (Sneuc) a tenu une assemble\u0301e extraordinaire hier jeudi 12 o ...\" \/>\n<meta property=\"og:url\" content=\"https:\/\/www.africa-press.net\/comores\/toutes-les-actualites\/les-cours-reprennent-ce-lundi-16-octobre-a-luniversite\" \/>\n<meta property=\"og:site_name\" content=\"Comores\" \/>\n<meta property=\"article:published_time\" content=\"2023-10-14T19:14:31+00:00\" \/>\n<meta property=\"article:modified_time\" content=\"2023-10-14T20:45:56+00:00\" \/>\n<meta property=\"og:image\" content=\"https:\/\/static.africa-press.net\/centrafricaine\/sites\/48\/2023\/10\/sm_1697299956.449783.jpg\" \/>\n\t<meta property=\"og:image:width\" content=\"750\" \/>\n\t<meta property=\"og:image:height\" content=\"562\" \/>\n\t<meta property=\"og:image:type\" content=\"image\/jpeg\" \/>\n<meta name=\"author\" content=\"cfeditorfr\" \/>\n<meta name=\"twitter:card\" content=\"summary_large_image\" \/>\n<meta name=\"twitter:label1\" content=\"\u00c9crit par\" \/>\n\t<meta name=\"twitter:data1\" content=\"cfeditorfr\" \/>\n\t<meta name=\"twitter:label2\" content=\"Dur\u00e9e de lecture estim\u00e9e\" \/>\n\t<meta name=\"twitter:data2\" content=\"3 minutes\" \/>\n<script type=\"application\/ld+json\" class=\"yoast-schema-graph\">{\"@context\":\"https:\/\/schema.org\",\"@graph\":[{\"@type\":\"Article\",\"@id\":\"https:\/\/www.africa-press.net\/comores\/toutes-les-actualites\/les-cours-reprennent-ce-lundi-16-octobre-a-luniversite#article\",\"isPartOf\":{\"@id\":\"https:\/\/www.africa-press.net\/comores\/toutes-les-actualites\/les-cours-reprennent-ce-lundi-16-octobre-a-luniversite\"},\"author\":{\"name\":\"cfeditorfr\",\"@id\":\"https:\/\/www.africa-press.net\/comores\/#\/schema\/person\/2b1cf3cd81a31e3cd26889ca66d677f1\"},\"headline\":\"Les cours reprennent ce lundi 16 octobre \u00e0 l\u2019universit\u00e9\",\"datePublished\":\"2023-10-14T19:14:31+00:00\",\"dateModified\":\"2023-10-14T20:45:56+00:00\",\"mainEntityOfPage\":{\"@id\":\"https:\/\/www.africa-press.net\/comores\/toutes-les-actualites\/les-cours-reprennent-ce-lundi-16-octobre-a-luniversite\"},\"wordCount\":520,\"commentCount\":0,\"image\":{\"@id\":\"https:\/\/www.africa-press.net\/comores\/toutes-les-actualites\/les-cours-reprennent-ce-lundi-16-octobre-a-luniversite#primaryimage\"},\"thumbnailUrl\":\"https:\/\/static.africa-press.net\/centrafricaine\/sites\/48\/2023\/10\/sm_1697299956.449783.jpg\",\"keywords\":[\"Africa Press\",\"Africa Press-Comores\",\"Comores\"],\"articleSection\":[\"Communaut\u00e9\",\"Top Nouvelles\",\"Toutes les actualit\u00e9s\"],\"inLanguage\":\"fr-FR\",\"potentialAction\":[{\"@type\":\"CommentAction\",\"name\":\"Comment\",\"target\":[\"https:\/\/www.africa-press.net\/comores\/toutes-les-actualites\/les-cours-reprennent-ce-lundi-16-octobre-a-luniversite#respond\"]}]},{\"@type\":\"WebPage\",\"@id\":\"https:\/\/www.africa-press.net\/comores\/toutes-les-actualites\/les-cours-reprennent-ce-lundi-16-octobre-a-luniversite\",\"url\":\"https:\/\/www.africa-press.net\/comores\/toutes-les-actualites\/les-cours-reprennent-ce-lundi-16-octobre-a-luniversite\",\"name\":\"Les cours reprennent ce lundi 16 octobre \u00e0 l\u2019universit\u00e9 - Comores\",\"isPartOf\":{\"@id\":\"https:\/\/www.africa-press.net\/comores\/#website\"},\"primaryImageOfPage\":{\"@id\":\"https:\/\/www.africa-press.net\/comores\/toutes-les-actualites\/les-cours-reprennent-ce-lundi-16-octobre-a-luniversite#primaryimage\"},\"image\":{\"@id\":\"https:\/\/www.africa-press.net\/comores\/toutes-les-actualites\/les-cours-reprennent-ce-lundi-16-octobre-a-luniversite#primaryimage\"},\"thumbnailUrl\":\"https:\/\/static.africa-press.net\/centrafricaine\/sites\/48\/2023\/10\/sm_1697299956.449783.jpg\",\"datePublished\":\"2023-10-14T19:14:31+00:00\",\"dateModified\":\"2023-10-14T20:45:56+00:00\",\"author\":{\"@id\":\"https:\/\/www.africa-press.net\/comores\/#\/schema\/person\/2b1cf3cd81a31e3cd26889ca66d677f1\"},\"description\":\"Le syndicat des enseignants de l\u2019universite\u0301 des Comores (Sneuc) a tenu une assemble\u0301e extraordinaire hier jeudi 12 o ...\",\"breadcrumb\":{\"@id\":\"https:\/\/www.africa-press.net\/comores\/toutes-les-actualites\/les-cours-reprennent-ce-lundi-16-octobre-a-luniversite#breadcrumb\"},\"inLanguage\":\"fr-FR\",\"potentialAction\":[{\"@type\":\"ReadAction\",\"target\":[\"https:\/\/www.africa-press.net\/comores\/toutes-les-actualites\/les-cours-reprennent-ce-lundi-16-octobre-a-luniversite\"]}]},{\"@type\":\"ImageObject\",\"inLanguage\":\"fr-FR\",\"@id\":\"https:\/\/www.africa-press.net\/comores\/toutes-les-actualites\/les-cours-reprennent-ce-lundi-16-octobre-a-luniversite#primaryimage\",\"url\":\"https:\/\/static.africa-press.net\/centrafricaine\/sites\/48\/2023\/10\/sm_1697299956.449783.jpg\",\"contentUrl\":\"https:\/\/static.africa-press.net\/centrafricaine\/sites\/48\/2023\/10\/sm_1697299956.449783.jpg\",\"width\":750,\"height\":562,\"caption\":\"Les cours reprennent ce lundi 16 octobre \u00e0 l\u2019universit\u00e9\"},{\"@type\":\"BreadcrumbList\",\"@id\":\"https:\/\/www.africa-press.net\/comores\/toutes-les-actualites\/les-cours-reprennent-ce-lundi-16-octobre-a-luniversite#breadcrumb\",\"itemListElement\":[{\"@type\":\"ListItem\",\"position\":1,\"name\":\"Accueil\",\"item\":\"https:\/\/www.africa-press.net\/comores\/\"},{\"@type\":\"ListItem\",\"position\":2,\"name\":\"Les cours reprennent ce lundi 16 octobre \u00e0 l\u2019universit\u00e9\"}]},{\"@type\":\"WebSite\",\"@id\":\"https:\/\/www.africa-press.net\/comores\/#website\",\"url\":\"https:\/\/www.africa-press.net\/comores\/\",\"name\":\"Comores\",\"description\":\"Just another Africa News Agency Sites site\",\"potentialAction\":[{\"@type\":\"SearchAction\",\"target\":{\"@type\":\"EntryPoint\",\"urlTemplate\":\"https:\/\/www.africa-press.net\/comores\/?s={search_term_string}\"},\"query-input\":{\"@type\":\"PropertyValueSpecification\",\"valueRequired\":true,\"valueName\":\"search_term_string\"}}],\"inLanguage\":\"fr-FR\"},{\"@type\":\"Person\",\"@id\":\"https:\/\/www.africa-press.net\/comores\/#\/schema\/person\/2b1cf3cd81a31e3cd26889ca66d677f1\",\"name\":\"cfeditorfr\"}]}<\/script>\n<!-- \/ Yoast SEO Premium plugin. -->","yoast_head_json":{"title":"Les cours reprennent ce lundi 16 octobre \u00e0 l\u2019universit\u00e9 - Comores","description":"Le syndicat des enseignants de l\u2019universite\u0301 des Comores (Sneuc) a tenu une assemble\u0301e extraordinaire hier jeudi 12 o ...","robots":{"index":"index","follow":"follow","max-snippet":"max-snippet:-1","max-image-preview":"max-image-preview:large","max-video-preview":"max-video-preview:-1"},"canonical":"https:\/\/www.africa-press.net\/comores\/toutes-les-actualites\/les-cours-reprennent-ce-lundi-16-octobre-a-luniversite","og_locale":"fr_FR","og_type":"article","og_title":"Les cours reprennent ce lundi 16 octobre \u00e0 l\u2019universit\u00e9","og_description":"Le syndicat des enseignants de l\u2019universite\u0301 des Comores (Sneuc) a tenu une assemble\u0301e extraordinaire hier jeudi 12 o ...","og_url":"https:\/\/www.africa-press.net\/comores\/toutes-les-actualites\/les-cours-reprennent-ce-lundi-16-octobre-a-luniversite","og_site_name":"Comores","article_published_time":"2023-10-14T19:14:31+00:00","article_modified_time":"2023-10-14T20:45:56+00:00","og_image":[{"width":750,"height":562,"url":"https:\/\/static.africa-press.net\/centrafricaine\/sites\/48\/2023\/10\/sm_1697299956.449783.jpg","type":"image\/jpeg"}],"author":"cfeditorfr","twitter_card":"summary_large_image","twitter_misc":{"\u00c9crit par":"cfeditorfr","Dur\u00e9e de lecture estim\u00e9e":"3 minutes"},"schema":{"@context":"https:\/\/schema.org","@graph":[{"@type":"Article","@id":"https:\/\/www.africa-press.net\/comores\/toutes-les-actualites\/les-cours-reprennent-ce-lundi-16-octobre-a-luniversite#article","isPartOf":{"@id":"https:\/\/www.africa-press.net\/comores\/toutes-les-actualites\/les-cours-reprennent-ce-lundi-16-octobre-a-luniversite"},"author":{"name":"cfeditorfr","@id":"https:\/\/www.africa-press.net\/comores\/#\/schema\/person\/2b1cf3cd81a31e3cd26889ca66d677f1"},"headline":"Les cours reprennent ce lundi 16 octobre \u00e0 l\u2019universit\u00e9","datePublished":"2023-10-14T19:14:31+00:00","dateModified":"2023-10-14T20:45:56+00:00","mainEntityOfPage":{"@id":"https:\/\/www.africa-press.net\/comores\/toutes-les-actualites\/les-cours-reprennent-ce-lundi-16-octobre-a-luniversite"},"wordCount":520,"commentCount":0,"image":{"@id":"https:\/\/www.africa-press.net\/comores\/toutes-les-actualites\/les-cours-reprennent-ce-lundi-16-octobre-a-luniversite#primaryimage"},"thumbnailUrl":"https:\/\/static.africa-press.net\/centrafricaine\/sites\/48\/2023\/10\/sm_1697299956.449783.jpg","keywords":["Africa Press","Africa Press-Comores","Comores"],"articleSection":["Communaut\u00e9","Top Nouvelles","Toutes les actualit\u00e9s"],"inLanguage":"fr-FR","potentialAction":[{"@type":"CommentAction","name":"Comment","target":["https:\/\/www.africa-press.net\/comores\/toutes-les-actualites\/les-cours-reprennent-ce-lundi-16-octobre-a-luniversite#respond"]}]},{"@type":"WebPage","@id":"https:\/\/www.africa-press.net\/comores\/toutes-les-actualites\/les-cours-reprennent-ce-lundi-16-octobre-a-luniversite","url":"https:\/\/www.africa-press.net\/comores\/toutes-les-actualites\/les-cours-reprennent-ce-lundi-16-octobre-a-luniversite","name":"Les cours reprennent ce lundi 16 octobre \u00e0 l\u2019universit\u00e9 - Comores","isPartOf":{"@id":"https:\/\/www.africa-press.net\/comores\/#website"},"primaryImageOfPage":{"@id":"https:\/\/www.africa-press.net\/comores\/toutes-les-actualites\/les-cours-reprennent-ce-lundi-16-octobre-a-luniversite#primaryimage"},"image":{"@id":"https:\/\/www.africa-press.net\/comores\/toutes-les-actualites\/les-cours-reprennent-ce-lundi-16-octobre-a-luniversite#primaryimage"},"thumbnailUrl":"https:\/\/static.africa-press.net\/centrafricaine\/sites\/48\/2023\/10\/sm_1697299956.449783.jpg","datePublished":"2023-10-14T19:14:31+00:00","dateModified":"2023-10-14T20:45:56+00:00","author":{"@id":"https:\/\/www.africa-press.net\/comores\/#\/schema\/person\/2b1cf3cd81a31e3cd26889ca66d677f1"},"description":"Le syndicat des enseignants de l\u2019universite\u0301 des Comores (Sneuc) a tenu une assemble\u0301e extraordinaire hier jeudi 12 o ...","breadcrumb":{"@id":"https:\/\/www.africa-press.net\/comores\/toutes-les-actualites\/les-cours-reprennent-ce-lundi-16-octobre-a-luniversite#breadcrumb"},"inLanguage":"fr-FR","potentialAction":[{"@type":"ReadAction","target":["https:\/\/www.africa-press.net\/comores\/toutes-les-actualites\/les-cours-reprennent-ce-lundi-16-octobre-a-luniversite"]}]},{"@type":"ImageObject","inLanguage":"fr-FR","@id":"https:\/\/www.africa-press.net\/comores\/toutes-les-actualites\/les-cours-reprennent-ce-lundi-16-octobre-a-luniversite#primaryimage","url":"https:\/\/static.africa-press.net\/centrafricaine\/sites\/48\/2023\/10\/sm_1697299956.449783.jpg","contentUrl":"https:\/\/static.africa-press.net\/centrafricaine\/sites\/48\/2023\/10\/sm_1697299956.449783.jpg","width":750,"height":562,"caption":"Les cours reprennent ce lundi 16 octobre \u00e0 l\u2019universit\u00e9"},{"@type":"BreadcrumbList","@id":"https:\/\/www.africa-press.net\/comores\/toutes-les-actualites\/les-cours-reprennent-ce-lundi-16-octobre-a-luniversite#breadcrumb","itemListElement":[{"@type":"ListItem","position":1,"name":"Accueil","item":"https:\/\/www.africa-press.net\/comores\/"},{"@type":"ListItem","position":2,"name":"Les cours reprennent ce lundi 16 octobre \u00e0 l\u2019universit\u00e9"}]},{"@type":"WebSite","@id":"https:\/\/www.africa-press.net\/comores\/#website","url":"https:\/\/www.africa-press.net\/comores\/","name":"Comores","description":"Just another Africa News Agency Sites site","potentialAction":[{"@type":"SearchAction","target":{"@type":"EntryPoint","urlTemplate":"https:\/\/www.africa-press.net\/comores\/?s={search_term_string}"},"query-input":{"@type":"PropertyValueSpecification","valueRequired":true,"valueName":"search_term_string"}}],"inLanguage":"fr-FR"},{"@type":"Person","@id":"https:\/\/www.africa-press.net\/comores\/#\/schema\/person\/2b1cf3cd81a31e3cd26889ca66d677f1","name":"cfeditorfr"}]}},"_links":{"self":[{"href":"https:\/\/www.africa-press.net\/comores\/wp-json\/wp\/v2\/posts\/12887","targetHints":{"allow":["GET"]}}],"collection":[{"href":"https:\/\/www.africa-press.net\/comores\/wp-json\/wp\/v2\/posts"}],"about":[{"href":"https:\/\/www.africa-press.net\/comores\/wp-json\/wp\/v2\/types\/post"}],"author":[{"embeddable":true,"href":"https:\/\/www.africa-press.net\/comores\/wp-json\/wp\/v2\/users\/82"}],"replies":[{"embeddable":true,"href":"https:\/\/www.africa-press.net\/comores\/wp-json\/wp\/v2\/comments?post=12887"}],"version-history":[{"count":0,"href":"https:\/\/www.africa-press.net\/comores\/wp-json\/wp\/v2\/posts\/12887\/revisions"}],"wp:featuredmedia":[{"embeddable":true,"href":"https:\/\/www.africa-press.net\/comores\/wp-json\/wp\/v2\/media\/12886"}],"wp:attachment":[{"href":"https:\/\/www.africa-press.net\/comores\/wp-json\/wp\/v2\/media?parent=12887"}],"wp:term":[{"taxonomy":"category","embeddable":true,"href":"https:\/\/www.africa-press.net\/comores\/wp-json\/wp\/v2\/categories?post=12887"},{"taxonomy":"post_tag","embeddable":true,"href":"https:\/\/www.africa-press.net\/comores\/wp-json\/wp\/v2\/tags?post=12887"}],"curies":[{"name":"wp","href":"https:\/\/api.w.org\/{rel}","templated":true}]}}